{"id":10030,"date":"2017-12-18T21:45:06","date_gmt":"2017-12-18T21:45:06","guid":{"rendered":"https:\/\/www.gruporecoletas.com\/?p=10030"},"modified":"2019-03-05T09:58:30","modified_gmt":"2019-03-05T09:58:30","slug":"alcoholismo-la-depresion-cuando-problema-va-unido","status":"publish","type":"post","link":"https:\/\/www.gruporecoletas.com\/noticias\/alcoholismo-la-depresion-cuando-problema-va-unido\/","title":{"rendered":"El alcoholismo y la depresi\u00f3n, cuando el problema va unido"},"content":{"rendered":"<p>Muchas veces nos preguntamos: \u00a0\u00bfdebido a la depresi\u00f3n ha empezado a consumir abusivamente alcohol? \u00bfo acaso es el abuso de alcohol lo que le ha llevado a la depresi\u00f3n?<\/p>\n<p>Los pacientes con depresi\u00f3n abusan frecuentemente del alcohol y otras sustancias. No hay duda de ello, seg\u00fan afirman los expertos.\u00a0Obviamente, eso no significa que todas las personas con depresi\u00f3n lo hagan.<\/p>\n<p>No hay que olvidar que el\u00a0<strong>s\u00edndrome depresivo<\/strong>\u00a0constituye un trastorno del estado de \u00e1nimo que afecta al estado emocional con el que se percibe el mundo.<\/p>\n<h3><strong>El alcohol como causa de la depresi\u00f3n<\/strong><\/h3>\n<p>Entre las numerosas causas de\u00a0<strong>depresi\u00f3n<\/strong>\u00a0encontramos motivos tan comunes como la sensaci\u00f3n de soledad, la melancol\u00eda, el desamor, la muerte de un ser querido, una enfermedad o alguna situaci\u00f3n traum\u00e1tica. Sin embargo, tambi\u00e9n podemos situar entre las causas de depresi\u00f3n algunos h\u00e1bitos que incluimos en nuestra vida sin pararnos a pensar en sus consecuencias, como puede ser el alcohol.<\/p>\n<p>Es importante ser conscientes del riesgo de\u00a0<strong>consumir alcohol de forma habitual y excesiva\u00a0<\/strong>porque puede acabar destruyendo la vida de quien lo consume y de toda su familia.<\/p>\n<h3><strong>El alcohol como consecuencia de la depresi\u00f3n<\/strong><\/h3>\n<p>Hay casos en los que el abuso de alcohol no es una causa, sino una consecuencia de la\u00a0<strong>depresi\u00f3n<\/strong>. Hay personas a las que les cuesta reconocer que tienen una enfermedad, que necesitan ponerse en tratamiento y que adem\u00e1s deben buscar ayuda profesional porque no su puede superar una depresi\u00f3n por uno mismo.<\/p>\n<p>Esas personas que creen que simplemente est\u00e1n tristes, que son incapaces de pedir ayuda, que est\u00e1n en un momento en el que la vida les va mal\u00a0(pero ya pasar\u00e1\u2026), tienen una fuerte predisposici\u00f3n a acercarse al alcohol. Y lo \u00fanico que se consigue as\u00ed es, sin duda,\u00a0<strong>aumentar la gravedad de la depresi\u00f3n<\/strong>.<\/p>\n<h3><strong>Efectos depresivos del alcohol<\/strong><\/h3>\n<p>El\u00a0<strong>alcohol tiene efectos depresivos<\/strong>\u00a0(y por eso es muy peligroso mezclarlo con las bebidas energ\u00e9ticas, ya que mezclamos efectos depresivos con estimulantes), pero sin embargo tiene un efecto de est\u00edmulo indirecto, que puede que la mayor\u00eda desconozca pero si lo sienta.<\/p>\n<p>Lo que ocurre con el alcohol es que altera el correcto funcionamiento de los neurotransmisores, esos peque\u00f1os mensajeros cerebrales que lo controlan pr\u00e1cticamente todo, como el pensamiento, el comportamiento o las emociones. El alcohol afecta tanto a los neurotransmisores \u201cexcitadores\u201d (como la famosa dopamina, causante de las adicciones y del \u201cefecto recompensa\u201d, o el glutamato, que aumenta los niveles de energ\u00eda cerebral), como a los neurotransmisores \u201cinhibidores\u201d o depresivos, como el GABA, que reduce la energ\u00eda y provoca efectos de calma.    \t<\/p>\n","protected":false},"excerpt":{"rendered":"<p>Muchas veces nos preguntamos: \u00a0\u00bfdebido a la depresi\u00f3n ha empezado a consumir abusivamente alcohol? \u00bfo acaso es el abuso de alcohol lo que le ha llevado a la depresi\u00f3n? Los pacientes con depresi\u00f3n abusan frecuentemente del alcohol y otras sustancias. No hay duda de ello, seg\u00fan afirman los expertos.\u00a0Obviamente, eso no significa que todas las [&hellip;]<\/p>\n","protected":false},"author":2,"featured_media":10031,"comment_status":"closed","ping_status":"closed","sticky":false,"template":"","format":"standard","meta":{"_acf_changed":false,"footnotes":""},"categories":[50],"tags":[],"class_list":["post-10030","post","type-post","status-publish","format-standard","has-post-thumbnail","hentry","category-patologias"],"acf":[],"yoast_head":"<!-- This site is optimized with the Yoast SEO Premium plugin v27.3 (Yoast SEO v27.3) - https:\/\/yoast.com\/product\/yoast-seo-premium-wordpress\/ -->\n<title>El alcoholismo y la depresi\u00f3n, cuando el problema va unido - Noticias Grupo Recoletas<\/title>\n<meta name=\"robots\" content=\"index, follow, max-snippet:-1, max-image-preview:large, max-video-preview:-1\" \/>\n<link rel=\"canonical\" href=\"https:\/\/www.gruporecoletas.com\/noticias\/alcoholismo-la-depresion-cuando-problema-va-unido\/\" \/>\n<meta property=\"og:locale\" content=\"es_ES\" \/>\n<meta property=\"og:type\" content=\"article\" \/>\n<meta property=\"og:title\" content=\"El alcoholismo y la depresi\u00f3n, cuando el problema va unido\" \/>\n<meta property=\"og:description\" content=\"Muchas veces nos preguntamos: \u00a0\u00bfdebido a la depresi\u00f3n ha empezado a consumir abusivamente alcohol? \u00bfo acaso es el abuso de alcohol lo que le ha llevado a la depresi\u00f3n? Los pacientes con depresi\u00f3n abusan frecuentemente del alcohol y otras sustancias. No hay duda de ello, seg\u00fan afirman los expertos.\u00a0Obviamente, eso no significa que todas las [&hellip;]\" \/>\n<meta property=\"og:url\" content=\"https:\/\/www.gruporecoletas.com\/noticias\/alcoholismo-la-depresion-cuando-problema-va-unido\/\" \/>\n<meta property=\"og:site_name\" content=\"Noticias Grupo Recoletas\" \/>\n<meta property=\"article:publisher\" content=\"https:\/\/www.facebook.com\/GrupoRecoletas\/\" \/>\n<meta property=\"article:published_time\" content=\"2017-12-18T21:45:06+00:00\" \/>\n<meta property=\"article:modified_time\" content=\"2019-03-05T09:58:30+00:00\" \/>\n<meta property=\"og:image\" content=\"https:\/\/www.gruporecoletas.com\/noticias\/wp-content\/uploads\/2017\/12\/621664_36711585.jpg\" \/>\n\t<meta property=\"og:image:width\" content=\"2637\" \/>\n\t<meta property=\"og:image:height\" content=\"1659\" \/>\n\t<meta property=\"og:image:type\" content=\"image\/jpeg\" \/>\n<meta name=\"author\" content=\"Recoletas Red Hospitalaria\" \/>\n<meta name=\"twitter:card\" content=\"summary_large_image\" \/>\n<meta name=\"twitter:creator\" content=\"@GrupoRecoletas\" \/>\n<meta name=\"twitter:site\" content=\"@GrupoRecoletas\" \/>\n<meta name=\"twitter:label1\" content=\"Escrito por\" \/>\n\t<meta name=\"twitter:data1\" content=\"Recoletas Red Hospitalaria\" \/>\n\t<meta name=\"twitter:label2\" content=\"Tiempo de lectura\" \/>\n\t<meta name=\"twitter:data2\" content=\"2 minutos\" \/>\n<script type=\"application\/ld+json\" class=\"yoast-schema-graph\">{\"@context\":\"https:\\\/\\\/schema.org\",\"@graph\":[{\"@type\":\"Article\",\"@id\":\"https:\\\/\\\/www.gruporecoletas.com\\\/noticias\\\/alcoholismo-la-depresion-cuando-problema-va-unido\\\/#article\",\"isPartOf\":{\"@id\":\"https:\\\/\\\/www.gruporecoletas.com\\\/noticias\\\/alcoholismo-la-depresion-cuando-problema-va-unido\\\/\"},\"author\":{\"name\":\"Recoletas Red Hospitalaria\",\"@id\":\"https:\\\/\\\/www.gruporecoletas.com\\\/noticias\\\/#\\\/schema\\\/person\\\/3c6ac429828d1f5e3d3bd99f4da9b02c\"},\"headline\":\"El alcoholismo y la depresi\u00f3n, cuando el problema va unido\",\"datePublished\":\"2017-12-18T21:45:06+00:00\",\"dateModified\":\"2019-03-05T09:58:30+00:00\",\"mainEntityOfPage\":{\"@id\":\"https:\\\/\\\/www.gruporecoletas.com\\\/noticias\\\/alcoholismo-la-depresion-cuando-problema-va-unido\\\/\"},\"wordCount\":466,\"image\":{\"@id\":\"https:\\\/\\\/www.gruporecoletas.com\\\/noticias\\\/alcoholismo-la-depresion-cuando-problema-va-unido\\\/#primaryimage\"},\"thumbnailUrl\":\"https:\\\/\\\/www.gruporecoletas.com\\\/noticias\\\/wp-content\\\/uploads\\\/2017\\\/12\\\/621664_36711585.jpg\",\"articleSection\":[\"Patolog\u00edas\"],\"inLanguage\":\"es\"},{\"@type\":\"WebPage\",\"@id\":\"https:\\\/\\\/www.gruporecoletas.com\\\/noticias\\\/alcoholismo-la-depresion-cuando-problema-va-unido\\\/\",\"url\":\"https:\\\/\\\/www.gruporecoletas.com\\\/noticias\\\/alcoholismo-la-depresion-cuando-problema-va-unido\\\/\",\"name\":\"El alcoholismo y la depresi\u00f3n, cuando el problema va unido - Noticias Grupo Recoletas\",\"isPartOf\":{\"@id\":\"https:\\\/\\\/www.gruporecoletas.com\\\/noticias\\\/#website\"},\"primaryImageOfPage\":{\"@id\":\"https:\\\/\\\/www.gruporecoletas.com\\\/noticias\\\/alcoholismo-la-depresion-cuando-problema-va-unido\\\/#primaryimage\"},\"image\":{\"@id\":\"https:\\\/\\\/www.gruporecoletas.com\\\/noticias\\\/alcoholismo-la-depresion-cuando-problema-va-unido\\\/#primaryimage\"},\"thumbnailUrl\":\"https:\\\/\\\/www.gruporecoletas.com\\\/noticias\\\/wp-content\\\/uploads\\\/2017\\\/12\\\/621664_36711585.jpg\",\"datePublished\":\"2017-12-18T21:45:06+00:00\",\"dateModified\":\"2019-03-05T09:58:30+00:00\",\"author\":{\"@id\":\"https:\\\/\\\/www.gruporecoletas.com\\\/noticias\\\/#\\\/schema\\\/person\\\/3c6ac429828d1f5e3d3bd99f4da9b02c\"},\"breadcrumb\":{\"@id\":\"https:\\\/\\\/www.gruporecoletas.com\\\/noticias\\\/alcoholismo-la-depresion-cuando-problema-va-unido\\\/#breadcrumb\"},\"inLanguage\":\"es\",\"potentialAction\":[{\"@type\":\"ReadAction\",\"target\":[\"https:\\\/\\\/www.gruporecoletas.com\\\/noticias\\\/alcoholismo-la-depresion-cuando-problema-va-unido\\\/\"]}]},{\"@type\":\"ImageObject\",\"inLanguage\":\"es\",\"@id\":\"https:\\\/\\\/www.gruporecoletas.com\\\/noticias\\\/alcoholismo-la-depresion-cuando-problema-va-unido\\\/#primaryimage\",\"url\":\"https:\\\/\\\/www.gruporecoletas.com\\\/noticias\\\/wp-content\\\/uploads\\\/2017\\\/12\\\/621664_36711585.jpg\",\"contentUrl\":\"https:\\\/\\\/www.gruporecoletas.com\\\/noticias\\\/wp-content\\\/uploads\\\/2017\\\/12\\\/621664_36711585.jpg\",\"width\":2637,\"height\":1659},{\"@type\":\"BreadcrumbList\",\"@id\":\"https:\\\/\\\/www.gruporecoletas.com\\\/noticias\\\/alcoholismo-la-depresion-cuando-problema-va-unido\\\/#breadcrumb\",\"itemListElement\":[{\"@type\":\"ListItem\",\"position\":1,\"name\":\"Portada\",\"item\":\"https:\\\/\\\/www.gruporecoletas.com\\\/noticias\\\/\"},{\"@type\":\"ListItem\",\"position\":2,\"name\":\"El alcoholismo y la depresi\u00f3n, cuando el problema va unido\"}]},{\"@type\":\"WebSite\",\"@id\":\"https:\\\/\\\/www.gruporecoletas.com\\\/noticias\\\/#website\",\"url\":\"https:\\\/\\\/www.gruporecoletas.com\\\/noticias\\\/\",\"name\":\"Noticias Grupo Recoletas\",\"description\":\"Grupo Recoletas\",\"potentialAction\":[{\"@type\":\"SearchAction\",\"target\":{\"@type\":\"EntryPoint\",\"urlTemplate\":\"https:\\\/\\\/www.gruporecoletas.com\\\/noticias\\\/?s={search_term_string}\"},\"query-input\":{\"@type\":\"PropertyValueSpecification\",\"valueRequired\":true,\"valueName\":\"search_term_string\"}}],\"inLanguage\":\"es\"},{\"@type\":\"Person\",\"@id\":\"https:\\\/\\\/www.gruporecoletas.com\\\/noticias\\\/#\\\/schema\\\/person\\\/3c6ac429828d1f5e3d3bd99f4da9b02c\",\"name\":\"Recoletas Red Hospitalaria\",\"url\":\"https:\\\/\\\/www.gruporecoletas.com\\\/noticias\\\/author\\\/comunicacion\\\/\"}]}<\/script>\n<!-- \/ Yoast SEO Premium plugin. -->","yoast_head_json":{"title":"El alcoholismo y la depresi\u00f3n, cuando el problema va unido - Noticias Grupo Recoletas","robots":{"index":"index","follow":"follow","max-snippet":"max-snippet:-1","max-image-preview":"max-image-preview:large","max-video-preview":"max-video-preview:-1"},"canonical":"https:\/\/www.gruporecoletas.com\/noticias\/alcoholismo-la-depresion-cuando-problema-va-unido\/","og_locale":"es_ES","og_type":"article","og_title":"El alcoholismo y la depresi\u00f3n, cuando el problema va unido","og_description":"Muchas veces nos preguntamos: \u00a0\u00bfdebido a la depresi\u00f3n ha empezado a consumir abusivamente alcohol? \u00bfo acaso es el abuso de alcohol lo que le ha llevado a la depresi\u00f3n? Los pacientes con depresi\u00f3n abusan frecuentemente del alcohol y otras sustancias. No hay duda de ello, seg\u00fan afirman los expertos.\u00a0Obviamente, eso no significa que todas las [&hellip;]","og_url":"https:\/\/www.gruporecoletas.com\/noticias\/alcoholismo-la-depresion-cuando-problema-va-unido\/","og_site_name":"Noticias Grupo Recoletas","article_publisher":"https:\/\/www.facebook.com\/GrupoRecoletas\/","article_published_time":"2017-12-18T21:45:06+00:00","article_modified_time":"2019-03-05T09:58:30+00:00","og_image":[{"width":2637,"height":1659,"url":"https:\/\/www.gruporecoletas.com\/noticias\/wp-content\/uploads\/2017\/12\/621664_36711585.jpg","type":"image\/jpeg"}],"author":"Recoletas Red Hospitalaria","twitter_card":"summary_large_image","twitter_creator":"@GrupoRecoletas","twitter_site":"@GrupoRecoletas","twitter_misc":{"Escrito por":"Recoletas Red Hospitalaria","Tiempo de lectura":"2 minutos"},"schema":{"@context":"https:\/\/schema.org","@graph":[{"@type":"Article","@id":"https:\/\/www.gruporecoletas.com\/noticias\/alcoholismo-la-depresion-cuando-problema-va-unido\/#article","isPartOf":{"@id":"https:\/\/www.gruporecoletas.com\/noticias\/alcoholismo-la-depresion-cuando-problema-va-unido\/"},"author":{"name":"Recoletas Red Hospitalaria","@id":"https:\/\/www.gruporecoletas.com\/noticias\/#\/schema\/person\/3c6ac429828d1f5e3d3bd99f4da9b02c"},"headline":"El alcoholismo y la depresi\u00f3n, cuando el problema va unido","datePublished":"2017-12-18T21:45:06+00:00","dateModified":"2019-03-05T09:58:30+00:00","mainEntityOfPage":{"@id":"https:\/\/www.gruporecoletas.com\/noticias\/alcoholismo-la-depresion-cuando-problema-va-unido\/"},"wordCount":466,"image":{"@id":"https:\/\/www.gruporecoletas.com\/noticias\/alcoholismo-la-depresion-cuando-problema-va-unido\/#primaryimage"},"thumbnailUrl":"https:\/\/www.gruporecoletas.com\/noticias\/wp-content\/uploads\/2017\/12\/621664_36711585.jpg","articleSection":["Patolog\u00edas"],"inLanguage":"es"},{"@type":"WebPage","@id":"https:\/\/www.gruporecoletas.com\/noticias\/alcoholismo-la-depresion-cuando-problema-va-unido\/","url":"https:\/\/www.gruporecoletas.com\/noticias\/alcoholismo-la-depresion-cuando-problema-va-unido\/","name":"El alcoholismo y la depresi\u00f3n, cuando el problema va unido - Noticias Grupo Recoletas","isPartOf":{"@id":"https:\/\/www.gruporecoletas.com\/noticias\/#website"},"primaryImageOfPage":{"@id":"https:\/\/www.gruporecoletas.com\/noticias\/alcoholismo-la-depresion-cuando-problema-va-unido\/#primaryimage"},"image":{"@id":"https:\/\/www.gruporecoletas.com\/noticias\/alcoholismo-la-depresion-cuando-problema-va-unido\/#primaryimage"},"thumbnailUrl":"https:\/\/www.gruporecoletas.com\/noticias\/wp-content\/uploads\/2017\/12\/621664_36711585.jpg","datePublished":"2017-12-18T21:45:06+00:00","dateModified":"2019-03-05T09:58:30+00:00","author":{"@id":"https:\/\/www.gruporecoletas.com\/noticias\/#\/schema\/person\/3c6ac429828d1f5e3d3bd99f4da9b02c"},"breadcrumb":{"@id":"https:\/\/www.gruporecoletas.com\/noticias\/alcoholismo-la-depresion-cuando-problema-va-unido\/#breadcrumb"},"inLanguage":"es","potentialAction":[{"@type":"ReadAction","target":["https:\/\/www.gruporecoletas.com\/noticias\/alcoholismo-la-depresion-cuando-problema-va-unido\/"]}]},{"@type":"ImageObject","inLanguage":"es","@id":"https:\/\/www.gruporecoletas.com\/noticias\/alcoholismo-la-depresion-cuando-problema-va-unido\/#primaryimage","url":"https:\/\/www.gruporecoletas.com\/noticias\/wp-content\/uploads\/2017\/12\/621664_36711585.jpg","contentUrl":"https:\/\/www.gruporecoletas.com\/noticias\/wp-content\/uploads\/2017\/12\/621664_36711585.jpg","width":2637,"height":1659},{"@type":"BreadcrumbList","@id":"https:\/\/www.gruporecoletas.com\/noticias\/alcoholismo-la-depresion-cuando-problema-va-unido\/#breadcrumb","itemListElement":[{"@type":"ListItem","position":1,"name":"Portada","item":"https:\/\/www.gruporecoletas.com\/noticias\/"},{"@type":"ListItem","position":2,"name":"El alcoholismo y la depresi\u00f3n, cuando el problema va unido"}]},{"@type":"WebSite","@id":"https:\/\/www.gruporecoletas.com\/noticias\/#website","url":"https:\/\/www.gruporecoletas.com\/noticias\/","name":"Noticias Grupo Recoletas","description":"Grupo Recoletas","potentialAction":[{"@type":"SearchAction","target":{"@type":"EntryPoint","urlTemplate":"https:\/\/www.gruporecoletas.com\/noticias\/?s={search_term_string}"},"query-input":{"@type":"PropertyValueSpecification","valueRequired":true,"valueName":"search_term_string"}}],"inLanguage":"es"},{"@type":"Person","@id":"https:\/\/www.gruporecoletas.com\/noticias\/#\/schema\/person\/3c6ac429828d1f5e3d3bd99f4da9b02c","name":"Recoletas Red Hospitalaria","url":"https:\/\/www.gruporecoletas.com\/noticias\/author\/comunicacion\/"}]}},"_links":{"self":[{"href":"https:\/\/www.gruporecoletas.com\/noticias\/wp-json\/wp\/v2\/posts\/10030","targetHints":{"allow":["GET"]}}],"collection":[{"href":"https:\/\/www.gruporecoletas.com\/noticias\/wp-json\/wp\/v2\/posts"}],"about":[{"href":"https:\/\/www.gruporecoletas.com\/noticias\/wp-json\/wp\/v2\/types\/post"}],"author":[{"embeddable":true,"href":"https:\/\/www.gruporecoletas.com\/noticias\/wp-json\/wp\/v2\/users\/2"}],"replies":[{"embeddable":true,"href":"https:\/\/www.gruporecoletas.com\/noticias\/wp-json\/wp\/v2\/comments?post=10030"}],"version-history":[{"count":1,"href":"https:\/\/www.gruporecoletas.com\/noticias\/wp-json\/wp\/v2\/posts\/10030\/revisions"}],"predecessor-version":[{"id":11755,"href":"https:\/\/www.gruporecoletas.com\/noticias\/wp-json\/wp\/v2\/posts\/10030\/revisions\/11755"}],"wp:featuredmedia":[{"embeddable":true,"href":"https:\/\/www.gruporecoletas.com\/noticias\/wp-json\/wp\/v2\/media\/10031"}],"wp:attachment":[{"href":"https:\/\/www.gruporecoletas.com\/noticias\/wp-json\/wp\/v2\/media?parent=10030"}],"wp:term":[{"taxonomy":"category","embeddable":true,"href":"https:\/\/www.gruporecoletas.com\/noticias\/wp-json\/wp\/v2\/categories?post=10030"},{"taxonomy":"post_tag","embeddable":true,"href":"https:\/\/www.gruporecoletas.com\/noticias\/wp-json\/wp\/v2\/tags?post=10030"}],"curies":[{"name":"wp","href":"https:\/\/api.w.org\/{rel}","templated":true}]}}