{"id":10058,"date":"2018-01-10T15:49:41","date_gmt":"2018-01-10T13:49:41","guid":{"rendered":"https:\/\/www.gruporecoletas.com\/?p=10058"},"modified":"2018-01-10T15:49:41","modified_gmt":"2018-01-10T13:49:41","slug":"unidad-medicina-la-adolescencia-hospital-recoletas-campo-grande","status":"publish","type":"post","link":"https:\/\/www.gruporecoletas.com\/noticias\/unidad-medicina-la-adolescencia-hospital-recoletas-campo-grande\/","title":{"rendered":"Unidad de medicina de la adolescencia: Hospital Recoletas Campo Grande"},"content":{"rendered":"<p>Cada vez son m\u00e1s el n\u00famero de casos de adolescentes que acuden a los centros sanitarios, con alguna de las patolog\u00edas relacionadas con la adolescencia. En la <strong>Unidad de Medicina de la Adolescencia del Hospital Recoletas Campo Grande<\/strong> se ofrece asistencia integral en cuanto a prevenci\u00f3n, diagn\u00f3stico y tratamiento de los problemas f\u00edsicos, emocionales, psicol\u00f3gicos y sociales que afectan al normal crecimiento de los pacientes adolescentes.<strong><em> El principal objetivo es prestarles una atenci\u00f3n de calidad, prevenir su salud, as\u00ed como conocer y evitar los riesgos en esta etapa tan controvertida de su vida.<\/em><\/strong><\/p>\n<p><strong>Esta Unidad no solo se ocupa de la propia patolog\u00eda m\u00e9dica sino que tambi\u00e9n aborda los problemas del desarrollo del adolescente<\/strong> que pueden llevar aparejados trastornos de la conducta alimentaria, adicciones a nuevas tecnolog\u00edas o a sustancias, sexualidad, fracaso o acoso escolar, entre otras. Adem\u00e1s, trata de incidir en el \u00e1mbito sanitario, en las familias y en los propios adolescentes para que se desarrolle una verdadera actividad preventiva.<\/p>\n<p>Generalmente, el cl\u00ednico general no est\u00e1 suficientemente capacitado para abordar integralmente el proceso adolescente, por lo que este \u201cvac\u00edo\u201d asistencial constituye un verdadero problema de salud en un periodo de la vida tan crucial. Adem\u00e1s, dada la heterogeneidad de los problemas y diferentes disciplinas que deben abordarlos,<strong> resulta compleja la capacitaci\u00f3n integral y su pr\u00e1ctica en un tiempo razonable.<\/strong><\/p>\n<p>Es decir, <strong>atender a este sector de la poblaci\u00f3n requiere inter\u00e9s, tiempo y experiencia profesional<\/strong>. La atenci\u00f3n de los adolescentes debe de ser integral y hacerse desde diferentes perspectivas como la Medicina General, la Pediatr\u00eda, la Ginecolog\u00eda. Por ello, <strong>La Unidad de Medicina de la Adolescencia cuenta con un equipo de profesionales de la rama de Pediatr\u00eda especializados precisamente en esta \u00e1rea que trabajan en colaboraci\u00f3n con otros especialistas formando un equipo de trabajo multidisciplinar.<\/strong> En definitiva, el principal reto para estos profesionales es abordar las necesidades de salud de esta peculiar edad, detectar cuanto antes los problemas que puedan experimentar los pacientes, proporcionar el tratamiento apropiado e instaurar medidas preventivas mediante una adecuada educaci\u00f3n sanitaria. Adem\u00e1s, de fomentar la participaci\u00f3n para que los j\u00f3venes sean a la vez objeto y sujeto de las acciones de salud.    \t<\/p>\n","protected":false},"excerpt":{"rendered":"<p>Cada vez son m\u00e1s el n\u00famero de casos de adolescentes que acuden a los centros sanitarios, con alguna de las patolog\u00edas relacionadas con la adolescencia. En la Unidad de Medicina de la Adolescencia del Hospital Recoletas Campo Grande se ofrece asistencia integral en cuanto a prevenci\u00f3n, diagn\u00f3stico y tratamiento de los problemas f\u00edsicos, emocionales, psicol\u00f3gicos [&hellip;]<\/p>\n","protected":false},"author":2,"featured_media":10059,"comment_status":"closed","ping_status":"closed","sticky":false,"template":"","format":"standard","meta":{"_acf_changed":false,"footnotes":""},"categories":[4],"tags":[],"class_list":["post-10058","post","type-post","status-publish","format-standard","has-post-thumbnail","hentry","category-valladolid"],"acf":[],"yoast_head":"<!-- This site is optimized with the Yoast SEO Premium plugin v27.3 (Yoast SEO v27.3) - https:\/\/yoast.com\/product\/yoast-seo-premium-wordpress\/ -->\n<title>Unidad de medicina de la adolescencia: Hospital Recoletas Campo Grande - Noticias Grupo Recoletas<\/title>\n<meta name=\"robots\" content=\"index, follow, max-snippet:-1, max-image-preview:large, max-video-preview:-1\" \/>\n<link rel=\"canonical\" href=\"https:\/\/www.gruporecoletas.com\/noticias\/unidad-medicina-la-adolescencia-hospital-recoletas-campo-grande\/\" \/>\n<meta property=\"og:locale\" content=\"es_ES\" \/>\n<meta property=\"og:type\" content=\"article\" \/>\n<meta property=\"og:title\" content=\"Unidad de medicina de la adolescencia: Hospital Recoletas Campo Grande\" \/>\n<meta property=\"og:description\" content=\"Cada vez son m\u00e1s el n\u00famero de casos de adolescentes que acuden a los centros sanitarios, con alguna de las patolog\u00edas relacionadas con la adolescencia. En la Unidad de Medicina de la Adolescencia del Hospital Recoletas Campo Grande se ofrece asistencia integral en cuanto a prevenci\u00f3n, diagn\u00f3stico y tratamiento de los problemas f\u00edsicos, emocionales, psicol\u00f3gicos [&hellip;]\" \/>\n<meta property=\"og:url\" content=\"https:\/\/www.gruporecoletas.com\/noticias\/unidad-medicina-la-adolescencia-hospital-recoletas-campo-grande\/\" \/>\n<meta property=\"og:site_name\" content=\"Noticias Grupo Recoletas\" \/>\n<meta property=\"article:publisher\" content=\"https:\/\/www.facebook.com\/GrupoRecoletas\/\" \/>\n<meta property=\"article:published_time\" content=\"2018-01-10T13:49:41+00:00\" \/>\n<meta property=\"og:image\" content=\"https:\/\/www.gruporecoletas.com\/noticias\/wp-content\/uploads\/2018\/01\/nino-primer-plano.jpg\" \/>\n\t<meta property=\"og:image:width\" content=\"1400\" \/>\n\t<meta property=\"og:image:height\" content=\"932\" \/>\n\t<meta property=\"og:image:type\" content=\"image\/jpeg\" \/>\n<meta name=\"author\" content=\"Recoletas Red Hospitalaria\" \/>\n<meta name=\"twitter:card\" content=\"summary_large_image\" \/>\n<meta name=\"twitter:creator\" content=\"@GrupoRecoletas\" \/>\n<meta name=\"twitter:site\" content=\"@GrupoRecoletas\" \/>\n<meta name=\"twitter:label1\" content=\"Escrito por\" \/>\n\t<meta name=\"twitter:data1\" content=\"Recoletas Red Hospitalaria\" \/>\n\t<meta name=\"twitter:label2\" content=\"Tiempo de lectura\" \/>\n\t<meta name=\"twitter:data2\" content=\"2 minutos\" \/>\n<script type=\"application\/ld+json\" class=\"yoast-schema-graph\">{\"@context\":\"https:\\\/\\\/schema.org\",\"@graph\":[{\"@type\":\"Article\",\"@id\":\"https:\\\/\\\/www.gruporecoletas.com\\\/noticias\\\/unidad-medicina-la-adolescencia-hospital-recoletas-campo-grande\\\/#article\",\"isPartOf\":{\"@id\":\"https:\\\/\\\/www.gruporecoletas.com\\\/noticias\\\/unidad-medicina-la-adolescencia-hospital-recoletas-campo-grande\\\/\"},\"author\":{\"name\":\"Recoletas Red Hospitalaria\",\"@id\":\"https:\\\/\\\/www.gruporecoletas.com\\\/noticias\\\/#\\\/schema\\\/person\\\/3c6ac429828d1f5e3d3bd99f4da9b02c\"},\"headline\":\"Unidad de medicina de la adolescencia: Hospital Recoletas Campo Grande\",\"datePublished\":\"2018-01-10T13:49:41+00:00\",\"mainEntityOfPage\":{\"@id\":\"https:\\\/\\\/www.gruporecoletas.com\\\/noticias\\\/unidad-medicina-la-adolescencia-hospital-recoletas-campo-grande\\\/\"},\"wordCount\":396,\"image\":{\"@id\":\"https:\\\/\\\/www.gruporecoletas.com\\\/noticias\\\/unidad-medicina-la-adolescencia-hospital-recoletas-campo-grande\\\/#primaryimage\"},\"thumbnailUrl\":\"https:\\\/\\\/www.gruporecoletas.com\\\/noticias\\\/wp-content\\\/uploads\\\/2018\\\/01\\\/nino-primer-plano.jpg\",\"articleSection\":[\"Valladolid\"],\"inLanguage\":\"es\"},{\"@type\":\"WebPage\",\"@id\":\"https:\\\/\\\/www.gruporecoletas.com\\\/noticias\\\/unidad-medicina-la-adolescencia-hospital-recoletas-campo-grande\\\/\",\"url\":\"https:\\\/\\\/www.gruporecoletas.com\\\/noticias\\\/unidad-medicina-la-adolescencia-hospital-recoletas-campo-grande\\\/\",\"name\":\"Unidad de medicina de la adolescencia: Hospital Recoletas Campo Grande - Noticias Grupo Recoletas\",\"isPartOf\":{\"@id\":\"https:\\\/\\\/www.gruporecoletas.com\\\/noticias\\\/#website\"},\"primaryImageOfPage\":{\"@id\":\"https:\\\/\\\/www.gruporecoletas.com\\\/noticias\\\/unidad-medicina-la-adolescencia-hospital-recoletas-campo-grande\\\/#primaryimage\"},\"image\":{\"@id\":\"https:\\\/\\\/www.gruporecoletas.com\\\/noticias\\\/unidad-medicina-la-adolescencia-hospital-recoletas-campo-grande\\\/#primaryimage\"},\"thumbnailUrl\":\"https:\\\/\\\/www.gruporecoletas.com\\\/noticias\\\/wp-content\\\/uploads\\\/2018\\\/01\\\/nino-primer-plano.jpg\",\"datePublished\":\"2018-01-10T13:49:41+00:00\",\"author\":{\"@id\":\"https:\\\/\\\/www.gruporecoletas.com\\\/noticias\\\/#\\\/schema\\\/person\\\/3c6ac429828d1f5e3d3bd99f4da9b02c\"},\"breadcrumb\":{\"@id\":\"https:\\\/\\\/www.gruporecoletas.com\\\/noticias\\\/unidad-medicina-la-adolescencia-hospital-recoletas-campo-grande\\\/#breadcrumb\"},\"inLanguage\":\"es\",\"potentialAction\":[{\"@type\":\"ReadAction\",\"target\":[\"https:\\\/\\\/www.gruporecoletas.com\\\/noticias\\\/unidad-medicina-la-adolescencia-hospital-recoletas-campo-grande\\\/\"]}]},{\"@type\":\"ImageObject\",\"inLanguage\":\"es\",\"@id\":\"https:\\\/\\\/www.gruporecoletas.com\\\/noticias\\\/unidad-medicina-la-adolescencia-hospital-recoletas-campo-grande\\\/#primaryimage\",\"url\":\"https:\\\/\\\/www.gruporecoletas.com\\\/noticias\\\/wp-content\\\/uploads\\\/2018\\\/01\\\/nino-primer-plano.jpg\",\"contentUrl\":\"https:\\\/\\\/www.gruporecoletas.com\\\/noticias\\\/wp-content\\\/uploads\\\/2018\\\/01\\\/nino-primer-plano.jpg\",\"width\":1400,\"height\":932},{\"@type\":\"BreadcrumbList\",\"@id\":\"https:\\\/\\\/www.gruporecoletas.com\\\/noticias\\\/unidad-medicina-la-adolescencia-hospital-recoletas-campo-grande\\\/#breadcrumb\",\"itemListElement\":[{\"@type\":\"ListItem\",\"position\":1,\"name\":\"Portada\",\"item\":\"https:\\\/\\\/www.gruporecoletas.com\\\/noticias\\\/\"},{\"@type\":\"ListItem\",\"position\":2,\"name\":\"Unidad de medicina de la adolescencia: Hospital Recoletas Campo Grande\"}]},{\"@type\":\"WebSite\",\"@id\":\"https:\\\/\\\/www.gruporecoletas.com\\\/noticias\\\/#website\",\"url\":\"https:\\\/\\\/www.gruporecoletas.com\\\/noticias\\\/\",\"name\":\"Noticias Grupo Recoletas\",\"description\":\"Grupo Recoletas\",\"potentialAction\":[{\"@type\":\"SearchAction\",\"target\":{\"@type\":\"EntryPoint\",\"urlTemplate\":\"https:\\\/\\\/www.gruporecoletas.com\\\/noticias\\\/?s={search_term_string}\"},\"query-input\":{\"@type\":\"PropertyValueSpecification\",\"valueRequired\":true,\"valueName\":\"search_term_string\"}}],\"inLanguage\":\"es\"},{\"@type\":\"Person\",\"@id\":\"https:\\\/\\\/www.gruporecoletas.com\\\/noticias\\\/#\\\/schema\\\/person\\\/3c6ac429828d1f5e3d3bd99f4da9b02c\",\"name\":\"Recoletas Red Hospitalaria\",\"url\":\"https:\\\/\\\/www.gruporecoletas.com\\\/noticias\\\/author\\\/comunicacion\\\/\"}]}<\/script>\n<!-- \/ Yoast SEO Premium plugin. -->","yoast_head_json":{"title":"Unidad de medicina de la adolescencia: Hospital Recoletas Campo Grande - Noticias Grupo Recoletas","robots":{"index":"index","follow":"follow","max-snippet":"max-snippet:-1","max-image-preview":"max-image-preview:large","max-video-preview":"max-video-preview:-1"},"canonical":"https:\/\/www.gruporecoletas.com\/noticias\/unidad-medicina-la-adolescencia-hospital-recoletas-campo-grande\/","og_locale":"es_ES","og_type":"article","og_title":"Unidad de medicina de la adolescencia: Hospital Recoletas Campo Grande","og_description":"Cada vez son m\u00e1s el n\u00famero de casos de adolescentes que acuden a los centros sanitarios, con alguna de las patolog\u00edas relacionadas con la adolescencia. En la Unidad de Medicina de la Adolescencia del Hospital Recoletas Campo Grande se ofrece asistencia integral en cuanto a prevenci\u00f3n, diagn\u00f3stico y tratamiento de los problemas f\u00edsicos, emocionales, psicol\u00f3gicos [&hellip;]","og_url":"https:\/\/www.gruporecoletas.com\/noticias\/unidad-medicina-la-adolescencia-hospital-recoletas-campo-grande\/","og_site_name":"Noticias Grupo Recoletas","article_publisher":"https:\/\/www.facebook.com\/GrupoRecoletas\/","article_published_time":"2018-01-10T13:49:41+00:00","og_image":[{"width":1400,"height":932,"url":"https:\/\/www.gruporecoletas.com\/noticias\/wp-content\/uploads\/2018\/01\/nino-primer-plano.jpg","type":"image\/jpeg"}],"author":"Recoletas Red Hospitalaria","twitter_card":"summary_large_image","twitter_creator":"@GrupoRecoletas","twitter_site":"@GrupoRecoletas","twitter_misc":{"Escrito por":"Recoletas Red Hospitalaria","Tiempo de lectura":"2 minutos"},"schema":{"@context":"https:\/\/schema.org","@graph":[{"@type":"Article","@id":"https:\/\/www.gruporecoletas.com\/noticias\/unidad-medicina-la-adolescencia-hospital-recoletas-campo-grande\/#article","isPartOf":{"@id":"https:\/\/www.gruporecoletas.com\/noticias\/unidad-medicina-la-adolescencia-hospital-recoletas-campo-grande\/"},"author":{"name":"Recoletas Red Hospitalaria","@id":"https:\/\/www.gruporecoletas.com\/noticias\/#\/schema\/person\/3c6ac429828d1f5e3d3bd99f4da9b02c"},"headline":"Unidad de medicina de la adolescencia: Hospital Recoletas Campo Grande","datePublished":"2018-01-10T13:49:41+00:00","mainEntityOfPage":{"@id":"https:\/\/www.gruporecoletas.com\/noticias\/unidad-medicina-la-adolescencia-hospital-recoletas-campo-grande\/"},"wordCount":396,"image":{"@id":"https:\/\/www.gruporecoletas.com\/noticias\/unidad-medicina-la-adolescencia-hospital-recoletas-campo-grande\/#primaryimage"},"thumbnailUrl":"https:\/\/www.gruporecoletas.com\/noticias\/wp-content\/uploads\/2018\/01\/nino-primer-plano.jpg","articleSection":["Valladolid"],"inLanguage":"es"},{"@type":"WebPage","@id":"https:\/\/www.gruporecoletas.com\/noticias\/unidad-medicina-la-adolescencia-hospital-recoletas-campo-grande\/","url":"https:\/\/www.gruporecoletas.com\/noticias\/unidad-medicina-la-adolescencia-hospital-recoletas-campo-grande\/","name":"Unidad de medicina de la adolescencia: Hospital Recoletas Campo Grande - Noticias Grupo Recoletas","isPartOf":{"@id":"https:\/\/www.gruporecoletas.com\/noticias\/#website"},"primaryImageOfPage":{"@id":"https:\/\/www.gruporecoletas.com\/noticias\/unidad-medicina-la-adolescencia-hospital-recoletas-campo-grande\/#primaryimage"},"image":{"@id":"https:\/\/www.gruporecoletas.com\/noticias\/unidad-medicina-la-adolescencia-hospital-recoletas-campo-grande\/#primaryimage"},"thumbnailUrl":"https:\/\/www.gruporecoletas.com\/noticias\/wp-content\/uploads\/2018\/01\/nino-primer-plano.jpg","datePublished":"2018-01-10T13:49:41+00:00","author":{"@id":"https:\/\/www.gruporecoletas.com\/noticias\/#\/schema\/person\/3c6ac429828d1f5e3d3bd99f4da9b02c"},"breadcrumb":{"@id":"https:\/\/www.gruporecoletas.com\/noticias\/unidad-medicina-la-adolescencia-hospital-recoletas-campo-grande\/#breadcrumb"},"inLanguage":"es","potentialAction":[{"@type":"ReadAction","target":["https:\/\/www.gruporecoletas.com\/noticias\/unidad-medicina-la-adolescencia-hospital-recoletas-campo-grande\/"]}]},{"@type":"ImageObject","inLanguage":"es","@id":"https:\/\/www.gruporecoletas.com\/noticias\/unidad-medicina-la-adolescencia-hospital-recoletas-campo-grande\/#primaryimage","url":"https:\/\/www.gruporecoletas.com\/noticias\/wp-content\/uploads\/2018\/01\/nino-primer-plano.jpg","contentUrl":"https:\/\/www.gruporecoletas.com\/noticias\/wp-content\/uploads\/2018\/01\/nino-primer-plano.jpg","width":1400,"height":932},{"@type":"BreadcrumbList","@id":"https:\/\/www.gruporecoletas.com\/noticias\/unidad-medicina-la-adolescencia-hospital-recoletas-campo-grande\/#breadcrumb","itemListElement":[{"@type":"ListItem","position":1,"name":"Portada","item":"https:\/\/www.gruporecoletas.com\/noticias\/"},{"@type":"ListItem","position":2,"name":"Unidad de medicina de la adolescencia: Hospital Recoletas Campo Grande"}]},{"@type":"WebSite","@id":"https:\/\/www.gruporecoletas.com\/noticias\/#website","url":"https:\/\/www.gruporecoletas.com\/noticias\/","name":"Noticias Grupo Recoletas","description":"Grupo Recoletas","potentialAction":[{"@type":"SearchAction","target":{"@type":"EntryPoint","urlTemplate":"https:\/\/www.gruporecoletas.com\/noticias\/?s={search_term_string}"},"query-input":{"@type":"PropertyValueSpecification","valueRequired":true,"valueName":"search_term_string"}}],"inLanguage":"es"},{"@type":"Person","@id":"https:\/\/www.gruporecoletas.com\/noticias\/#\/schema\/person\/3c6ac429828d1f5e3d3bd99f4da9b02c","name":"Recoletas Red Hospitalaria","url":"https:\/\/www.gruporecoletas.com\/noticias\/author\/comunicacion\/"}]}},"_links":{"self":[{"href":"https:\/\/www.gruporecoletas.com\/noticias\/wp-json\/wp\/v2\/posts\/10058","targetHints":{"allow":["GET"]}}],"collection":[{"href":"https:\/\/www.gruporecoletas.com\/noticias\/wp-json\/wp\/v2\/posts"}],"about":[{"href":"https:\/\/www.gruporecoletas.com\/noticias\/wp-json\/wp\/v2\/types\/post"}],"author":[{"embeddable":true,"href":"https:\/\/www.gruporecoletas.com\/noticias\/wp-json\/wp\/v2\/users\/2"}],"replies":[{"embeddable":true,"href":"https:\/\/www.gruporecoletas.com\/noticias\/wp-json\/wp\/v2\/comments?post=10058"}],"version-history":[{"count":0,"href":"https:\/\/www.gruporecoletas.com\/noticias\/wp-json\/wp\/v2\/posts\/10058\/revisions"}],"wp:featuredmedia":[{"embeddable":true,"href":"https:\/\/www.gruporecoletas.com\/noticias\/wp-json\/wp\/v2\/media\/10059"}],"wp:attachment":[{"href":"https:\/\/www.gruporecoletas.com\/noticias\/wp-json\/wp\/v2\/media?parent=10058"}],"wp:term":[{"taxonomy":"category","embeddable":true,"href":"https:\/\/www.gruporecoletas.com\/noticias\/wp-json\/wp\/v2\/categories?post=10058"},{"taxonomy":"post_tag","embeddable":true,"href":"https:\/\/www.gruporecoletas.com\/noticias\/wp-json\/wp\/v2\/tags?post=10058"}],"curies":[{"name":"wp","href":"https:\/\/api.w.org\/{rel}","templated":true}]}}