{"id":10061,"date":"2018-01-15T16:13:53","date_gmt":"2018-01-15T16:13:53","guid":{"rendered":"https:\/\/www.gruporecoletas.com\/?p=10061"},"modified":"2019-03-05T10:04:33","modified_gmt":"2019-03-05T10:04:33","slug":"importante-lavarse-las-manos","status":"publish","type":"post","link":"https:\/\/www.gruporecoletas.com\/noticias\/importante-lavarse-las-manos\/","title":{"rendered":"\u00bfPor qu\u00e9 es importante lavarse las manos?"},"content":{"rendered":"<p>Lavarse las manos es un h\u00e1bito de higiene indispensable, tanto para los ni\u00f1os como para los adultos. Desde que son muy peque\u00f1os nos ense\u00f1an\u00a0<strong>la importancia de lavarse bien las manos<\/strong>, hacerlo con frecuencia e incorporarlo a sus rutinas diarias.<\/p>\n<p>Lavarse las manos es la medida \u00a0m\u00e1s f\u00e1cil y eficaz de evitar la transmisi\u00f3n de numerosas infecciones, tanto las que se adquieren en las <strong>relaciones humanas<\/strong>\u00a0 -como el\u00a0resfriado, la gripe e, incluso, la hepatitis A-, como las infecciones contra\u00eddas dentro de un recinto de atenci\u00f3n a la salud -las \u2018nosocomiales\u2019-. De hecho, la <a href=\"http:\/\/www.who.int\/gpsc\/5may\/es\/\">Organizaci\u00f3n Mundial de la Salud <\/a>considera a las manos como la principal v\u00eda de transmisi\u00f3n de g\u00e9rmenes durante la atenci\u00f3n sanitaria.<\/p>\n<h3>C\u00f3mo lavarse bien las manos<\/h3>\n<p>Para\u00a0lavarse\u00a0bien las manos no se necesita demasiado: <strong>solo agua y jab\u00f3n<\/strong>. Tras humedecerlas, se aplica jab\u00f3n suficiente para cubrirlas y friccionar la superficie durante unos <strong>20 segundos<\/strong>, sin olvidar ninguna zona: palmas, dorsos y mu\u00f1ecas, el \u00e1rea interdigital y, sobre todo, las u\u00f1as, donde se puede utilizar un cepillo. Despu\u00e9s, hay que enjuagar bien las manos y secarlas minuciosamente con una toalla limpia y seca o con una toalla de papel desechable. Aunque el jab\u00f3n utilizado sea corriente, con este procedimiento se eliminan desechos org\u00e1nicos e inorg\u00e1nicos y <strong>se disminuye la carga bacteriana de la capa d\u00e9rmica m\u00e1s superficial.<\/strong><\/p>\n<h3>\u00bfCu\u00e1ndo hay que lavarse las manos?<\/h3>\n<p>Es importante insistir en que lavarse las manos es imprescindible. A modo de recordatorio, hay que hacerlo: <strong>siempre antes<\/strong> de tocar alg\u00fan alimento y, sobre todo, entre la manipulaci\u00f3n de alimentos crudos y cocinados, antes de utilizar un utensilio de cocina, de poner la mesa, de comer -aunque sea un bocadillo- y de amamantar; tambi\u00e9n <strong>despu\u00e9s<\/strong> de ir al ba\u00f1o, estornudar,\u00a0toser\u00a0y sonarse la nariz y, de igual manera, tras cambiar un pa\u00f1al, limpiar los mocos a un ni\u00f1o o acompa\u00f1arle al ba\u00f1o.    \t<\/p>\n","protected":false},"excerpt":{"rendered":"<p>Lavarse las manos es un h\u00e1bito de higiene indispensable, tanto para los ni\u00f1os como para los adultos. Desde que son muy peque\u00f1os nos ense\u00f1an\u00a0la importancia de lavarse bien las manos, hacerlo con frecuencia e incorporarlo a sus rutinas diarias. Lavarse las manos es la medida \u00a0m\u00e1s f\u00e1cil y eficaz de evitar la transmisi\u00f3n de numerosas [&hellip;]<\/p>\n","protected":false},"author":2,"featured_media":10062,"comment_status":"closed","ping_status":"closed","sticky":false,"template":"","format":"standard","meta":{"_acf_changed":false,"footnotes":""},"categories":[48],"tags":[],"class_list":["post-10061","post","type-post","status-publish","format-standard","has-post-thumbnail","hentry","category-prevencion"],"acf":[],"yoast_head":"<!-- This site is optimized with the Yoast SEO Premium plugin v27.3 (Yoast SEO v27.3) - https:\/\/yoast.com\/product\/yoast-seo-premium-wordpress\/ -->\n<title>\u00bfPor qu\u00e9 es importante lavarse las manos? - Noticias Grupo Recoletas<\/title>\n<meta name=\"robots\" content=\"index, follow, max-snippet:-1, max-image-preview:large, max-video-preview:-1\" \/>\n<link rel=\"canonical\" href=\"https:\/\/www.gruporecoletas.com\/noticias\/importante-lavarse-las-manos\/\" \/>\n<meta property=\"og:locale\" content=\"es_ES\" \/>\n<meta property=\"og:type\" content=\"article\" \/>\n<meta property=\"og:title\" content=\"\u00bfPor qu\u00e9 es importante lavarse las manos?\" \/>\n<meta property=\"og:description\" content=\"Lavarse las manos es un h\u00e1bito de higiene indispensable, tanto para los ni\u00f1os como para los adultos. Desde que son muy peque\u00f1os nos ense\u00f1an\u00a0la importancia de lavarse bien las manos, hacerlo con frecuencia e incorporarlo a sus rutinas diarias. Lavarse las manos es la medida \u00a0m\u00e1s f\u00e1cil y eficaz de evitar la transmisi\u00f3n de numerosas [&hellip;]\" \/>\n<meta property=\"og:url\" content=\"https:\/\/www.gruporecoletas.com\/noticias\/importante-lavarse-las-manos\/\" \/>\n<meta property=\"og:site_name\" content=\"Noticias Grupo Recoletas\" \/>\n<meta property=\"article:publisher\" content=\"https:\/\/www.facebook.com\/GrupoRecoletas\/\" \/>\n<meta property=\"article:published_time\" content=\"2018-01-15T16:13:53+00:00\" \/>\n<meta property=\"article:modified_time\" content=\"2019-03-05T10:04:33+00:00\" \/>\n<meta property=\"og:image\" content=\"https:\/\/www.gruporecoletas.com\/noticias\/wp-content\/uploads\/2018\/01\/lavarmanos.jpg\" \/>\n\t<meta property=\"og:image:width\" content=\"1200\" \/>\n\t<meta property=\"og:image:height\" content=\"896\" \/>\n\t<meta property=\"og:image:type\" content=\"image\/jpeg\" \/>\n<meta name=\"author\" content=\"Recoletas Red Hospitalaria\" \/>\n<meta name=\"twitter:card\" content=\"summary_large_image\" \/>\n<meta name=\"twitter:creator\" content=\"@GrupoRecoletas\" \/>\n<meta name=\"twitter:site\" content=\"@GrupoRecoletas\" \/>\n<meta name=\"twitter:label1\" content=\"Escrito por\" \/>\n\t<meta name=\"twitter:data1\" content=\"Recoletas Red Hospitalaria\" \/>\n\t<meta name=\"twitter:label2\" content=\"Tiempo de lectura\" \/>\n\t<meta name=\"twitter:data2\" content=\"2 minutos\" \/>\n<script type=\"application\/ld+json\" class=\"yoast-schema-graph\">{\"@context\":\"https:\\\/\\\/schema.org\",\"@graph\":[{\"@type\":\"Article\",\"@id\":\"https:\\\/\\\/www.gruporecoletas.com\\\/noticias\\\/importante-lavarse-las-manos\\\/#article\",\"isPartOf\":{\"@id\":\"https:\\\/\\\/www.gruporecoletas.com\\\/noticias\\\/importante-lavarse-las-manos\\\/\"},\"author\":{\"name\":\"Recoletas Red Hospitalaria\",\"@id\":\"https:\\\/\\\/www.gruporecoletas.com\\\/noticias\\\/#\\\/schema\\\/person\\\/3c6ac429828d1f5e3d3bd99f4da9b02c\"},\"headline\":\"\u00bfPor qu\u00e9 es importante lavarse las manos?\",\"datePublished\":\"2018-01-15T16:13:53+00:00\",\"dateModified\":\"2019-03-05T10:04:33+00:00\",\"mainEntityOfPage\":{\"@id\":\"https:\\\/\\\/www.gruporecoletas.com\\\/noticias\\\/importante-lavarse-las-manos\\\/\"},\"wordCount\":353,\"image\":{\"@id\":\"https:\\\/\\\/www.gruporecoletas.com\\\/noticias\\\/importante-lavarse-las-manos\\\/#primaryimage\"},\"thumbnailUrl\":\"https:\\\/\\\/www.gruporecoletas.com\\\/noticias\\\/wp-content\\\/uploads\\\/2018\\\/01\\\/lavarmanos.jpg\",\"articleSection\":[\"Prevenci\u00f3n\"],\"inLanguage\":\"es\"},{\"@type\":\"WebPage\",\"@id\":\"https:\\\/\\\/www.gruporecoletas.com\\\/noticias\\\/importante-lavarse-las-manos\\\/\",\"url\":\"https:\\\/\\\/www.gruporecoletas.com\\\/noticias\\\/importante-lavarse-las-manos\\\/\",\"name\":\"\u00bfPor qu\u00e9 es importante lavarse las manos? - Noticias Grupo Recoletas\",\"isPartOf\":{\"@id\":\"https:\\\/\\\/www.gruporecoletas.com\\\/noticias\\\/#website\"},\"primaryImageOfPage\":{\"@id\":\"https:\\\/\\\/www.gruporecoletas.com\\\/noticias\\\/importante-lavarse-las-manos\\\/#primaryimage\"},\"image\":{\"@id\":\"https:\\\/\\\/www.gruporecoletas.com\\\/noticias\\\/importante-lavarse-las-manos\\\/#primaryimage\"},\"thumbnailUrl\":\"https:\\\/\\\/www.gruporecoletas.com\\\/noticias\\\/wp-content\\\/uploads\\\/2018\\\/01\\\/lavarmanos.jpg\",\"datePublished\":\"2018-01-15T16:13:53+00:00\",\"dateModified\":\"2019-03-05T10:04:33+00:00\",\"author\":{\"@id\":\"https:\\\/\\\/www.gruporecoletas.com\\\/noticias\\\/#\\\/schema\\\/person\\\/3c6ac429828d1f5e3d3bd99f4da9b02c\"},\"breadcrumb\":{\"@id\":\"https:\\\/\\\/www.gruporecoletas.com\\\/noticias\\\/importante-lavarse-las-manos\\\/#breadcrumb\"},\"inLanguage\":\"es\",\"potentialAction\":[{\"@type\":\"ReadAction\",\"target\":[\"https:\\\/\\\/www.gruporecoletas.com\\\/noticias\\\/importante-lavarse-las-manos\\\/\"]}]},{\"@type\":\"ImageObject\",\"inLanguage\":\"es\",\"@id\":\"https:\\\/\\\/www.gruporecoletas.com\\\/noticias\\\/importante-lavarse-las-manos\\\/#primaryimage\",\"url\":\"https:\\\/\\\/www.gruporecoletas.com\\\/noticias\\\/wp-content\\\/uploads\\\/2018\\\/01\\\/lavarmanos.jpg\",\"contentUrl\":\"https:\\\/\\\/www.gruporecoletas.com\\\/noticias\\\/wp-content\\\/uploads\\\/2018\\\/01\\\/lavarmanos.jpg\",\"width\":1200,\"height\":896},{\"@type\":\"BreadcrumbList\",\"@id\":\"https:\\\/\\\/www.gruporecoletas.com\\\/noticias\\\/importante-lavarse-las-manos\\\/#breadcrumb\",\"itemListElement\":[{\"@type\":\"ListItem\",\"position\":1,\"name\":\"Portada\",\"item\":\"https:\\\/\\\/www.gruporecoletas.com\\\/noticias\\\/\"},{\"@type\":\"ListItem\",\"position\":2,\"name\":\"\u00bfPor qu\u00e9 es importante lavarse las manos?\"}]},{\"@type\":\"WebSite\",\"@id\":\"https:\\\/\\\/www.gruporecoletas.com\\\/noticias\\\/#website\",\"url\":\"https:\\\/\\\/www.gruporecoletas.com\\\/noticias\\\/\",\"name\":\"Noticias Grupo Recoletas\",\"description\":\"Grupo Recoletas\",\"potentialAction\":[{\"@type\":\"SearchAction\",\"target\":{\"@type\":\"EntryPoint\",\"urlTemplate\":\"https:\\\/\\\/www.gruporecoletas.com\\\/noticias\\\/?s={search_term_string}\"},\"query-input\":{\"@type\":\"PropertyValueSpecification\",\"valueRequired\":true,\"valueName\":\"search_term_string\"}}],\"inLanguage\":\"es\"},{\"@type\":\"Person\",\"@id\":\"https:\\\/\\\/www.gruporecoletas.com\\\/noticias\\\/#\\\/schema\\\/person\\\/3c6ac429828d1f5e3d3bd99f4da9b02c\",\"name\":\"Recoletas Red Hospitalaria\",\"url\":\"https:\\\/\\\/www.gruporecoletas.com\\\/noticias\\\/author\\\/comunicacion\\\/\"}]}<\/script>\n<!-- \/ Yoast SEO Premium plugin. -->","yoast_head_json":{"title":"\u00bfPor qu\u00e9 es importante lavarse las manos? - Noticias Grupo Recoletas","robots":{"index":"index","follow":"follow","max-snippet":"max-snippet:-1","max-image-preview":"max-image-preview:large","max-video-preview":"max-video-preview:-1"},"canonical":"https:\/\/www.gruporecoletas.com\/noticias\/importante-lavarse-las-manos\/","og_locale":"es_ES","og_type":"article","og_title":"\u00bfPor qu\u00e9 es importante lavarse las manos?","og_description":"Lavarse las manos es un h\u00e1bito de higiene indispensable, tanto para los ni\u00f1os como para los adultos. Desde que son muy peque\u00f1os nos ense\u00f1an\u00a0la importancia de lavarse bien las manos, hacerlo con frecuencia e incorporarlo a sus rutinas diarias. Lavarse las manos es la medida \u00a0m\u00e1s f\u00e1cil y eficaz de evitar la transmisi\u00f3n de numerosas [&hellip;]","og_url":"https:\/\/www.gruporecoletas.com\/noticias\/importante-lavarse-las-manos\/","og_site_name":"Noticias Grupo Recoletas","article_publisher":"https:\/\/www.facebook.com\/GrupoRecoletas\/","article_published_time":"2018-01-15T16:13:53+00:00","article_modified_time":"2019-03-05T10:04:33+00:00","og_image":[{"width":1200,"height":896,"url":"https:\/\/www.gruporecoletas.com\/noticias\/wp-content\/uploads\/2018\/01\/lavarmanos.jpg","type":"image\/jpeg"}],"author":"Recoletas Red Hospitalaria","twitter_card":"summary_large_image","twitter_creator":"@GrupoRecoletas","twitter_site":"@GrupoRecoletas","twitter_misc":{"Escrito por":"Recoletas Red Hospitalaria","Tiempo de lectura":"2 minutos"},"schema":{"@context":"https:\/\/schema.org","@graph":[{"@type":"Article","@id":"https:\/\/www.gruporecoletas.com\/noticias\/importante-lavarse-las-manos\/#article","isPartOf":{"@id":"https:\/\/www.gruporecoletas.com\/noticias\/importante-lavarse-las-manos\/"},"author":{"name":"Recoletas Red Hospitalaria","@id":"https:\/\/www.gruporecoletas.com\/noticias\/#\/schema\/person\/3c6ac429828d1f5e3d3bd99f4da9b02c"},"headline":"\u00bfPor qu\u00e9 es importante lavarse las manos?","datePublished":"2018-01-15T16:13:53+00:00","dateModified":"2019-03-05T10:04:33+00:00","mainEntityOfPage":{"@id":"https:\/\/www.gruporecoletas.com\/noticias\/importante-lavarse-las-manos\/"},"wordCount":353,"image":{"@id":"https:\/\/www.gruporecoletas.com\/noticias\/importante-lavarse-las-manos\/#primaryimage"},"thumbnailUrl":"https:\/\/www.gruporecoletas.com\/noticias\/wp-content\/uploads\/2018\/01\/lavarmanos.jpg","articleSection":["Prevenci\u00f3n"],"inLanguage":"es"},{"@type":"WebPage","@id":"https:\/\/www.gruporecoletas.com\/noticias\/importante-lavarse-las-manos\/","url":"https:\/\/www.gruporecoletas.com\/noticias\/importante-lavarse-las-manos\/","name":"\u00bfPor qu\u00e9 es importante lavarse las manos? - Noticias Grupo Recoletas","isPartOf":{"@id":"https:\/\/www.gruporecoletas.com\/noticias\/#website"},"primaryImageOfPage":{"@id":"https:\/\/www.gruporecoletas.com\/noticias\/importante-lavarse-las-manos\/#primaryimage"},"image":{"@id":"https:\/\/www.gruporecoletas.com\/noticias\/importante-lavarse-las-manos\/#primaryimage"},"thumbnailUrl":"https:\/\/www.gruporecoletas.com\/noticias\/wp-content\/uploads\/2018\/01\/lavarmanos.jpg","datePublished":"2018-01-15T16:13:53+00:00","dateModified":"2019-03-05T10:04:33+00:00","author":{"@id":"https:\/\/www.gruporecoletas.com\/noticias\/#\/schema\/person\/3c6ac429828d1f5e3d3bd99f4da9b02c"},"breadcrumb":{"@id":"https:\/\/www.gruporecoletas.com\/noticias\/importante-lavarse-las-manos\/#breadcrumb"},"inLanguage":"es","potentialAction":[{"@type":"ReadAction","target":["https:\/\/www.gruporecoletas.com\/noticias\/importante-lavarse-las-manos\/"]}]},{"@type":"ImageObject","inLanguage":"es","@id":"https:\/\/www.gruporecoletas.com\/noticias\/importante-lavarse-las-manos\/#primaryimage","url":"https:\/\/www.gruporecoletas.com\/noticias\/wp-content\/uploads\/2018\/01\/lavarmanos.jpg","contentUrl":"https:\/\/www.gruporecoletas.com\/noticias\/wp-content\/uploads\/2018\/01\/lavarmanos.jpg","width":1200,"height":896},{"@type":"BreadcrumbList","@id":"https:\/\/www.gruporecoletas.com\/noticias\/importante-lavarse-las-manos\/#breadcrumb","itemListElement":[{"@type":"ListItem","position":1,"name":"Portada","item":"https:\/\/www.gruporecoletas.com\/noticias\/"},{"@type":"ListItem","position":2,"name":"\u00bfPor qu\u00e9 es importante lavarse las manos?"}]},{"@type":"WebSite","@id":"https:\/\/www.gruporecoletas.com\/noticias\/#website","url":"https:\/\/www.gruporecoletas.com\/noticias\/","name":"Noticias Grupo Recoletas","description":"Grupo Recoletas","potentialAction":[{"@type":"SearchAction","target":{"@type":"EntryPoint","urlTemplate":"https:\/\/www.gruporecoletas.com\/noticias\/?s={search_term_string}"},"query-input":{"@type":"PropertyValueSpecification","valueRequired":true,"valueName":"search_term_string"}}],"inLanguage":"es"},{"@type":"Person","@id":"https:\/\/www.gruporecoletas.com\/noticias\/#\/schema\/person\/3c6ac429828d1f5e3d3bd99f4da9b02c","name":"Recoletas Red Hospitalaria","url":"https:\/\/www.gruporecoletas.com\/noticias\/author\/comunicacion\/"}]}},"_links":{"self":[{"href":"https:\/\/www.gruporecoletas.com\/noticias\/wp-json\/wp\/v2\/posts\/10061","targetHints":{"allow":["GET"]}}],"collection":[{"href":"https:\/\/www.gruporecoletas.com\/noticias\/wp-json\/wp\/v2\/posts"}],"about":[{"href":"https:\/\/www.gruporecoletas.com\/noticias\/wp-json\/wp\/v2\/types\/post"}],"author":[{"embeddable":true,"href":"https:\/\/www.gruporecoletas.com\/noticias\/wp-json\/wp\/v2\/users\/2"}],"replies":[{"embeddable":true,"href":"https:\/\/www.gruporecoletas.com\/noticias\/wp-json\/wp\/v2\/comments?post=10061"}],"version-history":[{"count":1,"href":"https:\/\/www.gruporecoletas.com\/noticias\/wp-json\/wp\/v2\/posts\/10061\/revisions"}],"predecessor-version":[{"id":11728,"href":"https:\/\/www.gruporecoletas.com\/noticias\/wp-json\/wp\/v2\/posts\/10061\/revisions\/11728"}],"wp:featuredmedia":[{"embeddable":true,"href":"https:\/\/www.gruporecoletas.com\/noticias\/wp-json\/wp\/v2\/media\/10062"}],"wp:attachment":[{"href":"https:\/\/www.gruporecoletas.com\/noticias\/wp-json\/wp\/v2\/media?parent=10061"}],"wp:term":[{"taxonomy":"category","embeddable":true,"href":"https:\/\/www.gruporecoletas.com\/noticias\/wp-json\/wp\/v2\/categories?post=10061"},{"taxonomy":"post_tag","embeddable":true,"href":"https:\/\/www.gruporecoletas.com\/noticias\/wp-json\/wp\/v2\/tags?post=10061"}],"curies":[{"name":"wp","href":"https:\/\/api.w.org\/{rel}","templated":true}]}}