{"id":10125,"date":"2018-02-01T15:59:13","date_gmt":"2018-02-01T15:59:13","guid":{"rendered":"https:\/\/www.gruporecoletas.com\/?p=10125"},"modified":"2019-03-05T10:02:28","modified_gmt":"2019-03-05T10:02:28","slug":"lepra-una-enfermedad-olvidada-continua-activo","status":"publish","type":"post","link":"https:\/\/www.gruporecoletas.com\/noticias\/lepra-una-enfermedad-olvidada-continua-activo\/","title":{"rendered":"Lepra, una enfermedad olvidada que contin\u00faa en activo"},"content":{"rendered":"<p><strong>La lepra es una enfermedad olvidada que persiste en algunas regiones del mundo, especialmente en Am\u00e9rica y en el sureste asi\u00e1tico. Cada a\u00f1o se diagnostica m\u00e1s de 200.000 casos en el mundo, especialmente en tres pa\u00edses que concentran el 82,6% de las detecciones: India (63%), Brasil (11,7%) e Indonesia (7,8%)<\/strong><\/p>\n<p>La lepra es una enfermedad infecciosa cr\u00f3nica causada por una bacteria; afecta principalmente a la piel, los nervios perif\u00e9ricos, la mucosa de las v\u00edas respiratorias y los ojos.<\/p>\n<p>Aunque se trata de una patolog\u00eda con soluci\u00f3n en la mayor\u00eda de los casos -los programas nacionales reportan un 90% de curaci\u00f3n-, el estigma sigue siendo un gran obst\u00e1culo para alcanzar el diagn\u00f3stico y continuar el tratamiento.<\/p>\n<p>La lepra sigue presente en 14 de 25 pa\u00edses de Am\u00e9rica, donde se detectan 27.000 nuevos casos cada a\u00f1o (27.357 en 2016). Esto equivale a un 12,6% de los diagn\u00f3sticos mundiales, lo que sit\u00faa esta regi\u00f3n como segunda en incidencia tras el sureste asi\u00e1tico.<\/p>\n<p>&nbsp;<\/p>\n<p>Por este motivo, la lepra es, en palabras de Roger, \u201cprioridad en Brasil\u201d, donde se ha desarrollado una campa\u00f1a para la detecci\u00f3n de\u00a0<a href=\"http:\/\/www.efesalud.com\/enfermedades-infecciosas-de-otro-siglo-como-la-difteria-que-aun-perviven\/\" target=\"_blank\" rel=\"noopener\">enfermedades infecciosas<\/a>\u00a0desatendidas en 852 municipios con poblaci\u00f3n en extrema pobreza, un factor estrechamente ligado a la lepra.<\/p>\n<p>Mientras, en el resto de la regi\u00f3n se ha producido un retroceso de la enfermedad, que descendi\u00f3 un 26% en n\u00famero de diagn\u00f3sticos entre 2011 y 2016. Tambi\u00e9n ha disminuido un 31% el n\u00famero de ni\u00f1os afectados en este periodo.<\/p>\n<h2>La discapacidad en la lepra<\/h2>\n<p>Las circunstancias que rodean a la enfermedad tales como el estigma, la discriminaci\u00f3n y la\u00a0pobreza, dificultan el acceso de los pacientes a la medicaci\u00f3n, e incluso a un diagn\u00f3stico.<\/p>\n<p>Bangladesh, Rep\u00fablica Democr\u00e1tica del Congo, Etiop\u00eda, Madagascar, Mozambique, Birmania (Myanmar), Nepal, Nigeria o Filipinas son algunos de los 22 pa\u00edses donde la\u00a0<a href=\"http:\/\/www.who.int\/es\/\" target=\"_blank\" rel=\"nofollow noopener\">OMS<\/a>\u00a0considera prioritaria la acci\u00f3n m\u00e9dica.<\/p>\n<p>La discapacidad es una de las consecuencias m\u00e1s graves de la lepra. En 2016, de las 214.783 personas que fueron diagnosticadas, 12.437 sufrieron este problema de forma grave. Entre 2016 y 1017, de los 1.761 ni\u00f1os diagnosticados de lepra, 38 desarrollaron una discapacidad visible.<\/p>\n<figure id=\"attachment_74176\" class=\"wp-caption aligncenter\"><figcaption class=\"wp-caption-text\"><\/figcaption><\/figure>\n<p>\u201cEl hecho de que esto suceda en 2018 muestra que hay deficiencias en el diagn\u00f3stico y la falta de acceso a un tratamiento de alta calidad\u201d, enfatiza Cruz. La soluci\u00f3n pasa por un tratamiento sencillo, facilitado gratuitamente por la OMS y consistente en dos pastillas diarias durante un a\u00f1o (seis meses en los casos m\u00e1s leves), que logra eliminar la bacteria.<\/p>\n<p>Adem\u00e1s, considera que la discriminaci\u00f3n perpet\u00faa el sufrimiento de estas personas y conduce a la segregaci\u00f3n y a la violaci\u00f3n de derechos humanos de los afectados. \u201cEste concepto err\u00f3neo debe abordarse con informaci\u00f3n y educaci\u00f3n\u201d.<\/p>\n<h2>Lepra en Espa\u00f1a: desigualdad de g\u00e9nero<\/h2>\n<p>La lepra afecta por igual a hombres y a mujeres. Sin embargo, \u201cen los pa\u00edses en desarrollo, las desigualdades de g\u00e9nero imposibilitan un diagn\u00f3stico temprano y una correcta atenci\u00f3n m\u00e9dica\u201d, como explica Juan Lorca, presidente de la asociaci\u00f3n\u00a0<a href=\"http:\/\/www.fontilles.org\/\" target=\"_blank\" rel=\"nofollow noopener\">Fontilles<\/a>, entidad espa\u00f1ola referente en la lucha contra la lepra.<\/p>\n<p>Esto se evidencia en la diferencia de diagn\u00f3sticos por g\u00e9neros: las detecciones en mujeres y ni\u00f1as suponen solo el 39,2% pese a no tener un menor riesgo de contraer la enfermedad.<\/p>\n<p>En\u00a0Espa\u00f1a\u00a0se detectaron en 2017 ocho nuevos casos de lepra, siete de ellos contra\u00eddos fuera del pa\u00eds, tres casos menos que en 2016. Seg\u00fan un comunicado de la asociaci\u00f3n Fontilles, el pasado a\u00f1o hab\u00eda 24 personas en tratamiento: ocho en Catalu\u00f1a, cuatro en Madrid, tres en Galicia, dos en Baleares, Castilla-La Mancha y Pa\u00eds Vasco, y uno en Andaluc\u00eda, Castilla y Le\u00f3n y Navarra.    \t<\/p>\n","protected":false},"excerpt":{"rendered":"<p>La lepra es una enfermedad olvidada que persiste en algunas regiones del mundo, especialmente en Am\u00e9rica y en el sureste asi\u00e1tico. Cada a\u00f1o se diagnostica m\u00e1s de 200.000 casos en el mundo, especialmente en tres pa\u00edses que concentran el 82,6% de las detecciones: India (63%), Brasil (11,7%) e Indonesia (7,8%) La lepra es una enfermedad [&hellip;]<\/p>\n","protected":false},"author":2,"featured_media":10126,"comment_status":"closed","ping_status":"closed","sticky":false,"template":"","format":"standard","meta":{"_acf_changed":false,"footnotes":""},"categories":[50],"tags":[],"class_list":["post-10125","post","type-post","status-publish","format-standard","has-post-thumbnail","hentry","category-patologias"],"acf":[],"yoast_head":"<!-- This site is optimized with the Yoast SEO Premium plugin v27.3 (Yoast SEO v27.3) - https:\/\/yoast.com\/product\/yoast-seo-premium-wordpress\/ -->\n<title>Lepra, una enfermedad olvidada que contin\u00faa en activo - Noticias Grupo Recoletas<\/title>\n<meta name=\"robots\" content=\"index, follow, max-snippet:-1, max-image-preview:large, max-video-preview:-1\" \/>\n<link rel=\"canonical\" href=\"https:\/\/www.gruporecoletas.com\/noticias\/lepra-una-enfermedad-olvidada-continua-activo\/\" \/>\n<meta property=\"og:locale\" content=\"es_ES\" \/>\n<meta property=\"og:type\" content=\"article\" \/>\n<meta property=\"og:title\" content=\"Lepra, una enfermedad olvidada que contin\u00faa en activo\" \/>\n<meta property=\"og:description\" content=\"La lepra es una enfermedad olvidada que persiste en algunas regiones del mundo, especialmente en Am\u00e9rica y en el sureste asi\u00e1tico. Cada a\u00f1o se diagnostica m\u00e1s de 200.000 casos en el mundo, especialmente en tres pa\u00edses que concentran el 82,6% de las detecciones: India (63%), Brasil (11,7%) e Indonesia (7,8%) La lepra es una enfermedad [&hellip;]\" \/>\n<meta property=\"og:url\" content=\"https:\/\/www.gruporecoletas.com\/noticias\/lepra-una-enfermedad-olvidada-continua-activo\/\" \/>\n<meta property=\"og:site_name\" content=\"Noticias Grupo Recoletas\" \/>\n<meta property=\"article:publisher\" content=\"https:\/\/www.facebook.com\/GrupoRecoletas\/\" \/>\n<meta property=\"article:published_time\" content=\"2018-02-01T15:59:13+00:00\" \/>\n<meta property=\"article:modified_time\" content=\"2019-03-05T10:02:28+00:00\" \/>\n<meta property=\"og:image\" content=\"https:\/\/www.gruporecoletas.com\/noticias\/wp-content\/uploads\/2018\/02\/lepra.jpg\" \/>\n\t<meta property=\"og:image:width\" content=\"600\" \/>\n\t<meta property=\"og:image:height\" content=\"334\" \/>\n\t<meta property=\"og:image:type\" content=\"image\/jpeg\" \/>\n<meta name=\"author\" content=\"Recoletas Red Hospitalaria\" \/>\n<meta name=\"twitter:card\" content=\"summary_large_image\" \/>\n<meta name=\"twitter:creator\" content=\"@GrupoRecoletas\" \/>\n<meta name=\"twitter:site\" content=\"@GrupoRecoletas\" \/>\n<meta name=\"twitter:label1\" content=\"Escrito por\" \/>\n\t<meta name=\"twitter:data1\" content=\"Recoletas Red Hospitalaria\" \/>\n\t<meta name=\"twitter:label2\" content=\"Tiempo de lectura\" \/>\n\t<meta name=\"twitter:data2\" content=\"3 minutos\" \/>\n<script type=\"application\/ld+json\" class=\"yoast-schema-graph\">{\"@context\":\"https:\\\/\\\/schema.org\",\"@graph\":[{\"@type\":\"Article\",\"@id\":\"https:\\\/\\\/www.gruporecoletas.com\\\/noticias\\\/lepra-una-enfermedad-olvidada-continua-activo\\\/#article\",\"isPartOf\":{\"@id\":\"https:\\\/\\\/www.gruporecoletas.com\\\/noticias\\\/lepra-una-enfermedad-olvidada-continua-activo\\\/\"},\"author\":{\"name\":\"Recoletas Red Hospitalaria\",\"@id\":\"https:\\\/\\\/www.gruporecoletas.com\\\/noticias\\\/#\\\/schema\\\/person\\\/3c6ac429828d1f5e3d3bd99f4da9b02c\"},\"headline\":\"Lepra, una enfermedad olvidada que contin\u00faa en activo\",\"datePublished\":\"2018-02-01T15:59:13+00:00\",\"dateModified\":\"2019-03-05T10:02:28+00:00\",\"mainEntityOfPage\":{\"@id\":\"https:\\\/\\\/www.gruporecoletas.com\\\/noticias\\\/lepra-una-enfermedad-olvidada-continua-activo\\\/\"},\"wordCount\":649,\"image\":{\"@id\":\"https:\\\/\\\/www.gruporecoletas.com\\\/noticias\\\/lepra-una-enfermedad-olvidada-continua-activo\\\/#primaryimage\"},\"thumbnailUrl\":\"https:\\\/\\\/www.gruporecoletas.com\\\/noticias\\\/wp-content\\\/uploads\\\/2018\\\/02\\\/lepra.jpg\",\"articleSection\":[\"Patolog\u00edas\"],\"inLanguage\":\"es\"},{\"@type\":\"WebPage\",\"@id\":\"https:\\\/\\\/www.gruporecoletas.com\\\/noticias\\\/lepra-una-enfermedad-olvidada-continua-activo\\\/\",\"url\":\"https:\\\/\\\/www.gruporecoletas.com\\\/noticias\\\/lepra-una-enfermedad-olvidada-continua-activo\\\/\",\"name\":\"Lepra, una enfermedad olvidada que contin\u00faa en activo - Noticias Grupo Recoletas\",\"isPartOf\":{\"@id\":\"https:\\\/\\\/www.gruporecoletas.com\\\/noticias\\\/#website\"},\"primaryImageOfPage\":{\"@id\":\"https:\\\/\\\/www.gruporecoletas.com\\\/noticias\\\/lepra-una-enfermedad-olvidada-continua-activo\\\/#primaryimage\"},\"image\":{\"@id\":\"https:\\\/\\\/www.gruporecoletas.com\\\/noticias\\\/lepra-una-enfermedad-olvidada-continua-activo\\\/#primaryimage\"},\"thumbnailUrl\":\"https:\\\/\\\/www.gruporecoletas.com\\\/noticias\\\/wp-content\\\/uploads\\\/2018\\\/02\\\/lepra.jpg\",\"datePublished\":\"2018-02-01T15:59:13+00:00\",\"dateModified\":\"2019-03-05T10:02:28+00:00\",\"author\":{\"@id\":\"https:\\\/\\\/www.gruporecoletas.com\\\/noticias\\\/#\\\/schema\\\/person\\\/3c6ac429828d1f5e3d3bd99f4da9b02c\"},\"breadcrumb\":{\"@id\":\"https:\\\/\\\/www.gruporecoletas.com\\\/noticias\\\/lepra-una-enfermedad-olvidada-continua-activo\\\/#breadcrumb\"},\"inLanguage\":\"es\",\"potentialAction\":[{\"@type\":\"ReadAction\",\"target\":[\"https:\\\/\\\/www.gruporecoletas.com\\\/noticias\\\/lepra-una-enfermedad-olvidada-continua-activo\\\/\"]}]},{\"@type\":\"ImageObject\",\"inLanguage\":\"es\",\"@id\":\"https:\\\/\\\/www.gruporecoletas.com\\\/noticias\\\/lepra-una-enfermedad-olvidada-continua-activo\\\/#primaryimage\",\"url\":\"https:\\\/\\\/www.gruporecoletas.com\\\/noticias\\\/wp-content\\\/uploads\\\/2018\\\/02\\\/lepra.jpg\",\"contentUrl\":\"https:\\\/\\\/www.gruporecoletas.com\\\/noticias\\\/wp-content\\\/uploads\\\/2018\\\/02\\\/lepra.jpg\",\"width\":600,\"height\":334},{\"@type\":\"BreadcrumbList\",\"@id\":\"https:\\\/\\\/www.gruporecoletas.com\\\/noticias\\\/lepra-una-enfermedad-olvidada-continua-activo\\\/#breadcrumb\",\"itemListElement\":[{\"@type\":\"ListItem\",\"position\":1,\"name\":\"Portada\",\"item\":\"https:\\\/\\\/www.gruporecoletas.com\\\/noticias\\\/\"},{\"@type\":\"ListItem\",\"position\":2,\"name\":\"Lepra, una enfermedad olvidada que contin\u00faa en activo\"}]},{\"@type\":\"WebSite\",\"@id\":\"https:\\\/\\\/www.gruporecoletas.com\\\/noticias\\\/#website\",\"url\":\"https:\\\/\\\/www.gruporecoletas.com\\\/noticias\\\/\",\"name\":\"Noticias Grupo Recoletas\",\"description\":\"Grupo Recoletas\",\"potentialAction\":[{\"@type\":\"SearchAction\",\"target\":{\"@type\":\"EntryPoint\",\"urlTemplate\":\"https:\\\/\\\/www.gruporecoletas.com\\\/noticias\\\/?s={search_term_string}\"},\"query-input\":{\"@type\":\"PropertyValueSpecification\",\"valueRequired\":true,\"valueName\":\"search_term_string\"}}],\"inLanguage\":\"es\"},{\"@type\":\"Person\",\"@id\":\"https:\\\/\\\/www.gruporecoletas.com\\\/noticias\\\/#\\\/schema\\\/person\\\/3c6ac429828d1f5e3d3bd99f4da9b02c\",\"name\":\"Recoletas Red Hospitalaria\",\"url\":\"https:\\\/\\\/www.gruporecoletas.com\\\/noticias\\\/author\\\/comunicacion\\\/\"}]}<\/script>\n<!-- \/ Yoast SEO Premium plugin. -->","yoast_head_json":{"title":"Lepra, una enfermedad olvidada que contin\u00faa en activo - Noticias Grupo Recoletas","robots":{"index":"index","follow":"follow","max-snippet":"max-snippet:-1","max-image-preview":"max-image-preview:large","max-video-preview":"max-video-preview:-1"},"canonical":"https:\/\/www.gruporecoletas.com\/noticias\/lepra-una-enfermedad-olvidada-continua-activo\/","og_locale":"es_ES","og_type":"article","og_title":"Lepra, una enfermedad olvidada que contin\u00faa en activo","og_description":"La lepra es una enfermedad olvidada que persiste en algunas regiones del mundo, especialmente en Am\u00e9rica y en el sureste asi\u00e1tico. Cada a\u00f1o se diagnostica m\u00e1s de 200.000 casos en el mundo, especialmente en tres pa\u00edses que concentran el 82,6% de las detecciones: India (63%), Brasil (11,7%) e Indonesia (7,8%) La lepra es una enfermedad [&hellip;]","og_url":"https:\/\/www.gruporecoletas.com\/noticias\/lepra-una-enfermedad-olvidada-continua-activo\/","og_site_name":"Noticias Grupo Recoletas","article_publisher":"https:\/\/www.facebook.com\/GrupoRecoletas\/","article_published_time":"2018-02-01T15:59:13+00:00","article_modified_time":"2019-03-05T10:02:28+00:00","og_image":[{"width":600,"height":334,"url":"https:\/\/www.gruporecoletas.com\/noticias\/wp-content\/uploads\/2018\/02\/lepra.jpg","type":"image\/jpeg"}],"author":"Recoletas Red Hospitalaria","twitter_card":"summary_large_image","twitter_creator":"@GrupoRecoletas","twitter_site":"@GrupoRecoletas","twitter_misc":{"Escrito por":"Recoletas Red Hospitalaria","Tiempo de lectura":"3 minutos"},"schema":{"@context":"https:\/\/schema.org","@graph":[{"@type":"Article","@id":"https:\/\/www.gruporecoletas.com\/noticias\/lepra-una-enfermedad-olvidada-continua-activo\/#article","isPartOf":{"@id":"https:\/\/www.gruporecoletas.com\/noticias\/lepra-una-enfermedad-olvidada-continua-activo\/"},"author":{"name":"Recoletas Red Hospitalaria","@id":"https:\/\/www.gruporecoletas.com\/noticias\/#\/schema\/person\/3c6ac429828d1f5e3d3bd99f4da9b02c"},"headline":"Lepra, una enfermedad olvidada que contin\u00faa en activo","datePublished":"2018-02-01T15:59:13+00:00","dateModified":"2019-03-05T10:02:28+00:00","mainEntityOfPage":{"@id":"https:\/\/www.gruporecoletas.com\/noticias\/lepra-una-enfermedad-olvidada-continua-activo\/"},"wordCount":649,"image":{"@id":"https:\/\/www.gruporecoletas.com\/noticias\/lepra-una-enfermedad-olvidada-continua-activo\/#primaryimage"},"thumbnailUrl":"https:\/\/www.gruporecoletas.com\/noticias\/wp-content\/uploads\/2018\/02\/lepra.jpg","articleSection":["Patolog\u00edas"],"inLanguage":"es"},{"@type":"WebPage","@id":"https:\/\/www.gruporecoletas.com\/noticias\/lepra-una-enfermedad-olvidada-continua-activo\/","url":"https:\/\/www.gruporecoletas.com\/noticias\/lepra-una-enfermedad-olvidada-continua-activo\/","name":"Lepra, una enfermedad olvidada que contin\u00faa en activo - Noticias Grupo Recoletas","isPartOf":{"@id":"https:\/\/www.gruporecoletas.com\/noticias\/#website"},"primaryImageOfPage":{"@id":"https:\/\/www.gruporecoletas.com\/noticias\/lepra-una-enfermedad-olvidada-continua-activo\/#primaryimage"},"image":{"@id":"https:\/\/www.gruporecoletas.com\/noticias\/lepra-una-enfermedad-olvidada-continua-activo\/#primaryimage"},"thumbnailUrl":"https:\/\/www.gruporecoletas.com\/noticias\/wp-content\/uploads\/2018\/02\/lepra.jpg","datePublished":"2018-02-01T15:59:13+00:00","dateModified":"2019-03-05T10:02:28+00:00","author":{"@id":"https:\/\/www.gruporecoletas.com\/noticias\/#\/schema\/person\/3c6ac429828d1f5e3d3bd99f4da9b02c"},"breadcrumb":{"@id":"https:\/\/www.gruporecoletas.com\/noticias\/lepra-una-enfermedad-olvidada-continua-activo\/#breadcrumb"},"inLanguage":"es","potentialAction":[{"@type":"ReadAction","target":["https:\/\/www.gruporecoletas.com\/noticias\/lepra-una-enfermedad-olvidada-continua-activo\/"]}]},{"@type":"ImageObject","inLanguage":"es","@id":"https:\/\/www.gruporecoletas.com\/noticias\/lepra-una-enfermedad-olvidada-continua-activo\/#primaryimage","url":"https:\/\/www.gruporecoletas.com\/noticias\/wp-content\/uploads\/2018\/02\/lepra.jpg","contentUrl":"https:\/\/www.gruporecoletas.com\/noticias\/wp-content\/uploads\/2018\/02\/lepra.jpg","width":600,"height":334},{"@type":"BreadcrumbList","@id":"https:\/\/www.gruporecoletas.com\/noticias\/lepra-una-enfermedad-olvidada-continua-activo\/#breadcrumb","itemListElement":[{"@type":"ListItem","position":1,"name":"Portada","item":"https:\/\/www.gruporecoletas.com\/noticias\/"},{"@type":"ListItem","position":2,"name":"Lepra, una enfermedad olvidada que contin\u00faa en activo"}]},{"@type":"WebSite","@id":"https:\/\/www.gruporecoletas.com\/noticias\/#website","url":"https:\/\/www.gruporecoletas.com\/noticias\/","name":"Noticias Grupo Recoletas","description":"Grupo Recoletas","potentialAction":[{"@type":"SearchAction","target":{"@type":"EntryPoint","urlTemplate":"https:\/\/www.gruporecoletas.com\/noticias\/?s={search_term_string}"},"query-input":{"@type":"PropertyValueSpecification","valueRequired":true,"valueName":"search_term_string"}}],"inLanguage":"es"},{"@type":"Person","@id":"https:\/\/www.gruporecoletas.com\/noticias\/#\/schema\/person\/3c6ac429828d1f5e3d3bd99f4da9b02c","name":"Recoletas Red Hospitalaria","url":"https:\/\/www.gruporecoletas.com\/noticias\/author\/comunicacion\/"}]}},"_links":{"self":[{"href":"https:\/\/www.gruporecoletas.com\/noticias\/wp-json\/wp\/v2\/posts\/10125","targetHints":{"allow":["GET"]}}],"collection":[{"href":"https:\/\/www.gruporecoletas.com\/noticias\/wp-json\/wp\/v2\/posts"}],"about":[{"href":"https:\/\/www.gruporecoletas.com\/noticias\/wp-json\/wp\/v2\/types\/post"}],"author":[{"embeddable":true,"href":"https:\/\/www.gruporecoletas.com\/noticias\/wp-json\/wp\/v2\/users\/2"}],"replies":[{"embeddable":true,"href":"https:\/\/www.gruporecoletas.com\/noticias\/wp-json\/wp\/v2\/comments?post=10125"}],"version-history":[{"count":1,"href":"https:\/\/www.gruporecoletas.com\/noticias\/wp-json\/wp\/v2\/posts\/10125\/revisions"}],"predecessor-version":[{"id":11730,"href":"https:\/\/www.gruporecoletas.com\/noticias\/wp-json\/wp\/v2\/posts\/10125\/revisions\/11730"}],"wp:featuredmedia":[{"embeddable":true,"href":"https:\/\/www.gruporecoletas.com\/noticias\/wp-json\/wp\/v2\/media\/10126"}],"wp:attachment":[{"href":"https:\/\/www.gruporecoletas.com\/noticias\/wp-json\/wp\/v2\/media?parent=10125"}],"wp:term":[{"taxonomy":"category","embeddable":true,"href":"https:\/\/www.gruporecoletas.com\/noticias\/wp-json\/wp\/v2\/categories?post=10125"},{"taxonomy":"post_tag","embeddable":true,"href":"https:\/\/www.gruporecoletas.com\/noticias\/wp-json\/wp\/v2\/tags?post=10125"}],"curies":[{"name":"wp","href":"https:\/\/api.w.org\/{rel}","templated":true}]}}