{"id":10183,"date":"2018-02-12T16:17:41","date_gmt":"2018-02-12T16:17:41","guid":{"rendered":"https:\/\/www.gruporecoletas.com\/?p=10183"},"modified":"2019-03-05T10:02:04","modified_gmt":"2019-03-05T10:02:04","slug":"primer-dia-gastroenteritis-cuidados-basicos","status":"publish","type":"post","link":"https:\/\/www.gruporecoletas.com\/noticias\/primer-dia-gastroenteritis-cuidados-basicos\/","title":{"rendered":"El primer d\u00eda de gastroenteritis, cuidados b\u00e1sicos"},"content":{"rendered":"<p><strong>Muchas\u00a0personas pasan el primer d\u00eda de gastroenteritis sin hacerle caso a los s\u00edntomas\u00a0y adem\u00e1s sin consultar al m\u00e9dico<\/strong>. V\u00f3mitos, posiblemente diarrea, un dolor en el abdomen les lleva a pensar que algo que comieron les hizo da\u00f1o.<\/p>\n<p><strong>El tiempo transcurrido entre el momento en que se contrae la infecci\u00f3n y el primer d\u00eda de gastroenteritis\u00a0declarada (per\u00edodo de incubaci\u00f3n)\u00a0depende del tipo de infecci\u00f3n<\/strong>. Puede ocurrir en una hora o en varias semanas, pero por lo general dura ente dos\u00a0y tres d\u00edas.<\/p>\n<p>Es una enfermedad que afecta al est\u00f3mago. <strong>La causa m\u00e1s com\u00fan es la presencia de una bacteria que generalmente se ingiere con alg\u00fan alimento intoxicado<\/strong>. Esta bacteria lesiona la mucosa g\u00e1strica (el revestimiento estomacal) y ocasiona inflamaci\u00f3n e hinchaz\u00f3n.<\/p>\n<h2><strong>Sugerencias a tener en cuenta desde el primer d\u00eda de gastroenteritis<\/strong><\/h2>\n<p>Ante los primeros s\u00edntomas, el consejo m\u00e1s importante es consultar al m\u00e9dico. Sin embargo, existen algunas medidas que deben ser tenidas en cuenta hasta que el m\u00e9dico realice su diagn\u00f3stico y prescriba el tratamiento, tales como:<\/p>\n<ul>\n<li><strong>Dejar que el est\u00f3mago y el intestino queden vac\u00edos<\/strong>. Si no hay contenidos, la infecci\u00f3n no proliferar\u00e1 y se aliviar\u00e1. Por tanto, la persona afectada deber\u00e1 saltearse dos o tres comidas sin\u00a0consumir absolutamente nada.<\/li>\n<li><strong>Comer poco a poco<\/strong>. Comenzar con alimentos\u00a0como yogurt natural sin az\u00facar, ya que los lactobacilos contribuyen a reponer la flora intestinal. Es importante que el alimento no contenga az\u00facar, pues si la tuviera favorecer\u00eda la infecci\u00f3n. Tambi\u00e9n es conveniente el consumo de arroz y tostadas (en peque\u00f1as porciones).<\/li>\n<li><strong>Ingerir abundante agua embotellada<\/strong>. Beberla a peque\u00f1os sorbos. Se recomiendan unas dos cucharadas de agua cada cinco minutos. El agua en peque\u00f1as cantidades hidrata eficazmente y el organismo la tolera bien.<\/li>\n<\/ul>\n<h2><strong>\u00bfC\u00f3mo se propaga la gastroenteritis?<\/strong><\/h2>\n<p><strong>Esta enfermedad es cada vez m\u00e1s frecuente en el mundo y puede transmitirse por diferentes formas<\/strong>:<\/p>\n<ul>\n<li>Ingesti\u00f3n de alimentos contaminados.<\/li>\n<li>De persona a persona. Esto ocurre si una persona infectada va al ba\u00f1o y luego no se lava las manos debidamente antes de manipular alimentos o tocar a otra persona.<\/li>\n<li>Cuando una persona infectada tose o estornuda, el flujo transmite el virus al aire y alguien puede aspirarlo.<\/li>\n<li>Tomando agua contaminada, especialmente en lugares en donde el agua para consumo humano es de baja calidad.<\/li>\n<\/ul>\n","protected":false},"excerpt":{"rendered":"<p>Muchas\u00a0personas pasan el primer d\u00eda de gastroenteritis sin hacerle caso a los s\u00edntomas\u00a0y adem\u00e1s sin consultar al m\u00e9dico. V\u00f3mitos, posiblemente diarrea, un dolor en el abdomen les lleva a pensar que algo que comieron les hizo da\u00f1o. El tiempo transcurrido entre el momento en que se contrae la infecci\u00f3n y el primer d\u00eda de gastroenteritis\u00a0declarada [&hellip;]<\/p>\n","protected":false},"author":2,"featured_media":10184,"comment_status":"closed","ping_status":"closed","sticky":false,"template":"","format":"standard","meta":{"_acf_changed":false,"footnotes":""},"categories":[50],"tags":[],"class_list":["post-10183","post","type-post","status-publish","format-standard","has-post-thumbnail","hentry","category-patologias"],"acf":[],"yoast_head":"<!-- This site is optimized with the Yoast SEO Premium plugin v27.3 (Yoast SEO v27.3) - https:\/\/yoast.com\/product\/yoast-seo-premium-wordpress\/ -->\n<title>El primer d\u00eda de gastroenteritis, cuidados b\u00e1sicos - Noticias Grupo Recoletas<\/title>\n<meta name=\"robots\" content=\"index, follow, max-snippet:-1, max-image-preview:large, max-video-preview:-1\" \/>\n<link rel=\"canonical\" href=\"https:\/\/www.gruporecoletas.com\/noticias\/primer-dia-gastroenteritis-cuidados-basicos\/\" \/>\n<meta property=\"og:locale\" content=\"es_ES\" \/>\n<meta property=\"og:type\" content=\"article\" \/>\n<meta property=\"og:title\" content=\"El primer d\u00eda de gastroenteritis, cuidados b\u00e1sicos\" \/>\n<meta property=\"og:description\" content=\"Muchas\u00a0personas pasan el primer d\u00eda de gastroenteritis sin hacerle caso a los s\u00edntomas\u00a0y adem\u00e1s sin consultar al m\u00e9dico. V\u00f3mitos, posiblemente diarrea, un dolor en el abdomen les lleva a pensar que algo que comieron les hizo da\u00f1o. El tiempo transcurrido entre el momento en que se contrae la infecci\u00f3n y el primer d\u00eda de gastroenteritis\u00a0declarada [&hellip;]\" \/>\n<meta property=\"og:url\" content=\"https:\/\/www.gruporecoletas.com\/noticias\/primer-dia-gastroenteritis-cuidados-basicos\/\" \/>\n<meta property=\"og:site_name\" content=\"Noticias Grupo Recoletas\" \/>\n<meta property=\"article:publisher\" content=\"https:\/\/www.facebook.com\/GrupoRecoletas\/\" \/>\n<meta property=\"article:published_time\" content=\"2018-02-12T16:17:41+00:00\" \/>\n<meta property=\"article:modified_time\" content=\"2019-03-05T10:02:04+00:00\" \/>\n<meta property=\"og:image\" content=\"https:\/\/www.gruporecoletas.com\/noticias\/wp-content\/uploads\/2018\/02\/anciano-y-medico-dolor.jpg\" \/>\n\t<meta property=\"og:image:width\" content=\"1400\" \/>\n\t<meta property=\"og:image:height\" content=\"933\" \/>\n\t<meta property=\"og:image:type\" content=\"image\/jpeg\" \/>\n<meta name=\"author\" content=\"Recoletas Red Hospitalaria\" \/>\n<meta name=\"twitter:card\" content=\"summary_large_image\" \/>\n<meta name=\"twitter:creator\" content=\"@GrupoRecoletas\" \/>\n<meta name=\"twitter:site\" content=\"@GrupoRecoletas\" \/>\n<meta name=\"twitter:label1\" content=\"Escrito por\" \/>\n\t<meta name=\"twitter:data1\" content=\"Recoletas Red Hospitalaria\" \/>\n\t<meta name=\"twitter:label2\" content=\"Tiempo de lectura\" \/>\n\t<meta name=\"twitter:data2\" content=\"2 minutos\" \/>\n<script type=\"application\/ld+json\" class=\"yoast-schema-graph\">{\"@context\":\"https:\\\/\\\/schema.org\",\"@graph\":[{\"@type\":\"Article\",\"@id\":\"https:\\\/\\\/www.gruporecoletas.com\\\/noticias\\\/primer-dia-gastroenteritis-cuidados-basicos\\\/#article\",\"isPartOf\":{\"@id\":\"https:\\\/\\\/www.gruporecoletas.com\\\/noticias\\\/primer-dia-gastroenteritis-cuidados-basicos\\\/\"},\"author\":{\"name\":\"Recoletas Red Hospitalaria\",\"@id\":\"https:\\\/\\\/www.gruporecoletas.com\\\/noticias\\\/#\\\/schema\\\/person\\\/3c6ac429828d1f5e3d3bd99f4da9b02c\"},\"headline\":\"El primer d\u00eda de gastroenteritis, cuidados b\u00e1sicos\",\"datePublished\":\"2018-02-12T16:17:41+00:00\",\"dateModified\":\"2019-03-05T10:02:04+00:00\",\"mainEntityOfPage\":{\"@id\":\"https:\\\/\\\/www.gruporecoletas.com\\\/noticias\\\/primer-dia-gastroenteritis-cuidados-basicos\\\/\"},\"wordCount\":425,\"image\":{\"@id\":\"https:\\\/\\\/www.gruporecoletas.com\\\/noticias\\\/primer-dia-gastroenteritis-cuidados-basicos\\\/#primaryimage\"},\"thumbnailUrl\":\"https:\\\/\\\/www.gruporecoletas.com\\\/noticias\\\/wp-content\\\/uploads\\\/2018\\\/02\\\/anciano-y-medico-dolor.jpg\",\"articleSection\":[\"Patolog\u00edas\"],\"inLanguage\":\"es\"},{\"@type\":\"WebPage\",\"@id\":\"https:\\\/\\\/www.gruporecoletas.com\\\/noticias\\\/primer-dia-gastroenteritis-cuidados-basicos\\\/\",\"url\":\"https:\\\/\\\/www.gruporecoletas.com\\\/noticias\\\/primer-dia-gastroenteritis-cuidados-basicos\\\/\",\"name\":\"El primer d\u00eda de gastroenteritis, cuidados b\u00e1sicos - Noticias Grupo Recoletas\",\"isPartOf\":{\"@id\":\"https:\\\/\\\/www.gruporecoletas.com\\\/noticias\\\/#website\"},\"primaryImageOfPage\":{\"@id\":\"https:\\\/\\\/www.gruporecoletas.com\\\/noticias\\\/primer-dia-gastroenteritis-cuidados-basicos\\\/#primaryimage\"},\"image\":{\"@id\":\"https:\\\/\\\/www.gruporecoletas.com\\\/noticias\\\/primer-dia-gastroenteritis-cuidados-basicos\\\/#primaryimage\"},\"thumbnailUrl\":\"https:\\\/\\\/www.gruporecoletas.com\\\/noticias\\\/wp-content\\\/uploads\\\/2018\\\/02\\\/anciano-y-medico-dolor.jpg\",\"datePublished\":\"2018-02-12T16:17:41+00:00\",\"dateModified\":\"2019-03-05T10:02:04+00:00\",\"author\":{\"@id\":\"https:\\\/\\\/www.gruporecoletas.com\\\/noticias\\\/#\\\/schema\\\/person\\\/3c6ac429828d1f5e3d3bd99f4da9b02c\"},\"breadcrumb\":{\"@id\":\"https:\\\/\\\/www.gruporecoletas.com\\\/noticias\\\/primer-dia-gastroenteritis-cuidados-basicos\\\/#breadcrumb\"},\"inLanguage\":\"es\",\"potentialAction\":[{\"@type\":\"ReadAction\",\"target\":[\"https:\\\/\\\/www.gruporecoletas.com\\\/noticias\\\/primer-dia-gastroenteritis-cuidados-basicos\\\/\"]}]},{\"@type\":\"ImageObject\",\"inLanguage\":\"es\",\"@id\":\"https:\\\/\\\/www.gruporecoletas.com\\\/noticias\\\/primer-dia-gastroenteritis-cuidados-basicos\\\/#primaryimage\",\"url\":\"https:\\\/\\\/www.gruporecoletas.com\\\/noticias\\\/wp-content\\\/uploads\\\/2018\\\/02\\\/anciano-y-medico-dolor.jpg\",\"contentUrl\":\"https:\\\/\\\/www.gruporecoletas.com\\\/noticias\\\/wp-content\\\/uploads\\\/2018\\\/02\\\/anciano-y-medico-dolor.jpg\",\"width\":1400,\"height\":933},{\"@type\":\"BreadcrumbList\",\"@id\":\"https:\\\/\\\/www.gruporecoletas.com\\\/noticias\\\/primer-dia-gastroenteritis-cuidados-basicos\\\/#breadcrumb\",\"itemListElement\":[{\"@type\":\"ListItem\",\"position\":1,\"name\":\"Portada\",\"item\":\"https:\\\/\\\/www.gruporecoletas.com\\\/noticias\\\/\"},{\"@type\":\"ListItem\",\"position\":2,\"name\":\"El primer d\u00eda de gastroenteritis, cuidados b\u00e1sicos\"}]},{\"@type\":\"WebSite\",\"@id\":\"https:\\\/\\\/www.gruporecoletas.com\\\/noticias\\\/#website\",\"url\":\"https:\\\/\\\/www.gruporecoletas.com\\\/noticias\\\/\",\"name\":\"Noticias Grupo Recoletas\",\"description\":\"Grupo Recoletas\",\"potentialAction\":[{\"@type\":\"SearchAction\",\"target\":{\"@type\":\"EntryPoint\",\"urlTemplate\":\"https:\\\/\\\/www.gruporecoletas.com\\\/noticias\\\/?s={search_term_string}\"},\"query-input\":{\"@type\":\"PropertyValueSpecification\",\"valueRequired\":true,\"valueName\":\"search_term_string\"}}],\"inLanguage\":\"es\"},{\"@type\":\"Person\",\"@id\":\"https:\\\/\\\/www.gruporecoletas.com\\\/noticias\\\/#\\\/schema\\\/person\\\/3c6ac429828d1f5e3d3bd99f4da9b02c\",\"name\":\"Recoletas Red Hospitalaria\",\"url\":\"https:\\\/\\\/www.gruporecoletas.com\\\/noticias\\\/author\\\/comunicacion\\\/\"}]}<\/script>\n<!-- \/ Yoast SEO Premium plugin. -->","yoast_head_json":{"title":"El primer d\u00eda de gastroenteritis, cuidados b\u00e1sicos - Noticias Grupo Recoletas","robots":{"index":"index","follow":"follow","max-snippet":"max-snippet:-1","max-image-preview":"max-image-preview:large","max-video-preview":"max-video-preview:-1"},"canonical":"https:\/\/www.gruporecoletas.com\/noticias\/primer-dia-gastroenteritis-cuidados-basicos\/","og_locale":"es_ES","og_type":"article","og_title":"El primer d\u00eda de gastroenteritis, cuidados b\u00e1sicos","og_description":"Muchas\u00a0personas pasan el primer d\u00eda de gastroenteritis sin hacerle caso a los s\u00edntomas\u00a0y adem\u00e1s sin consultar al m\u00e9dico. V\u00f3mitos, posiblemente diarrea, un dolor en el abdomen les lleva a pensar que algo que comieron les hizo da\u00f1o. El tiempo transcurrido entre el momento en que se contrae la infecci\u00f3n y el primer d\u00eda de gastroenteritis\u00a0declarada [&hellip;]","og_url":"https:\/\/www.gruporecoletas.com\/noticias\/primer-dia-gastroenteritis-cuidados-basicos\/","og_site_name":"Noticias Grupo Recoletas","article_publisher":"https:\/\/www.facebook.com\/GrupoRecoletas\/","article_published_time":"2018-02-12T16:17:41+00:00","article_modified_time":"2019-03-05T10:02:04+00:00","og_image":[{"width":1400,"height":933,"url":"https:\/\/www.gruporecoletas.com\/noticias\/wp-content\/uploads\/2018\/02\/anciano-y-medico-dolor.jpg","type":"image\/jpeg"}],"author":"Recoletas Red Hospitalaria","twitter_card":"summary_large_image","twitter_creator":"@GrupoRecoletas","twitter_site":"@GrupoRecoletas","twitter_misc":{"Escrito por":"Recoletas Red Hospitalaria","Tiempo de lectura":"2 minutos"},"schema":{"@context":"https:\/\/schema.org","@graph":[{"@type":"Article","@id":"https:\/\/www.gruporecoletas.com\/noticias\/primer-dia-gastroenteritis-cuidados-basicos\/#article","isPartOf":{"@id":"https:\/\/www.gruporecoletas.com\/noticias\/primer-dia-gastroenteritis-cuidados-basicos\/"},"author":{"name":"Recoletas Red Hospitalaria","@id":"https:\/\/www.gruporecoletas.com\/noticias\/#\/schema\/person\/3c6ac429828d1f5e3d3bd99f4da9b02c"},"headline":"El primer d\u00eda de gastroenteritis, cuidados b\u00e1sicos","datePublished":"2018-02-12T16:17:41+00:00","dateModified":"2019-03-05T10:02:04+00:00","mainEntityOfPage":{"@id":"https:\/\/www.gruporecoletas.com\/noticias\/primer-dia-gastroenteritis-cuidados-basicos\/"},"wordCount":425,"image":{"@id":"https:\/\/www.gruporecoletas.com\/noticias\/primer-dia-gastroenteritis-cuidados-basicos\/#primaryimage"},"thumbnailUrl":"https:\/\/www.gruporecoletas.com\/noticias\/wp-content\/uploads\/2018\/02\/anciano-y-medico-dolor.jpg","articleSection":["Patolog\u00edas"],"inLanguage":"es"},{"@type":"WebPage","@id":"https:\/\/www.gruporecoletas.com\/noticias\/primer-dia-gastroenteritis-cuidados-basicos\/","url":"https:\/\/www.gruporecoletas.com\/noticias\/primer-dia-gastroenteritis-cuidados-basicos\/","name":"El primer d\u00eda de gastroenteritis, cuidados b\u00e1sicos - Noticias Grupo Recoletas","isPartOf":{"@id":"https:\/\/www.gruporecoletas.com\/noticias\/#website"},"primaryImageOfPage":{"@id":"https:\/\/www.gruporecoletas.com\/noticias\/primer-dia-gastroenteritis-cuidados-basicos\/#primaryimage"},"image":{"@id":"https:\/\/www.gruporecoletas.com\/noticias\/primer-dia-gastroenteritis-cuidados-basicos\/#primaryimage"},"thumbnailUrl":"https:\/\/www.gruporecoletas.com\/noticias\/wp-content\/uploads\/2018\/02\/anciano-y-medico-dolor.jpg","datePublished":"2018-02-12T16:17:41+00:00","dateModified":"2019-03-05T10:02:04+00:00","author":{"@id":"https:\/\/www.gruporecoletas.com\/noticias\/#\/schema\/person\/3c6ac429828d1f5e3d3bd99f4da9b02c"},"breadcrumb":{"@id":"https:\/\/www.gruporecoletas.com\/noticias\/primer-dia-gastroenteritis-cuidados-basicos\/#breadcrumb"},"inLanguage":"es","potentialAction":[{"@type":"ReadAction","target":["https:\/\/www.gruporecoletas.com\/noticias\/primer-dia-gastroenteritis-cuidados-basicos\/"]}]},{"@type":"ImageObject","inLanguage":"es","@id":"https:\/\/www.gruporecoletas.com\/noticias\/primer-dia-gastroenteritis-cuidados-basicos\/#primaryimage","url":"https:\/\/www.gruporecoletas.com\/noticias\/wp-content\/uploads\/2018\/02\/anciano-y-medico-dolor.jpg","contentUrl":"https:\/\/www.gruporecoletas.com\/noticias\/wp-content\/uploads\/2018\/02\/anciano-y-medico-dolor.jpg","width":1400,"height":933},{"@type":"BreadcrumbList","@id":"https:\/\/www.gruporecoletas.com\/noticias\/primer-dia-gastroenteritis-cuidados-basicos\/#breadcrumb","itemListElement":[{"@type":"ListItem","position":1,"name":"Portada","item":"https:\/\/www.gruporecoletas.com\/noticias\/"},{"@type":"ListItem","position":2,"name":"El primer d\u00eda de gastroenteritis, cuidados b\u00e1sicos"}]},{"@type":"WebSite","@id":"https:\/\/www.gruporecoletas.com\/noticias\/#website","url":"https:\/\/www.gruporecoletas.com\/noticias\/","name":"Noticias Grupo Recoletas","description":"Grupo Recoletas","potentialAction":[{"@type":"SearchAction","target":{"@type":"EntryPoint","urlTemplate":"https:\/\/www.gruporecoletas.com\/noticias\/?s={search_term_string}"},"query-input":{"@type":"PropertyValueSpecification","valueRequired":true,"valueName":"search_term_string"}}],"inLanguage":"es"},{"@type":"Person","@id":"https:\/\/www.gruporecoletas.com\/noticias\/#\/schema\/person\/3c6ac429828d1f5e3d3bd99f4da9b02c","name":"Recoletas Red Hospitalaria","url":"https:\/\/www.gruporecoletas.com\/noticias\/author\/comunicacion\/"}]}},"_links":{"self":[{"href":"https:\/\/www.gruporecoletas.com\/noticias\/wp-json\/wp\/v2\/posts\/10183","targetHints":{"allow":["GET"]}}],"collection":[{"href":"https:\/\/www.gruporecoletas.com\/noticias\/wp-json\/wp\/v2\/posts"}],"about":[{"href":"https:\/\/www.gruporecoletas.com\/noticias\/wp-json\/wp\/v2\/types\/post"}],"author":[{"embeddable":true,"href":"https:\/\/www.gruporecoletas.com\/noticias\/wp-json\/wp\/v2\/users\/2"}],"replies":[{"embeddable":true,"href":"https:\/\/www.gruporecoletas.com\/noticias\/wp-json\/wp\/v2\/comments?post=10183"}],"version-history":[{"count":1,"href":"https:\/\/www.gruporecoletas.com\/noticias\/wp-json\/wp\/v2\/posts\/10183\/revisions"}],"predecessor-version":[{"id":11736,"href":"https:\/\/www.gruporecoletas.com\/noticias\/wp-json\/wp\/v2\/posts\/10183\/revisions\/11736"}],"wp:featuredmedia":[{"embeddable":true,"href":"https:\/\/www.gruporecoletas.com\/noticias\/wp-json\/wp\/v2\/media\/10184"}],"wp:attachment":[{"href":"https:\/\/www.gruporecoletas.com\/noticias\/wp-json\/wp\/v2\/media?parent=10183"}],"wp:term":[{"taxonomy":"category","embeddable":true,"href":"https:\/\/www.gruporecoletas.com\/noticias\/wp-json\/wp\/v2\/categories?post=10183"},{"taxonomy":"post_tag","embeddable":true,"href":"https:\/\/www.gruporecoletas.com\/noticias\/wp-json\/wp\/v2\/tags?post=10183"}],"curies":[{"name":"wp","href":"https:\/\/api.w.org\/{rel}","templated":true}]}}