{"id":10274,"date":"2018-02-20T15:01:26","date_gmt":"2018-02-20T15:01:26","guid":{"rendered":"https:\/\/www.gruporecoletas.com\/?p=10274"},"modified":"2022-02-16T16:55:27","modified_gmt":"2022-02-16T15:55:27","slug":"causas-sintomas-tratamiento-del-alzheimer","status":"publish","type":"post","link":"https:\/\/www.gruporecoletas.com\/noticias\/causas-sintomas-tratamiento-del-alzheimer\/","title":{"rendered":"Alzheimer: causas, s\u00edntomas y tratamiento"},"content":{"rendered":"<div id=\"ency_summary\">\n<p>Seguro que has o\u00eddo hablar sobre el alzheimer, sabes cu\u00e1les son sus s\u00edntomas e incluso conoces a alguien cercano que lo padece. Pero, \u00bfqu\u00e9 es el alzheimer?, \u00bfcu\u00e1les son sus s\u00edntomas?, \u00bftiene tratamiento?<\/p>\n<h4>\u00bfQu\u00e9 es el alzheimer?<\/h4>\n<p>La demencia es una p\u00e9rdida de la funci\u00f3n cerebral que se presenta con ciertas enfermedades y el alzheimer es una de las m\u00e1s conocidas. Esta patolog\u00eda afecta a la memoria, al pensamiento y al comportamiento. Asimismo, el riesgo de padecer esta enfermedad aumenta con la edad y los factores gen\u00e9ticos. Si un miembro de la familia padece alzheimer, aumenta el riesgo de desarrollar esta afecci\u00f3n.<\/p>\n<\/div>\n<h4>\u00bfCu\u00e1les son sus s\u00edntomas?<\/h4>\n<p>Los <strong>s\u00edntomas m\u00e1s comunes son la p\u00e9rdida de memoria y la incapacidad progresiva de poder pensar con claridad<\/strong>. En ocasiones, la frustraci\u00f3n da lugar a cambios en la personalidad, personas que normalmente se comportaban de forma calmada pueden pasar a ser personas nerviosas e irascibles. En las situaciones m\u00e1s graves, las personas enfermas de Alzheimer pueden ver disminuidas sus capacidades para realizar tareas cotidianas, como vestirse, asearse e incluso alimentarse. A medida que pasa el tiempo pueden llegar a no reconocer a personas cercanas o de su propio entorno, por lo que es com\u00fan ir a dar un paseo y no saber el camino de vuelta a casa.<\/p>\n<h4>\u00bfEl alzheimer tiene cura?<\/h4>\n<p>A pesar de los avances y las cont\u00ednuas investigaciones, todav\u00eda no se ha encontrado la cura para la <strong>enfermedad de Alzheimer<\/strong>. Los medicamentos disponibles actualmente pueden retrasar la p\u00e9rdida de la funci\u00f3n mental en casos leves o moderados. Estos medicamentos incluyen los inhibidores de la acetilcolinesteresa como donepezil rivastigmina y galantamina, que mejoran la comunicaci\u00f3n de las c\u00e9lulas cerebrales, y la memantina, un bloqueador de glutamato que protege a las c\u00e9lulas del cerebro contra el da\u00f1o que provoca la enfermedad.<\/p>\n<p>La <a href=\"http:\/\/www.alzfae.org\"><strong>Fundaci\u00f3n Alzheimer Espa\u00f1a<\/strong><\/a> ofrece informaci\u00f3n y recomendaciones, tanto para los enfermos, como para la familias y los cuidadores, pilar b\u00e1sico en el mantenimiento y mejora de la calidad de vida de los enfermos.<\/p>\n","protected":false},"excerpt":{"rendered":"<p>Seguro que has o\u00eddo hablar sobre el alzheimer, sabes cu\u00e1les son sus s\u00edntomas e incluso conoces a alguien cercano que lo padece. Pero, \u00bfqu\u00e9 es el alzheimer?, \u00bfcu\u00e1les son sus s\u00edntomas?, \u00bftiene tratamiento? \u00bfQu\u00e9 es el alzheimer? La demencia es una p\u00e9rdida de la funci\u00f3n cerebral que se presenta con ciertas enfermedades y el alzheimer [&hellip;]<\/p>\n","protected":false},"author":2,"featured_media":10275,"comment_status":"closed","ping_status":"closed","sticky":false,"template":"","format":"standard","meta":{"_acf_changed":false,"footnotes":""},"categories":[46],"tags":[],"class_list":["post-10274","post","type-post","status-publish","format-standard","has-post-thumbnail","hentry","category-tercera-edad"],"acf":[],"yoast_head":"<!-- This site is optimized with the Yoast SEO Premium plugin v27.3 (Yoast SEO v27.3) - https:\/\/yoast.com\/product\/yoast-seo-premium-wordpress\/ -->\n<title>Alzheimer: causas, s\u00edntomas y tratamiento - Noticias Grupo Recoletas<\/title>\n<meta name=\"description\" content=\"Seguro que has o\u00eddo hablar sobre el alzheimer, pero, \u00bfqu\u00e9 es el alzheimer?, \u00bfcu\u00e1les son sus s\u00edntomas?, \u00bftiene tratamiento?\" \/>\n<meta name=\"robots\" content=\"index, follow, max-snippet:-1, max-image-preview:large, max-video-preview:-1\" \/>\n<link rel=\"canonical\" href=\"https:\/\/www.gruporecoletas.com\/noticias\/causas-sintomas-tratamiento-del-alzheimer\/\" \/>\n<meta property=\"og:locale\" content=\"es_ES\" \/>\n<meta property=\"og:type\" content=\"article\" \/>\n<meta property=\"og:title\" content=\"Alzheimer: causas, s\u00edntomas y tratamiento\" \/>\n<meta property=\"og:description\" content=\"Seguro que has o\u00eddo hablar sobre el alzheimer, pero, \u00bfqu\u00e9 es el alzheimer?, \u00bfcu\u00e1les son sus s\u00edntomas?, \u00bftiene tratamiento?\" \/>\n<meta property=\"og:url\" content=\"https:\/\/www.gruporecoletas.com\/noticias\/causas-sintomas-tratamiento-del-alzheimer\/\" \/>\n<meta property=\"og:site_name\" content=\"Noticias Grupo Recoletas\" \/>\n<meta property=\"article:publisher\" content=\"https:\/\/www.facebook.com\/GrupoRecoletas\/\" \/>\n<meta property=\"article:published_time\" content=\"2018-02-20T15:01:26+00:00\" \/>\n<meta property=\"article:modified_time\" content=\"2022-02-16T15:55:27+00:00\" \/>\n<meta property=\"og:image\" content=\"https:\/\/www.gruporecoletas.com\/noticias\/wp-content\/uploads\/2018\/02\/alzheimer.jpg\" \/>\n\t<meta property=\"og:image:width\" content=\"1400\" \/>\n\t<meta property=\"og:image:height\" content=\"932\" \/>\n\t<meta property=\"og:image:type\" content=\"image\/jpeg\" \/>\n<meta name=\"author\" content=\"Recoletas Red Hospitalaria\" \/>\n<meta name=\"twitter:card\" content=\"summary_large_image\" \/>\n<meta name=\"twitter:creator\" content=\"@GrupoRecoletas\" \/>\n<meta name=\"twitter:site\" content=\"@GrupoRecoletas\" \/>\n<meta name=\"twitter:label1\" content=\"Escrito por\" \/>\n\t<meta name=\"twitter:data1\" content=\"Recoletas Red Hospitalaria\" \/>\n\t<meta name=\"twitter:label2\" content=\"Tiempo de lectura\" \/>\n\t<meta name=\"twitter:data2\" content=\"2 minutos\" \/>\n<script type=\"application\/ld+json\" class=\"yoast-schema-graph\">{\"@context\":\"https:\\\/\\\/schema.org\",\"@graph\":[{\"@type\":\"Article\",\"@id\":\"https:\\\/\\\/www.gruporecoletas.com\\\/noticias\\\/causas-sintomas-tratamiento-del-alzheimer\\\/#article\",\"isPartOf\":{\"@id\":\"https:\\\/\\\/www.gruporecoletas.com\\\/noticias\\\/causas-sintomas-tratamiento-del-alzheimer\\\/\"},\"author\":{\"name\":\"Recoletas Red Hospitalaria\",\"@id\":\"https:\\\/\\\/www.gruporecoletas.com\\\/noticias\\\/#\\\/schema\\\/person\\\/3c6ac429828d1f5e3d3bd99f4da9b02c\"},\"headline\":\"Alzheimer: causas, s\u00edntomas y tratamiento\",\"datePublished\":\"2018-02-20T15:01:26+00:00\",\"dateModified\":\"2022-02-16T15:55:27+00:00\",\"mainEntityOfPage\":{\"@id\":\"https:\\\/\\\/www.gruporecoletas.com\\\/noticias\\\/causas-sintomas-tratamiento-del-alzheimer\\\/\"},\"wordCount\":369,\"image\":{\"@id\":\"https:\\\/\\\/www.gruporecoletas.com\\\/noticias\\\/causas-sintomas-tratamiento-del-alzheimer\\\/#primaryimage\"},\"thumbnailUrl\":\"https:\\\/\\\/www.gruporecoletas.com\\\/noticias\\\/wp-content\\\/uploads\\\/2018\\\/02\\\/alzheimer.jpg\",\"articleSection\":[\"3\u00aa Edad\"],\"inLanguage\":\"es\"},{\"@type\":\"WebPage\",\"@id\":\"https:\\\/\\\/www.gruporecoletas.com\\\/noticias\\\/causas-sintomas-tratamiento-del-alzheimer\\\/\",\"url\":\"https:\\\/\\\/www.gruporecoletas.com\\\/noticias\\\/causas-sintomas-tratamiento-del-alzheimer\\\/\",\"name\":\"Alzheimer: causas, s\u00edntomas y tratamiento - Noticias Grupo Recoletas\",\"isPartOf\":{\"@id\":\"https:\\\/\\\/www.gruporecoletas.com\\\/noticias\\\/#website\"},\"primaryImageOfPage\":{\"@id\":\"https:\\\/\\\/www.gruporecoletas.com\\\/noticias\\\/causas-sintomas-tratamiento-del-alzheimer\\\/#primaryimage\"},\"image\":{\"@id\":\"https:\\\/\\\/www.gruporecoletas.com\\\/noticias\\\/causas-sintomas-tratamiento-del-alzheimer\\\/#primaryimage\"},\"thumbnailUrl\":\"https:\\\/\\\/www.gruporecoletas.com\\\/noticias\\\/wp-content\\\/uploads\\\/2018\\\/02\\\/alzheimer.jpg\",\"datePublished\":\"2018-02-20T15:01:26+00:00\",\"dateModified\":\"2022-02-16T15:55:27+00:00\",\"author\":{\"@id\":\"https:\\\/\\\/www.gruporecoletas.com\\\/noticias\\\/#\\\/schema\\\/person\\\/3c6ac429828d1f5e3d3bd99f4da9b02c\"},\"description\":\"Seguro que has o\u00eddo hablar sobre el alzheimer, pero, \u00bfqu\u00e9 es el alzheimer?, \u00bfcu\u00e1les son sus s\u00edntomas?, \u00bftiene tratamiento?\",\"breadcrumb\":{\"@id\":\"https:\\\/\\\/www.gruporecoletas.com\\\/noticias\\\/causas-sintomas-tratamiento-del-alzheimer\\\/#breadcrumb\"},\"inLanguage\":\"es\",\"potentialAction\":[{\"@type\":\"ReadAction\",\"target\":[\"https:\\\/\\\/www.gruporecoletas.com\\\/noticias\\\/causas-sintomas-tratamiento-del-alzheimer\\\/\"]}]},{\"@type\":\"ImageObject\",\"inLanguage\":\"es\",\"@id\":\"https:\\\/\\\/www.gruporecoletas.com\\\/noticias\\\/causas-sintomas-tratamiento-del-alzheimer\\\/#primaryimage\",\"url\":\"https:\\\/\\\/www.gruporecoletas.com\\\/noticias\\\/wp-content\\\/uploads\\\/2018\\\/02\\\/alzheimer.jpg\",\"contentUrl\":\"https:\\\/\\\/www.gruporecoletas.com\\\/noticias\\\/wp-content\\\/uploads\\\/2018\\\/02\\\/alzheimer.jpg\",\"width\":1400,\"height\":932},{\"@type\":\"BreadcrumbList\",\"@id\":\"https:\\\/\\\/www.gruporecoletas.com\\\/noticias\\\/causas-sintomas-tratamiento-del-alzheimer\\\/#breadcrumb\",\"itemListElement\":[{\"@type\":\"ListItem\",\"position\":1,\"name\":\"Portada\",\"item\":\"https:\\\/\\\/www.gruporecoletas.com\\\/noticias\\\/\"},{\"@type\":\"ListItem\",\"position\":2,\"name\":\"Alzheimer: causas, s\u00edntomas y tratamiento\"}]},{\"@type\":\"WebSite\",\"@id\":\"https:\\\/\\\/www.gruporecoletas.com\\\/noticias\\\/#website\",\"url\":\"https:\\\/\\\/www.gruporecoletas.com\\\/noticias\\\/\",\"name\":\"Noticias Grupo Recoletas\",\"description\":\"Grupo Recoletas\",\"potentialAction\":[{\"@type\":\"SearchAction\",\"target\":{\"@type\":\"EntryPoint\",\"urlTemplate\":\"https:\\\/\\\/www.gruporecoletas.com\\\/noticias\\\/?s={search_term_string}\"},\"query-input\":{\"@type\":\"PropertyValueSpecification\",\"valueRequired\":true,\"valueName\":\"search_term_string\"}}],\"inLanguage\":\"es\"},{\"@type\":\"Person\",\"@id\":\"https:\\\/\\\/www.gruporecoletas.com\\\/noticias\\\/#\\\/schema\\\/person\\\/3c6ac429828d1f5e3d3bd99f4da9b02c\",\"name\":\"Recoletas Red Hospitalaria\",\"url\":\"https:\\\/\\\/www.gruporecoletas.com\\\/noticias\\\/author\\\/comunicacion\\\/\"}]}<\/script>\n<!-- \/ Yoast SEO Premium plugin. -->","yoast_head_json":{"title":"Alzheimer: causas, s\u00edntomas y tratamiento - Noticias Grupo Recoletas","description":"Seguro que has o\u00eddo hablar sobre el alzheimer, pero, \u00bfqu\u00e9 es el alzheimer?, \u00bfcu\u00e1les son sus s\u00edntomas?, \u00bftiene tratamiento?","robots":{"index":"index","follow":"follow","max-snippet":"max-snippet:-1","max-image-preview":"max-image-preview:large","max-video-preview":"max-video-preview:-1"},"canonical":"https:\/\/www.gruporecoletas.com\/noticias\/causas-sintomas-tratamiento-del-alzheimer\/","og_locale":"es_ES","og_type":"article","og_title":"Alzheimer: causas, s\u00edntomas y tratamiento","og_description":"Seguro que has o\u00eddo hablar sobre el alzheimer, pero, \u00bfqu\u00e9 es el alzheimer?, \u00bfcu\u00e1les son sus s\u00edntomas?, \u00bftiene tratamiento?","og_url":"https:\/\/www.gruporecoletas.com\/noticias\/causas-sintomas-tratamiento-del-alzheimer\/","og_site_name":"Noticias Grupo Recoletas","article_publisher":"https:\/\/www.facebook.com\/GrupoRecoletas\/","article_published_time":"2018-02-20T15:01:26+00:00","article_modified_time":"2022-02-16T15:55:27+00:00","og_image":[{"width":1400,"height":932,"url":"https:\/\/www.gruporecoletas.com\/noticias\/wp-content\/uploads\/2018\/02\/alzheimer.jpg","type":"image\/jpeg"}],"author":"Recoletas Red Hospitalaria","twitter_card":"summary_large_image","twitter_creator":"@GrupoRecoletas","twitter_site":"@GrupoRecoletas","twitter_misc":{"Escrito por":"Recoletas Red Hospitalaria","Tiempo de lectura":"2 minutos"},"schema":{"@context":"https:\/\/schema.org","@graph":[{"@type":"Article","@id":"https:\/\/www.gruporecoletas.com\/noticias\/causas-sintomas-tratamiento-del-alzheimer\/#article","isPartOf":{"@id":"https:\/\/www.gruporecoletas.com\/noticias\/causas-sintomas-tratamiento-del-alzheimer\/"},"author":{"name":"Recoletas Red Hospitalaria","@id":"https:\/\/www.gruporecoletas.com\/noticias\/#\/schema\/person\/3c6ac429828d1f5e3d3bd99f4da9b02c"},"headline":"Alzheimer: causas, s\u00edntomas y tratamiento","datePublished":"2018-02-20T15:01:26+00:00","dateModified":"2022-02-16T15:55:27+00:00","mainEntityOfPage":{"@id":"https:\/\/www.gruporecoletas.com\/noticias\/causas-sintomas-tratamiento-del-alzheimer\/"},"wordCount":369,"image":{"@id":"https:\/\/www.gruporecoletas.com\/noticias\/causas-sintomas-tratamiento-del-alzheimer\/#primaryimage"},"thumbnailUrl":"https:\/\/www.gruporecoletas.com\/noticias\/wp-content\/uploads\/2018\/02\/alzheimer.jpg","articleSection":["3\u00aa Edad"],"inLanguage":"es"},{"@type":"WebPage","@id":"https:\/\/www.gruporecoletas.com\/noticias\/causas-sintomas-tratamiento-del-alzheimer\/","url":"https:\/\/www.gruporecoletas.com\/noticias\/causas-sintomas-tratamiento-del-alzheimer\/","name":"Alzheimer: causas, s\u00edntomas y tratamiento - Noticias Grupo Recoletas","isPartOf":{"@id":"https:\/\/www.gruporecoletas.com\/noticias\/#website"},"primaryImageOfPage":{"@id":"https:\/\/www.gruporecoletas.com\/noticias\/causas-sintomas-tratamiento-del-alzheimer\/#primaryimage"},"image":{"@id":"https:\/\/www.gruporecoletas.com\/noticias\/causas-sintomas-tratamiento-del-alzheimer\/#primaryimage"},"thumbnailUrl":"https:\/\/www.gruporecoletas.com\/noticias\/wp-content\/uploads\/2018\/02\/alzheimer.jpg","datePublished":"2018-02-20T15:01:26+00:00","dateModified":"2022-02-16T15:55:27+00:00","author":{"@id":"https:\/\/www.gruporecoletas.com\/noticias\/#\/schema\/person\/3c6ac429828d1f5e3d3bd99f4da9b02c"},"description":"Seguro que has o\u00eddo hablar sobre el alzheimer, pero, \u00bfqu\u00e9 es el alzheimer?, \u00bfcu\u00e1les son sus s\u00edntomas?, \u00bftiene tratamiento?","breadcrumb":{"@id":"https:\/\/www.gruporecoletas.com\/noticias\/causas-sintomas-tratamiento-del-alzheimer\/#breadcrumb"},"inLanguage":"es","potentialAction":[{"@type":"ReadAction","target":["https:\/\/www.gruporecoletas.com\/noticias\/causas-sintomas-tratamiento-del-alzheimer\/"]}]},{"@type":"ImageObject","inLanguage":"es","@id":"https:\/\/www.gruporecoletas.com\/noticias\/causas-sintomas-tratamiento-del-alzheimer\/#primaryimage","url":"https:\/\/www.gruporecoletas.com\/noticias\/wp-content\/uploads\/2018\/02\/alzheimer.jpg","contentUrl":"https:\/\/www.gruporecoletas.com\/noticias\/wp-content\/uploads\/2018\/02\/alzheimer.jpg","width":1400,"height":932},{"@type":"BreadcrumbList","@id":"https:\/\/www.gruporecoletas.com\/noticias\/causas-sintomas-tratamiento-del-alzheimer\/#breadcrumb","itemListElement":[{"@type":"ListItem","position":1,"name":"Portada","item":"https:\/\/www.gruporecoletas.com\/noticias\/"},{"@type":"ListItem","position":2,"name":"Alzheimer: causas, s\u00edntomas y tratamiento"}]},{"@type":"WebSite","@id":"https:\/\/www.gruporecoletas.com\/noticias\/#website","url":"https:\/\/www.gruporecoletas.com\/noticias\/","name":"Noticias Grupo Recoletas","description":"Grupo Recoletas","potentialAction":[{"@type":"SearchAction","target":{"@type":"EntryPoint","urlTemplate":"https:\/\/www.gruporecoletas.com\/noticias\/?s={search_term_string}"},"query-input":{"@type":"PropertyValueSpecification","valueRequired":true,"valueName":"search_term_string"}}],"inLanguage":"es"},{"@type":"Person","@id":"https:\/\/www.gruporecoletas.com\/noticias\/#\/schema\/person\/3c6ac429828d1f5e3d3bd99f4da9b02c","name":"Recoletas Red Hospitalaria","url":"https:\/\/www.gruporecoletas.com\/noticias\/author\/comunicacion\/"}]}},"_links":{"self":[{"href":"https:\/\/www.gruporecoletas.com\/noticias\/wp-json\/wp\/v2\/posts\/10274","targetHints":{"allow":["GET"]}}],"collection":[{"href":"https:\/\/www.gruporecoletas.com\/noticias\/wp-json\/wp\/v2\/posts"}],"about":[{"href":"https:\/\/www.gruporecoletas.com\/noticias\/wp-json\/wp\/v2\/types\/post"}],"author":[{"embeddable":true,"href":"https:\/\/www.gruporecoletas.com\/noticias\/wp-json\/wp\/v2\/users\/2"}],"replies":[{"embeddable":true,"href":"https:\/\/www.gruporecoletas.com\/noticias\/wp-json\/wp\/v2\/comments?post=10274"}],"version-history":[{"count":2,"href":"https:\/\/www.gruporecoletas.com\/noticias\/wp-json\/wp\/v2\/posts\/10274\/revisions"}],"predecessor-version":[{"id":15308,"href":"https:\/\/www.gruporecoletas.com\/noticias\/wp-json\/wp\/v2\/posts\/10274\/revisions\/15308"}],"wp:featuredmedia":[{"embeddable":true,"href":"https:\/\/www.gruporecoletas.com\/noticias\/wp-json\/wp\/v2\/media\/10275"}],"wp:attachment":[{"href":"https:\/\/www.gruporecoletas.com\/noticias\/wp-json\/wp\/v2\/media?parent=10274"}],"wp:term":[{"taxonomy":"category","embeddable":true,"href":"https:\/\/www.gruporecoletas.com\/noticias\/wp-json\/wp\/v2\/categories?post=10274"},{"taxonomy":"post_tag","embeddable":true,"href":"https:\/\/www.gruporecoletas.com\/noticias\/wp-json\/wp\/v2\/tags?post=10274"}],"curies":[{"name":"wp","href":"https:\/\/api.w.org\/{rel}","templated":true}]}}