{"id":10430,"date":"2021-05-06T11:56:34","date_gmt":"2021-05-06T09:56:34","guid":{"rendered":"https:\/\/www.gruporecoletas.com\/?p=10430"},"modified":"2021-05-13T13:11:52","modified_gmt":"2021-05-13T11:11:52","slug":"dolor-oido-al-tragar-todas-las-causas-remedios","status":"publish","type":"post","link":"https:\/\/www.gruporecoletas.com\/noticias\/dolor-oido-al-tragar-todas-las-causas-remedios\/","title":{"rendered":"Dolor de o\u00eddo al tragar: todas las causas y remedios"},"content":{"rendered":"<p><span style=\"font-weight: 400;\">Desde <\/span><a href=\"https:\/\/www.gruporecoletas.com\/\" target=\"_blank\" rel=\"noopener\"><span style=\"font-weight: 400;\">Recoletas Red Hospitalaria<\/span><\/a><span style=\"font-weight: 400;\"> nos preocupamos por tu salud y bienestar y, por ello, te presentamos las seis causas m\u00e1s comunes que pueden provocar dolor de o\u00eddo al tragar. <\/span><span style=\"font-weight: 400;\">Esta molestia, m\u00e9dicamente conocida como otalgia, afecta tanto a adultos como a ni\u00f1os y puede producirse por varias causas siendo la m\u00e1s com\u00fan la que se produce al tragar o al masticar. Hay diversas situaciones que pueden provocar este dolor y, por ello, es fundamental acudir a un otorrinolaring\u00f3logo para que analice el origen de la dolencia.&nbsp;<\/span><\/p>\n<h2><span style=\"font-weight: 400;\">Las 6 causas del dolor de o\u00eddo al tragar<\/span><\/h2>\n<h3><span style=\"font-weight: 400;\">1 &gt; Infecci\u00f3n de o\u00eddo:<\/span><\/h3>\n<p><a href=\"https:\/\/www.gruporecoletas.com\/noticias\/infeccion-oido-solucionarlo\/\" target=\"_blank\" rel=\"noopener\"><span style=\"font-weight: 400;\">La infecci\u00f3n de o\u00eddo<\/span><\/a><span style=\"font-weight: 400;\"> es muy com\u00fan en los ni\u00f1os. Afecta al o\u00eddo interno y tambi\u00e9n se denomina otitis media. Se produce porque los tubos de los o\u00eddos se tapan con l\u00edquido y mucosidad. Entre muchos otros s\u00edntomas, se puede experimentar dolor de o\u00eddo al tragar, masticar o moverse.<\/span><\/p>\n<h3><span style=\"font-weight: 400;\">2 &gt; Trompa de Eustaquio obstru\u00edda:<\/span><\/h3>\n<p><span style=\"font-weight: 400;\">Las trompas de Eustaquio son los canales que conectan los o\u00eddos medios con la garganta. Mantienen la presi\u00f3n del aire a niveles adecuados y ayudan al drenaje de l\u00edquidos. Si se obstruyen, normalmente por una hinchaz\u00f3n producida por un resfriado, alergia o infecci\u00f3n de los senos paranasales, pueden provocar un molesto dolor al tragar.<\/span><\/p>\n<h3><span style=\"font-weight: 400;\">3 &gt; Amigdalitis y absceso periamigdalino:<\/span><\/h3>\n<p><span style=\"font-weight: 400;\">Una <\/span><a href=\"https:\/\/www.gruporecoletas.com\/institutos\/instituto-otorrinolaringologia-recoletas\/tratamientos\/amigdalitis\/\" target=\"_blank\" rel=\"noopener\"><span style=\"font-weight: 400;\">infecci\u00f3n de las am\u00edgdalas<\/span><\/a><span style=\"font-weight: 400;\">, las masas de tejido que recubren la apertura de la garganta, tiene como s\u00edntoma principal el dolor de garganta al tragar. Tambi\u00e9n puede originar otitis o complicaciones como el absceso periamigdalino, con s\u00edntomas como dolor al tragar, fiebre o, incluso, dificultad para abrir la boca.<\/span><\/p>\n<h3><span style=\"font-weight: 400;\">4 &gt; Laringitis:<\/span><\/h3>\n<p><span style=\"font-weight: 400;\">La laringitis, es decir, la hinchaz\u00f3n e irritaci\u00f3n de la laringe suele asociarse con dolores de garganta, <\/span><a href=\"https:\/\/www.gruporecoletas.com\/noticias\/ronquidos-causas-soluciones\/\" target=\"_blank\" rel=\"noopener\"><span style=\"font-weight: 400;\">ronquera<\/span><\/a><span style=\"font-weight: 400;\"> y p\u00e9rdida de voz, y en ocasiones llega a afectar al o\u00eddo y la respiraci\u00f3n. Puede ser provocada por virus, alergias, bacterias, bronquitis, enfermedad de reflujo gastroesof\u00e1gico, lesiones, irritantes y qu\u00edmicos.<\/span><\/p>\n<h3><span style=\"font-weight: 400;\">5 &gt; Sinusitis:<\/span><\/h3>\n<p><span style=\"font-weight: 400;\">La <\/span><a href=\"https:\/\/www.gruporecoletas.com\/institutos\/instituto-otorrinolaringologia-recoletas\/tratamientos\/sinusitis\/\" target=\"_blank\" rel=\"noopener\"><span style=\"font-weight: 400;\">sinusitis <\/span><\/a><span style=\"font-weight: 400;\">es la inflamaci\u00f3n de los senos paranasales, los huecos por donde pasa el aire en el interior de los huesos de la nariz. Suele empezar como un resfriado com\u00fan y, si presenta complicaciones, aparece dolor de o\u00eddo al tragar alimentos.<\/span><\/p>\n<h3><span style=\"font-weight: 400;\">6 &gt; Paperas:<\/span><\/h3>\n<p><span style=\"font-weight: 400;\">Las personas que sufren paperas, una enfermedad v\u00edrica, suelen sentir dolor de cabeza, dolor muscular, cansancio, fiebre o p\u00e9rdida de apetito. Aunque no est\u00e1 directamente relacionado con la infecci\u00f3n, el paciente puede notar dolor de o\u00eddo al masticar o al comer y beber.<\/span><\/p>\n<h2><span style=\"font-weight: 400;\">Remedios para eliminar el dolor de o\u00eddo al tragar<\/span><\/h2>\n<p><span style=\"font-weight: 400;\">Como con cualquier otro problema de salud, el mejor diagn\u00f3stico y tratamiento lo determinar\u00e1 un m\u00e9dico especialista. En este caso el <\/span><a href=\"https:\/\/www.gruporecoletas.com\/especialidades\/otorrinolaringologia\/\" target=\"_blank\" rel=\"noopener\"><span style=\"font-weight: 400;\">otorrinolaring\u00f3logo<\/span><\/a><span style=\"font-weight: 400;\"> es el especialista en senos paranasales, nariz, o\u00eddo, tr\u00e1quea, faringe, laringe, cara, cuello y gl\u00e1ndulas salivares y es la persona que te ofrecer\u00e1 un correcto diagn\u00f3stico para eliminar el dolor de o\u00eddo al tragar. De este modo, con una exploraci\u00f3n f\u00edsica y conociendo el historial m\u00e9dico, el otorrino diagnosticar\u00e1 la causa del dolor de o\u00eddo al tragar.<\/span><\/p>\n<p><span style=\"font-weight: 400;\">El remedio por el que optar\u00e1 el otorrinolaring\u00f3logo ser\u00e1n los medicamentos m\u00e1s adecuados para cada problema, como los antibi\u00f3ticos para las infecciones. Tambi\u00e9n puede recomendar algunas pr\u00e1cticas para aliviar el dolor al tragar, como aplicar compresas calientes en el o\u00eddo. De igual modo y pese a la creencia popular, <\/span><b>no es recomendable<\/b><span style=\"font-weight: 400;\"> utilizar el aceite de oliva como remedio ante los <\/span><b>dolores de o\u00eddos al tragar o masticar<\/b><span style=\"font-weight: 400;\">. Siempre debes seguir las recomendaciones del m\u00e9dico especialista.<\/span><\/p>\n<p><span style=\"font-weight: 400;\">No obstante, antes de acudir al m\u00e9dico y para aliviar el dolor de o\u00eddo en casa, puedes optar por colocar una bolsa de agua tibia junto al o\u00eddo. Tambi\u00e9n te ayudar\u00e1 a calmar el dolor, poder descansar en posici\u00f3n sentada, en lugar de estar acostado. De esta forma, se reduce la presi\u00f3n en el o\u00eddo. Cabe mencionar, que estos tratamientos caseros solo deben utilizarse para aliviar el dolor hasta la consulta con el otorrinolaring\u00f3logo o m\u00e9dico general, en el caso de adultos, o con el pediatra, en el caso de ni\u00f1os. No olvides que \u00fanicamente un m\u00e9dico es quien puede indicarte el tratamiento m\u00e1s adecuado seg\u00fan la dolencia.<\/span><\/p>\n<h2><span style=\"font-weight: 400;\">\u00bfCu\u00e1ndo acudir al m\u00e9dico si tengo dolor de o\u00eddo al tragar?<\/span><\/h2>\n<p><span style=\"font-weight: 400;\">Ante el dolor de o\u00eddo al tragar, como hemos comentado anteriormente, se debe consultar al m\u00e9dico especialista para que indique el tratamiento adecuado y la otalgia remita. No obstante, muchas personas pueden tener dudas de cu\u00e1ndo acudir al m\u00e9dico. Por ello, te recomendamos visitar al otorrinolaring\u00f3logo si:<\/span><\/p>\n<ul>\n<li style=\"font-weight: 400;\" aria-level=\"1\"><span style=\"font-weight: 400;\">El dolor de o\u00eddo dura m\u00e1s de 3 d\u00edas.<\/span><\/li>\n<li style=\"font-weight: 400;\" aria-level=\"1\"><span style=\"font-weight: 400;\">El dolor de o\u00eddo empeora en las primeras 48 horas y aumenta su intensidad.<\/span><\/li>\n<li style=\"font-weight: 400;\" aria-level=\"1\"><span style=\"font-weight: 400;\">El dolor de o\u00eddo va acompa\u00f1ado de otros s\u00edntomas como fiebre por encima de 38\u00baC, mareos, dolor de cabeza o inflamaci\u00f3n.<\/span><\/li>\n<\/ul>\n<p><span style=\"font-weight: 400;\">En estos casos, lo ideal es consultar al especialista para que realice las pruebas pertinentes y se determine las causas de ese dolor para poder iniciar un tratamiento.&nbsp;<\/span><\/p>\n<p><span style=\"font-weight: 400;\">As\u00ed pues, ponemos a disposici\u00f3n de los pacientes el <\/span><a href=\"https:\/\/www.gruporecoletas.com\/institutos\/instituto-otorrinolaringologia-recoletas\/\" target=\"_blank\" rel=\"noopener\"><span style=\"font-weight: 400;\">Instituto de Otorrinolaringolog\u00eda Recoletas<\/span><\/a><span style=\"font-weight: 400;\">, ubicado en el <\/span><a href=\"https:\/\/www.gruporecoletas.com\/hospitales\/hospital-recoletas-felipe-ii\/\" target=\"_blank\" rel=\"noopener\"><span style=\"font-weight: 400;\">Hospital Recoletas Felipe II<\/span><\/a><span style=\"font-weight: 400;\">, en el que un equipo de profesionales altamente cualificado ofrece asistencia integral y de m\u00e1xima calidad en las patolog\u00edas otorrinolaringol\u00f3gicas. Este servicio m\u00e9dico, liderado por el <\/span><a href=\"https:\/\/www.gruporecoletas.com\/profesionales\/dr-santos-perez\/\" target=\"_blank\" rel=\"noopener\"><span style=\"font-weight: 400;\">Dr. Jaime Santos P\u00e9rez<\/span><\/a><span style=\"font-weight: 400;\">, dispone de unas instalaciones totalmente renovadas y dotadas de la \u00faltima tecnolog\u00eda para dar un diagn\u00f3stico completo. Como siempre, la satisfacci\u00f3n de los pacientes y el trato personalizado son las se\u00f1as de identidad.<\/span><\/p>\n<p><span style=\"font-weight: 400;\">\u00a1Descubre todo lo que podemos hacer por ti!<\/span><\/p>\n<p><iframe loading=\"lazy\" title=\"Entrevista al Dr. Jaime Santos P\u00e9rez\" width=\"500\" height=\"281\" src=\"https:\/\/www.youtube.com\/embed\/mYJramJggK4?feature=oembed\" frameborder=\"0\" allow=\"accelerometer; autoplay; clipboard-write; encrypted-media; gyroscope; picture-in-picture; web-share\" referrerpolicy=\"strict-origin-when-cross-origin\" allowfullscreen><\/iframe><\/p>\n\n\n<p><\/p>\n","protected":false},"excerpt":{"rendered":"<p>Desde Recoletas Red Hospitalaria nos preocupamos por tu salud y bienestar y, por ello, te presentamos las seis causas m\u00e1s comunes que pueden provocar dolor de o\u00eddo al tragar. Esta molestia, m\u00e9dicamente conocida como otalgia, afecta tanto a adultos como a ni\u00f1os y puede producirse por varias causas siendo la m\u00e1s com\u00fan la que se [&hellip;]<\/p>\n","protected":false},"author":2,"featured_media":14644,"comment_status":"closed","ping_status":"closed","sticky":false,"template":"","format":"standard","meta":{"_acf_changed":false,"footnotes":""},"categories":[1366,7,50],"tags":[],"class_list":["post-10430","post","type-post","status-publish","format-standard","has-post-thumbnail","hentry","category-instituto-otorrinolaringologia-recoletas","category-institutos","category-patologias"],"acf":[],"yoast_head":"<!-- This site is optimized with the Yoast SEO Premium plugin v27.3 (Yoast SEO v27.3) - https:\/\/yoast.com\/product\/yoast-seo-premium-wordpress\/ -->\n<title>Dolor de o\u00eddo al tragar: todas las causas y remedios - Recoletas<\/title>\n<meta name=\"description\" content=\"Hay diversas situaciones que pueden provocar dolor de o\u00eddos al tragar o masticar y es fundamental acudir a un especialista. Lo analizamos todo en este post.\" \/>\n<meta name=\"robots\" content=\"index, follow, max-snippet:-1, max-image-preview:large, max-video-preview:-1\" \/>\n<link rel=\"canonical\" href=\"https:\/\/www.gruporecoletas.com\/noticias\/dolor-oido-al-tragar-todas-las-causas-remedios\/\" \/>\n<meta property=\"og:locale\" content=\"es_ES\" \/>\n<meta property=\"og:type\" content=\"article\" \/>\n<meta property=\"og:title\" content=\"Dolor de o\u00eddo al tragar: todas las causas y remedios\" \/>\n<meta property=\"og:description\" content=\"Hay diversas situaciones que pueden provocar dolor de o\u00eddos al tragar o masticar y es fundamental acudir a un especialista. Lo analizamos todo en este post.\" \/>\n<meta property=\"og:url\" content=\"https:\/\/www.gruporecoletas.com\/noticias\/dolor-oido-al-tragar-todas-las-causas-remedios\/\" \/>\n<meta property=\"og:site_name\" content=\"Noticias Grupo Recoletas\" \/>\n<meta property=\"article:publisher\" content=\"https:\/\/www.facebook.com\/GrupoRecoletas\/\" \/>\n<meta property=\"article:published_time\" content=\"2021-05-06T09:56:34+00:00\" \/>\n<meta property=\"article:modified_time\" content=\"2021-05-13T11:11:52+00:00\" \/>\n<meta property=\"og:image\" content=\"https:\/\/www.gruporecoletas.com\/noticias\/wp-content\/uploads\/2018\/03\/dolor-oido.jpg\" \/>\n\t<meta property=\"og:image:width\" content=\"800\" \/>\n\t<meta property=\"og:image:height\" content=\"530\" \/>\n\t<meta property=\"og:image:type\" content=\"image\/jpeg\" \/>\n<meta name=\"author\" content=\"Recoletas Red Hospitalaria\" \/>\n<meta name=\"twitter:card\" content=\"summary_large_image\" \/>\n<meta name=\"twitter:creator\" content=\"@GrupoRecoletas\" \/>\n<meta name=\"twitter:site\" content=\"@GrupoRecoletas\" \/>\n<meta name=\"twitter:label1\" content=\"Escrito por\" \/>\n\t<meta name=\"twitter:data1\" content=\"Recoletas Red Hospitalaria\" \/>\n\t<meta name=\"twitter:label2\" content=\"Tiempo de lectura\" \/>\n\t<meta name=\"twitter:data2\" content=\"5 minutos\" \/>\n<script type=\"application\/ld+json\" class=\"yoast-schema-graph\">{\"@context\":\"https:\\\/\\\/schema.org\",\"@graph\":[{\"@type\":\"Article\",\"@id\":\"https:\\\/\\\/www.gruporecoletas.com\\\/noticias\\\/dolor-oido-al-tragar-todas-las-causas-remedios\\\/#article\",\"isPartOf\":{\"@id\":\"https:\\\/\\\/www.gruporecoletas.com\\\/noticias\\\/dolor-oido-al-tragar-todas-las-causas-remedios\\\/\"},\"author\":{\"name\":\"Recoletas Red Hospitalaria\",\"@id\":\"https:\\\/\\\/www.gruporecoletas.com\\\/noticias\\\/#\\\/schema\\\/person\\\/3c6ac429828d1f5e3d3bd99f4da9b02c\"},\"headline\":\"Dolor de o\u00eddo al tragar: todas las causas y remedios\",\"datePublished\":\"2021-05-06T09:56:34+00:00\",\"dateModified\":\"2021-05-13T11:11:52+00:00\",\"mainEntityOfPage\":{\"@id\":\"https:\\\/\\\/www.gruporecoletas.com\\\/noticias\\\/dolor-oido-al-tragar-todas-las-causas-remedios\\\/\"},\"wordCount\":1019,\"image\":{\"@id\":\"https:\\\/\\\/www.gruporecoletas.com\\\/noticias\\\/dolor-oido-al-tragar-todas-las-causas-remedios\\\/#primaryimage\"},\"thumbnailUrl\":\"https:\\\/\\\/www.gruporecoletas.com\\\/noticias\\\/wp-content\\\/uploads\\\/2018\\\/03\\\/dolor-oido.jpg\",\"articleSection\":[\"Instituto Otorrinolaringolog\u00eda\",\"Institutos\",\"Patolog\u00edas\"],\"inLanguage\":\"es\"},{\"@type\":\"WebPage\",\"@id\":\"https:\\\/\\\/www.gruporecoletas.com\\\/noticias\\\/dolor-oido-al-tragar-todas-las-causas-remedios\\\/\",\"url\":\"https:\\\/\\\/www.gruporecoletas.com\\\/noticias\\\/dolor-oido-al-tragar-todas-las-causas-remedios\\\/\",\"name\":\"Dolor de o\u00eddo al tragar: todas las causas y remedios - Recoletas\",\"isPartOf\":{\"@id\":\"https:\\\/\\\/www.gruporecoletas.com\\\/noticias\\\/#website\"},\"primaryImageOfPage\":{\"@id\":\"https:\\\/\\\/www.gruporecoletas.com\\\/noticias\\\/dolor-oido-al-tragar-todas-las-causas-remedios\\\/#primaryimage\"},\"image\":{\"@id\":\"https:\\\/\\\/www.gruporecoletas.com\\\/noticias\\\/dolor-oido-al-tragar-todas-las-causas-remedios\\\/#primaryimage\"},\"thumbnailUrl\":\"https:\\\/\\\/www.gruporecoletas.com\\\/noticias\\\/wp-content\\\/uploads\\\/2018\\\/03\\\/dolor-oido.jpg\",\"datePublished\":\"2021-05-06T09:56:34+00:00\",\"dateModified\":\"2021-05-13T11:11:52+00:00\",\"author\":{\"@id\":\"https:\\\/\\\/www.gruporecoletas.com\\\/noticias\\\/#\\\/schema\\\/person\\\/3c6ac429828d1f5e3d3bd99f4da9b02c\"},\"description\":\"Hay diversas situaciones que pueden provocar dolor de o\u00eddos al tragar o masticar y es fundamental acudir a un especialista. Lo analizamos todo en este post.\",\"breadcrumb\":{\"@id\":\"https:\\\/\\\/www.gruporecoletas.com\\\/noticias\\\/dolor-oido-al-tragar-todas-las-causas-remedios\\\/#breadcrumb\"},\"inLanguage\":\"es\",\"potentialAction\":[{\"@type\":\"ReadAction\",\"target\":[\"https:\\\/\\\/www.gruporecoletas.com\\\/noticias\\\/dolor-oido-al-tragar-todas-las-causas-remedios\\\/\"]}]},{\"@type\":\"ImageObject\",\"inLanguage\":\"es\",\"@id\":\"https:\\\/\\\/www.gruporecoletas.com\\\/noticias\\\/dolor-oido-al-tragar-todas-las-causas-remedios\\\/#primaryimage\",\"url\":\"https:\\\/\\\/www.gruporecoletas.com\\\/noticias\\\/wp-content\\\/uploads\\\/2018\\\/03\\\/dolor-oido.jpg\",\"contentUrl\":\"https:\\\/\\\/www.gruporecoletas.com\\\/noticias\\\/wp-content\\\/uploads\\\/2018\\\/03\\\/dolor-oido.jpg\",\"width\":800,\"height\":530},{\"@type\":\"BreadcrumbList\",\"@id\":\"https:\\\/\\\/www.gruporecoletas.com\\\/noticias\\\/dolor-oido-al-tragar-todas-las-causas-remedios\\\/#breadcrumb\",\"itemListElement\":[{\"@type\":\"ListItem\",\"position\":1,\"name\":\"Portada\",\"item\":\"https:\\\/\\\/www.gruporecoletas.com\\\/noticias\\\/\"},{\"@type\":\"ListItem\",\"position\":2,\"name\":\"Dolor de o\u00eddo al tragar: todas las causas y remedios\"}]},{\"@type\":\"WebSite\",\"@id\":\"https:\\\/\\\/www.gruporecoletas.com\\\/noticias\\\/#website\",\"url\":\"https:\\\/\\\/www.gruporecoletas.com\\\/noticias\\\/\",\"name\":\"Noticias Grupo Recoletas\",\"description\":\"Grupo Recoletas\",\"potentialAction\":[{\"@type\":\"SearchAction\",\"target\":{\"@type\":\"EntryPoint\",\"urlTemplate\":\"https:\\\/\\\/www.gruporecoletas.com\\\/noticias\\\/?s={search_term_string}\"},\"query-input\":{\"@type\":\"PropertyValueSpecification\",\"valueRequired\":true,\"valueName\":\"search_term_string\"}}],\"inLanguage\":\"es\"},{\"@type\":\"Person\",\"@id\":\"https:\\\/\\\/www.gruporecoletas.com\\\/noticias\\\/#\\\/schema\\\/person\\\/3c6ac429828d1f5e3d3bd99f4da9b02c\",\"name\":\"Recoletas Red Hospitalaria\",\"url\":\"https:\\\/\\\/www.gruporecoletas.com\\\/noticias\\\/author\\\/comunicacion\\\/\"}]}<\/script>\n<!-- \/ Yoast SEO Premium plugin. -->","yoast_head_json":{"title":"Dolor de o\u00eddo al tragar: todas las causas y remedios - Recoletas","description":"Hay diversas situaciones que pueden provocar dolor de o\u00eddos al tragar o masticar y es fundamental acudir a un especialista. Lo analizamos todo en este post.","robots":{"index":"index","follow":"follow","max-snippet":"max-snippet:-1","max-image-preview":"max-image-preview:large","max-video-preview":"max-video-preview:-1"},"canonical":"https:\/\/www.gruporecoletas.com\/noticias\/dolor-oido-al-tragar-todas-las-causas-remedios\/","og_locale":"es_ES","og_type":"article","og_title":"Dolor de o\u00eddo al tragar: todas las causas y remedios","og_description":"Hay diversas situaciones que pueden provocar dolor de o\u00eddos al tragar o masticar y es fundamental acudir a un especialista. Lo analizamos todo en este post.","og_url":"https:\/\/www.gruporecoletas.com\/noticias\/dolor-oido-al-tragar-todas-las-causas-remedios\/","og_site_name":"Noticias Grupo Recoletas","article_publisher":"https:\/\/www.facebook.com\/GrupoRecoletas\/","article_published_time":"2021-05-06T09:56:34+00:00","article_modified_time":"2021-05-13T11:11:52+00:00","og_image":[{"width":800,"height":530,"url":"https:\/\/www.gruporecoletas.com\/noticias\/wp-content\/uploads\/2018\/03\/dolor-oido.jpg","type":"image\/jpeg"}],"author":"Recoletas Red Hospitalaria","twitter_card":"summary_large_image","twitter_creator":"@GrupoRecoletas","twitter_site":"@GrupoRecoletas","twitter_misc":{"Escrito por":"Recoletas Red Hospitalaria","Tiempo de lectura":"5 minutos"},"schema":{"@context":"https:\/\/schema.org","@graph":[{"@type":"Article","@id":"https:\/\/www.gruporecoletas.com\/noticias\/dolor-oido-al-tragar-todas-las-causas-remedios\/#article","isPartOf":{"@id":"https:\/\/www.gruporecoletas.com\/noticias\/dolor-oido-al-tragar-todas-las-causas-remedios\/"},"author":{"name":"Recoletas Red Hospitalaria","@id":"https:\/\/www.gruporecoletas.com\/noticias\/#\/schema\/person\/3c6ac429828d1f5e3d3bd99f4da9b02c"},"headline":"Dolor de o\u00eddo al tragar: todas las causas y remedios","datePublished":"2021-05-06T09:56:34+00:00","dateModified":"2021-05-13T11:11:52+00:00","mainEntityOfPage":{"@id":"https:\/\/www.gruporecoletas.com\/noticias\/dolor-oido-al-tragar-todas-las-causas-remedios\/"},"wordCount":1019,"image":{"@id":"https:\/\/www.gruporecoletas.com\/noticias\/dolor-oido-al-tragar-todas-las-causas-remedios\/#primaryimage"},"thumbnailUrl":"https:\/\/www.gruporecoletas.com\/noticias\/wp-content\/uploads\/2018\/03\/dolor-oido.jpg","articleSection":["Instituto Otorrinolaringolog\u00eda","Institutos","Patolog\u00edas"],"inLanguage":"es"},{"@type":"WebPage","@id":"https:\/\/www.gruporecoletas.com\/noticias\/dolor-oido-al-tragar-todas-las-causas-remedios\/","url":"https:\/\/www.gruporecoletas.com\/noticias\/dolor-oido-al-tragar-todas-las-causas-remedios\/","name":"Dolor de o\u00eddo al tragar: todas las causas y remedios - Recoletas","isPartOf":{"@id":"https:\/\/www.gruporecoletas.com\/noticias\/#website"},"primaryImageOfPage":{"@id":"https:\/\/www.gruporecoletas.com\/noticias\/dolor-oido-al-tragar-todas-las-causas-remedios\/#primaryimage"},"image":{"@id":"https:\/\/www.gruporecoletas.com\/noticias\/dolor-oido-al-tragar-todas-las-causas-remedios\/#primaryimage"},"thumbnailUrl":"https:\/\/www.gruporecoletas.com\/noticias\/wp-content\/uploads\/2018\/03\/dolor-oido.jpg","datePublished":"2021-05-06T09:56:34+00:00","dateModified":"2021-05-13T11:11:52+00:00","author":{"@id":"https:\/\/www.gruporecoletas.com\/noticias\/#\/schema\/person\/3c6ac429828d1f5e3d3bd99f4da9b02c"},"description":"Hay diversas situaciones que pueden provocar dolor de o\u00eddos al tragar o masticar y es fundamental acudir a un especialista. Lo analizamos todo en este post.","breadcrumb":{"@id":"https:\/\/www.gruporecoletas.com\/noticias\/dolor-oido-al-tragar-todas-las-causas-remedios\/#breadcrumb"},"inLanguage":"es","potentialAction":[{"@type":"ReadAction","target":["https:\/\/www.gruporecoletas.com\/noticias\/dolor-oido-al-tragar-todas-las-causas-remedios\/"]}]},{"@type":"ImageObject","inLanguage":"es","@id":"https:\/\/www.gruporecoletas.com\/noticias\/dolor-oido-al-tragar-todas-las-causas-remedios\/#primaryimage","url":"https:\/\/www.gruporecoletas.com\/noticias\/wp-content\/uploads\/2018\/03\/dolor-oido.jpg","contentUrl":"https:\/\/www.gruporecoletas.com\/noticias\/wp-content\/uploads\/2018\/03\/dolor-oido.jpg","width":800,"height":530},{"@type":"BreadcrumbList","@id":"https:\/\/www.gruporecoletas.com\/noticias\/dolor-oido-al-tragar-todas-las-causas-remedios\/#breadcrumb","itemListElement":[{"@type":"ListItem","position":1,"name":"Portada","item":"https:\/\/www.gruporecoletas.com\/noticias\/"},{"@type":"ListItem","position":2,"name":"Dolor de o\u00eddo al tragar: todas las causas y remedios"}]},{"@type":"WebSite","@id":"https:\/\/www.gruporecoletas.com\/noticias\/#website","url":"https:\/\/www.gruporecoletas.com\/noticias\/","name":"Noticias Grupo Recoletas","description":"Grupo Recoletas","potentialAction":[{"@type":"SearchAction","target":{"@type":"EntryPoint","urlTemplate":"https:\/\/www.gruporecoletas.com\/noticias\/?s={search_term_string}"},"query-input":{"@type":"PropertyValueSpecification","valueRequired":true,"valueName":"search_term_string"}}],"inLanguage":"es"},{"@type":"Person","@id":"https:\/\/www.gruporecoletas.com\/noticias\/#\/schema\/person\/3c6ac429828d1f5e3d3bd99f4da9b02c","name":"Recoletas Red Hospitalaria","url":"https:\/\/www.gruporecoletas.com\/noticias\/author\/comunicacion\/"}]}},"_links":{"self":[{"href":"https:\/\/www.gruporecoletas.com\/noticias\/wp-json\/wp\/v2\/posts\/10430","targetHints":{"allow":["GET"]}}],"collection":[{"href":"https:\/\/www.gruporecoletas.com\/noticias\/wp-json\/wp\/v2\/posts"}],"about":[{"href":"https:\/\/www.gruporecoletas.com\/noticias\/wp-json\/wp\/v2\/types\/post"}],"author":[{"embeddable":true,"href":"https:\/\/www.gruporecoletas.com\/noticias\/wp-json\/wp\/v2\/users\/2"}],"replies":[{"embeddable":true,"href":"https:\/\/www.gruporecoletas.com\/noticias\/wp-json\/wp\/v2\/comments?post=10430"}],"version-history":[{"count":4,"href":"https:\/\/www.gruporecoletas.com\/noticias\/wp-json\/wp\/v2\/posts\/10430\/revisions"}],"predecessor-version":[{"id":14646,"href":"https:\/\/www.gruporecoletas.com\/noticias\/wp-json\/wp\/v2\/posts\/10430\/revisions\/14646"}],"wp:featuredmedia":[{"embeddable":true,"href":"https:\/\/www.gruporecoletas.com\/noticias\/wp-json\/wp\/v2\/media\/14644"}],"wp:attachment":[{"href":"https:\/\/www.gruporecoletas.com\/noticias\/wp-json\/wp\/v2\/media?parent=10430"}],"wp:term":[{"taxonomy":"category","embeddable":true,"href":"https:\/\/www.gruporecoletas.com\/noticias\/wp-json\/wp\/v2\/categories?post=10430"},{"taxonomy":"post_tag","embeddable":true,"href":"https:\/\/www.gruporecoletas.com\/noticias\/wp-json\/wp\/v2\/tags?post=10430"}],"curies":[{"name":"wp","href":"https:\/\/api.w.org\/{rel}","templated":true}]}}