{"id":10464,"date":"2018-03-22T10:00:54","date_gmt":"2018-03-22T10:00:54","guid":{"rendered":"https:\/\/www.gruporecoletas.com\/?p=10464"},"modified":"2019-05-20T10:26:41","modified_gmt":"2019-05-20T10:26:41","slug":"aulas-la-salud-norte-castilla-david-galarreta-mira","status":"publish","type":"post","link":"https:\/\/www.gruporecoletas.com\/noticias\/aulas-la-salud-norte-castilla-david-galarreta-mira\/","title":{"rendered":"Aulas de la Salud &#8211; El Norte de Castilla &#8211; David Galarreta Mira"},"content":{"rendered":"<p>Ayer disfrutamos de de una nueva \u00abAula de Salud\u00bb que organiza&nbsp;<strong>El Norte de Castilla<\/strong>. en la que el doctor <strong>David Galarreta Mira<\/strong>, director m\u00e9dico del <strong>Instituto Oftalmol\u00f3gico Recoletas<\/strong>. Nos habl\u00f3 de la \u00abLa cirug\u00eda de la catarata en el siglo XXI\u00bb.<br \/>\n<span class=\"text_exposed_show\"><br \/>\nLa charla estuvo formada por tres grandes bloques, el primero sobre que es y cuales son los primeros s\u00edntomas. El segundo bloque conocimos la historia de la cirug\u00eda de la catarata. Y para terminar el doctor explico lo tipos de lentes que se utilizan en la cirug\u00eda de la catarata.<\/span><\/p>\n","protected":false},"excerpt":{"rendered":"<p>Ayer disfrutamos de de una nueva \u00abAula de Salud\u00bb que organiza&nbsp;El Norte de Castilla. en la que el doctor David Galarreta Mira, director m\u00e9dico del Instituto Oftalmol\u00f3gico Recoletas. Nos habl\u00f3 de la \u00abLa cirug\u00eda de la catarata en el siglo XXI\u00bb. La charla estuvo formada por tres grandes bloques, el primero sobre que es y [&hellip;]<\/p>\n","protected":false},"author":2,"featured_media":10466,"comment_status":"closed","ping_status":"closed","sticky":false,"template":"","format":"video","meta":{"_acf_changed":false,"footnotes":""},"categories":[700],"tags":[],"class_list":["post-10464","post","type-post","status-publish","format-video","has-post-thumbnail","hentry","category-instituto-oftalmologico-recoletas","post_format-post-format-video","has-post-video"],"acf":[],"yoast_head":"<!-- This site is optimized with the Yoast SEO Premium plugin v27.3 (Yoast SEO v27.3) - https:\/\/yoast.com\/product\/yoast-seo-premium-wordpress\/ -->\n<title>Aulas de la Salud - El Norte de Castilla - David Galarreta Mira - Noticias Grupo Recoletas<\/title>\n<meta name=\"robots\" content=\"index, follow, max-snippet:-1, max-image-preview:large, max-video-preview:-1\" \/>\n<link rel=\"canonical\" href=\"https:\/\/www.gruporecoletas.com\/noticias\/aulas-la-salud-norte-castilla-david-galarreta-mira\/\" \/>\n<meta property=\"og:locale\" content=\"es_ES\" \/>\n<meta property=\"og:type\" content=\"article\" \/>\n<meta property=\"og:title\" content=\"Aulas de la Salud - El Norte de Castilla - David Galarreta Mira\" \/>\n<meta property=\"og:description\" content=\"Ayer disfrutamos de de una nueva \u00abAula de Salud\u00bb que organiza&nbsp;El Norte de Castilla. en la que el doctor David Galarreta Mira, director m\u00e9dico del Instituto Oftalmol\u00f3gico Recoletas. Nos habl\u00f3 de la \u00abLa cirug\u00eda de la catarata en el siglo XXI\u00bb. La charla estuvo formada por tres grandes bloques, el primero sobre que es y [&hellip;]\" \/>\n<meta property=\"og:url\" content=\"https:\/\/www.gruporecoletas.com\/noticias\/aulas-la-salud-norte-castilla-david-galarreta-mira\/\" \/>\n<meta property=\"og:site_name\" content=\"Noticias Grupo Recoletas\" \/>\n<meta property=\"article:publisher\" content=\"https:\/\/www.facebook.com\/GrupoRecoletas\/\" \/>\n<meta property=\"article:published_time\" content=\"2018-03-22T10:00:54+00:00\" \/>\n<meta property=\"article:modified_time\" content=\"2019-05-20T10:26:41+00:00\" \/>\n<meta property=\"og:image\" content=\"https:\/\/www.gruporecoletas.com\/noticias\/wp-content\/uploads\/2018\/03\/maxresdefault-5.jpg\" \/>\n\t<meta property=\"og:image:width\" content=\"1280\" \/>\n\t<meta property=\"og:image:height\" content=\"720\" \/>\n\t<meta property=\"og:image:type\" content=\"image\/jpeg\" \/>\n<meta name=\"author\" content=\"Recoletas Red Hospitalaria\" \/>\n<meta name=\"twitter:card\" content=\"summary_large_image\" \/>\n<meta name=\"twitter:creator\" content=\"@GrupoRecoletas\" \/>\n<meta name=\"twitter:site\" content=\"@GrupoRecoletas\" \/>\n<meta name=\"twitter:label1\" content=\"Escrito por\" \/>\n\t<meta name=\"twitter:data1\" content=\"Recoletas Red Hospitalaria\" \/>\n<script type=\"application\/ld+json\" class=\"yoast-schema-graph\">{\"@context\":\"https:\\\/\\\/schema.org\",\"@graph\":[{\"@type\":\"Article\",\"@id\":\"https:\\\/\\\/www.gruporecoletas.com\\\/noticias\\\/aulas-la-salud-norte-castilla-david-galarreta-mira\\\/#article\",\"isPartOf\":{\"@id\":\"https:\\\/\\\/www.gruporecoletas.com\\\/noticias\\\/aulas-la-salud-norte-castilla-david-galarreta-mira\\\/\"},\"author\":{\"name\":\"Recoletas Red Hospitalaria\",\"@id\":\"https:\\\/\\\/www.gruporecoletas.com\\\/noticias\\\/#\\\/schema\\\/person\\\/3c6ac429828d1f5e3d3bd99f4da9b02c\"},\"headline\":\"Aulas de la Salud &#8211; El Norte de Castilla &#8211; David Galarreta Mira\",\"datePublished\":\"2018-03-22T10:00:54+00:00\",\"dateModified\":\"2019-05-20T10:26:41+00:00\",\"mainEntityOfPage\":{\"@id\":\"https:\\\/\\\/www.gruporecoletas.com\\\/noticias\\\/aulas-la-salud-norte-castilla-david-galarreta-mira\\\/\"},\"wordCount\":112,\"image\":{\"@id\":\"https:\\\/\\\/www.gruporecoletas.com\\\/noticias\\\/aulas-la-salud-norte-castilla-david-galarreta-mira\\\/#primaryimage\"},\"thumbnailUrl\":\"https:\\\/\\\/www.gruporecoletas.com\\\/noticias\\\/wp-content\\\/uploads\\\/2018\\\/03\\\/maxresdefault-5.jpg\",\"articleSection\":[\"Instituto Oftalmol\u00f3gico\"],\"inLanguage\":\"es\"},{\"@type\":\"WebPage\",\"@id\":\"https:\\\/\\\/www.gruporecoletas.com\\\/noticias\\\/aulas-la-salud-norte-castilla-david-galarreta-mira\\\/\",\"url\":\"https:\\\/\\\/www.gruporecoletas.com\\\/noticias\\\/aulas-la-salud-norte-castilla-david-galarreta-mira\\\/\",\"name\":\"Aulas de la Salud - El Norte de Castilla - David Galarreta Mira - Noticias Grupo Recoletas\",\"isPartOf\":{\"@id\":\"https:\\\/\\\/www.gruporecoletas.com\\\/noticias\\\/#website\"},\"primaryImageOfPage\":{\"@id\":\"https:\\\/\\\/www.gruporecoletas.com\\\/noticias\\\/aulas-la-salud-norte-castilla-david-galarreta-mira\\\/#primaryimage\"},\"image\":{\"@id\":\"https:\\\/\\\/www.gruporecoletas.com\\\/noticias\\\/aulas-la-salud-norte-castilla-david-galarreta-mira\\\/#primaryimage\"},\"thumbnailUrl\":\"https:\\\/\\\/www.gruporecoletas.com\\\/noticias\\\/wp-content\\\/uploads\\\/2018\\\/03\\\/maxresdefault-5.jpg\",\"datePublished\":\"2018-03-22T10:00:54+00:00\",\"dateModified\":\"2019-05-20T10:26:41+00:00\",\"author\":{\"@id\":\"https:\\\/\\\/www.gruporecoletas.com\\\/noticias\\\/#\\\/schema\\\/person\\\/3c6ac429828d1f5e3d3bd99f4da9b02c\"},\"breadcrumb\":{\"@id\":\"https:\\\/\\\/www.gruporecoletas.com\\\/noticias\\\/aulas-la-salud-norte-castilla-david-galarreta-mira\\\/#breadcrumb\"},\"inLanguage\":\"es\",\"potentialAction\":[{\"@type\":\"ReadAction\",\"target\":[\"https:\\\/\\\/www.gruporecoletas.com\\\/noticias\\\/aulas-la-salud-norte-castilla-david-galarreta-mira\\\/\"]}]},{\"@type\":\"ImageObject\",\"inLanguage\":\"es\",\"@id\":\"https:\\\/\\\/www.gruporecoletas.com\\\/noticias\\\/aulas-la-salud-norte-castilla-david-galarreta-mira\\\/#primaryimage\",\"url\":\"https:\\\/\\\/www.gruporecoletas.com\\\/noticias\\\/wp-content\\\/uploads\\\/2018\\\/03\\\/maxresdefault-5.jpg\",\"contentUrl\":\"https:\\\/\\\/www.gruporecoletas.com\\\/noticias\\\/wp-content\\\/uploads\\\/2018\\\/03\\\/maxresdefault-5.jpg\",\"width\":1280,\"height\":720},{\"@type\":\"BreadcrumbList\",\"@id\":\"https:\\\/\\\/www.gruporecoletas.com\\\/noticias\\\/aulas-la-salud-norte-castilla-david-galarreta-mira\\\/#breadcrumb\",\"itemListElement\":[{\"@type\":\"ListItem\",\"position\":1,\"name\":\"Portada\",\"item\":\"https:\\\/\\\/www.gruporecoletas.com\\\/noticias\\\/\"},{\"@type\":\"ListItem\",\"position\":2,\"name\":\"Aulas de la Salud &#8211; El Norte de Castilla &#8211; David Galarreta Mira\"}]},{\"@type\":\"WebSite\",\"@id\":\"https:\\\/\\\/www.gruporecoletas.com\\\/noticias\\\/#website\",\"url\":\"https:\\\/\\\/www.gruporecoletas.com\\\/noticias\\\/\",\"name\":\"Noticias Grupo Recoletas\",\"description\":\"Grupo Recoletas\",\"potentialAction\":[{\"@type\":\"SearchAction\",\"target\":{\"@type\":\"EntryPoint\",\"urlTemplate\":\"https:\\\/\\\/www.gruporecoletas.com\\\/noticias\\\/?s={search_term_string}\"},\"query-input\":{\"@type\":\"PropertyValueSpecification\",\"valueRequired\":true,\"valueName\":\"search_term_string\"}}],\"inLanguage\":\"es\"},{\"@type\":\"Person\",\"@id\":\"https:\\\/\\\/www.gruporecoletas.com\\\/noticias\\\/#\\\/schema\\\/person\\\/3c6ac429828d1f5e3d3bd99f4da9b02c\",\"name\":\"Recoletas Red Hospitalaria\",\"url\":\"https:\\\/\\\/www.gruporecoletas.com\\\/noticias\\\/author\\\/comunicacion\\\/\"}]}<\/script>\n<!-- \/ Yoast SEO Premium plugin. -->","yoast_head_json":{"title":"Aulas de la Salud - El Norte de Castilla - David Galarreta Mira - Noticias Grupo Recoletas","robots":{"index":"index","follow":"follow","max-snippet":"max-snippet:-1","max-image-preview":"max-image-preview:large","max-video-preview":"max-video-preview:-1"},"canonical":"https:\/\/www.gruporecoletas.com\/noticias\/aulas-la-salud-norte-castilla-david-galarreta-mira\/","og_locale":"es_ES","og_type":"article","og_title":"Aulas de la Salud - El Norte de Castilla - David Galarreta Mira","og_description":"Ayer disfrutamos de de una nueva \u00abAula de Salud\u00bb que organiza&nbsp;El Norte de Castilla. en la que el doctor David Galarreta Mira, director m\u00e9dico del Instituto Oftalmol\u00f3gico Recoletas. Nos habl\u00f3 de la \u00abLa cirug\u00eda de la catarata en el siglo XXI\u00bb. La charla estuvo formada por tres grandes bloques, el primero sobre que es y [&hellip;]","og_url":"https:\/\/www.gruporecoletas.com\/noticias\/aulas-la-salud-norte-castilla-david-galarreta-mira\/","og_site_name":"Noticias Grupo Recoletas","article_publisher":"https:\/\/www.facebook.com\/GrupoRecoletas\/","article_published_time":"2018-03-22T10:00:54+00:00","article_modified_time":"2019-05-20T10:26:41+00:00","og_image":[{"width":1280,"height":720,"url":"https:\/\/www.gruporecoletas.com\/noticias\/wp-content\/uploads\/2018\/03\/maxresdefault-5.jpg","type":"image\/jpeg"}],"author":"Recoletas Red Hospitalaria","twitter_card":"summary_large_image","twitter_creator":"@GrupoRecoletas","twitter_site":"@GrupoRecoletas","twitter_misc":{"Escrito por":"Recoletas Red Hospitalaria"},"schema":{"@context":"https:\/\/schema.org","@graph":[{"@type":"Article","@id":"https:\/\/www.gruporecoletas.com\/noticias\/aulas-la-salud-norte-castilla-david-galarreta-mira\/#article","isPartOf":{"@id":"https:\/\/www.gruporecoletas.com\/noticias\/aulas-la-salud-norte-castilla-david-galarreta-mira\/"},"author":{"name":"Recoletas Red Hospitalaria","@id":"https:\/\/www.gruporecoletas.com\/noticias\/#\/schema\/person\/3c6ac429828d1f5e3d3bd99f4da9b02c"},"headline":"Aulas de la Salud &#8211; El Norte de Castilla &#8211; David Galarreta Mira","datePublished":"2018-03-22T10:00:54+00:00","dateModified":"2019-05-20T10:26:41+00:00","mainEntityOfPage":{"@id":"https:\/\/www.gruporecoletas.com\/noticias\/aulas-la-salud-norte-castilla-david-galarreta-mira\/"},"wordCount":112,"image":{"@id":"https:\/\/www.gruporecoletas.com\/noticias\/aulas-la-salud-norte-castilla-david-galarreta-mira\/#primaryimage"},"thumbnailUrl":"https:\/\/www.gruporecoletas.com\/noticias\/wp-content\/uploads\/2018\/03\/maxresdefault-5.jpg","articleSection":["Instituto Oftalmol\u00f3gico"],"inLanguage":"es"},{"@type":"WebPage","@id":"https:\/\/www.gruporecoletas.com\/noticias\/aulas-la-salud-norte-castilla-david-galarreta-mira\/","url":"https:\/\/www.gruporecoletas.com\/noticias\/aulas-la-salud-norte-castilla-david-galarreta-mira\/","name":"Aulas de la Salud - El Norte de Castilla - David Galarreta Mira - Noticias Grupo Recoletas","isPartOf":{"@id":"https:\/\/www.gruporecoletas.com\/noticias\/#website"},"primaryImageOfPage":{"@id":"https:\/\/www.gruporecoletas.com\/noticias\/aulas-la-salud-norte-castilla-david-galarreta-mira\/#primaryimage"},"image":{"@id":"https:\/\/www.gruporecoletas.com\/noticias\/aulas-la-salud-norte-castilla-david-galarreta-mira\/#primaryimage"},"thumbnailUrl":"https:\/\/www.gruporecoletas.com\/noticias\/wp-content\/uploads\/2018\/03\/maxresdefault-5.jpg","datePublished":"2018-03-22T10:00:54+00:00","dateModified":"2019-05-20T10:26:41+00:00","author":{"@id":"https:\/\/www.gruporecoletas.com\/noticias\/#\/schema\/person\/3c6ac429828d1f5e3d3bd99f4da9b02c"},"breadcrumb":{"@id":"https:\/\/www.gruporecoletas.com\/noticias\/aulas-la-salud-norte-castilla-david-galarreta-mira\/#breadcrumb"},"inLanguage":"es","potentialAction":[{"@type":"ReadAction","target":["https:\/\/www.gruporecoletas.com\/noticias\/aulas-la-salud-norte-castilla-david-galarreta-mira\/"]}]},{"@type":"ImageObject","inLanguage":"es","@id":"https:\/\/www.gruporecoletas.com\/noticias\/aulas-la-salud-norte-castilla-david-galarreta-mira\/#primaryimage","url":"https:\/\/www.gruporecoletas.com\/noticias\/wp-content\/uploads\/2018\/03\/maxresdefault-5.jpg","contentUrl":"https:\/\/www.gruporecoletas.com\/noticias\/wp-content\/uploads\/2018\/03\/maxresdefault-5.jpg","width":1280,"height":720},{"@type":"BreadcrumbList","@id":"https:\/\/www.gruporecoletas.com\/noticias\/aulas-la-salud-norte-castilla-david-galarreta-mira\/#breadcrumb","itemListElement":[{"@type":"ListItem","position":1,"name":"Portada","item":"https:\/\/www.gruporecoletas.com\/noticias\/"},{"@type":"ListItem","position":2,"name":"Aulas de la Salud &#8211; El Norte de Castilla &#8211; David Galarreta Mira"}]},{"@type":"WebSite","@id":"https:\/\/www.gruporecoletas.com\/noticias\/#website","url":"https:\/\/www.gruporecoletas.com\/noticias\/","name":"Noticias Grupo Recoletas","description":"Grupo Recoletas","potentialAction":[{"@type":"SearchAction","target":{"@type":"EntryPoint","urlTemplate":"https:\/\/www.gruporecoletas.com\/noticias\/?s={search_term_string}"},"query-input":{"@type":"PropertyValueSpecification","valueRequired":true,"valueName":"search_term_string"}}],"inLanguage":"es"},{"@type":"Person","@id":"https:\/\/www.gruporecoletas.com\/noticias\/#\/schema\/person\/3c6ac429828d1f5e3d3bd99f4da9b02c","name":"Recoletas Red Hospitalaria","url":"https:\/\/www.gruporecoletas.com\/noticias\/author\/comunicacion\/"}]}},"_links":{"self":[{"href":"https:\/\/www.gruporecoletas.com\/noticias\/wp-json\/wp\/v2\/posts\/10464","targetHints":{"allow":["GET"]}}],"collection":[{"href":"https:\/\/www.gruporecoletas.com\/noticias\/wp-json\/wp\/v2\/posts"}],"about":[{"href":"https:\/\/www.gruporecoletas.com\/noticias\/wp-json\/wp\/v2\/types\/post"}],"author":[{"embeddable":true,"href":"https:\/\/www.gruporecoletas.com\/noticias\/wp-json\/wp\/v2\/users\/2"}],"replies":[{"embeddable":true,"href":"https:\/\/www.gruporecoletas.com\/noticias\/wp-json\/wp\/v2\/comments?post=10464"}],"version-history":[{"count":1,"href":"https:\/\/www.gruporecoletas.com\/noticias\/wp-json\/wp\/v2\/posts\/10464\/revisions"}],"predecessor-version":[{"id":11521,"href":"https:\/\/www.gruporecoletas.com\/noticias\/wp-json\/wp\/v2\/posts\/10464\/revisions\/11521"}],"wp:featuredmedia":[{"embeddable":true,"href":"https:\/\/www.gruporecoletas.com\/noticias\/wp-json\/wp\/v2\/media\/10466"}],"wp:attachment":[{"href":"https:\/\/www.gruporecoletas.com\/noticias\/wp-json\/wp\/v2\/media?parent=10464"}],"wp:term":[{"taxonomy":"category","embeddable":true,"href":"https:\/\/www.gruporecoletas.com\/noticias\/wp-json\/wp\/v2\/categories?post=10464"},{"taxonomy":"post_tag","embeddable":true,"href":"https:\/\/www.gruporecoletas.com\/noticias\/wp-json\/wp\/v2\/tags?post=10464"}],"curies":[{"name":"wp","href":"https:\/\/api.w.org\/{rel}","templated":true}]}}