{"id":10877,"date":"2018-04-30T14:20:10","date_gmt":"2018-04-30T14:20:10","guid":{"rendered":"https:\/\/www.gruporecoletas.com\/?p=10877"},"modified":"2019-03-05T10:10:19","modified_gmt":"2019-03-05T10:10:19","slug":"la-deteccion-precoz-clave-luchar-frente-al-melanoma","status":"publish","type":"post","link":"https:\/\/www.gruporecoletas.com\/noticias\/la-deteccion-precoz-clave-luchar-frente-al-melanoma\/","title":{"rendered":"La detecci\u00f3n precoz, clave para luchar frente al melanoma"},"content":{"rendered":"<p>Uno de los aspectos que siempre se destaca en la <strong>lucha contra el c\u00e1ncer<\/strong>\u00a0es la <strong>importancia de la prevenci\u00f3n o el diagn\u00f3stico prematuro<\/strong>. Por eso es vital saber identificar un melanoma y c\u00f3mo tratarlo. Para empezar hay que explicar que el <strong>melanoma es un tipo de c\u00e1ncer poco frecuente<\/strong>, pero muy peligroso en el que las c\u00e9lulas tumorales aparecen a partir de melanocitos, lo que provoca que pueda invadir tejidos sanos y \u00f3rganos alejados. <strong>Al a\u00f1o se diagn\u00f3stican 160.000 melanomas, de los cuales 3.600 son en Espa\u00f1a<\/strong>. Curiosamente, se da m\u00e1s frecuentemente en mujeres y representa el 2,7% de los c\u00e1nceres femeninos. Puede afectar a cualquier parte del cuerpo, aunque es m\u00e1s com\u00fan en las extremidades inferiores de las mujeres y en el pecho y la espalda de los hombres.<\/p>\n<p>Debemos estar atentos a los cambios que se producen en nuestra piel. Ante la aparici\u00f3n de cualquier mancha<strong>, lunar o lesi\u00f3n que no cura, hay que acudir al m\u00e9dico, sobre todo si observamos que cambia de tama\u00f1o, forma o color<\/strong>.<\/p>\n<p>Para <strong>reconocer el melanoma de la piel<\/strong> se suele usar la regla de ABCD. La A se<\/p>\n<p>El <strong>tratamiento de los melanomas<\/strong>\u00a0requiere de un <strong>tratamiento quir\u00fargico que consiste en la eliminaci\u00f3n del melanoma<\/strong>, operaci\u00f3n que puede acompa\u00f1arse de terapias espec\u00edficas como radioterapia, quimioterapia o inmunoterapia, dependiendo del momento del avance del c\u00e1ncer. Para ello, el m\u00e9dico analizar\u00e1 el lugar en el que aparece el melanoma, su gravedad, la met\u00e1stasis, el estado de salud del paciente. En los pa\u00edses occidentales, m\u00e1s del 80% de los pacientes a los que se les extirpa el melanoma con prontitud tiene una alta esperanza de vida.    \t<\/p>\n","protected":false},"excerpt":{"rendered":"<p>Uno de los aspectos que siempre se destaca en la lucha contra el c\u00e1ncer\u00a0es la importancia de la prevenci\u00f3n o el diagn\u00f3stico prematuro. Por eso es vital saber identificar un melanoma y c\u00f3mo tratarlo. Para empezar hay que explicar que el melanoma es un tipo de c\u00e1ncer poco frecuente, pero muy peligroso en el que [&hellip;]<\/p>\n","protected":false},"author":2,"featured_media":10878,"comment_status":"closed","ping_status":"closed","sticky":false,"template":"","format":"standard","meta":{"_acf_changed":false,"footnotes":""},"categories":[48],"tags":[],"class_list":["post-10877","post","type-post","status-publish","format-standard","has-post-thumbnail","hentry","category-prevencion"],"acf":[],"yoast_head":"<!-- This site is optimized with the Yoast SEO Premium plugin v27.3 (Yoast SEO v27.3) - https:\/\/yoast.com\/product\/yoast-seo-premium-wordpress\/ -->\n<title>La detecci\u00f3n precoz, clave para luchar frente al melanoma - Noticias Grupo Recoletas<\/title>\n<meta name=\"robots\" content=\"index, follow, max-snippet:-1, max-image-preview:large, max-video-preview:-1\" \/>\n<link rel=\"canonical\" href=\"https:\/\/www.gruporecoletas.com\/noticias\/la-deteccion-precoz-clave-luchar-frente-al-melanoma\/\" \/>\n<meta property=\"og:locale\" content=\"es_ES\" \/>\n<meta property=\"og:type\" content=\"article\" \/>\n<meta property=\"og:title\" content=\"La detecci\u00f3n precoz, clave para luchar frente al melanoma\" \/>\n<meta property=\"og:description\" content=\"Uno de los aspectos que siempre se destaca en la lucha contra el c\u00e1ncer\u00a0es la importancia de la prevenci\u00f3n o el diagn\u00f3stico prematuro. Por eso es vital saber identificar un melanoma y c\u00f3mo tratarlo. Para empezar hay que explicar que el melanoma es un tipo de c\u00e1ncer poco frecuente, pero muy peligroso en el que [&hellip;]\" \/>\n<meta property=\"og:url\" content=\"https:\/\/www.gruporecoletas.com\/noticias\/la-deteccion-precoz-clave-luchar-frente-al-melanoma\/\" \/>\n<meta property=\"og:site_name\" content=\"Noticias Grupo Recoletas\" \/>\n<meta property=\"article:publisher\" content=\"https:\/\/www.facebook.com\/GrupoRecoletas\/\" \/>\n<meta property=\"article:published_time\" content=\"2018-04-30T14:20:10+00:00\" \/>\n<meta property=\"article:modified_time\" content=\"2019-03-05T10:10:19+00:00\" \/>\n<meta property=\"og:image\" content=\"https:\/\/www.gruporecoletas.com\/noticias\/wp-content\/uploads\/2018\/04\/lunar-hombre.jpg\" \/>\n\t<meta property=\"og:image:width\" content=\"1452\" \/>\n\t<meta property=\"og:image:height\" content=\"968\" \/>\n\t<meta property=\"og:image:type\" content=\"image\/jpeg\" \/>\n<meta name=\"author\" content=\"Recoletas Red Hospitalaria\" \/>\n<meta name=\"twitter:card\" content=\"summary_large_image\" \/>\n<meta name=\"twitter:creator\" content=\"@GrupoRecoletas\" \/>\n<meta name=\"twitter:site\" content=\"@GrupoRecoletas\" \/>\n<meta name=\"twitter:label1\" content=\"Escrito por\" \/>\n\t<meta name=\"twitter:data1\" content=\"Recoletas Red Hospitalaria\" \/>\n\t<meta name=\"twitter:label2\" content=\"Tiempo de lectura\" \/>\n\t<meta name=\"twitter:data2\" content=\"1 minuto\" \/>\n<script type=\"application\/ld+json\" class=\"yoast-schema-graph\">{\"@context\":\"https:\\\/\\\/schema.org\",\"@graph\":[{\"@type\":\"Article\",\"@id\":\"https:\\\/\\\/www.gruporecoletas.com\\\/noticias\\\/la-deteccion-precoz-clave-luchar-frente-al-melanoma\\\/#article\",\"isPartOf\":{\"@id\":\"https:\\\/\\\/www.gruporecoletas.com\\\/noticias\\\/la-deteccion-precoz-clave-luchar-frente-al-melanoma\\\/\"},\"author\":{\"name\":\"Recoletas Red Hospitalaria\",\"@id\":\"https:\\\/\\\/www.gruporecoletas.com\\\/noticias\\\/#\\\/schema\\\/person\\\/3c6ac429828d1f5e3d3bd99f4da9b02c\"},\"headline\":\"La detecci\u00f3n precoz, clave para luchar frente al melanoma\",\"datePublished\":\"2018-04-30T14:20:10+00:00\",\"dateModified\":\"2019-03-05T10:10:19+00:00\",\"mainEntityOfPage\":{\"@id\":\"https:\\\/\\\/www.gruporecoletas.com\\\/noticias\\\/la-deteccion-precoz-clave-luchar-frente-al-melanoma\\\/\"},\"wordCount\":306,\"image\":{\"@id\":\"https:\\\/\\\/www.gruporecoletas.com\\\/noticias\\\/la-deteccion-precoz-clave-luchar-frente-al-melanoma\\\/#primaryimage\"},\"thumbnailUrl\":\"https:\\\/\\\/www.gruporecoletas.com\\\/noticias\\\/wp-content\\\/uploads\\\/2018\\\/04\\\/lunar-hombre.jpg\",\"articleSection\":[\"Prevenci\u00f3n\"],\"inLanguage\":\"es\"},{\"@type\":\"WebPage\",\"@id\":\"https:\\\/\\\/www.gruporecoletas.com\\\/noticias\\\/la-deteccion-precoz-clave-luchar-frente-al-melanoma\\\/\",\"url\":\"https:\\\/\\\/www.gruporecoletas.com\\\/noticias\\\/la-deteccion-precoz-clave-luchar-frente-al-melanoma\\\/\",\"name\":\"La detecci\u00f3n precoz, clave para luchar frente al melanoma - Noticias Grupo Recoletas\",\"isPartOf\":{\"@id\":\"https:\\\/\\\/www.gruporecoletas.com\\\/noticias\\\/#website\"},\"primaryImageOfPage\":{\"@id\":\"https:\\\/\\\/www.gruporecoletas.com\\\/noticias\\\/la-deteccion-precoz-clave-luchar-frente-al-melanoma\\\/#primaryimage\"},\"image\":{\"@id\":\"https:\\\/\\\/www.gruporecoletas.com\\\/noticias\\\/la-deteccion-precoz-clave-luchar-frente-al-melanoma\\\/#primaryimage\"},\"thumbnailUrl\":\"https:\\\/\\\/www.gruporecoletas.com\\\/noticias\\\/wp-content\\\/uploads\\\/2018\\\/04\\\/lunar-hombre.jpg\",\"datePublished\":\"2018-04-30T14:20:10+00:00\",\"dateModified\":\"2019-03-05T10:10:19+00:00\",\"author\":{\"@id\":\"https:\\\/\\\/www.gruporecoletas.com\\\/noticias\\\/#\\\/schema\\\/person\\\/3c6ac429828d1f5e3d3bd99f4da9b02c\"},\"breadcrumb\":{\"@id\":\"https:\\\/\\\/www.gruporecoletas.com\\\/noticias\\\/la-deteccion-precoz-clave-luchar-frente-al-melanoma\\\/#breadcrumb\"},\"inLanguage\":\"es\",\"potentialAction\":[{\"@type\":\"ReadAction\",\"target\":[\"https:\\\/\\\/www.gruporecoletas.com\\\/noticias\\\/la-deteccion-precoz-clave-luchar-frente-al-melanoma\\\/\"]}]},{\"@type\":\"ImageObject\",\"inLanguage\":\"es\",\"@id\":\"https:\\\/\\\/www.gruporecoletas.com\\\/noticias\\\/la-deteccion-precoz-clave-luchar-frente-al-melanoma\\\/#primaryimage\",\"url\":\"https:\\\/\\\/www.gruporecoletas.com\\\/noticias\\\/wp-content\\\/uploads\\\/2018\\\/04\\\/lunar-hombre.jpg\",\"contentUrl\":\"https:\\\/\\\/www.gruporecoletas.com\\\/noticias\\\/wp-content\\\/uploads\\\/2018\\\/04\\\/lunar-hombre.jpg\",\"width\":1452,\"height\":968},{\"@type\":\"BreadcrumbList\",\"@id\":\"https:\\\/\\\/www.gruporecoletas.com\\\/noticias\\\/la-deteccion-precoz-clave-luchar-frente-al-melanoma\\\/#breadcrumb\",\"itemListElement\":[{\"@type\":\"ListItem\",\"position\":1,\"name\":\"Portada\",\"item\":\"https:\\\/\\\/www.gruporecoletas.com\\\/noticias\\\/\"},{\"@type\":\"ListItem\",\"position\":2,\"name\":\"La detecci\u00f3n precoz, clave para luchar frente al melanoma\"}]},{\"@type\":\"WebSite\",\"@id\":\"https:\\\/\\\/www.gruporecoletas.com\\\/noticias\\\/#website\",\"url\":\"https:\\\/\\\/www.gruporecoletas.com\\\/noticias\\\/\",\"name\":\"Noticias Grupo Recoletas\",\"description\":\"Grupo Recoletas\",\"potentialAction\":[{\"@type\":\"SearchAction\",\"target\":{\"@type\":\"EntryPoint\",\"urlTemplate\":\"https:\\\/\\\/www.gruporecoletas.com\\\/noticias\\\/?s={search_term_string}\"},\"query-input\":{\"@type\":\"PropertyValueSpecification\",\"valueRequired\":true,\"valueName\":\"search_term_string\"}}],\"inLanguage\":\"es\"},{\"@type\":\"Person\",\"@id\":\"https:\\\/\\\/www.gruporecoletas.com\\\/noticias\\\/#\\\/schema\\\/person\\\/3c6ac429828d1f5e3d3bd99f4da9b02c\",\"name\":\"Recoletas Red Hospitalaria\",\"url\":\"https:\\\/\\\/www.gruporecoletas.com\\\/noticias\\\/author\\\/comunicacion\\\/\"}]}<\/script>\n<!-- \/ Yoast SEO Premium plugin. -->","yoast_head_json":{"title":"La detecci\u00f3n precoz, clave para luchar frente al melanoma - Noticias Grupo Recoletas","robots":{"index":"index","follow":"follow","max-snippet":"max-snippet:-1","max-image-preview":"max-image-preview:large","max-video-preview":"max-video-preview:-1"},"canonical":"https:\/\/www.gruporecoletas.com\/noticias\/la-deteccion-precoz-clave-luchar-frente-al-melanoma\/","og_locale":"es_ES","og_type":"article","og_title":"La detecci\u00f3n precoz, clave para luchar frente al melanoma","og_description":"Uno de los aspectos que siempre se destaca en la lucha contra el c\u00e1ncer\u00a0es la importancia de la prevenci\u00f3n o el diagn\u00f3stico prematuro. Por eso es vital saber identificar un melanoma y c\u00f3mo tratarlo. Para empezar hay que explicar que el melanoma es un tipo de c\u00e1ncer poco frecuente, pero muy peligroso en el que [&hellip;]","og_url":"https:\/\/www.gruporecoletas.com\/noticias\/la-deteccion-precoz-clave-luchar-frente-al-melanoma\/","og_site_name":"Noticias Grupo Recoletas","article_publisher":"https:\/\/www.facebook.com\/GrupoRecoletas\/","article_published_time":"2018-04-30T14:20:10+00:00","article_modified_time":"2019-03-05T10:10:19+00:00","og_image":[{"width":1452,"height":968,"url":"https:\/\/www.gruporecoletas.com\/noticias\/wp-content\/uploads\/2018\/04\/lunar-hombre.jpg","type":"image\/jpeg"}],"author":"Recoletas Red Hospitalaria","twitter_card":"summary_large_image","twitter_creator":"@GrupoRecoletas","twitter_site":"@GrupoRecoletas","twitter_misc":{"Escrito por":"Recoletas Red Hospitalaria","Tiempo de lectura":"1 minuto"},"schema":{"@context":"https:\/\/schema.org","@graph":[{"@type":"Article","@id":"https:\/\/www.gruporecoletas.com\/noticias\/la-deteccion-precoz-clave-luchar-frente-al-melanoma\/#article","isPartOf":{"@id":"https:\/\/www.gruporecoletas.com\/noticias\/la-deteccion-precoz-clave-luchar-frente-al-melanoma\/"},"author":{"name":"Recoletas Red Hospitalaria","@id":"https:\/\/www.gruporecoletas.com\/noticias\/#\/schema\/person\/3c6ac429828d1f5e3d3bd99f4da9b02c"},"headline":"La detecci\u00f3n precoz, clave para luchar frente al melanoma","datePublished":"2018-04-30T14:20:10+00:00","dateModified":"2019-03-05T10:10:19+00:00","mainEntityOfPage":{"@id":"https:\/\/www.gruporecoletas.com\/noticias\/la-deteccion-precoz-clave-luchar-frente-al-melanoma\/"},"wordCount":306,"image":{"@id":"https:\/\/www.gruporecoletas.com\/noticias\/la-deteccion-precoz-clave-luchar-frente-al-melanoma\/#primaryimage"},"thumbnailUrl":"https:\/\/www.gruporecoletas.com\/noticias\/wp-content\/uploads\/2018\/04\/lunar-hombre.jpg","articleSection":["Prevenci\u00f3n"],"inLanguage":"es"},{"@type":"WebPage","@id":"https:\/\/www.gruporecoletas.com\/noticias\/la-deteccion-precoz-clave-luchar-frente-al-melanoma\/","url":"https:\/\/www.gruporecoletas.com\/noticias\/la-deteccion-precoz-clave-luchar-frente-al-melanoma\/","name":"La detecci\u00f3n precoz, clave para luchar frente al melanoma - Noticias Grupo Recoletas","isPartOf":{"@id":"https:\/\/www.gruporecoletas.com\/noticias\/#website"},"primaryImageOfPage":{"@id":"https:\/\/www.gruporecoletas.com\/noticias\/la-deteccion-precoz-clave-luchar-frente-al-melanoma\/#primaryimage"},"image":{"@id":"https:\/\/www.gruporecoletas.com\/noticias\/la-deteccion-precoz-clave-luchar-frente-al-melanoma\/#primaryimage"},"thumbnailUrl":"https:\/\/www.gruporecoletas.com\/noticias\/wp-content\/uploads\/2018\/04\/lunar-hombre.jpg","datePublished":"2018-04-30T14:20:10+00:00","dateModified":"2019-03-05T10:10:19+00:00","author":{"@id":"https:\/\/www.gruporecoletas.com\/noticias\/#\/schema\/person\/3c6ac429828d1f5e3d3bd99f4da9b02c"},"breadcrumb":{"@id":"https:\/\/www.gruporecoletas.com\/noticias\/la-deteccion-precoz-clave-luchar-frente-al-melanoma\/#breadcrumb"},"inLanguage":"es","potentialAction":[{"@type":"ReadAction","target":["https:\/\/www.gruporecoletas.com\/noticias\/la-deteccion-precoz-clave-luchar-frente-al-melanoma\/"]}]},{"@type":"ImageObject","inLanguage":"es","@id":"https:\/\/www.gruporecoletas.com\/noticias\/la-deteccion-precoz-clave-luchar-frente-al-melanoma\/#primaryimage","url":"https:\/\/www.gruporecoletas.com\/noticias\/wp-content\/uploads\/2018\/04\/lunar-hombre.jpg","contentUrl":"https:\/\/www.gruporecoletas.com\/noticias\/wp-content\/uploads\/2018\/04\/lunar-hombre.jpg","width":1452,"height":968},{"@type":"BreadcrumbList","@id":"https:\/\/www.gruporecoletas.com\/noticias\/la-deteccion-precoz-clave-luchar-frente-al-melanoma\/#breadcrumb","itemListElement":[{"@type":"ListItem","position":1,"name":"Portada","item":"https:\/\/www.gruporecoletas.com\/noticias\/"},{"@type":"ListItem","position":2,"name":"La detecci\u00f3n precoz, clave para luchar frente al melanoma"}]},{"@type":"WebSite","@id":"https:\/\/www.gruporecoletas.com\/noticias\/#website","url":"https:\/\/www.gruporecoletas.com\/noticias\/","name":"Noticias Grupo Recoletas","description":"Grupo Recoletas","potentialAction":[{"@type":"SearchAction","target":{"@type":"EntryPoint","urlTemplate":"https:\/\/www.gruporecoletas.com\/noticias\/?s={search_term_string}"},"query-input":{"@type":"PropertyValueSpecification","valueRequired":true,"valueName":"search_term_string"}}],"inLanguage":"es"},{"@type":"Person","@id":"https:\/\/www.gruporecoletas.com\/noticias\/#\/schema\/person\/3c6ac429828d1f5e3d3bd99f4da9b02c","name":"Recoletas Red Hospitalaria","url":"https:\/\/www.gruporecoletas.com\/noticias\/author\/comunicacion\/"}]}},"_links":{"self":[{"href":"https:\/\/www.gruporecoletas.com\/noticias\/wp-json\/wp\/v2\/posts\/10877","targetHints":{"allow":["GET"]}}],"collection":[{"href":"https:\/\/www.gruporecoletas.com\/noticias\/wp-json\/wp\/v2\/posts"}],"about":[{"href":"https:\/\/www.gruporecoletas.com\/noticias\/wp-json\/wp\/v2\/types\/post"}],"author":[{"embeddable":true,"href":"https:\/\/www.gruporecoletas.com\/noticias\/wp-json\/wp\/v2\/users\/2"}],"replies":[{"embeddable":true,"href":"https:\/\/www.gruporecoletas.com\/noticias\/wp-json\/wp\/v2\/comments?post=10877"}],"version-history":[{"count":1,"href":"https:\/\/www.gruporecoletas.com\/noticias\/wp-json\/wp\/v2\/posts\/10877\/revisions"}],"predecessor-version":[{"id":11713,"href":"https:\/\/www.gruporecoletas.com\/noticias\/wp-json\/wp\/v2\/posts\/10877\/revisions\/11713"}],"wp:featuredmedia":[{"embeddable":true,"href":"https:\/\/www.gruporecoletas.com\/noticias\/wp-json\/wp\/v2\/media\/10878"}],"wp:attachment":[{"href":"https:\/\/www.gruporecoletas.com\/noticias\/wp-json\/wp\/v2\/media?parent=10877"}],"wp:term":[{"taxonomy":"category","embeddable":true,"href":"https:\/\/www.gruporecoletas.com\/noticias\/wp-json\/wp\/v2\/categories?post=10877"},{"taxonomy":"post_tag","embeddable":true,"href":"https:\/\/www.gruporecoletas.com\/noticias\/wp-json\/wp\/v2\/tags?post=10877"}],"curies":[{"name":"wp","href":"https:\/\/api.w.org\/{rel}","templated":true}]}}