{"id":10908,"date":"2018-05-16T14:30:43","date_gmt":"2018-05-16T14:30:43","guid":{"rendered":"https:\/\/www.gruporecoletas.com\/?p=10908"},"modified":"2019-03-05T10:09:10","modified_gmt":"2019-03-05T10:09:10","slug":"la-alergia-primaveral-diagnostico-tratamiento","status":"publish","type":"post","link":"https:\/\/www.gruporecoletas.com\/noticias\/la-alergia-primaveral-diagnostico-tratamiento\/","title":{"rendered":"\u00bfC\u00f3mo se diagnostican las alergias primaverales?"},"content":{"rendered":"<p>Los s\u00edntomas de una reacci\u00f3n al\u00e9rgica son muchas veces inconfundibles, pero lo que no siempre est\u00e1 tan claro a simple vista son qu\u00e9 los ha causado. Debido a que cada reacci\u00f3n al\u00e9rgica la provoca una sustancia espec\u00edfica, <strong>el principal objetivo del diagn\u00f3stico es identificarla entre la larga lista de al\u00e9rgenos<\/strong>. Casi como en una novela de detectives, los m\u00e9dicos deben usar la deducci\u00f3n para ir descartando posibles sospechosos e identificar al \u201cculpable\u201d de la reacci\u00f3n al\u00e9rgica.<\/p>\n<h3>En busca del al\u00e9rgeno<\/h3>\n<p>Antes de cualquier prueba m\u00e9dica, el alerg\u00f3logo hablar\u00e1 con el paciente acerca de su historia cl\u00ednica. Cu\u00e1les son sus h\u00e1bitos y qu\u00e9 medicamentos toma, en qu\u00e9 \u00e9pocas del a\u00f1o y en qu\u00e9 contexto aparecen sus s\u00edntomas, antecedentes familiares, <i>etc<\/i>. Con ello se pretende averiguar a qu\u00e9 posibles al\u00e9rgenos est\u00e1 expuesto en su vida diaria.<\/p>\n<p>Despu\u00e9s, debe probar sus hip\u00f3tesis en el paciente. Para ello cuenta con tres tipos de test: las pruebas en la piel, en la sangre y las pruebas de provocaci\u00f3n.<\/p>\n<p><b>Pruebas en la piel<\/b><\/p>\n<p>F\u00e1ciles, baratas y r\u00e1pidas de hacer, las pruebas en la piel son el procedimiento m\u00e1s utilizado a la hora de identificar alergias. En estas pruebas se intenta reproducir a peque\u00f1a escala en la piel del paciente la inflamaci\u00f3n caracter\u00edstica de las alergias. En funci\u00f3n de los posibles \u201csospechosos\u201d, el m\u00e9dico introducir\u00e1 cantidades m\u00ednimas de al\u00e9rgenos en la piel del paciente y observar\u00e1 si en la piel aparecen eccemas. Si es el caso, es muy probable que se haya descubierto el responsable de sus s\u00edntomas.<\/p>\n<p><b>Pruebas en la sangre<\/b><\/p>\n<p>Las pruebas sangu\u00edneas pretenden identificar qu\u00e9 anticuerpos (las prote\u00ednas que segrega nuestro organismo cuando \u201cse confunde\u201d y considera que nuestros tejidos sanos son sustancias da\u00f1inas) hay en la sangre de la persona que padece la alergia.<\/p>\n<p><b>Pruebas de provocaci\u00f3n<\/b><\/p>\n<p>En algunas (muy pocas) ocasiones, se administran directamente al paciente cantidades progresivamente mayores de un al\u00e9rgeno, mientras un m\u00e9dico observa si aparecen los s\u00edntomas de una reacci\u00f3n al\u00e9rgica. Se utilizan sobre todo en ensayos cl\u00ednicos dentro de proyectos de investigaci\u00f3n, pero pueden llegar a usarse tambi\u00e9n para diagnosticar a algunos pacientes que no pueden someterse a las dem\u00e1s pruebas o que no han sido concluyentes.<\/p>\n<h3>\u00bfCu\u00e1les son los tratamientos m\u00e1s comunes de las alergias primaverales?<\/h3>\n<p>Se suelen utilizar medicamentos de distintos tipos, estos son alguno de ellos:<\/p>\n<ul>\n<li>Los<b> antihistam\u00ednicos<\/b> reducen los estornudos, los mocos y el picor mediante la reducci\u00f3n de la cantidad e histamina (sustancia producida durante una reacci\u00f3n al\u00e9rgica) en el cuerpo.<\/li>\n<li>Los<b> mucol\u00edticos<\/b> se encargan de aliviar la congesti\u00f3n y la hinchaz\u00f3n de las v\u00edas respiratorias.<\/li>\n<li>Los <b>antihistam\u00ednicos-mucol\u00edticos<\/b> que cubren los efectos de los dos anteriores.<\/li>\n<li>Los <b>descongestionantes en aerosol<\/b> nasal, consiguen aliviar la congesti\u00f3n y pueden despejar los conductos nasales de una forma m\u00e1s eficaz que los mucol\u00edticos orales.<\/li>\n<li>El <b>spray-nasal <\/b>a base de cromoglicato de sodio ayuda a prevenir la fiebre del heno y a detener la liberaci\u00f3n de la histamina antes de que pueda se puedan desencadenar los s\u00edntomas de la alergia.<\/li>\n<li>Gotas para aliviar los ojos llorosos<\/li>\n<\/ul>\n<p>A pesar de que podemos comprar estos medicamentos sin receta, debemos hablar con nuestro m\u00e9dico para que, <b>en funci\u00f3n de su experiencia<\/b>, podamos adquirir los aquellos que mejor se adapten a nuestras necesidades y sean lo m\u00e1s eficaces posibles.<\/p>\n<p>No debemos obviar que <b>algunos de estos medicamentos, sobre todo los antihistam\u00ednicos, producen somnolencia,<\/b> por lo que hay que tener un especial cuidado cuando los utilizamos durante el d\u00eda.<\/p>\n<p>Si este tipo de medicamentos no pueden aliviar los s\u00edntomas que aparecen en la alergia primaveral, el m\u00e9dico especialista puede prescribir <b>un tratamiento m\u00e1s avanzado<\/b>, basado en el uso de vacunas para la alergia o in tratamiento de inmunoterapia sublingual\/oral. Las vacunas antial\u00e9rgicas exponen a nuestro cuerpo a unas concentraciones que van progresando a medida que avanza el tratamiento hasta que consigue hacernos tolerantes al al\u00e9rgeno en cuesti\u00f3n.<\/p>\n<p>Este tipo de medicamentos pueden <b>aliviar y mejorar los s\u00edntomas<\/b> de la alergia primaveral durante m\u00e1s tiempo que el resto de medicamentos, a pesar de que en determinadas ocasiones puede darse la circunstancia de que el tratamiento de la alergia con vacuna no son efectivos en todas las personas que lo utilizan.    \t<\/p>\n","protected":false},"excerpt":{"rendered":"<p>Los s\u00edntomas de una reacci\u00f3n al\u00e9rgica son muchas veces inconfundibles, pero lo que no siempre est\u00e1 tan claro a simple vista son qu\u00e9 los ha causado. Debido a que cada reacci\u00f3n al\u00e9rgica la provoca una sustancia espec\u00edfica, el principal objetivo del diagn\u00f3stico es identificarla entre la larga lista de al\u00e9rgenos. Casi como en una novela [&hellip;]<\/p>\n","protected":false},"author":2,"featured_media":10909,"comment_status":"closed","ping_status":"closed","sticky":false,"template":"","format":"standard","meta":{"_acf_changed":false,"footnotes":""},"categories":[50],"tags":[],"class_list":["post-10908","post","type-post","status-publish","format-standard","has-post-thumbnail","hentry","category-patologias"],"acf":[],"yoast_head":"<!-- This site is optimized with the Yoast SEO Premium plugin v27.3 (Yoast SEO v27.3) - https:\/\/yoast.com\/product\/yoast-seo-premium-wordpress\/ -->\n<title>\u00bfC\u00f3mo se diagnostican las alergias primaverales? - Noticias Grupo Recoletas<\/title>\n<meta name=\"robots\" content=\"index, follow, max-snippet:-1, max-image-preview:large, max-video-preview:-1\" \/>\n<link rel=\"canonical\" href=\"https:\/\/www.gruporecoletas.com\/noticias\/la-alergia-primaveral-diagnostico-tratamiento\/\" \/>\n<meta property=\"og:locale\" content=\"es_ES\" \/>\n<meta property=\"og:type\" content=\"article\" \/>\n<meta property=\"og:title\" content=\"\u00bfC\u00f3mo se diagnostican las alergias primaverales?\" \/>\n<meta property=\"og:description\" content=\"Los s\u00edntomas de una reacci\u00f3n al\u00e9rgica son muchas veces inconfundibles, pero lo que no siempre est\u00e1 tan claro a simple vista son qu\u00e9 los ha causado. Debido a que cada reacci\u00f3n al\u00e9rgica la provoca una sustancia espec\u00edfica, el principal objetivo del diagn\u00f3stico es identificarla entre la larga lista de al\u00e9rgenos. Casi como en una novela [&hellip;]\" \/>\n<meta property=\"og:url\" content=\"https:\/\/www.gruporecoletas.com\/noticias\/la-alergia-primaveral-diagnostico-tratamiento\/\" \/>\n<meta property=\"og:site_name\" content=\"Noticias Grupo Recoletas\" \/>\n<meta property=\"article:publisher\" content=\"https:\/\/www.facebook.com\/GrupoRecoletas\/\" \/>\n<meta property=\"article:published_time\" content=\"2018-05-16T14:30:43+00:00\" \/>\n<meta property=\"article:modified_time\" content=\"2019-03-05T10:09:10+00:00\" \/>\n<meta property=\"og:image\" content=\"https:\/\/www.gruporecoletas.com\/noticias\/wp-content\/uploads\/2018\/05\/nature-plant-flower-petal-summer-spring-720211-pxhere.com_.jpg\" \/>\n\t<meta property=\"og:image:width\" content=\"1352\" \/>\n\t<meta property=\"og:image:height\" content=\"900\" \/>\n\t<meta property=\"og:image:type\" content=\"image\/jpeg\" \/>\n<meta name=\"author\" content=\"Recoletas Red Hospitalaria\" \/>\n<meta name=\"twitter:card\" content=\"summary_large_image\" \/>\n<meta name=\"twitter:creator\" content=\"@GrupoRecoletas\" \/>\n<meta name=\"twitter:site\" content=\"@GrupoRecoletas\" \/>\n<meta name=\"twitter:label1\" content=\"Escrito por\" \/>\n\t<meta name=\"twitter:data1\" content=\"Recoletas Red Hospitalaria\" \/>\n\t<meta name=\"twitter:label2\" content=\"Tiempo de lectura\" \/>\n\t<meta name=\"twitter:data2\" content=\"4 minutos\" \/>\n<script type=\"application\/ld+json\" class=\"yoast-schema-graph\">{\"@context\":\"https:\\\/\\\/schema.org\",\"@graph\":[{\"@type\":\"Article\",\"@id\":\"https:\\\/\\\/www.gruporecoletas.com\\\/noticias\\\/la-alergia-primaveral-diagnostico-tratamiento\\\/#article\",\"isPartOf\":{\"@id\":\"https:\\\/\\\/www.gruporecoletas.com\\\/noticias\\\/la-alergia-primaveral-diagnostico-tratamiento\\\/\"},\"author\":{\"name\":\"Recoletas Red Hospitalaria\",\"@id\":\"https:\\\/\\\/www.gruporecoletas.com\\\/noticias\\\/#\\\/schema\\\/person\\\/3c6ac429828d1f5e3d3bd99f4da9b02c\"},\"headline\":\"\u00bfC\u00f3mo se diagnostican las alergias primaverales?\",\"datePublished\":\"2018-05-16T14:30:43+00:00\",\"dateModified\":\"2019-03-05T10:09:10+00:00\",\"mainEntityOfPage\":{\"@id\":\"https:\\\/\\\/www.gruporecoletas.com\\\/noticias\\\/la-alergia-primaveral-diagnostico-tratamiento\\\/\"},\"wordCount\":772,\"image\":{\"@id\":\"https:\\\/\\\/www.gruporecoletas.com\\\/noticias\\\/la-alergia-primaveral-diagnostico-tratamiento\\\/#primaryimage\"},\"thumbnailUrl\":\"https:\\\/\\\/www.gruporecoletas.com\\\/noticias\\\/wp-content\\\/uploads\\\/2018\\\/05\\\/nature-plant-flower-petal-summer-spring-720211-pxhere.com_.jpg\",\"articleSection\":[\"Patolog\u00edas\"],\"inLanguage\":\"es\"},{\"@type\":\"WebPage\",\"@id\":\"https:\\\/\\\/www.gruporecoletas.com\\\/noticias\\\/la-alergia-primaveral-diagnostico-tratamiento\\\/\",\"url\":\"https:\\\/\\\/www.gruporecoletas.com\\\/noticias\\\/la-alergia-primaveral-diagnostico-tratamiento\\\/\",\"name\":\"\u00bfC\u00f3mo se diagnostican las alergias primaverales? - Noticias Grupo Recoletas\",\"isPartOf\":{\"@id\":\"https:\\\/\\\/www.gruporecoletas.com\\\/noticias\\\/#website\"},\"primaryImageOfPage\":{\"@id\":\"https:\\\/\\\/www.gruporecoletas.com\\\/noticias\\\/la-alergia-primaveral-diagnostico-tratamiento\\\/#primaryimage\"},\"image\":{\"@id\":\"https:\\\/\\\/www.gruporecoletas.com\\\/noticias\\\/la-alergia-primaveral-diagnostico-tratamiento\\\/#primaryimage\"},\"thumbnailUrl\":\"https:\\\/\\\/www.gruporecoletas.com\\\/noticias\\\/wp-content\\\/uploads\\\/2018\\\/05\\\/nature-plant-flower-petal-summer-spring-720211-pxhere.com_.jpg\",\"datePublished\":\"2018-05-16T14:30:43+00:00\",\"dateModified\":\"2019-03-05T10:09:10+00:00\",\"author\":{\"@id\":\"https:\\\/\\\/www.gruporecoletas.com\\\/noticias\\\/#\\\/schema\\\/person\\\/3c6ac429828d1f5e3d3bd99f4da9b02c\"},\"breadcrumb\":{\"@id\":\"https:\\\/\\\/www.gruporecoletas.com\\\/noticias\\\/la-alergia-primaveral-diagnostico-tratamiento\\\/#breadcrumb\"},\"inLanguage\":\"es\",\"potentialAction\":[{\"@type\":\"ReadAction\",\"target\":[\"https:\\\/\\\/www.gruporecoletas.com\\\/noticias\\\/la-alergia-primaveral-diagnostico-tratamiento\\\/\"]}]},{\"@type\":\"ImageObject\",\"inLanguage\":\"es\",\"@id\":\"https:\\\/\\\/www.gruporecoletas.com\\\/noticias\\\/la-alergia-primaveral-diagnostico-tratamiento\\\/#primaryimage\",\"url\":\"https:\\\/\\\/www.gruporecoletas.com\\\/noticias\\\/wp-content\\\/uploads\\\/2018\\\/05\\\/nature-plant-flower-petal-summer-spring-720211-pxhere.com_.jpg\",\"contentUrl\":\"https:\\\/\\\/www.gruporecoletas.com\\\/noticias\\\/wp-content\\\/uploads\\\/2018\\\/05\\\/nature-plant-flower-petal-summer-spring-720211-pxhere.com_.jpg\",\"width\":1352,\"height\":900},{\"@type\":\"BreadcrumbList\",\"@id\":\"https:\\\/\\\/www.gruporecoletas.com\\\/noticias\\\/la-alergia-primaveral-diagnostico-tratamiento\\\/#breadcrumb\",\"itemListElement\":[{\"@type\":\"ListItem\",\"position\":1,\"name\":\"Portada\",\"item\":\"https:\\\/\\\/www.gruporecoletas.com\\\/noticias\\\/\"},{\"@type\":\"ListItem\",\"position\":2,\"name\":\"\u00bfC\u00f3mo se diagnostican las alergias primaverales?\"}]},{\"@type\":\"WebSite\",\"@id\":\"https:\\\/\\\/www.gruporecoletas.com\\\/noticias\\\/#website\",\"url\":\"https:\\\/\\\/www.gruporecoletas.com\\\/noticias\\\/\",\"name\":\"Noticias Grupo Recoletas\",\"description\":\"Grupo Recoletas\",\"potentialAction\":[{\"@type\":\"SearchAction\",\"target\":{\"@type\":\"EntryPoint\",\"urlTemplate\":\"https:\\\/\\\/www.gruporecoletas.com\\\/noticias\\\/?s={search_term_string}\"},\"query-input\":{\"@type\":\"PropertyValueSpecification\",\"valueRequired\":true,\"valueName\":\"search_term_string\"}}],\"inLanguage\":\"es\"},{\"@type\":\"Person\",\"@id\":\"https:\\\/\\\/www.gruporecoletas.com\\\/noticias\\\/#\\\/schema\\\/person\\\/3c6ac429828d1f5e3d3bd99f4da9b02c\",\"name\":\"Recoletas Red Hospitalaria\",\"url\":\"https:\\\/\\\/www.gruporecoletas.com\\\/noticias\\\/author\\\/comunicacion\\\/\"}]}<\/script>\n<!-- \/ Yoast SEO Premium plugin. -->","yoast_head_json":{"title":"\u00bfC\u00f3mo se diagnostican las alergias primaverales? - Noticias Grupo Recoletas","robots":{"index":"index","follow":"follow","max-snippet":"max-snippet:-1","max-image-preview":"max-image-preview:large","max-video-preview":"max-video-preview:-1"},"canonical":"https:\/\/www.gruporecoletas.com\/noticias\/la-alergia-primaveral-diagnostico-tratamiento\/","og_locale":"es_ES","og_type":"article","og_title":"\u00bfC\u00f3mo se diagnostican las alergias primaverales?","og_description":"Los s\u00edntomas de una reacci\u00f3n al\u00e9rgica son muchas veces inconfundibles, pero lo que no siempre est\u00e1 tan claro a simple vista son qu\u00e9 los ha causado. Debido a que cada reacci\u00f3n al\u00e9rgica la provoca una sustancia espec\u00edfica, el principal objetivo del diagn\u00f3stico es identificarla entre la larga lista de al\u00e9rgenos. Casi como en una novela [&hellip;]","og_url":"https:\/\/www.gruporecoletas.com\/noticias\/la-alergia-primaveral-diagnostico-tratamiento\/","og_site_name":"Noticias Grupo Recoletas","article_publisher":"https:\/\/www.facebook.com\/GrupoRecoletas\/","article_published_time":"2018-05-16T14:30:43+00:00","article_modified_time":"2019-03-05T10:09:10+00:00","og_image":[{"width":1352,"height":900,"url":"https:\/\/www.gruporecoletas.com\/noticias\/wp-content\/uploads\/2018\/05\/nature-plant-flower-petal-summer-spring-720211-pxhere.com_.jpg","type":"image\/jpeg"}],"author":"Recoletas Red Hospitalaria","twitter_card":"summary_large_image","twitter_creator":"@GrupoRecoletas","twitter_site":"@GrupoRecoletas","twitter_misc":{"Escrito por":"Recoletas Red Hospitalaria","Tiempo de lectura":"4 minutos"},"schema":{"@context":"https:\/\/schema.org","@graph":[{"@type":"Article","@id":"https:\/\/www.gruporecoletas.com\/noticias\/la-alergia-primaveral-diagnostico-tratamiento\/#article","isPartOf":{"@id":"https:\/\/www.gruporecoletas.com\/noticias\/la-alergia-primaveral-diagnostico-tratamiento\/"},"author":{"name":"Recoletas Red Hospitalaria","@id":"https:\/\/www.gruporecoletas.com\/noticias\/#\/schema\/person\/3c6ac429828d1f5e3d3bd99f4da9b02c"},"headline":"\u00bfC\u00f3mo se diagnostican las alergias primaverales?","datePublished":"2018-05-16T14:30:43+00:00","dateModified":"2019-03-05T10:09:10+00:00","mainEntityOfPage":{"@id":"https:\/\/www.gruporecoletas.com\/noticias\/la-alergia-primaveral-diagnostico-tratamiento\/"},"wordCount":772,"image":{"@id":"https:\/\/www.gruporecoletas.com\/noticias\/la-alergia-primaveral-diagnostico-tratamiento\/#primaryimage"},"thumbnailUrl":"https:\/\/www.gruporecoletas.com\/noticias\/wp-content\/uploads\/2018\/05\/nature-plant-flower-petal-summer-spring-720211-pxhere.com_.jpg","articleSection":["Patolog\u00edas"],"inLanguage":"es"},{"@type":"WebPage","@id":"https:\/\/www.gruporecoletas.com\/noticias\/la-alergia-primaveral-diagnostico-tratamiento\/","url":"https:\/\/www.gruporecoletas.com\/noticias\/la-alergia-primaveral-diagnostico-tratamiento\/","name":"\u00bfC\u00f3mo se diagnostican las alergias primaverales? - Noticias Grupo Recoletas","isPartOf":{"@id":"https:\/\/www.gruporecoletas.com\/noticias\/#website"},"primaryImageOfPage":{"@id":"https:\/\/www.gruporecoletas.com\/noticias\/la-alergia-primaveral-diagnostico-tratamiento\/#primaryimage"},"image":{"@id":"https:\/\/www.gruporecoletas.com\/noticias\/la-alergia-primaveral-diagnostico-tratamiento\/#primaryimage"},"thumbnailUrl":"https:\/\/www.gruporecoletas.com\/noticias\/wp-content\/uploads\/2018\/05\/nature-plant-flower-petal-summer-spring-720211-pxhere.com_.jpg","datePublished":"2018-05-16T14:30:43+00:00","dateModified":"2019-03-05T10:09:10+00:00","author":{"@id":"https:\/\/www.gruporecoletas.com\/noticias\/#\/schema\/person\/3c6ac429828d1f5e3d3bd99f4da9b02c"},"breadcrumb":{"@id":"https:\/\/www.gruporecoletas.com\/noticias\/la-alergia-primaveral-diagnostico-tratamiento\/#breadcrumb"},"inLanguage":"es","potentialAction":[{"@type":"ReadAction","target":["https:\/\/www.gruporecoletas.com\/noticias\/la-alergia-primaveral-diagnostico-tratamiento\/"]}]},{"@type":"ImageObject","inLanguage":"es","@id":"https:\/\/www.gruporecoletas.com\/noticias\/la-alergia-primaveral-diagnostico-tratamiento\/#primaryimage","url":"https:\/\/www.gruporecoletas.com\/noticias\/wp-content\/uploads\/2018\/05\/nature-plant-flower-petal-summer-spring-720211-pxhere.com_.jpg","contentUrl":"https:\/\/www.gruporecoletas.com\/noticias\/wp-content\/uploads\/2018\/05\/nature-plant-flower-petal-summer-spring-720211-pxhere.com_.jpg","width":1352,"height":900},{"@type":"BreadcrumbList","@id":"https:\/\/www.gruporecoletas.com\/noticias\/la-alergia-primaveral-diagnostico-tratamiento\/#breadcrumb","itemListElement":[{"@type":"ListItem","position":1,"name":"Portada","item":"https:\/\/www.gruporecoletas.com\/noticias\/"},{"@type":"ListItem","position":2,"name":"\u00bfC\u00f3mo se diagnostican las alergias primaverales?"}]},{"@type":"WebSite","@id":"https:\/\/www.gruporecoletas.com\/noticias\/#website","url":"https:\/\/www.gruporecoletas.com\/noticias\/","name":"Noticias Grupo Recoletas","description":"Grupo Recoletas","potentialAction":[{"@type":"SearchAction","target":{"@type":"EntryPoint","urlTemplate":"https:\/\/www.gruporecoletas.com\/noticias\/?s={search_term_string}"},"query-input":{"@type":"PropertyValueSpecification","valueRequired":true,"valueName":"search_term_string"}}],"inLanguage":"es"},{"@type":"Person","@id":"https:\/\/www.gruporecoletas.com\/noticias\/#\/schema\/person\/3c6ac429828d1f5e3d3bd99f4da9b02c","name":"Recoletas Red Hospitalaria","url":"https:\/\/www.gruporecoletas.com\/noticias\/author\/comunicacion\/"}]}},"_links":{"self":[{"href":"https:\/\/www.gruporecoletas.com\/noticias\/wp-json\/wp\/v2\/posts\/10908","targetHints":{"allow":["GET"]}}],"collection":[{"href":"https:\/\/www.gruporecoletas.com\/noticias\/wp-json\/wp\/v2\/posts"}],"about":[{"href":"https:\/\/www.gruporecoletas.com\/noticias\/wp-json\/wp\/v2\/types\/post"}],"author":[{"embeddable":true,"href":"https:\/\/www.gruporecoletas.com\/noticias\/wp-json\/wp\/v2\/users\/2"}],"replies":[{"embeddable":true,"href":"https:\/\/www.gruporecoletas.com\/noticias\/wp-json\/wp\/v2\/comments?post=10908"}],"version-history":[{"count":1,"href":"https:\/\/www.gruporecoletas.com\/noticias\/wp-json\/wp\/v2\/posts\/10908\/revisions"}],"predecessor-version":[{"id":11702,"href":"https:\/\/www.gruporecoletas.com\/noticias\/wp-json\/wp\/v2\/posts\/10908\/revisions\/11702"}],"wp:featuredmedia":[{"embeddable":true,"href":"https:\/\/www.gruporecoletas.com\/noticias\/wp-json\/wp\/v2\/media\/10909"}],"wp:attachment":[{"href":"https:\/\/www.gruporecoletas.com\/noticias\/wp-json\/wp\/v2\/media?parent=10908"}],"wp:term":[{"taxonomy":"category","embeddable":true,"href":"https:\/\/www.gruporecoletas.com\/noticias\/wp-json\/wp\/v2\/categories?post=10908"},{"taxonomy":"post_tag","embeddable":true,"href":"https:\/\/www.gruporecoletas.com\/noticias\/wp-json\/wp\/v2\/tags?post=10908"}],"curies":[{"name":"wp","href":"https:\/\/api.w.org\/{rel}","templated":true}]}}