{"id":10930,"date":"2018-05-31T05:47:44","date_gmt":"2018-05-31T05:47:44","guid":{"rendered":"https:\/\/www.gruporecoletas.com\/?p=10930"},"modified":"2019-03-05T10:08:32","modified_gmt":"2019-03-05T10:08:32","slug":"dia-mundial-sin-tabaco","status":"publish","type":"post","link":"https:\/\/www.gruporecoletas.com\/noticias\/dia-mundial-sin-tabaco\/","title":{"rendered":"D\u00eda mundial sin tabaco"},"content":{"rendered":"<p>Hoy celebramos el&nbsp;<strong><span class=\"_5afx\"><span class=\"_58cl _5afz\" aria-label=\"numeral\">#<\/span><span class=\"_58cm\">DiaMundialSinTabaco<\/span><\/span><\/strong>&nbsp;un peligro con el que perjudicas seriamente tu salud y la de los que te rodean. La cantera y jugadores del&nbsp;<a class=\"profileLink\" href=\"https:\/\/www.facebook.com\/atlvalladolid\/?fref=mentions\" data-hovercard=\"\/ajax\/hovercard\/page.php?id=322740291218444&amp;extragetparams=%7B%22fref%22%3A%22mentions%22%7D\" data-hovercard-prefer-more-content-show=\"1\">Recoletas Atl\u00e9tico Valladolid<\/a>&nbsp;tienen un mensaje para todos los fumadores!<span class=\"_5afx\"><span class=\"_58cm\"><br \/>\n<\/span><\/span>Prot\u00e9gele de los malos humos a tus hijos, <strong>si fumas ser\u00e1n fumadores pasivos<\/strong>.<br \/>\nSi te has planteado <strong>dejar de fumar<\/strong>, puedes hacerlo con la <strong>ayuda de tu m\u00e9dico<\/strong>.<br \/>\nCambiar tu estilo de vida es posible, deja el tabaco, practica deporte.<br \/>\nSi te ofrecen fumar por primera vez, no lo hagas,<strong> Fumar no mola<\/strong>!<\/p>\n","protected":false},"excerpt":{"rendered":"<p>Hoy celebramos el&nbsp;#DiaMundialSinTabaco&nbsp;un peligro con el que perjudicas seriamente tu salud y la de los que te rodean. La cantera y jugadores del&nbsp;Recoletas Atl\u00e9tico Valladolid&nbsp;tienen un mensaje para todos los fumadores! Prot\u00e9gele de los malos humos a tus hijos, si fumas ser\u00e1n fumadores pasivos. Si te has planteado dejar de fumar, puedes hacerlo con la [&hellip;]<\/p>\n","protected":false},"author":2,"featured_media":10932,"comment_status":"closed","ping_status":"closed","sticky":false,"template":"","format":"video","meta":{"_acf_changed":false,"footnotes":""},"categories":[48],"tags":[],"class_list":["post-10930","post","type-post","status-publish","format-video","has-post-thumbnail","hentry","category-prevencion","post_format-post-format-video","has-post-video"],"acf":[],"yoast_head":"<!-- This site is optimized with the Yoast SEO Premium plugin v27.3 (Yoast SEO v27.3) - https:\/\/yoast.com\/product\/yoast-seo-premium-wordpress\/ -->\n<title>D\u00eda mundial sin tabaco - Noticias Grupo Recoletas<\/title>\n<meta name=\"robots\" content=\"index, follow, max-snippet:-1, max-image-preview:large, max-video-preview:-1\" \/>\n<link rel=\"canonical\" href=\"https:\/\/www.gruporecoletas.com\/noticias\/dia-mundial-sin-tabaco\/\" \/>\n<meta property=\"og:locale\" content=\"es_ES\" \/>\n<meta property=\"og:type\" content=\"article\" \/>\n<meta property=\"og:title\" content=\"D\u00eda mundial sin tabaco\" \/>\n<meta property=\"og:description\" content=\"Hoy celebramos el&nbsp;#DiaMundialSinTabaco&nbsp;un peligro con el que perjudicas seriamente tu salud y la de los que te rodean. La cantera y jugadores del&nbsp;Recoletas Atl\u00e9tico Valladolid&nbsp;tienen un mensaje para todos los fumadores! Prot\u00e9gele de los malos humos a tus hijos, si fumas ser\u00e1n fumadores pasivos. Si te has planteado dejar de fumar, puedes hacerlo con la [&hellip;]\" \/>\n<meta property=\"og:url\" content=\"https:\/\/www.gruporecoletas.com\/noticias\/dia-mundial-sin-tabaco\/\" \/>\n<meta property=\"og:site_name\" content=\"Noticias Grupo Recoletas\" \/>\n<meta property=\"article:publisher\" content=\"https:\/\/www.facebook.com\/GrupoRecoletas\/\" \/>\n<meta property=\"article:published_time\" content=\"2018-05-31T05:47:44+00:00\" \/>\n<meta property=\"article:modified_time\" content=\"2019-03-05T10:08:32+00:00\" \/>\n<meta property=\"og:image\" content=\"https:\/\/www.gruporecoletas.com\/noticias\/wp-content\/uploads\/2018\/05\/maxresdefault.jpg\" \/>\n\t<meta property=\"og:image:width\" content=\"1280\" \/>\n\t<meta property=\"og:image:height\" content=\"720\" \/>\n\t<meta property=\"og:image:type\" content=\"image\/jpeg\" \/>\n<meta name=\"author\" content=\"Recoletas Red Hospitalaria\" \/>\n<meta name=\"twitter:card\" content=\"summary_large_image\" \/>\n<meta name=\"twitter:creator\" content=\"@GrupoRecoletas\" \/>\n<meta name=\"twitter:site\" content=\"@GrupoRecoletas\" \/>\n<meta name=\"twitter:label1\" content=\"Escrito por\" \/>\n\t<meta name=\"twitter:data1\" content=\"Recoletas Red Hospitalaria\" \/>\n<script type=\"application\/ld+json\" class=\"yoast-schema-graph\">{\"@context\":\"https:\\\/\\\/schema.org\",\"@graph\":[{\"@type\":\"Article\",\"@id\":\"https:\\\/\\\/www.gruporecoletas.com\\\/noticias\\\/dia-mundial-sin-tabaco\\\/#article\",\"isPartOf\":{\"@id\":\"https:\\\/\\\/www.gruporecoletas.com\\\/noticias\\\/dia-mundial-sin-tabaco\\\/\"},\"author\":{\"name\":\"Recoletas Red Hospitalaria\",\"@id\":\"https:\\\/\\\/www.gruporecoletas.com\\\/noticias\\\/#\\\/schema\\\/person\\\/3c6ac429828d1f5e3d3bd99f4da9b02c\"},\"headline\":\"D\u00eda mundial sin tabaco\",\"datePublished\":\"2018-05-31T05:47:44+00:00\",\"dateModified\":\"2019-03-05T10:08:32+00:00\",\"mainEntityOfPage\":{\"@id\":\"https:\\\/\\\/www.gruporecoletas.com\\\/noticias\\\/dia-mundial-sin-tabaco\\\/\"},\"wordCount\":101,\"image\":{\"@id\":\"https:\\\/\\\/www.gruporecoletas.com\\\/noticias\\\/dia-mundial-sin-tabaco\\\/#primaryimage\"},\"thumbnailUrl\":\"https:\\\/\\\/www.gruporecoletas.com\\\/noticias\\\/wp-content\\\/uploads\\\/2018\\\/05\\\/maxresdefault.jpg\",\"articleSection\":[\"Prevenci\u00f3n\"],\"inLanguage\":\"es\"},{\"@type\":\"WebPage\",\"@id\":\"https:\\\/\\\/www.gruporecoletas.com\\\/noticias\\\/dia-mundial-sin-tabaco\\\/\",\"url\":\"https:\\\/\\\/www.gruporecoletas.com\\\/noticias\\\/dia-mundial-sin-tabaco\\\/\",\"name\":\"D\u00eda mundial sin tabaco - Noticias Grupo Recoletas\",\"isPartOf\":{\"@id\":\"https:\\\/\\\/www.gruporecoletas.com\\\/noticias\\\/#website\"},\"primaryImageOfPage\":{\"@id\":\"https:\\\/\\\/www.gruporecoletas.com\\\/noticias\\\/dia-mundial-sin-tabaco\\\/#primaryimage\"},\"image\":{\"@id\":\"https:\\\/\\\/www.gruporecoletas.com\\\/noticias\\\/dia-mundial-sin-tabaco\\\/#primaryimage\"},\"thumbnailUrl\":\"https:\\\/\\\/www.gruporecoletas.com\\\/noticias\\\/wp-content\\\/uploads\\\/2018\\\/05\\\/maxresdefault.jpg\",\"datePublished\":\"2018-05-31T05:47:44+00:00\",\"dateModified\":\"2019-03-05T10:08:32+00:00\",\"author\":{\"@id\":\"https:\\\/\\\/www.gruporecoletas.com\\\/noticias\\\/#\\\/schema\\\/person\\\/3c6ac429828d1f5e3d3bd99f4da9b02c\"},\"breadcrumb\":{\"@id\":\"https:\\\/\\\/www.gruporecoletas.com\\\/noticias\\\/dia-mundial-sin-tabaco\\\/#breadcrumb\"},\"inLanguage\":\"es\",\"potentialAction\":[{\"@type\":\"ReadAction\",\"target\":[\"https:\\\/\\\/www.gruporecoletas.com\\\/noticias\\\/dia-mundial-sin-tabaco\\\/\"]}]},{\"@type\":\"ImageObject\",\"inLanguage\":\"es\",\"@id\":\"https:\\\/\\\/www.gruporecoletas.com\\\/noticias\\\/dia-mundial-sin-tabaco\\\/#primaryimage\",\"url\":\"https:\\\/\\\/www.gruporecoletas.com\\\/noticias\\\/wp-content\\\/uploads\\\/2018\\\/05\\\/maxresdefault.jpg\",\"contentUrl\":\"https:\\\/\\\/www.gruporecoletas.com\\\/noticias\\\/wp-content\\\/uploads\\\/2018\\\/05\\\/maxresdefault.jpg\",\"width\":1280,\"height\":720},{\"@type\":\"BreadcrumbList\",\"@id\":\"https:\\\/\\\/www.gruporecoletas.com\\\/noticias\\\/dia-mundial-sin-tabaco\\\/#breadcrumb\",\"itemListElement\":[{\"@type\":\"ListItem\",\"position\":1,\"name\":\"Portada\",\"item\":\"https:\\\/\\\/www.gruporecoletas.com\\\/noticias\\\/\"},{\"@type\":\"ListItem\",\"position\":2,\"name\":\"D\u00eda mundial sin tabaco\"}]},{\"@type\":\"WebSite\",\"@id\":\"https:\\\/\\\/www.gruporecoletas.com\\\/noticias\\\/#website\",\"url\":\"https:\\\/\\\/www.gruporecoletas.com\\\/noticias\\\/\",\"name\":\"Noticias Grupo Recoletas\",\"description\":\"Grupo Recoletas\",\"potentialAction\":[{\"@type\":\"SearchAction\",\"target\":{\"@type\":\"EntryPoint\",\"urlTemplate\":\"https:\\\/\\\/www.gruporecoletas.com\\\/noticias\\\/?s={search_term_string}\"},\"query-input\":{\"@type\":\"PropertyValueSpecification\",\"valueRequired\":true,\"valueName\":\"search_term_string\"}}],\"inLanguage\":\"es\"},{\"@type\":\"Person\",\"@id\":\"https:\\\/\\\/www.gruporecoletas.com\\\/noticias\\\/#\\\/schema\\\/person\\\/3c6ac429828d1f5e3d3bd99f4da9b02c\",\"name\":\"Recoletas Red Hospitalaria\",\"url\":\"https:\\\/\\\/www.gruporecoletas.com\\\/noticias\\\/author\\\/comunicacion\\\/\"}]}<\/script>\n<!-- \/ Yoast SEO Premium plugin. -->","yoast_head_json":{"title":"D\u00eda mundial sin tabaco - Noticias Grupo Recoletas","robots":{"index":"index","follow":"follow","max-snippet":"max-snippet:-1","max-image-preview":"max-image-preview:large","max-video-preview":"max-video-preview:-1"},"canonical":"https:\/\/www.gruporecoletas.com\/noticias\/dia-mundial-sin-tabaco\/","og_locale":"es_ES","og_type":"article","og_title":"D\u00eda mundial sin tabaco","og_description":"Hoy celebramos el&nbsp;#DiaMundialSinTabaco&nbsp;un peligro con el que perjudicas seriamente tu salud y la de los que te rodean. La cantera y jugadores del&nbsp;Recoletas Atl\u00e9tico Valladolid&nbsp;tienen un mensaje para todos los fumadores! Prot\u00e9gele de los malos humos a tus hijos, si fumas ser\u00e1n fumadores pasivos. Si te has planteado dejar de fumar, puedes hacerlo con la [&hellip;]","og_url":"https:\/\/www.gruporecoletas.com\/noticias\/dia-mundial-sin-tabaco\/","og_site_name":"Noticias Grupo Recoletas","article_publisher":"https:\/\/www.facebook.com\/GrupoRecoletas\/","article_published_time":"2018-05-31T05:47:44+00:00","article_modified_time":"2019-03-05T10:08:32+00:00","og_image":[{"width":1280,"height":720,"url":"https:\/\/www.gruporecoletas.com\/noticias\/wp-content\/uploads\/2018\/05\/maxresdefault.jpg","type":"image\/jpeg"}],"author":"Recoletas Red Hospitalaria","twitter_card":"summary_large_image","twitter_creator":"@GrupoRecoletas","twitter_site":"@GrupoRecoletas","twitter_misc":{"Escrito por":"Recoletas Red Hospitalaria"},"schema":{"@context":"https:\/\/schema.org","@graph":[{"@type":"Article","@id":"https:\/\/www.gruporecoletas.com\/noticias\/dia-mundial-sin-tabaco\/#article","isPartOf":{"@id":"https:\/\/www.gruporecoletas.com\/noticias\/dia-mundial-sin-tabaco\/"},"author":{"name":"Recoletas Red Hospitalaria","@id":"https:\/\/www.gruporecoletas.com\/noticias\/#\/schema\/person\/3c6ac429828d1f5e3d3bd99f4da9b02c"},"headline":"D\u00eda mundial sin tabaco","datePublished":"2018-05-31T05:47:44+00:00","dateModified":"2019-03-05T10:08:32+00:00","mainEntityOfPage":{"@id":"https:\/\/www.gruporecoletas.com\/noticias\/dia-mundial-sin-tabaco\/"},"wordCount":101,"image":{"@id":"https:\/\/www.gruporecoletas.com\/noticias\/dia-mundial-sin-tabaco\/#primaryimage"},"thumbnailUrl":"https:\/\/www.gruporecoletas.com\/noticias\/wp-content\/uploads\/2018\/05\/maxresdefault.jpg","articleSection":["Prevenci\u00f3n"],"inLanguage":"es"},{"@type":"WebPage","@id":"https:\/\/www.gruporecoletas.com\/noticias\/dia-mundial-sin-tabaco\/","url":"https:\/\/www.gruporecoletas.com\/noticias\/dia-mundial-sin-tabaco\/","name":"D\u00eda mundial sin tabaco - Noticias Grupo Recoletas","isPartOf":{"@id":"https:\/\/www.gruporecoletas.com\/noticias\/#website"},"primaryImageOfPage":{"@id":"https:\/\/www.gruporecoletas.com\/noticias\/dia-mundial-sin-tabaco\/#primaryimage"},"image":{"@id":"https:\/\/www.gruporecoletas.com\/noticias\/dia-mundial-sin-tabaco\/#primaryimage"},"thumbnailUrl":"https:\/\/www.gruporecoletas.com\/noticias\/wp-content\/uploads\/2018\/05\/maxresdefault.jpg","datePublished":"2018-05-31T05:47:44+00:00","dateModified":"2019-03-05T10:08:32+00:00","author":{"@id":"https:\/\/www.gruporecoletas.com\/noticias\/#\/schema\/person\/3c6ac429828d1f5e3d3bd99f4da9b02c"},"breadcrumb":{"@id":"https:\/\/www.gruporecoletas.com\/noticias\/dia-mundial-sin-tabaco\/#breadcrumb"},"inLanguage":"es","potentialAction":[{"@type":"ReadAction","target":["https:\/\/www.gruporecoletas.com\/noticias\/dia-mundial-sin-tabaco\/"]}]},{"@type":"ImageObject","inLanguage":"es","@id":"https:\/\/www.gruporecoletas.com\/noticias\/dia-mundial-sin-tabaco\/#primaryimage","url":"https:\/\/www.gruporecoletas.com\/noticias\/wp-content\/uploads\/2018\/05\/maxresdefault.jpg","contentUrl":"https:\/\/www.gruporecoletas.com\/noticias\/wp-content\/uploads\/2018\/05\/maxresdefault.jpg","width":1280,"height":720},{"@type":"BreadcrumbList","@id":"https:\/\/www.gruporecoletas.com\/noticias\/dia-mundial-sin-tabaco\/#breadcrumb","itemListElement":[{"@type":"ListItem","position":1,"name":"Portada","item":"https:\/\/www.gruporecoletas.com\/noticias\/"},{"@type":"ListItem","position":2,"name":"D\u00eda mundial sin tabaco"}]},{"@type":"WebSite","@id":"https:\/\/www.gruporecoletas.com\/noticias\/#website","url":"https:\/\/www.gruporecoletas.com\/noticias\/","name":"Noticias Grupo Recoletas","description":"Grupo Recoletas","potentialAction":[{"@type":"SearchAction","target":{"@type":"EntryPoint","urlTemplate":"https:\/\/www.gruporecoletas.com\/noticias\/?s={search_term_string}"},"query-input":{"@type":"PropertyValueSpecification","valueRequired":true,"valueName":"search_term_string"}}],"inLanguage":"es"},{"@type":"Person","@id":"https:\/\/www.gruporecoletas.com\/noticias\/#\/schema\/person\/3c6ac429828d1f5e3d3bd99f4da9b02c","name":"Recoletas Red Hospitalaria","url":"https:\/\/www.gruporecoletas.com\/noticias\/author\/comunicacion\/"}]}},"_links":{"self":[{"href":"https:\/\/www.gruporecoletas.com\/noticias\/wp-json\/wp\/v2\/posts\/10930","targetHints":{"allow":["GET"]}}],"collection":[{"href":"https:\/\/www.gruporecoletas.com\/noticias\/wp-json\/wp\/v2\/posts"}],"about":[{"href":"https:\/\/www.gruporecoletas.com\/noticias\/wp-json\/wp\/v2\/types\/post"}],"author":[{"embeddable":true,"href":"https:\/\/www.gruporecoletas.com\/noticias\/wp-json\/wp\/v2\/users\/2"}],"replies":[{"embeddable":true,"href":"https:\/\/www.gruporecoletas.com\/noticias\/wp-json\/wp\/v2\/comments?post=10930"}],"version-history":[{"count":1,"href":"https:\/\/www.gruporecoletas.com\/noticias\/wp-json\/wp\/v2\/posts\/10930\/revisions"}],"predecessor-version":[{"id":11510,"href":"https:\/\/www.gruporecoletas.com\/noticias\/wp-json\/wp\/v2\/posts\/10930\/revisions\/11510"}],"wp:featuredmedia":[{"embeddable":true,"href":"https:\/\/www.gruporecoletas.com\/noticias\/wp-json\/wp\/v2\/media\/10932"}],"wp:attachment":[{"href":"https:\/\/www.gruporecoletas.com\/noticias\/wp-json\/wp\/v2\/media?parent=10930"}],"wp:term":[{"taxonomy":"category","embeddable":true,"href":"https:\/\/www.gruporecoletas.com\/noticias\/wp-json\/wp\/v2\/categories?post=10930"},{"taxonomy":"post_tag","embeddable":true,"href":"https:\/\/www.gruporecoletas.com\/noticias\/wp-json\/wp\/v2\/tags?post=10930"}],"curies":[{"name":"wp","href":"https:\/\/api.w.org\/{rel}","templated":true}]}}