{"id":11087,"date":"2021-12-02T08:00:00","date_gmt":"2021-12-02T07:00:00","guid":{"rendered":"https:\/\/www.gruporecoletas.com\/?p=11087"},"modified":"2021-12-02T08:16:01","modified_gmt":"2021-12-02T07:16:01","slug":"origen-del-parkinson","status":"publish","type":"post","link":"https:\/\/www.gruporecoletas.com\/noticias\/origen-del-parkinson\/","title":{"rendered":"Origen del parkinson: \u00bfexiste relaci\u00f3n con la flora intestinal?"},"content":{"rendered":"<div class=\"row\">\n<div class=\"col-xs-12 col-print-12\">\n<p class=\"element element-paragraph\"><span style=\"font-weight: 400;\">La enfermedad de Parkinson<\/span> es uno de los <span style=\"font-weight: 400;\">trastornos neurol\u00f3gicos m\u00e1s comunes<\/span> y afecta aproximadamente a <span style=\"font-weight: 400;\">6 millones de personas en todo el mundo<\/span>. \u00bfPero cu\u00e1l es su origen? Te contamos todo lo que debes saber de esta <span style=\"font-weight: 400;\">enfermedad neurodegenerativa<\/span> en este art\u00edculo.<\/p>\n<h2><span style=\"font-weight: 400;\">\u00bfQu\u00e9 es el Parkinson?<\/span><\/h2>\n<\/div>\n<\/div>\n<div class=\"row\">\n<div class=\"col-xs-12 col-print-12\">\n<p class=\"element element-paragraph\">Antes de ver las posibles causas, es importante saber realmente qu\u00e9 es esta enfermedad.<\/p>\n<p class=\"element element-paragraph\">El <a href=\"https:\/\/www.gruporecoletas.com\/enfermedades-o-patologias\/enfermedad-de-parkinson\/\">Parkinson<\/a> es una <span style=\"font-weight: 400;\">enfermedad neurodegenerativa<\/span> que provoca la muerte de ciertas c\u00e9lulas del cerebro que ayudan a controlar el movimiento y la coordinaci\u00f3n. Es una enfermedad <span style=\"font-weight: 400;\">cr\u00f3nica y progresiva<\/span>; es decir, no tiene cura y sus s\u00edntomas empeoran con el tiempo.<\/p>\n<h2><span style=\"font-weight: 400;\">\u00bfCu\u00e1les son los s\u00edntomas del Parkinson?<\/span><\/h2>\n<\/div>\n<\/div>\n<div class=\"row\">\n<div class=\"col-xs-12 col-print-12\">\n<p><span style=\"font-weight: 400;\">La enfermedad suele afectar, sobre todo, a personas <\/span><b>mayores de 60 a\u00f1os<\/b><span style=\"font-weight: 400;\"> y quienes lo padecen presentan <\/span><a href=\"https:\/\/www.gruporecoletas.com\/noticias\/enfermedad-parkinson-sintomas-diagnostico\/\"><b>s\u00edntomas<\/b><\/a><span style=\"font-weight: 400;\"> como:<\/span><\/p>\n<ul>\n<li style=\"font-weight: 400;\" aria-level=\"1\"><span style=\"font-weight: 400;\">Agitaci\u00f3n con temblores en manos, brazos, piernas, mand\u00edbula o cara.<\/span><\/li>\n<li style=\"font-weight: 400;\" aria-level=\"1\"><span style=\"font-weight: 400;\">Rigidez muscular en brazos, piernas y tronco.<\/span><\/li>\n<li style=\"font-weight: 400;\" aria-level=\"1\"><span style=\"font-weight: 400;\">Problemas de equilibrio y coordinaci\u00f3n.&nbsp;<\/span><\/li>\n<li style=\"font-weight: 400;\" aria-level=\"1\"><span style=\"font-weight: 400;\">Dificultad para caminar.<\/span><\/li>\n<li style=\"font-weight: 400;\" aria-level=\"1\"><span style=\"font-weight: 400;\">P\u00e9rdida de la expresi\u00f3n facial.<\/span><\/li>\n<li style=\"font-weight: 400;\" aria-level=\"1\"><span style=\"font-weight: 400;\">Cambios en el habla.<\/span><\/li>\n<\/ul>\n<p class=\"element element-paragraph\"><span style=\"font-weight: 400;\">Sin embargo, seg\u00fan algunos expertos,<\/span> <span style=\"font-weight: 400;\">las primeras se\u00f1ales<\/span><b> de la aparici\u00f3n de Parkinson<\/b><span style=\"font-weight: 400;\"> suelen ser <\/span><b>dolencias digestivas.<\/b><\/p>\n<h2><span style=\"font-weight: 400;\">\u00bfCu\u00e1l es el origen del Parkinson?<\/span><\/h2>\n<div class=\"row\">\n<div class=\"col-xs-12 col-print-12\">\n<p><span style=\"font-weight: 400;\">La ciencia ha logrado enormes avances en relaci\u00f3n con esta enfermedad neurodegenerativa. En 2016, por ejemplo, un estudio indic\u00f3 que <\/span><b>el origen del Parkinson pod\u00eda estar en la flora intestinal, <\/b><span style=\"font-weight: 400;\">siendo<\/span> <span style=\"font-weight: 400;\">la primera vez que se realizaba una asociaci\u00f3n entre las bacterias del intestino y el Parkinson.<\/span><\/p>\n<p><span style=\"font-weight: 400;\">Los investigadores responsables del estudio trabajaban en el <\/span><a href=\"https:\/\/www.caltech.edu\/\"><span style=\"font-weight: 400;\">Instituto de Tecnolog\u00eda de California<\/span><\/a><span style=\"font-weight: 400;\">, en Estados Unidos y gracias a su<\/span> <span style=\"font-weight: 400;\">descubrimiento se podr\u00eda explicar los motivos por los que los pacientes suelen tener <\/span><a href=\"https:\/\/www.gruporecoletas.com\/enfermedades-o-patologias\/problemas-metabolicos\/\"><span style=\"font-weight: 400;\">problemas digestivos<\/span><\/a><span style=\"font-weight: 400;\"> a\u00f1os antes de sufrir los primeros s\u00edntomas relacionados espec\u00edficamente con el Parkinson.&nbsp;<\/span><\/p>\n<p><span style=\"font-weight: 400;\">El experimento, publicado en la <\/span><a href=\"https:\/\/www.cell.com\/\"><span style=\"font-weight: 400;\">revista Cell<\/span><\/a><span style=\"font-weight: 400;\">, se llev\u00f3 a cabo en ratones gen\u00e9ticamente predispuestos a esta enfermedad neurodegenerativa. Los experimentos en roedores revelaron que el microbioma representa una etapa clave para el <\/span><b>deterioro motor t\u00edpico del Parkinson<\/b><span style=\"font-weight: 400;\">. En los ensayos, el tratamiento mediante antibi\u00f3ticos disminuy\u00f3 los d\u00e9ficits motores y las caracter\u00edsticas moleculares de la enfermedad. Seg\u00fan los investigadores, la composici\u00f3n del microbioma del intestino condiciona no solo la gravedad de los s\u00edntomas motores de la enfermedad, sino tambi\u00e9n que se desarrollen o no.<\/span><\/p>\n<p class=\"element element-paragraph\"><span style=\"font-weight: 400;\">\u00abPor primera vez hemos descubierto un <\/span><b>v\u00ednculo entre el microbioma intestinal y el Parkinson<\/b><span style=\"font-weight: 400;\">, por lo que creemos que las enfermedades neurodegenerativas podr\u00edan tener su origen en el intestino y no s\u00f3lo en el cerebro, lo que abre nuevas posibilidades de tratamiento\u00bb, explic\u00f3 <\/span><a href=\"https:\/\/en.wikipedia.org\/wiki\/Sarkis_Mazmanian\"><span style=\"font-weight: 400;\">Sarkis Mazmanian<\/span><\/a><span style=\"font-weight: 400;\">, coautor del trabajo.<\/span><\/p>\n<h2><span style=\"font-weight: 400;\">\u00bfQu\u00e9 hacer si tienes Parkinson?<\/span><\/h2>\n<p><span style=\"font-weight: 400;\">Tristemente <\/span><b>no existe cura para la enfermedad de Parkinson<\/b><span style=\"font-weight: 400;\">, pero ciertos tratamientos pueden ayudar a aliviar los s\u00edntomas. Por ello, <\/span><b>el diagn\u00f3stico precoz es fundamental <\/b><span style=\"font-weight: 400;\">para tener las mejores condiciones posibles ante esta patolog\u00eda.<\/span><\/p>\n<p><span style=\"font-weight: 400;\">Ante cualquier molestia o s\u00edntoma, te recomendamos visitar a tu m\u00e9dico, quien completar\u00e1 tu historial m\u00e9dico y te har\u00e1 un examen f\u00edsico para evaluar si realmente sufres Parkinson.<\/span><\/p>\n<p><span style=\"font-weight: 400;\">\u00bfDudas sobre d\u00f3nde ir? En <\/span><a href=\"https:\/\/www.gruporecoletas.com\/\"><span style=\"font-weight: 400;\">Recoletas Red Hospitalaria<\/span><\/a><span style=\"font-weight: 400;\"> encontrar\u00e1s a los mejores profesionales expertos en <\/span><a href=\"https:\/\/www.gruporecoletas.com\/especialidades\/neurologia\/\"><span style=\"font-weight: 400;\">neurolog\u00eda<\/span><\/a><span style=\"font-weight: 400;\"> que te orientar\u00e1n acerca de las pruebas, los resultados y la forma de tratar tu caso concreto de forma personalizada y cercana. <\/span><a href=\"https:\/\/www.gruporecoletas.com\/pedir-cita-online\/\"><span style=\"font-weight: 400;\">Pide cita online ya<\/span><\/a><span style=\"font-weight: 400;\">. Te acompa\u00f1aremos en cada paso que necesites dar. <\/span><\/p>\n<\/div>\n<\/div>\n<\/div>\n<\/div>\n","protected":false},"excerpt":{"rendered":"<p>La enfermedad de Parkinson es uno de los trastornos neurol\u00f3gicos m\u00e1s comunes y afecta aproximadamente a 6 millones de personas en todo el mundo. \u00bfPero cu\u00e1l es su origen? Te contamos todo lo que debes saber de esta enfermedad neurodegenerativa en este art\u00edculo. \u00bfQu\u00e9 es el Parkinson? Antes de ver las posibles causas, es importante [&hellip;]<\/p>\n","protected":false},"author":2,"featured_media":11088,"comment_status":"closed","ping_status":"closed","sticky":false,"template":"","format":"standard","meta":{"_acf_changed":false,"footnotes":""},"categories":[46],"tags":[],"class_list":["post-11087","post","type-post","status-publish","format-standard","has-post-thumbnail","hentry","category-tercera-edad"],"acf":[],"yoast_head":"<!-- This site is optimized with the Yoast SEO Premium plugin v27.3 (Yoast SEO v27.3) - https:\/\/yoast.com\/product\/yoast-seo-premium-wordpress\/ -->\n<title>Origen del parkinson: \u00bfexiste relaci\u00f3n con la flora intestinal? - Noticias Grupo Recoletas<\/title>\n<meta name=\"robots\" content=\"index, follow, max-snippet:-1, max-image-preview:large, max-video-preview:-1\" \/>\n<link rel=\"canonical\" href=\"https:\/\/www.gruporecoletas.com\/noticias\/origen-del-parkinson\/\" \/>\n<meta property=\"og:locale\" content=\"es_ES\" \/>\n<meta property=\"og:type\" content=\"article\" \/>\n<meta property=\"og:title\" content=\"Origen del parkinson: \u00bfexiste relaci\u00f3n con la flora intestinal?\" \/>\n<meta property=\"og:description\" content=\"La enfermedad de Parkinson es uno de los trastornos neurol\u00f3gicos m\u00e1s comunes y afecta aproximadamente a 6 millones de personas en todo el mundo. \u00bfPero cu\u00e1l es su origen? Te contamos todo lo que debes saber de esta enfermedad neurodegenerativa en este art\u00edculo. \u00bfQu\u00e9 es el Parkinson? Antes de ver las posibles causas, es importante [&hellip;]\" \/>\n<meta property=\"og:url\" content=\"https:\/\/www.gruporecoletas.com\/noticias\/origen-del-parkinson\/\" \/>\n<meta property=\"og:site_name\" content=\"Noticias Grupo Recoletas\" \/>\n<meta property=\"article:publisher\" content=\"https:\/\/www.facebook.com\/GrupoRecoletas\/\" \/>\n<meta property=\"article:published_time\" content=\"2021-12-02T07:00:00+00:00\" \/>\n<meta property=\"article:modified_time\" content=\"2021-12-02T07:16:01+00:00\" \/>\n<meta property=\"og:image\" content=\"https:\/\/www.gruporecoletas.com\/noticias\/wp-content\/uploads\/2018\/06\/parkinson.jpg\" \/>\n\t<meta property=\"og:image:width\" content=\"1400\" \/>\n\t<meta property=\"og:image:height\" content=\"933\" \/>\n\t<meta property=\"og:image:type\" content=\"image\/jpeg\" \/>\n<meta name=\"author\" content=\"Recoletas Red Hospitalaria\" \/>\n<meta name=\"twitter:card\" content=\"summary_large_image\" \/>\n<meta name=\"twitter:creator\" content=\"@GrupoRecoletas\" \/>\n<meta name=\"twitter:site\" content=\"@GrupoRecoletas\" \/>\n<meta name=\"twitter:label1\" content=\"Escrito por\" \/>\n\t<meta name=\"twitter:data1\" content=\"Recoletas Red Hospitalaria\" \/>\n\t<meta name=\"twitter:label2\" content=\"Tiempo de lectura\" \/>\n\t<meta name=\"twitter:data2\" content=\"3 minutos\" \/>\n<script type=\"application\/ld+json\" class=\"yoast-schema-graph\">{\"@context\":\"https:\\\/\\\/schema.org\",\"@graph\":[{\"@type\":\"Article\",\"@id\":\"https:\\\/\\\/www.gruporecoletas.com\\\/noticias\\\/origen-del-parkinson\\\/#article\",\"isPartOf\":{\"@id\":\"https:\\\/\\\/www.gruporecoletas.com\\\/noticias\\\/origen-del-parkinson\\\/\"},\"author\":{\"name\":\"Recoletas Red Hospitalaria\",\"@id\":\"https:\\\/\\\/www.gruporecoletas.com\\\/noticias\\\/#\\\/schema\\\/person\\\/3c6ac429828d1f5e3d3bd99f4da9b02c\"},\"headline\":\"Origen del parkinson: \u00bfexiste relaci\u00f3n con la flora intestinal?\",\"datePublished\":\"2021-12-02T07:00:00+00:00\",\"dateModified\":\"2021-12-02T07:16:01+00:00\",\"mainEntityOfPage\":{\"@id\":\"https:\\\/\\\/www.gruporecoletas.com\\\/noticias\\\/origen-del-parkinson\\\/\"},\"wordCount\":590,\"image\":{\"@id\":\"https:\\\/\\\/www.gruporecoletas.com\\\/noticias\\\/origen-del-parkinson\\\/#primaryimage\"},\"thumbnailUrl\":\"https:\\\/\\\/www.gruporecoletas.com\\\/noticias\\\/wp-content\\\/uploads\\\/2018\\\/06\\\/parkinson.jpg\",\"articleSection\":[\"3\u00aa Edad\"],\"inLanguage\":\"es\"},{\"@type\":\"WebPage\",\"@id\":\"https:\\\/\\\/www.gruporecoletas.com\\\/noticias\\\/origen-del-parkinson\\\/\",\"url\":\"https:\\\/\\\/www.gruporecoletas.com\\\/noticias\\\/origen-del-parkinson\\\/\",\"name\":\"Origen del parkinson: \u00bfexiste relaci\u00f3n con la flora intestinal? - Noticias Grupo Recoletas\",\"isPartOf\":{\"@id\":\"https:\\\/\\\/www.gruporecoletas.com\\\/noticias\\\/#website\"},\"primaryImageOfPage\":{\"@id\":\"https:\\\/\\\/www.gruporecoletas.com\\\/noticias\\\/origen-del-parkinson\\\/#primaryimage\"},\"image\":{\"@id\":\"https:\\\/\\\/www.gruporecoletas.com\\\/noticias\\\/origen-del-parkinson\\\/#primaryimage\"},\"thumbnailUrl\":\"https:\\\/\\\/www.gruporecoletas.com\\\/noticias\\\/wp-content\\\/uploads\\\/2018\\\/06\\\/parkinson.jpg\",\"datePublished\":\"2021-12-02T07:00:00+00:00\",\"dateModified\":\"2021-12-02T07:16:01+00:00\",\"author\":{\"@id\":\"https:\\\/\\\/www.gruporecoletas.com\\\/noticias\\\/#\\\/schema\\\/person\\\/3c6ac429828d1f5e3d3bd99f4da9b02c\"},\"breadcrumb\":{\"@id\":\"https:\\\/\\\/www.gruporecoletas.com\\\/noticias\\\/origen-del-parkinson\\\/#breadcrumb\"},\"inLanguage\":\"es\",\"potentialAction\":[{\"@type\":\"ReadAction\",\"target\":[\"https:\\\/\\\/www.gruporecoletas.com\\\/noticias\\\/origen-del-parkinson\\\/\"]}]},{\"@type\":\"ImageObject\",\"inLanguage\":\"es\",\"@id\":\"https:\\\/\\\/www.gruporecoletas.com\\\/noticias\\\/origen-del-parkinson\\\/#primaryimage\",\"url\":\"https:\\\/\\\/www.gruporecoletas.com\\\/noticias\\\/wp-content\\\/uploads\\\/2018\\\/06\\\/parkinson.jpg\",\"contentUrl\":\"https:\\\/\\\/www.gruporecoletas.com\\\/noticias\\\/wp-content\\\/uploads\\\/2018\\\/06\\\/parkinson.jpg\",\"width\":1400,\"height\":933},{\"@type\":\"BreadcrumbList\",\"@id\":\"https:\\\/\\\/www.gruporecoletas.com\\\/noticias\\\/origen-del-parkinson\\\/#breadcrumb\",\"itemListElement\":[{\"@type\":\"ListItem\",\"position\":1,\"name\":\"Portada\",\"item\":\"https:\\\/\\\/www.gruporecoletas.com\\\/noticias\\\/\"},{\"@type\":\"ListItem\",\"position\":2,\"name\":\"Origen del parkinson: \u00bfexiste relaci\u00f3n con la flora intestinal?\"}]},{\"@type\":\"WebSite\",\"@id\":\"https:\\\/\\\/www.gruporecoletas.com\\\/noticias\\\/#website\",\"url\":\"https:\\\/\\\/www.gruporecoletas.com\\\/noticias\\\/\",\"name\":\"Noticias Grupo Recoletas\",\"description\":\"Grupo Recoletas\",\"potentialAction\":[{\"@type\":\"SearchAction\",\"target\":{\"@type\":\"EntryPoint\",\"urlTemplate\":\"https:\\\/\\\/www.gruporecoletas.com\\\/noticias\\\/?s={search_term_string}\"},\"query-input\":{\"@type\":\"PropertyValueSpecification\",\"valueRequired\":true,\"valueName\":\"search_term_string\"}}],\"inLanguage\":\"es\"},{\"@type\":\"Person\",\"@id\":\"https:\\\/\\\/www.gruporecoletas.com\\\/noticias\\\/#\\\/schema\\\/person\\\/3c6ac429828d1f5e3d3bd99f4da9b02c\",\"name\":\"Recoletas Red Hospitalaria\",\"url\":\"https:\\\/\\\/www.gruporecoletas.com\\\/noticias\\\/author\\\/comunicacion\\\/\"}]}<\/script>\n<!-- \/ Yoast SEO Premium plugin. -->","yoast_head_json":{"title":"Origen del parkinson: \u00bfexiste relaci\u00f3n con la flora intestinal? - Noticias Grupo Recoletas","robots":{"index":"index","follow":"follow","max-snippet":"max-snippet:-1","max-image-preview":"max-image-preview:large","max-video-preview":"max-video-preview:-1"},"canonical":"https:\/\/www.gruporecoletas.com\/noticias\/origen-del-parkinson\/","og_locale":"es_ES","og_type":"article","og_title":"Origen del parkinson: \u00bfexiste relaci\u00f3n con la flora intestinal?","og_description":"La enfermedad de Parkinson es uno de los trastornos neurol\u00f3gicos m\u00e1s comunes y afecta aproximadamente a 6 millones de personas en todo el mundo. \u00bfPero cu\u00e1l es su origen? Te contamos todo lo que debes saber de esta enfermedad neurodegenerativa en este art\u00edculo. \u00bfQu\u00e9 es el Parkinson? Antes de ver las posibles causas, es importante [&hellip;]","og_url":"https:\/\/www.gruporecoletas.com\/noticias\/origen-del-parkinson\/","og_site_name":"Noticias Grupo Recoletas","article_publisher":"https:\/\/www.facebook.com\/GrupoRecoletas\/","article_published_time":"2021-12-02T07:00:00+00:00","article_modified_time":"2021-12-02T07:16:01+00:00","og_image":[{"width":1400,"height":933,"url":"https:\/\/www.gruporecoletas.com\/noticias\/wp-content\/uploads\/2018\/06\/parkinson.jpg","type":"image\/jpeg"}],"author":"Recoletas Red Hospitalaria","twitter_card":"summary_large_image","twitter_creator":"@GrupoRecoletas","twitter_site":"@GrupoRecoletas","twitter_misc":{"Escrito por":"Recoletas Red Hospitalaria","Tiempo de lectura":"3 minutos"},"schema":{"@context":"https:\/\/schema.org","@graph":[{"@type":"Article","@id":"https:\/\/www.gruporecoletas.com\/noticias\/origen-del-parkinson\/#article","isPartOf":{"@id":"https:\/\/www.gruporecoletas.com\/noticias\/origen-del-parkinson\/"},"author":{"name":"Recoletas Red Hospitalaria","@id":"https:\/\/www.gruporecoletas.com\/noticias\/#\/schema\/person\/3c6ac429828d1f5e3d3bd99f4da9b02c"},"headline":"Origen del parkinson: \u00bfexiste relaci\u00f3n con la flora intestinal?","datePublished":"2021-12-02T07:00:00+00:00","dateModified":"2021-12-02T07:16:01+00:00","mainEntityOfPage":{"@id":"https:\/\/www.gruporecoletas.com\/noticias\/origen-del-parkinson\/"},"wordCount":590,"image":{"@id":"https:\/\/www.gruporecoletas.com\/noticias\/origen-del-parkinson\/#primaryimage"},"thumbnailUrl":"https:\/\/www.gruporecoletas.com\/noticias\/wp-content\/uploads\/2018\/06\/parkinson.jpg","articleSection":["3\u00aa Edad"],"inLanguage":"es"},{"@type":"WebPage","@id":"https:\/\/www.gruporecoletas.com\/noticias\/origen-del-parkinson\/","url":"https:\/\/www.gruporecoletas.com\/noticias\/origen-del-parkinson\/","name":"Origen del parkinson: \u00bfexiste relaci\u00f3n con la flora intestinal? - Noticias Grupo Recoletas","isPartOf":{"@id":"https:\/\/www.gruporecoletas.com\/noticias\/#website"},"primaryImageOfPage":{"@id":"https:\/\/www.gruporecoletas.com\/noticias\/origen-del-parkinson\/#primaryimage"},"image":{"@id":"https:\/\/www.gruporecoletas.com\/noticias\/origen-del-parkinson\/#primaryimage"},"thumbnailUrl":"https:\/\/www.gruporecoletas.com\/noticias\/wp-content\/uploads\/2018\/06\/parkinson.jpg","datePublished":"2021-12-02T07:00:00+00:00","dateModified":"2021-12-02T07:16:01+00:00","author":{"@id":"https:\/\/www.gruporecoletas.com\/noticias\/#\/schema\/person\/3c6ac429828d1f5e3d3bd99f4da9b02c"},"breadcrumb":{"@id":"https:\/\/www.gruporecoletas.com\/noticias\/origen-del-parkinson\/#breadcrumb"},"inLanguage":"es","potentialAction":[{"@type":"ReadAction","target":["https:\/\/www.gruporecoletas.com\/noticias\/origen-del-parkinson\/"]}]},{"@type":"ImageObject","inLanguage":"es","@id":"https:\/\/www.gruporecoletas.com\/noticias\/origen-del-parkinson\/#primaryimage","url":"https:\/\/www.gruporecoletas.com\/noticias\/wp-content\/uploads\/2018\/06\/parkinson.jpg","contentUrl":"https:\/\/www.gruporecoletas.com\/noticias\/wp-content\/uploads\/2018\/06\/parkinson.jpg","width":1400,"height":933},{"@type":"BreadcrumbList","@id":"https:\/\/www.gruporecoletas.com\/noticias\/origen-del-parkinson\/#breadcrumb","itemListElement":[{"@type":"ListItem","position":1,"name":"Portada","item":"https:\/\/www.gruporecoletas.com\/noticias\/"},{"@type":"ListItem","position":2,"name":"Origen del parkinson: \u00bfexiste relaci\u00f3n con la flora intestinal?"}]},{"@type":"WebSite","@id":"https:\/\/www.gruporecoletas.com\/noticias\/#website","url":"https:\/\/www.gruporecoletas.com\/noticias\/","name":"Noticias Grupo Recoletas","description":"Grupo Recoletas","potentialAction":[{"@type":"SearchAction","target":{"@type":"EntryPoint","urlTemplate":"https:\/\/www.gruporecoletas.com\/noticias\/?s={search_term_string}"},"query-input":{"@type":"PropertyValueSpecification","valueRequired":true,"valueName":"search_term_string"}}],"inLanguage":"es"},{"@type":"Person","@id":"https:\/\/www.gruporecoletas.com\/noticias\/#\/schema\/person\/3c6ac429828d1f5e3d3bd99f4da9b02c","name":"Recoletas Red Hospitalaria","url":"https:\/\/www.gruporecoletas.com\/noticias\/author\/comunicacion\/"}]}},"_links":{"self":[{"href":"https:\/\/www.gruporecoletas.com\/noticias\/wp-json\/wp\/v2\/posts\/11087","targetHints":{"allow":["GET"]}}],"collection":[{"href":"https:\/\/www.gruporecoletas.com\/noticias\/wp-json\/wp\/v2\/posts"}],"about":[{"href":"https:\/\/www.gruporecoletas.com\/noticias\/wp-json\/wp\/v2\/types\/post"}],"author":[{"embeddable":true,"href":"https:\/\/www.gruporecoletas.com\/noticias\/wp-json\/wp\/v2\/users\/2"}],"replies":[{"embeddable":true,"href":"https:\/\/www.gruporecoletas.com\/noticias\/wp-json\/wp\/v2\/comments?post=11087"}],"version-history":[{"count":4,"href":"https:\/\/www.gruporecoletas.com\/noticias\/wp-json\/wp\/v2\/posts\/11087\/revisions"}],"predecessor-version":[{"id":15186,"href":"https:\/\/www.gruporecoletas.com\/noticias\/wp-json\/wp\/v2\/posts\/11087\/revisions\/15186"}],"wp:featuredmedia":[{"embeddable":true,"href":"https:\/\/www.gruporecoletas.com\/noticias\/wp-json\/wp\/v2\/media\/11088"}],"wp:attachment":[{"href":"https:\/\/www.gruporecoletas.com\/noticias\/wp-json\/wp\/v2\/media?parent=11087"}],"wp:term":[{"taxonomy":"category","embeddable":true,"href":"https:\/\/www.gruporecoletas.com\/noticias\/wp-json\/wp\/v2\/categories?post=11087"},{"taxonomy":"post_tag","embeddable":true,"href":"https:\/\/www.gruporecoletas.com\/noticias\/wp-json\/wp\/v2\/tags?post=11087"}],"curies":[{"name":"wp","href":"https:\/\/api.w.org\/{rel}","templated":true}]}}