{"id":11120,"date":"2018-07-17T14:57:03","date_gmt":"2018-07-17T14:57:03","guid":{"rendered":"https:\/\/www.gruporecoletas.com\/?p=11120"},"modified":"2019-03-05T10:11:10","modified_gmt":"2019-03-05T10:11:10","slug":"los-mejores-consejos-dormir-verano","status":"publish","type":"post","link":"https:\/\/www.gruporecoletas.com\/noticias\/los-mejores-consejos-dormir-verano\/","title":{"rendered":"Los mejores consejos para dormir en verano"},"content":{"rendered":"<p class=\"p\">Julio y agosto son los meses preferidos por los espa\u00f1oles para pasar las vacaciones. Y tambi\u00e9n los meses en los que, debido al calor,\u00a0<strong>peor descansamos<\/strong>. Contra el fr\u00edo est\u00e1 el remedio de abrigarse. Pero contra el calor, las posibilidades son m\u00e1s limitadas. Y en muchas ocasiones, los remedios hasta pueden ser contradictorios.<\/p>\n<p class=\"p\">Aparte de intentar\u00a0<strong>mantener la casa lo m\u00e1s fresca posible<\/strong>, recogemos en las pr\u00f3ximas l\u00edneas algunas recomendaciones que s\u00ed est\u00e1n contrastadas, adem\u00e1s de preguntarnos por las posibles consecuencias negativas que pueden tener otros consejos menos profesionales.<\/p>\n<p class=\"p\">Lo primero por lo que nos interesamos es por el\u00a0<strong>aire acondicionado<\/strong>, y la posibilidad de dejarlo encendido toda la noche para mantener fresco el dormitorio. Se puede recomendar en zonas muy calurosas, donde \u00abla temperatura nocturna sea\u00a0<strong>superior a los 30 grados<\/strong>, y siempre con unos m\u00ednimos cuidados\u00bb. Entre esas precauciones que el aire no se dirija directamente al cuerpo de la persona, y, de ser posible, que el aire acondicionado sea ambiental y <strong>no est\u00e9 en la misma sala\u00a0<\/strong>en la que vamos a dormir. La temperatura \u00f3ptima para dormir es\u00a0<strong>entre 20 y 22 grados<\/strong>, por lo que no debemos poner el aire acondicionado a una temperatura inferior.<\/p>\n<p class=\"p\">Siempre es mejor dormir con las\u00a0<strong>ventanas abiertas<\/strong>, siempre que sea posible. Y entre las precauciones que muchas veces olvidamos y que son importantes est\u00e1 la de recordar que este tipo de aparatos tienen unos\u00a0<strong>filtros,<\/strong>\u00a0y hay que ser muy rigurosos con su limpieza, porque de otra forma lo que vamos a respirar va a ser polvo e incluso algunos hongos.<\/p>\n<p class=\"p\">La consecuencia de dormir con el aire acondicionado en la misma habitaci\u00f3n, con la temperatura demasiado baja, o con los filtros en mal estado puede ser\u00a0<strong>sequedad en las mucosas.<\/strong><\/p>\n<h3 class=\"ladillo\">La ducha, \u00bffr\u00eda o tibia?<\/h3>\n<p class=\"p\">Una de las t\u00edpicas dudas que nos surgen es si refresca m\u00e1s, antes de acostarse, una ducha fr\u00eda o tibia. Todos hemos escuchado todo tipo de versiones, como que el agua fr\u00eda refresca inmediatamente pero hace que despu\u00e9s el cuerpo genere m\u00e1s calor, o que al ducharnos con agua caliente el cuerpo se adapta al ambiente y vamos a poder dormir mejor.<\/p>\n<p class=\"p\">Si estamos hablando de dormir, una ducha\u00a0<strong>con agua helada es muy tonificante<\/strong>, contrae primero los vasos sangu\u00edneos y produce una activaci\u00f3n muscular. Esto quiere decir que puede producir una sensaci\u00f3n refrescante moment\u00e1nea, pero para dormir<strong>\u00a0no es lo m\u00e1s aconsejable<\/strong>.<\/p>\n<p class=\"p\">\u00bfQu\u00e9 hacemos entonces? Es recomendable la ducha pero con el agua\u00a0<strong>nunca a menos de 18 grados<\/strong>, y que no dure m\u00e1s de 10 minutos, porque de otra manera podr\u00eda producir calambres. Para dormir siempre es mejor el agua tibia.<\/p>\n<p class=\"p\">Y en cuanto a las bebidas, un poco m\u00e1s de lo mismo. Aunque a todos nos gusta la sensaci\u00f3n del agua helada cuando estamos pasando mucho calor, lo mejor es el agua \u00ab<strong>fresca pero no helada<\/strong>, para que no se vean afectadas ni las mucosas ni la faringe\u00bb.<\/p>\n<p class=\"p\">Lo mejor para refrescarse es el agua, pero tambi\u00e9n podemos recurrir a zumos de frutas o t\u00e9 fr\u00edo \u00absiempre seg\u00fan la salud de cada uno\u00bb.<\/p>\n<p class=\"p\">Evidentemente, antes de irnos a dormir deberemos evitar las bebidas que contengan\u00a0<strong>cafe\u00edna<\/strong>, como un caf\u00e9 con hielo, y tambi\u00e9n las bebidas con alcohol. En este \u00faltimo caso, porque las bebidas alcoh\u00f3licas en principio pueden inducir al sue\u00f1o pero a lo largo de la noche va a provocar\u00a0<strong>que ese sue\u00f1o se interrumpa<\/strong>.<\/p>\n<h3 class=\"ladillo\">Cena ligera<\/h3>\n<p>Adem\u00e1s de la bebida, para pasar una noche lo m\u00e1s a gusto posible,\u00a0es fundamental cuidar la alimentaci\u00f3n. Y en este sentido, lo mejor es recurrir a alimentos ligeros, verduras y frutas.<\/p>\n<h3>\u00bfCon ropa o sin ropa? Cuesti\u00f3n de gustos<\/h3>\n<p class=\"p\">Otras de las dudas habituales a la hora de irse a la cama dependen ya m\u00e1s del gusto de cada uno. Por ejemplo, dormir con o sin ropa. En este caso no hay una recomendaci\u00f3n m\u00e1s all\u00e1 de que, cada uno que haga lo que le resulte m\u00e1s c\u00f3modo. En caso de decantarse por la opci\u00f3n textil, solo hay que intentar\u00a0<strong>evitar tejidos que contengan lanas<\/strong>\u00a0o fibras que provoquen una sudoraci\u00f3n excesiva. Lo mejor es elegir tejidos de algod\u00f3n ligeros.<\/p>\n<p class=\"p\">Y finalmente, la opci\u00f3n de irse a la cama nada m\u00e1s salir de la ducha, y sin secarse. En principio lo \u00fanico que se consigue es que tardemos cuatro o cinco minutos m\u00e1s a la hora de secarnos. Si no lo hacemos con la toalla lo vamos a hacer por el ambiente o la ropa de la cama.<\/p>\n<p class=\"p\">Una recomendaci\u00f3n general ser\u00eda la de intentar mantener algo de humedad en el ambiente, sobre todo si abusamos del aire acondicionado. Un\u00a0<strong>recipiente con agua\u00a0<\/strong>en la estancia puede evitar la sequedad en las mucosas.<\/p>\n","protected":false},"excerpt":{"rendered":"<p>Julio y agosto son los meses preferidos por los espa\u00f1oles para pasar las vacaciones. Y tambi\u00e9n los meses en los que, debido al calor,\u00a0peor descansamos. Contra el fr\u00edo est\u00e1 el remedio de abrigarse. Pero contra el calor, las posibilidades son m\u00e1s limitadas. Y en muchas ocasiones, los remedios hasta pueden ser contradictorios. Aparte de intentar\u00a0mantener [&hellip;]<\/p>\n","protected":false},"author":2,"featured_media":11121,"comment_status":"closed","ping_status":"closed","sticky":false,"template":"","format":"standard","meta":{"_acf_changed":false,"footnotes":""},"categories":[48],"tags":[],"class_list":["post-11120","post","type-post","status-publish","format-standard","has-post-thumbnail","hentry","category-prevencion"],"acf":[],"yoast_head":"<!-- This site is optimized with the Yoast SEO Premium plugin v27.3 (Yoast SEO v27.3) - https:\/\/yoast.com\/product\/yoast-seo-premium-wordpress\/ -->\n<title>Los mejores consejos para dormir en verano - Noticias Grupo Recoletas<\/title>\n<meta name=\"robots\" content=\"index, follow, max-snippet:-1, max-image-preview:large, max-video-preview:-1\" \/>\n<link rel=\"canonical\" href=\"https:\/\/www.gruporecoletas.com\/noticias\/los-mejores-consejos-dormir-verano\/\" \/>\n<meta property=\"og:locale\" content=\"es_ES\" \/>\n<meta property=\"og:type\" content=\"article\" \/>\n<meta property=\"og:title\" content=\"Los mejores consejos para dormir en verano\" \/>\n<meta property=\"og:description\" content=\"Julio y agosto son los meses preferidos por los espa\u00f1oles para pasar las vacaciones. Y tambi\u00e9n los meses en los que, debido al calor,\u00a0peor descansamos. Contra el fr\u00edo est\u00e1 el remedio de abrigarse. Pero contra el calor, las posibilidades son m\u00e1s limitadas. Y en muchas ocasiones, los remedios hasta pueden ser contradictorios. Aparte de intentar\u00a0mantener [&hellip;]\" \/>\n<meta property=\"og:url\" content=\"https:\/\/www.gruporecoletas.com\/noticias\/los-mejores-consejos-dormir-verano\/\" \/>\n<meta property=\"og:site_name\" content=\"Noticias Grupo Recoletas\" \/>\n<meta property=\"article:publisher\" content=\"https:\/\/www.facebook.com\/GrupoRecoletas\/\" \/>\n<meta property=\"article:published_time\" content=\"2018-07-17T14:57:03+00:00\" \/>\n<meta property=\"article:modified_time\" content=\"2019-03-05T10:11:10+00:00\" \/>\n<meta property=\"og:image\" content=\"https:\/\/www.gruporecoletas.com\/noticias\/wp-content\/uploads\/2018\/07\/dormir.jpg\" \/>\n\t<meta property=\"og:image:width\" content=\"1280\" \/>\n\t<meta property=\"og:image:height\" content=\"914\" \/>\n\t<meta property=\"og:image:type\" content=\"image\/jpeg\" \/>\n<meta name=\"author\" content=\"Recoletas Red Hospitalaria\" \/>\n<meta name=\"twitter:card\" content=\"summary_large_image\" \/>\n<meta name=\"twitter:creator\" content=\"@GrupoRecoletas\" \/>\n<meta name=\"twitter:site\" content=\"@GrupoRecoletas\" \/>\n<meta name=\"twitter:label1\" content=\"Escrito por\" \/>\n\t<meta name=\"twitter:data1\" content=\"Recoletas Red Hospitalaria\" \/>\n\t<meta name=\"twitter:label2\" content=\"Tiempo de lectura\" \/>\n\t<meta name=\"twitter:data2\" content=\"4 minutos\" \/>\n<script type=\"application\/ld+json\" class=\"yoast-schema-graph\">{\"@context\":\"https:\\\/\\\/schema.org\",\"@graph\":[{\"@type\":\"Article\",\"@id\":\"https:\\\/\\\/www.gruporecoletas.com\\\/noticias\\\/los-mejores-consejos-dormir-verano\\\/#article\",\"isPartOf\":{\"@id\":\"https:\\\/\\\/www.gruporecoletas.com\\\/noticias\\\/los-mejores-consejos-dormir-verano\\\/\"},\"author\":{\"name\":\"Recoletas Red Hospitalaria\",\"@id\":\"https:\\\/\\\/www.gruporecoletas.com\\\/noticias\\\/#\\\/schema\\\/person\\\/3c6ac429828d1f5e3d3bd99f4da9b02c\"},\"headline\":\"Los mejores consejos para dormir en verano\",\"datePublished\":\"2018-07-17T14:57:03+00:00\",\"dateModified\":\"2019-03-05T10:11:10+00:00\",\"mainEntityOfPage\":{\"@id\":\"https:\\\/\\\/www.gruporecoletas.com\\\/noticias\\\/los-mejores-consejos-dormir-verano\\\/\"},\"wordCount\":836,\"image\":{\"@id\":\"https:\\\/\\\/www.gruporecoletas.com\\\/noticias\\\/los-mejores-consejos-dormir-verano\\\/#primaryimage\"},\"thumbnailUrl\":\"https:\\\/\\\/www.gruporecoletas.com\\\/noticias\\\/wp-content\\\/uploads\\\/2018\\\/07\\\/dormir.jpg\",\"articleSection\":[\"Prevenci\u00f3n\"],\"inLanguage\":\"es\"},{\"@type\":\"WebPage\",\"@id\":\"https:\\\/\\\/www.gruporecoletas.com\\\/noticias\\\/los-mejores-consejos-dormir-verano\\\/\",\"url\":\"https:\\\/\\\/www.gruporecoletas.com\\\/noticias\\\/los-mejores-consejos-dormir-verano\\\/\",\"name\":\"Los mejores consejos para dormir en verano - Noticias Grupo Recoletas\",\"isPartOf\":{\"@id\":\"https:\\\/\\\/www.gruporecoletas.com\\\/noticias\\\/#website\"},\"primaryImageOfPage\":{\"@id\":\"https:\\\/\\\/www.gruporecoletas.com\\\/noticias\\\/los-mejores-consejos-dormir-verano\\\/#primaryimage\"},\"image\":{\"@id\":\"https:\\\/\\\/www.gruporecoletas.com\\\/noticias\\\/los-mejores-consejos-dormir-verano\\\/#primaryimage\"},\"thumbnailUrl\":\"https:\\\/\\\/www.gruporecoletas.com\\\/noticias\\\/wp-content\\\/uploads\\\/2018\\\/07\\\/dormir.jpg\",\"datePublished\":\"2018-07-17T14:57:03+00:00\",\"dateModified\":\"2019-03-05T10:11:10+00:00\",\"author\":{\"@id\":\"https:\\\/\\\/www.gruporecoletas.com\\\/noticias\\\/#\\\/schema\\\/person\\\/3c6ac429828d1f5e3d3bd99f4da9b02c\"},\"breadcrumb\":{\"@id\":\"https:\\\/\\\/www.gruporecoletas.com\\\/noticias\\\/los-mejores-consejos-dormir-verano\\\/#breadcrumb\"},\"inLanguage\":\"es\",\"potentialAction\":[{\"@type\":\"ReadAction\",\"target\":[\"https:\\\/\\\/www.gruporecoletas.com\\\/noticias\\\/los-mejores-consejos-dormir-verano\\\/\"]}]},{\"@type\":\"ImageObject\",\"inLanguage\":\"es\",\"@id\":\"https:\\\/\\\/www.gruporecoletas.com\\\/noticias\\\/los-mejores-consejos-dormir-verano\\\/#primaryimage\",\"url\":\"https:\\\/\\\/www.gruporecoletas.com\\\/noticias\\\/wp-content\\\/uploads\\\/2018\\\/07\\\/dormir.jpg\",\"contentUrl\":\"https:\\\/\\\/www.gruporecoletas.com\\\/noticias\\\/wp-content\\\/uploads\\\/2018\\\/07\\\/dormir.jpg\",\"width\":1280,\"height\":914},{\"@type\":\"BreadcrumbList\",\"@id\":\"https:\\\/\\\/www.gruporecoletas.com\\\/noticias\\\/los-mejores-consejos-dormir-verano\\\/#breadcrumb\",\"itemListElement\":[{\"@type\":\"ListItem\",\"position\":1,\"name\":\"Portada\",\"item\":\"https:\\\/\\\/www.gruporecoletas.com\\\/noticias\\\/\"},{\"@type\":\"ListItem\",\"position\":2,\"name\":\"Los mejores consejos para dormir en verano\"}]},{\"@type\":\"WebSite\",\"@id\":\"https:\\\/\\\/www.gruporecoletas.com\\\/noticias\\\/#website\",\"url\":\"https:\\\/\\\/www.gruporecoletas.com\\\/noticias\\\/\",\"name\":\"Noticias Grupo Recoletas\",\"description\":\"Grupo Recoletas\",\"potentialAction\":[{\"@type\":\"SearchAction\",\"target\":{\"@type\":\"EntryPoint\",\"urlTemplate\":\"https:\\\/\\\/www.gruporecoletas.com\\\/noticias\\\/?s={search_term_string}\"},\"query-input\":{\"@type\":\"PropertyValueSpecification\",\"valueRequired\":true,\"valueName\":\"search_term_string\"}}],\"inLanguage\":\"es\"},{\"@type\":\"Person\",\"@id\":\"https:\\\/\\\/www.gruporecoletas.com\\\/noticias\\\/#\\\/schema\\\/person\\\/3c6ac429828d1f5e3d3bd99f4da9b02c\",\"name\":\"Recoletas Red Hospitalaria\",\"url\":\"https:\\\/\\\/www.gruporecoletas.com\\\/noticias\\\/author\\\/comunicacion\\\/\"}]}<\/script>\n<!-- \/ Yoast SEO Premium plugin. -->","yoast_head_json":{"title":"Los mejores consejos para dormir en verano - Noticias Grupo Recoletas","robots":{"index":"index","follow":"follow","max-snippet":"max-snippet:-1","max-image-preview":"max-image-preview:large","max-video-preview":"max-video-preview:-1"},"canonical":"https:\/\/www.gruporecoletas.com\/noticias\/los-mejores-consejos-dormir-verano\/","og_locale":"es_ES","og_type":"article","og_title":"Los mejores consejos para dormir en verano","og_description":"Julio y agosto son los meses preferidos por los espa\u00f1oles para pasar las vacaciones. Y tambi\u00e9n los meses en los que, debido al calor,\u00a0peor descansamos. Contra el fr\u00edo est\u00e1 el remedio de abrigarse. Pero contra el calor, las posibilidades son m\u00e1s limitadas. Y en muchas ocasiones, los remedios hasta pueden ser contradictorios. Aparte de intentar\u00a0mantener [&hellip;]","og_url":"https:\/\/www.gruporecoletas.com\/noticias\/los-mejores-consejos-dormir-verano\/","og_site_name":"Noticias Grupo Recoletas","article_publisher":"https:\/\/www.facebook.com\/GrupoRecoletas\/","article_published_time":"2018-07-17T14:57:03+00:00","article_modified_time":"2019-03-05T10:11:10+00:00","og_image":[{"width":1280,"height":914,"url":"https:\/\/www.gruporecoletas.com\/noticias\/wp-content\/uploads\/2018\/07\/dormir.jpg","type":"image\/jpeg"}],"author":"Recoletas Red Hospitalaria","twitter_card":"summary_large_image","twitter_creator":"@GrupoRecoletas","twitter_site":"@GrupoRecoletas","twitter_misc":{"Escrito por":"Recoletas Red Hospitalaria","Tiempo de lectura":"4 minutos"},"schema":{"@context":"https:\/\/schema.org","@graph":[{"@type":"Article","@id":"https:\/\/www.gruporecoletas.com\/noticias\/los-mejores-consejos-dormir-verano\/#article","isPartOf":{"@id":"https:\/\/www.gruporecoletas.com\/noticias\/los-mejores-consejos-dormir-verano\/"},"author":{"name":"Recoletas Red Hospitalaria","@id":"https:\/\/www.gruporecoletas.com\/noticias\/#\/schema\/person\/3c6ac429828d1f5e3d3bd99f4da9b02c"},"headline":"Los mejores consejos para dormir en verano","datePublished":"2018-07-17T14:57:03+00:00","dateModified":"2019-03-05T10:11:10+00:00","mainEntityOfPage":{"@id":"https:\/\/www.gruporecoletas.com\/noticias\/los-mejores-consejos-dormir-verano\/"},"wordCount":836,"image":{"@id":"https:\/\/www.gruporecoletas.com\/noticias\/los-mejores-consejos-dormir-verano\/#primaryimage"},"thumbnailUrl":"https:\/\/www.gruporecoletas.com\/noticias\/wp-content\/uploads\/2018\/07\/dormir.jpg","articleSection":["Prevenci\u00f3n"],"inLanguage":"es"},{"@type":"WebPage","@id":"https:\/\/www.gruporecoletas.com\/noticias\/los-mejores-consejos-dormir-verano\/","url":"https:\/\/www.gruporecoletas.com\/noticias\/los-mejores-consejos-dormir-verano\/","name":"Los mejores consejos para dormir en verano - Noticias Grupo Recoletas","isPartOf":{"@id":"https:\/\/www.gruporecoletas.com\/noticias\/#website"},"primaryImageOfPage":{"@id":"https:\/\/www.gruporecoletas.com\/noticias\/los-mejores-consejos-dormir-verano\/#primaryimage"},"image":{"@id":"https:\/\/www.gruporecoletas.com\/noticias\/los-mejores-consejos-dormir-verano\/#primaryimage"},"thumbnailUrl":"https:\/\/www.gruporecoletas.com\/noticias\/wp-content\/uploads\/2018\/07\/dormir.jpg","datePublished":"2018-07-17T14:57:03+00:00","dateModified":"2019-03-05T10:11:10+00:00","author":{"@id":"https:\/\/www.gruporecoletas.com\/noticias\/#\/schema\/person\/3c6ac429828d1f5e3d3bd99f4da9b02c"},"breadcrumb":{"@id":"https:\/\/www.gruporecoletas.com\/noticias\/los-mejores-consejos-dormir-verano\/#breadcrumb"},"inLanguage":"es","potentialAction":[{"@type":"ReadAction","target":["https:\/\/www.gruporecoletas.com\/noticias\/los-mejores-consejos-dormir-verano\/"]}]},{"@type":"ImageObject","inLanguage":"es","@id":"https:\/\/www.gruporecoletas.com\/noticias\/los-mejores-consejos-dormir-verano\/#primaryimage","url":"https:\/\/www.gruporecoletas.com\/noticias\/wp-content\/uploads\/2018\/07\/dormir.jpg","contentUrl":"https:\/\/www.gruporecoletas.com\/noticias\/wp-content\/uploads\/2018\/07\/dormir.jpg","width":1280,"height":914},{"@type":"BreadcrumbList","@id":"https:\/\/www.gruporecoletas.com\/noticias\/los-mejores-consejos-dormir-verano\/#breadcrumb","itemListElement":[{"@type":"ListItem","position":1,"name":"Portada","item":"https:\/\/www.gruporecoletas.com\/noticias\/"},{"@type":"ListItem","position":2,"name":"Los mejores consejos para dormir en verano"}]},{"@type":"WebSite","@id":"https:\/\/www.gruporecoletas.com\/noticias\/#website","url":"https:\/\/www.gruporecoletas.com\/noticias\/","name":"Noticias Grupo Recoletas","description":"Grupo Recoletas","potentialAction":[{"@type":"SearchAction","target":{"@type":"EntryPoint","urlTemplate":"https:\/\/www.gruporecoletas.com\/noticias\/?s={search_term_string}"},"query-input":{"@type":"PropertyValueSpecification","valueRequired":true,"valueName":"search_term_string"}}],"inLanguage":"es"},{"@type":"Person","@id":"https:\/\/www.gruporecoletas.com\/noticias\/#\/schema\/person\/3c6ac429828d1f5e3d3bd99f4da9b02c","name":"Recoletas Red Hospitalaria","url":"https:\/\/www.gruporecoletas.com\/noticias\/author\/comunicacion\/"}]}},"_links":{"self":[{"href":"https:\/\/www.gruporecoletas.com\/noticias\/wp-json\/wp\/v2\/posts\/11120","targetHints":{"allow":["GET"]}}],"collection":[{"href":"https:\/\/www.gruporecoletas.com\/noticias\/wp-json\/wp\/v2\/posts"}],"about":[{"href":"https:\/\/www.gruporecoletas.com\/noticias\/wp-json\/wp\/v2\/types\/post"}],"author":[{"embeddable":true,"href":"https:\/\/www.gruporecoletas.com\/noticias\/wp-json\/wp\/v2\/users\/2"}],"replies":[{"embeddable":true,"href":"https:\/\/www.gruporecoletas.com\/noticias\/wp-json\/wp\/v2\/comments?post=11120"}],"version-history":[{"count":1,"href":"https:\/\/www.gruporecoletas.com\/noticias\/wp-json\/wp\/v2\/posts\/11120\/revisions"}],"predecessor-version":[{"id":12043,"href":"https:\/\/www.gruporecoletas.com\/noticias\/wp-json\/wp\/v2\/posts\/11120\/revisions\/12043"}],"wp:featuredmedia":[{"embeddable":true,"href":"https:\/\/www.gruporecoletas.com\/noticias\/wp-json\/wp\/v2\/media\/11121"}],"wp:attachment":[{"href":"https:\/\/www.gruporecoletas.com\/noticias\/wp-json\/wp\/v2\/media?parent=11120"}],"wp:term":[{"taxonomy":"category","embeddable":true,"href":"https:\/\/www.gruporecoletas.com\/noticias\/wp-json\/wp\/v2\/categories?post=11120"},{"taxonomy":"post_tag","embeddable":true,"href":"https:\/\/www.gruporecoletas.com\/noticias\/wp-json\/wp\/v2\/tags?post=11120"}],"curies":[{"name":"wp","href":"https:\/\/api.w.org\/{rel}","templated":true}]}}