{"id":11155,"date":"2018-07-27T03:43:43","date_gmt":"2018-07-27T01:43:43","guid":{"rendered":"https:\/\/www.gruporecoletas.com\/?p=11155"},"modified":"2018-07-27T03:43:43","modified_gmt":"2018-07-27T01:43:43","slug":"la-federacion-castilla-leon-futbol-recoletas-red-hospita","status":"publish","type":"post","link":"https:\/\/www.gruporecoletas.com\/noticias\/la-federacion-castilla-leon-futbol-recoletas-red-hospita\/","title":{"rendered":"La Federaci\u00f3n de Castilla y Le\u00f3n de F\u00fatbol y Recoletas Red Hospitalaria firman convenio de colaboraci\u00f3n"},"content":{"rendered":"<p class=\"p1\">La\u00a0<b>Federaci\u00f3n de Castilla y Le\u00f3n de F\u00fatbol y Recoletas Red Hospitalaria<\/b>\u00a0firmaron en la tarde de ayer un acuerdo de patrocinio para la pr\u00f3xima temporada donde Recoletas pasar\u00e1 a ser Sponsor Oficial de la FCyLF y proveedor sanitario de la instituci\u00f3n. Dentro del marco de este convenio, la\u00a0<b>Primera Divisi\u00f3n Regional de Juveniles pasa a llamarse \u2018Liga Recoletas\u2019 en la temporada 2018\/19.\u00a0<\/b>Nuestro director general de Hospitales, Rold\u00e1n Rodr\u00edguez y Marcelino S. Mate presidente de la\u00a0Federaci\u00f3n de Castilla y Le\u00f3n de F\u00fatbol rubricaron el acuerdo.<\/p>\n<p><img loading=\"lazy\" decoding=\"async\" class=\"alignnone size-full wp-image-11157\" src=\"https:\/\/www.gruporecoletas.com\/noticias\/wp-content\/uploads\/2018\/07\/FCYLF02.jpg\" alt=\"\" width=\"1307\" height=\"1028\" srcset=\"https:\/\/www.gruporecoletas.com\/noticias\/wp-content\/uploads\/2018\/07\/FCYLF02.jpg 1307w, https:\/\/www.gruporecoletas.com\/noticias\/wp-content\/uploads\/2018\/07\/FCYLF02-300x236.jpg 300w, https:\/\/www.gruporecoletas.com\/noticias\/wp-content\/uploads\/2018\/07\/FCYLF02-768x604.jpg 768w, https:\/\/www.gruporecoletas.com\/noticias\/wp-content\/uploads\/2018\/07\/FCYLF02-1024x805.jpg 1024w\" sizes=\"auto, (max-width: 1307px) 100vw, 1307px\" \/> <img loading=\"lazy\" decoding=\"async\" class=\"alignnone size-full wp-image-11158\" src=\"https:\/\/www.gruporecoletas.com\/noticias\/wp-content\/uploads\/2018\/07\/FCYLF03.jpg\" alt=\"\" width=\"1432\" height=\"1029\" srcset=\"https:\/\/www.gruporecoletas.com\/noticias\/wp-content\/uploads\/2018\/07\/FCYLF03.jpg 1432w, https:\/\/www.gruporecoletas.com\/noticias\/wp-content\/uploads\/2018\/07\/FCYLF03-300x216.jpg 300w, https:\/\/www.gruporecoletas.com\/noticias\/wp-content\/uploads\/2018\/07\/FCYLF03-768x552.jpg 768w, https:\/\/www.gruporecoletas.com\/noticias\/wp-content\/uploads\/2018\/07\/FCYLF03-1024x736.jpg 1024w\" sizes=\"auto, (max-width: 1432px) 100vw, 1432px\" \/>    \t<\/p>\n","protected":false},"excerpt":{"rendered":"<p>La\u00a0Federaci\u00f3n de Castilla y Le\u00f3n de F\u00fatbol y Recoletas Red Hospitalaria\u00a0firmaron en la tarde de ayer un acuerdo de patrocinio para la pr\u00f3xima temporada donde Recoletas pasar\u00e1 a ser Sponsor Oficial de la FCyLF y proveedor sanitario de la instituci\u00f3n. Dentro del marco de este convenio, la\u00a0Primera Divisi\u00f3n Regional de Juveniles pasa a llamarse \u2018Liga [&hellip;]<\/p>\n","protected":false},"author":2,"featured_media":11156,"comment_status":"closed","ping_status":"closed","sticky":false,"template":"","format":"standard","meta":{"_acf_changed":false,"footnotes":""},"categories":[4],"tags":[],"class_list":["post-11155","post","type-post","status-publish","format-standard","has-post-thumbnail","hentry","category-valladolid"],"acf":[],"yoast_head":"<!-- This site is optimized with the Yoast SEO Premium plugin v27.3 (Yoast SEO v27.3) - https:\/\/yoast.com\/product\/yoast-seo-premium-wordpress\/ -->\n<title>La Federaci\u00f3n de Castilla y Le\u00f3n de F\u00fatbol y Recoletas Red Hospitalaria firman convenio de colaboraci\u00f3n - Noticias Grupo Recoletas<\/title>\n<meta name=\"robots\" content=\"index, follow, max-snippet:-1, max-image-preview:large, max-video-preview:-1\" \/>\n<link rel=\"canonical\" href=\"https:\/\/www.gruporecoletas.com\/noticias\/la-federacion-castilla-leon-futbol-recoletas-red-hospita\/\" \/>\n<meta property=\"og:locale\" content=\"es_ES\" \/>\n<meta property=\"og:type\" content=\"article\" \/>\n<meta property=\"og:title\" content=\"La Federaci\u00f3n de Castilla y Le\u00f3n de F\u00fatbol y Recoletas Red Hospitalaria firman convenio de colaboraci\u00f3n\" \/>\n<meta property=\"og:description\" content=\"La\u00a0Federaci\u00f3n de Castilla y Le\u00f3n de F\u00fatbol y Recoletas Red Hospitalaria\u00a0firmaron en la tarde de ayer un acuerdo de patrocinio para la pr\u00f3xima temporada donde Recoletas pasar\u00e1 a ser Sponsor Oficial de la FCyLF y proveedor sanitario de la instituci\u00f3n. Dentro del marco de este convenio, la\u00a0Primera Divisi\u00f3n Regional de Juveniles pasa a llamarse \u2018Liga [&hellip;]\" \/>\n<meta property=\"og:url\" content=\"https:\/\/www.gruporecoletas.com\/noticias\/la-federacion-castilla-leon-futbol-recoletas-red-hospita\/\" \/>\n<meta property=\"og:site_name\" content=\"Noticias Grupo Recoletas\" \/>\n<meta property=\"article:publisher\" content=\"https:\/\/www.facebook.com\/GrupoRecoletas\/\" \/>\n<meta property=\"article:published_time\" content=\"2018-07-27T01:43:43+00:00\" \/>\n<meta property=\"og:image\" content=\"https:\/\/www.gruporecoletas.com\/noticias\/wp-content\/uploads\/2018\/07\/FCYLF01.jpg\" \/>\n\t<meta property=\"og:image:width\" content=\"1373\" \/>\n\t<meta property=\"og:image:height\" content=\"1028\" \/>\n\t<meta property=\"og:image:type\" content=\"image\/jpeg\" \/>\n<meta name=\"author\" content=\"Recoletas Red Hospitalaria\" \/>\n<meta name=\"twitter:card\" content=\"summary_large_image\" \/>\n<meta name=\"twitter:creator\" content=\"@GrupoRecoletas\" \/>\n<meta name=\"twitter:site\" content=\"@GrupoRecoletas\" \/>\n<meta name=\"twitter:label1\" content=\"Escrito por\" \/>\n\t<meta name=\"twitter:data1\" content=\"Recoletas Red Hospitalaria\" \/>\n<script type=\"application\/ld+json\" class=\"yoast-schema-graph\">{\"@context\":\"https:\\\/\\\/schema.org\",\"@graph\":[{\"@type\":\"Article\",\"@id\":\"https:\\\/\\\/www.gruporecoletas.com\\\/noticias\\\/la-federacion-castilla-leon-futbol-recoletas-red-hospita\\\/#article\",\"isPartOf\":{\"@id\":\"https:\\\/\\\/www.gruporecoletas.com\\\/noticias\\\/la-federacion-castilla-leon-futbol-recoletas-red-hospita\\\/\"},\"author\":{\"name\":\"Recoletas Red Hospitalaria\",\"@id\":\"https:\\\/\\\/www.gruporecoletas.com\\\/noticias\\\/#\\\/schema\\\/person\\\/3c6ac429828d1f5e3d3bd99f4da9b02c\"},\"headline\":\"La Federaci\u00f3n de Castilla y Le\u00f3n de F\u00fatbol y Recoletas Red Hospitalaria firman convenio de colaboraci\u00f3n\",\"datePublished\":\"2018-07-27T01:43:43+00:00\",\"mainEntityOfPage\":{\"@id\":\"https:\\\/\\\/www.gruporecoletas.com\\\/noticias\\\/la-federacion-castilla-leon-futbol-recoletas-red-hospita\\\/\"},\"wordCount\":117,\"image\":{\"@id\":\"https:\\\/\\\/www.gruporecoletas.com\\\/noticias\\\/la-federacion-castilla-leon-futbol-recoletas-red-hospita\\\/#primaryimage\"},\"thumbnailUrl\":\"https:\\\/\\\/www.gruporecoletas.com\\\/noticias\\\/wp-content\\\/uploads\\\/2018\\\/07\\\/FCYLF01.jpg\",\"articleSection\":[\"Valladolid\"],\"inLanguage\":\"es\"},{\"@type\":\"WebPage\",\"@id\":\"https:\\\/\\\/www.gruporecoletas.com\\\/noticias\\\/la-federacion-castilla-leon-futbol-recoletas-red-hospita\\\/\",\"url\":\"https:\\\/\\\/www.gruporecoletas.com\\\/noticias\\\/la-federacion-castilla-leon-futbol-recoletas-red-hospita\\\/\",\"name\":\"La Federaci\u00f3n de Castilla y Le\u00f3n de F\u00fatbol y Recoletas Red Hospitalaria firman convenio de colaboraci\u00f3n - Noticias Grupo Recoletas\",\"isPartOf\":{\"@id\":\"https:\\\/\\\/www.gruporecoletas.com\\\/noticias\\\/#website\"},\"primaryImageOfPage\":{\"@id\":\"https:\\\/\\\/www.gruporecoletas.com\\\/noticias\\\/la-federacion-castilla-leon-futbol-recoletas-red-hospita\\\/#primaryimage\"},\"image\":{\"@id\":\"https:\\\/\\\/www.gruporecoletas.com\\\/noticias\\\/la-federacion-castilla-leon-futbol-recoletas-red-hospita\\\/#primaryimage\"},\"thumbnailUrl\":\"https:\\\/\\\/www.gruporecoletas.com\\\/noticias\\\/wp-content\\\/uploads\\\/2018\\\/07\\\/FCYLF01.jpg\",\"datePublished\":\"2018-07-27T01:43:43+00:00\",\"author\":{\"@id\":\"https:\\\/\\\/www.gruporecoletas.com\\\/noticias\\\/#\\\/schema\\\/person\\\/3c6ac429828d1f5e3d3bd99f4da9b02c\"},\"breadcrumb\":{\"@id\":\"https:\\\/\\\/www.gruporecoletas.com\\\/noticias\\\/la-federacion-castilla-leon-futbol-recoletas-red-hospita\\\/#breadcrumb\"},\"inLanguage\":\"es\",\"potentialAction\":[{\"@type\":\"ReadAction\",\"target\":[\"https:\\\/\\\/www.gruporecoletas.com\\\/noticias\\\/la-federacion-castilla-leon-futbol-recoletas-red-hospita\\\/\"]}]},{\"@type\":\"ImageObject\",\"inLanguage\":\"es\",\"@id\":\"https:\\\/\\\/www.gruporecoletas.com\\\/noticias\\\/la-federacion-castilla-leon-futbol-recoletas-red-hospita\\\/#primaryimage\",\"url\":\"https:\\\/\\\/www.gruporecoletas.com\\\/noticias\\\/wp-content\\\/uploads\\\/2018\\\/07\\\/FCYLF01.jpg\",\"contentUrl\":\"https:\\\/\\\/www.gruporecoletas.com\\\/noticias\\\/wp-content\\\/uploads\\\/2018\\\/07\\\/FCYLF01.jpg\",\"width\":1373,\"height\":1028},{\"@type\":\"BreadcrumbList\",\"@id\":\"https:\\\/\\\/www.gruporecoletas.com\\\/noticias\\\/la-federacion-castilla-leon-futbol-recoletas-red-hospita\\\/#breadcrumb\",\"itemListElement\":[{\"@type\":\"ListItem\",\"position\":1,\"name\":\"Portada\",\"item\":\"https:\\\/\\\/www.gruporecoletas.com\\\/noticias\\\/\"},{\"@type\":\"ListItem\",\"position\":2,\"name\":\"La Federaci\u00f3n de Castilla y Le\u00f3n de F\u00fatbol y Recoletas Red Hospitalaria firman convenio de colaboraci\u00f3n\"}]},{\"@type\":\"WebSite\",\"@id\":\"https:\\\/\\\/www.gruporecoletas.com\\\/noticias\\\/#website\",\"url\":\"https:\\\/\\\/www.gruporecoletas.com\\\/noticias\\\/\",\"name\":\"Noticias Grupo Recoletas\",\"description\":\"Grupo Recoletas\",\"potentialAction\":[{\"@type\":\"SearchAction\",\"target\":{\"@type\":\"EntryPoint\",\"urlTemplate\":\"https:\\\/\\\/www.gruporecoletas.com\\\/noticias\\\/?s={search_term_string}\"},\"query-input\":{\"@type\":\"PropertyValueSpecification\",\"valueRequired\":true,\"valueName\":\"search_term_string\"}}],\"inLanguage\":\"es\"},{\"@type\":\"Person\",\"@id\":\"https:\\\/\\\/www.gruporecoletas.com\\\/noticias\\\/#\\\/schema\\\/person\\\/3c6ac429828d1f5e3d3bd99f4da9b02c\",\"name\":\"Recoletas Red Hospitalaria\",\"url\":\"https:\\\/\\\/www.gruporecoletas.com\\\/noticias\\\/author\\\/comunicacion\\\/\"}]}<\/script>\n<!-- \/ Yoast SEO Premium plugin. -->","yoast_head_json":{"title":"La Federaci\u00f3n de Castilla y Le\u00f3n de F\u00fatbol y Recoletas Red Hospitalaria firman convenio de colaboraci\u00f3n - Noticias Grupo Recoletas","robots":{"index":"index","follow":"follow","max-snippet":"max-snippet:-1","max-image-preview":"max-image-preview:large","max-video-preview":"max-video-preview:-1"},"canonical":"https:\/\/www.gruporecoletas.com\/noticias\/la-federacion-castilla-leon-futbol-recoletas-red-hospita\/","og_locale":"es_ES","og_type":"article","og_title":"La Federaci\u00f3n de Castilla y Le\u00f3n de F\u00fatbol y Recoletas Red Hospitalaria firman convenio de colaboraci\u00f3n","og_description":"La\u00a0Federaci\u00f3n de Castilla y Le\u00f3n de F\u00fatbol y Recoletas Red Hospitalaria\u00a0firmaron en la tarde de ayer un acuerdo de patrocinio para la pr\u00f3xima temporada donde Recoletas pasar\u00e1 a ser Sponsor Oficial de la FCyLF y proveedor sanitario de la instituci\u00f3n. Dentro del marco de este convenio, la\u00a0Primera Divisi\u00f3n Regional de Juveniles pasa a llamarse \u2018Liga [&hellip;]","og_url":"https:\/\/www.gruporecoletas.com\/noticias\/la-federacion-castilla-leon-futbol-recoletas-red-hospita\/","og_site_name":"Noticias Grupo Recoletas","article_publisher":"https:\/\/www.facebook.com\/GrupoRecoletas\/","article_published_time":"2018-07-27T01:43:43+00:00","og_image":[{"width":1373,"height":1028,"url":"https:\/\/www.gruporecoletas.com\/noticias\/wp-content\/uploads\/2018\/07\/FCYLF01.jpg","type":"image\/jpeg"}],"author":"Recoletas Red Hospitalaria","twitter_card":"summary_large_image","twitter_creator":"@GrupoRecoletas","twitter_site":"@GrupoRecoletas","twitter_misc":{"Escrito por":"Recoletas Red Hospitalaria"},"schema":{"@context":"https:\/\/schema.org","@graph":[{"@type":"Article","@id":"https:\/\/www.gruporecoletas.com\/noticias\/la-federacion-castilla-leon-futbol-recoletas-red-hospita\/#article","isPartOf":{"@id":"https:\/\/www.gruporecoletas.com\/noticias\/la-federacion-castilla-leon-futbol-recoletas-red-hospita\/"},"author":{"name":"Recoletas Red Hospitalaria","@id":"https:\/\/www.gruporecoletas.com\/noticias\/#\/schema\/person\/3c6ac429828d1f5e3d3bd99f4da9b02c"},"headline":"La Federaci\u00f3n de Castilla y Le\u00f3n de F\u00fatbol y Recoletas Red Hospitalaria firman convenio de colaboraci\u00f3n","datePublished":"2018-07-27T01:43:43+00:00","mainEntityOfPage":{"@id":"https:\/\/www.gruporecoletas.com\/noticias\/la-federacion-castilla-leon-futbol-recoletas-red-hospita\/"},"wordCount":117,"image":{"@id":"https:\/\/www.gruporecoletas.com\/noticias\/la-federacion-castilla-leon-futbol-recoletas-red-hospita\/#primaryimage"},"thumbnailUrl":"https:\/\/www.gruporecoletas.com\/noticias\/wp-content\/uploads\/2018\/07\/FCYLF01.jpg","articleSection":["Valladolid"],"inLanguage":"es"},{"@type":"WebPage","@id":"https:\/\/www.gruporecoletas.com\/noticias\/la-federacion-castilla-leon-futbol-recoletas-red-hospita\/","url":"https:\/\/www.gruporecoletas.com\/noticias\/la-federacion-castilla-leon-futbol-recoletas-red-hospita\/","name":"La Federaci\u00f3n de Castilla y Le\u00f3n de F\u00fatbol y Recoletas Red Hospitalaria firman convenio de colaboraci\u00f3n - Noticias Grupo Recoletas","isPartOf":{"@id":"https:\/\/www.gruporecoletas.com\/noticias\/#website"},"primaryImageOfPage":{"@id":"https:\/\/www.gruporecoletas.com\/noticias\/la-federacion-castilla-leon-futbol-recoletas-red-hospita\/#primaryimage"},"image":{"@id":"https:\/\/www.gruporecoletas.com\/noticias\/la-federacion-castilla-leon-futbol-recoletas-red-hospita\/#primaryimage"},"thumbnailUrl":"https:\/\/www.gruporecoletas.com\/noticias\/wp-content\/uploads\/2018\/07\/FCYLF01.jpg","datePublished":"2018-07-27T01:43:43+00:00","author":{"@id":"https:\/\/www.gruporecoletas.com\/noticias\/#\/schema\/person\/3c6ac429828d1f5e3d3bd99f4da9b02c"},"breadcrumb":{"@id":"https:\/\/www.gruporecoletas.com\/noticias\/la-federacion-castilla-leon-futbol-recoletas-red-hospita\/#breadcrumb"},"inLanguage":"es","potentialAction":[{"@type":"ReadAction","target":["https:\/\/www.gruporecoletas.com\/noticias\/la-federacion-castilla-leon-futbol-recoletas-red-hospita\/"]}]},{"@type":"ImageObject","inLanguage":"es","@id":"https:\/\/www.gruporecoletas.com\/noticias\/la-federacion-castilla-leon-futbol-recoletas-red-hospita\/#primaryimage","url":"https:\/\/www.gruporecoletas.com\/noticias\/wp-content\/uploads\/2018\/07\/FCYLF01.jpg","contentUrl":"https:\/\/www.gruporecoletas.com\/noticias\/wp-content\/uploads\/2018\/07\/FCYLF01.jpg","width":1373,"height":1028},{"@type":"BreadcrumbList","@id":"https:\/\/www.gruporecoletas.com\/noticias\/la-federacion-castilla-leon-futbol-recoletas-red-hospita\/#breadcrumb","itemListElement":[{"@type":"ListItem","position":1,"name":"Portada","item":"https:\/\/www.gruporecoletas.com\/noticias\/"},{"@type":"ListItem","position":2,"name":"La Federaci\u00f3n de Castilla y Le\u00f3n de F\u00fatbol y Recoletas Red Hospitalaria firman convenio de colaboraci\u00f3n"}]},{"@type":"WebSite","@id":"https:\/\/www.gruporecoletas.com\/noticias\/#website","url":"https:\/\/www.gruporecoletas.com\/noticias\/","name":"Noticias Grupo Recoletas","description":"Grupo Recoletas","potentialAction":[{"@type":"SearchAction","target":{"@type":"EntryPoint","urlTemplate":"https:\/\/www.gruporecoletas.com\/noticias\/?s={search_term_string}"},"query-input":{"@type":"PropertyValueSpecification","valueRequired":true,"valueName":"search_term_string"}}],"inLanguage":"es"},{"@type":"Person","@id":"https:\/\/www.gruporecoletas.com\/noticias\/#\/schema\/person\/3c6ac429828d1f5e3d3bd99f4da9b02c","name":"Recoletas Red Hospitalaria","url":"https:\/\/www.gruporecoletas.com\/noticias\/author\/comunicacion\/"}]}},"_links":{"self":[{"href":"https:\/\/www.gruporecoletas.com\/noticias\/wp-json\/wp\/v2\/posts\/11155","targetHints":{"allow":["GET"]}}],"collection":[{"href":"https:\/\/www.gruporecoletas.com\/noticias\/wp-json\/wp\/v2\/posts"}],"about":[{"href":"https:\/\/www.gruporecoletas.com\/noticias\/wp-json\/wp\/v2\/types\/post"}],"author":[{"embeddable":true,"href":"https:\/\/www.gruporecoletas.com\/noticias\/wp-json\/wp\/v2\/users\/2"}],"replies":[{"embeddable":true,"href":"https:\/\/www.gruporecoletas.com\/noticias\/wp-json\/wp\/v2\/comments?post=11155"}],"version-history":[{"count":0,"href":"https:\/\/www.gruporecoletas.com\/noticias\/wp-json\/wp\/v2\/posts\/11155\/revisions"}],"wp:featuredmedia":[{"embeddable":true,"href":"https:\/\/www.gruporecoletas.com\/noticias\/wp-json\/wp\/v2\/media\/11156"}],"wp:attachment":[{"href":"https:\/\/www.gruporecoletas.com\/noticias\/wp-json\/wp\/v2\/media?parent=11155"}],"wp:term":[{"taxonomy":"category","embeddable":true,"href":"https:\/\/www.gruporecoletas.com\/noticias\/wp-json\/wp\/v2\/categories?post=11155"},{"taxonomy":"post_tag","embeddable":true,"href":"https:\/\/www.gruporecoletas.com\/noticias\/wp-json\/wp\/v2\/tags?post=11155"}],"curies":[{"name":"wp","href":"https:\/\/api.w.org\/{rel}","templated":true}]}}