{"id":11165,"date":"2018-07-30T12:47:09","date_gmt":"2018-07-30T12:47:09","guid":{"rendered":"https:\/\/www.gruporecoletas.com\/?p=11165"},"modified":"2019-09-13T12:49:51","modified_gmt":"2019-09-13T12:49:51","slug":"la-higiene-del-oido-verano","status":"publish","type":"post","link":"https:\/\/www.gruporecoletas.com\/noticias\/la-higiene-del-oido-verano\/","title":{"rendered":"La higiene del o\u00eddo en el verano"},"content":{"rendered":"<p>La higiene del o\u00eddo cobra una gran importancia cuando llega la \u00e9poca estival puesto que es cuando se realiza mayor cantidad de actividades acu\u00e1ticas. Y es que, aunque parezca una cuesti\u00f3n inofensiva, <strong>el hecho de pasar un rato bajo el agua puede llegar a afectarnos de diversas maneras<\/strong> si no ponemos en pr\u00e1ctica las medidas necesarias.<\/p>\n<p>Por lo general, cuando nos referimos a la higiene del o\u00eddo, solemos pensar en su limpieza con los cl\u00e1sicos bastoncillos de algod\u00f3n porque es lo que nos han ense\u00f1ado durante la infancia. No obstante, esta no es ni la \u00fanica medida ni la m\u00e1s adecuada, seg\u00fan los profesionales sanitarios. Esto se debe a que el bastoncillo de algod\u00f3n no remueve la suciedad sino que la empuja hacia el fondo del o\u00eddo, con lo cual siempre existe el riesgo de promover la acumulaci\u00f3n de cerumen y, tambi\u00e9n, de rozar el conducto auditivo.<\/p>\n<h2>La higiene del o\u00eddo en general<\/h2>\n<p><strong>Los profesionales sanitarios indican que el momento m\u00e1s id\u00f3neo para llevar a cabo la higiene del o\u00eddo es despu\u00e9s del ba\u00f1o o la ducha.<\/strong> Debido a que la humedad ablanda el cerumen y permite que se pueda retirar m\u00e1s f\u00e1cilmente. De hecho, se ha constatado que lo m\u00e1s recomendable para retirar la suciedad de los o\u00eddos es utilizar difusores l\u00edquidos especialmente desarrollados para ello.<\/p>\n<p><strong>Bajo ninguna circunstancia\u00a0se debe recurrir a remedios caseros para la limpieza de los o\u00eddos<\/strong> puesto que pueden perjudicarnos en lugar de ayudarnos en nuestro cometido.<\/p>\n<h2>Los cuidados durante el verano<\/h2>\n<p>Durante el verano las personas suelen visitar playas y otros espacios acu\u00e1ticos con regularidad. Y la gran mayor\u00eda considera que la \u00fanica medida que debe <strong>tener en cuenta es el buen secado de los o\u00eddos una vez hayan salido del agua.<\/strong> Si bien esto es importante, no hay que olvidar que hay otras actividades veraniegas que influyen significativamente en los o\u00eddos: el ruido en los eventos musicales tanto al aire libre como en interiores.<\/p>\n<p>En otras palabras, el hecho de pasar un tiempo determinado bajo el agua y asistir a eventos musicales en los que el volumen sea muy elevado puede afectar la salud del o\u00eddo de diversas formas. <strong>La consecuencia m\u00e1s inmediata viene a ser el taponamiento por el aumento en la producci\u00f3n de cerumen.<\/strong> Debido a ello, muchos optan por asear sus o\u00eddos m\u00e1s de lo regular y de forma inapropiada.<\/p>\n<h2>\u00bfC\u00f3mo es la limpieza adecuada?<\/h2>\n<p><strong>La mejor manera de cuidar los o\u00eddos durante el verano viene a ser la siguiente:<\/strong><\/p>\n<ol>\n<li>No retirar el cerumen todos los d\u00edas. <strong>Se debe dejar un margen de 3 y 4 d\u00edas entre cada limpieza.<\/strong><\/li>\n<li>No utilizar bastoncillos de algod\u00f3n ni introducir ning\u00fan otro tipo de objetos. Tampoco de debe utilizar el dedo.<\/li>\n<li>No lavar los o\u00eddos con jab\u00f3n durante el ba\u00f1o o la ducha. En cambio, <strong>lo que s\u00ed puedes utilizar es una soluci\u00f3n acuosa en <em>spray<\/em> despu\u00e9s del ba\u00f1o.<\/strong><\/li>\n<li>Secar siempre con delicadeza los o\u00eddos tras el ba\u00f1o. No se recomienda introducir los dedos ni tampoco un pliegue de la toalla ya que estos pueden rozar las partes m\u00e1s sensibles del o\u00eddo y perjudicarlo.<\/li>\n<\/ol>\n<h2>\u00bfC\u00f3mo se aplica una soluci\u00f3n limpiadora?<\/h2>\n<p>Para aplicar una soluci\u00f3n limpiadora la apropiada lo primero que tenemos que tener en cuenta es el factor de la humedad. Una vez nos hayamos duchado o ba\u00f1ado, debemos ladear la cabeza y presionar ligeramente la boquilla dosificadora del <em>spray<\/em> en la entrada del o\u00eddo. Se deja el l\u00edquido un par de segundos y se procede de inmediato a secar e o\u00eddo con una toalla.<\/p>\n<p>Para futuros usos,<strong> es necesario lavar siempre con agua caliente el aplicador despu\u00e9s de cada aplicaci\u00f3n.<\/strong> Y, por supuesto, no se debe compartir con ninguna persona.    \t<\/p>\n","protected":false},"excerpt":{"rendered":"<p>La higiene del o\u00eddo cobra una gran importancia cuando llega la \u00e9poca estival puesto que es cuando se realiza mayor cantidad de actividades acu\u00e1ticas. Y es que, aunque parezca una cuesti\u00f3n inofensiva, el hecho de pasar un rato bajo el agua puede llegar a afectarnos de diversas maneras si no ponemos en pr\u00e1ctica las medidas [&hellip;]<\/p>\n","protected":false},"author":2,"featured_media":11166,"comment_status":"closed","ping_status":"closed","sticky":false,"template":"","format":"standard","meta":{"_acf_changed":false,"footnotes":""},"categories":[1366,48],"tags":[],"class_list":["post-11165","post","type-post","status-publish","format-standard","has-post-thumbnail","hentry","category-instituto-otorrinolaringologia-recoletas","category-prevencion"],"acf":[],"yoast_head":"<!-- This site is optimized with the Yoast SEO Premium plugin v27.3 (Yoast SEO v27.3) - https:\/\/yoast.com\/product\/yoast-seo-premium-wordpress\/ -->\n<title>La higiene del o\u00eddo en el verano - Noticias Grupo Recoletas<\/title>\n<meta name=\"robots\" content=\"index, follow, max-snippet:-1, max-image-preview:large, max-video-preview:-1\" \/>\n<link rel=\"canonical\" href=\"https:\/\/www.gruporecoletas.com\/noticias\/la-higiene-del-oido-verano\/\" \/>\n<meta property=\"og:locale\" content=\"es_ES\" \/>\n<meta property=\"og:type\" content=\"article\" \/>\n<meta property=\"og:title\" content=\"La higiene del o\u00eddo en el verano\" \/>\n<meta property=\"og:description\" content=\"La higiene del o\u00eddo cobra una gran importancia cuando llega la \u00e9poca estival puesto que es cuando se realiza mayor cantidad de actividades acu\u00e1ticas. Y es que, aunque parezca una cuesti\u00f3n inofensiva, el hecho de pasar un rato bajo el agua puede llegar a afectarnos de diversas maneras si no ponemos en pr\u00e1ctica las medidas [&hellip;]\" \/>\n<meta property=\"og:url\" content=\"https:\/\/www.gruporecoletas.com\/noticias\/la-higiene-del-oido-verano\/\" \/>\n<meta property=\"og:site_name\" content=\"Noticias Grupo Recoletas\" \/>\n<meta property=\"article:publisher\" content=\"https:\/\/www.facebook.com\/GrupoRecoletas\/\" \/>\n<meta property=\"article:published_time\" content=\"2018-07-30T12:47:09+00:00\" \/>\n<meta property=\"article:modified_time\" content=\"2019-09-13T12:49:51+00:00\" \/>\n<meta property=\"og:image\" content=\"https:\/\/www.gruporecoletas.com\/noticias\/wp-content\/uploads\/2018\/07\/oido.jpg\" \/>\n\t<meta property=\"og:image:width\" content=\"1348\" \/>\n\t<meta property=\"og:image:height\" content=\"899\" \/>\n\t<meta property=\"og:image:type\" content=\"image\/jpeg\" \/>\n<meta name=\"author\" content=\"Recoletas Red Hospitalaria\" \/>\n<meta name=\"twitter:card\" content=\"summary_large_image\" \/>\n<meta name=\"twitter:creator\" content=\"@GrupoRecoletas\" \/>\n<meta name=\"twitter:site\" content=\"@GrupoRecoletas\" \/>\n<meta name=\"twitter:label1\" content=\"Escrito por\" \/>\n\t<meta name=\"twitter:data1\" content=\"Recoletas Red Hospitalaria\" \/>\n\t<meta name=\"twitter:label2\" content=\"Tiempo de lectura\" \/>\n\t<meta name=\"twitter:data2\" content=\"3 minutos\" \/>\n<script type=\"application\/ld+json\" class=\"yoast-schema-graph\">{\"@context\":\"https:\\\/\\\/schema.org\",\"@graph\":[{\"@type\":\"Article\",\"@id\":\"https:\\\/\\\/www.gruporecoletas.com\\\/noticias\\\/la-higiene-del-oido-verano\\\/#article\",\"isPartOf\":{\"@id\":\"https:\\\/\\\/www.gruporecoletas.com\\\/noticias\\\/la-higiene-del-oido-verano\\\/\"},\"author\":{\"name\":\"Recoletas Red Hospitalaria\",\"@id\":\"https:\\\/\\\/www.gruporecoletas.com\\\/noticias\\\/#\\\/schema\\\/person\\\/3c6ac429828d1f5e3d3bd99f4da9b02c\"},\"headline\":\"La higiene del o\u00eddo en el verano\",\"datePublished\":\"2018-07-30T12:47:09+00:00\",\"dateModified\":\"2019-09-13T12:49:51+00:00\",\"mainEntityOfPage\":{\"@id\":\"https:\\\/\\\/www.gruporecoletas.com\\\/noticias\\\/la-higiene-del-oido-verano\\\/\"},\"wordCount\":675,\"image\":{\"@id\":\"https:\\\/\\\/www.gruporecoletas.com\\\/noticias\\\/la-higiene-del-oido-verano\\\/#primaryimage\"},\"thumbnailUrl\":\"https:\\\/\\\/www.gruporecoletas.com\\\/noticias\\\/wp-content\\\/uploads\\\/2018\\\/07\\\/oido.jpg\",\"articleSection\":[\"Instituto Otorrinolaringolog\u00eda\",\"Prevenci\u00f3n\"],\"inLanguage\":\"es\"},{\"@type\":\"WebPage\",\"@id\":\"https:\\\/\\\/www.gruporecoletas.com\\\/noticias\\\/la-higiene-del-oido-verano\\\/\",\"url\":\"https:\\\/\\\/www.gruporecoletas.com\\\/noticias\\\/la-higiene-del-oido-verano\\\/\",\"name\":\"La higiene del o\u00eddo en el verano - Noticias Grupo Recoletas\",\"isPartOf\":{\"@id\":\"https:\\\/\\\/www.gruporecoletas.com\\\/noticias\\\/#website\"},\"primaryImageOfPage\":{\"@id\":\"https:\\\/\\\/www.gruporecoletas.com\\\/noticias\\\/la-higiene-del-oido-verano\\\/#primaryimage\"},\"image\":{\"@id\":\"https:\\\/\\\/www.gruporecoletas.com\\\/noticias\\\/la-higiene-del-oido-verano\\\/#primaryimage\"},\"thumbnailUrl\":\"https:\\\/\\\/www.gruporecoletas.com\\\/noticias\\\/wp-content\\\/uploads\\\/2018\\\/07\\\/oido.jpg\",\"datePublished\":\"2018-07-30T12:47:09+00:00\",\"dateModified\":\"2019-09-13T12:49:51+00:00\",\"author\":{\"@id\":\"https:\\\/\\\/www.gruporecoletas.com\\\/noticias\\\/#\\\/schema\\\/person\\\/3c6ac429828d1f5e3d3bd99f4da9b02c\"},\"breadcrumb\":{\"@id\":\"https:\\\/\\\/www.gruporecoletas.com\\\/noticias\\\/la-higiene-del-oido-verano\\\/#breadcrumb\"},\"inLanguage\":\"es\",\"potentialAction\":[{\"@type\":\"ReadAction\",\"target\":[\"https:\\\/\\\/www.gruporecoletas.com\\\/noticias\\\/la-higiene-del-oido-verano\\\/\"]}]},{\"@type\":\"ImageObject\",\"inLanguage\":\"es\",\"@id\":\"https:\\\/\\\/www.gruporecoletas.com\\\/noticias\\\/la-higiene-del-oido-verano\\\/#primaryimage\",\"url\":\"https:\\\/\\\/www.gruporecoletas.com\\\/noticias\\\/wp-content\\\/uploads\\\/2018\\\/07\\\/oido.jpg\",\"contentUrl\":\"https:\\\/\\\/www.gruporecoletas.com\\\/noticias\\\/wp-content\\\/uploads\\\/2018\\\/07\\\/oido.jpg\",\"width\":1348,\"height\":899},{\"@type\":\"BreadcrumbList\",\"@id\":\"https:\\\/\\\/www.gruporecoletas.com\\\/noticias\\\/la-higiene-del-oido-verano\\\/#breadcrumb\",\"itemListElement\":[{\"@type\":\"ListItem\",\"position\":1,\"name\":\"Portada\",\"item\":\"https:\\\/\\\/www.gruporecoletas.com\\\/noticias\\\/\"},{\"@type\":\"ListItem\",\"position\":2,\"name\":\"La higiene del o\u00eddo en el verano\"}]},{\"@type\":\"WebSite\",\"@id\":\"https:\\\/\\\/www.gruporecoletas.com\\\/noticias\\\/#website\",\"url\":\"https:\\\/\\\/www.gruporecoletas.com\\\/noticias\\\/\",\"name\":\"Noticias Grupo Recoletas\",\"description\":\"Grupo Recoletas\",\"potentialAction\":[{\"@type\":\"SearchAction\",\"target\":{\"@type\":\"EntryPoint\",\"urlTemplate\":\"https:\\\/\\\/www.gruporecoletas.com\\\/noticias\\\/?s={search_term_string}\"},\"query-input\":{\"@type\":\"PropertyValueSpecification\",\"valueRequired\":true,\"valueName\":\"search_term_string\"}}],\"inLanguage\":\"es\"},{\"@type\":\"Person\",\"@id\":\"https:\\\/\\\/www.gruporecoletas.com\\\/noticias\\\/#\\\/schema\\\/person\\\/3c6ac429828d1f5e3d3bd99f4da9b02c\",\"name\":\"Recoletas Red Hospitalaria\",\"url\":\"https:\\\/\\\/www.gruporecoletas.com\\\/noticias\\\/author\\\/comunicacion\\\/\"}]}<\/script>\n<!-- \/ Yoast SEO Premium plugin. -->","yoast_head_json":{"title":"La higiene del o\u00eddo en el verano - Noticias Grupo Recoletas","robots":{"index":"index","follow":"follow","max-snippet":"max-snippet:-1","max-image-preview":"max-image-preview:large","max-video-preview":"max-video-preview:-1"},"canonical":"https:\/\/www.gruporecoletas.com\/noticias\/la-higiene-del-oido-verano\/","og_locale":"es_ES","og_type":"article","og_title":"La higiene del o\u00eddo en el verano","og_description":"La higiene del o\u00eddo cobra una gran importancia cuando llega la \u00e9poca estival puesto que es cuando se realiza mayor cantidad de actividades acu\u00e1ticas. Y es que, aunque parezca una cuesti\u00f3n inofensiva, el hecho de pasar un rato bajo el agua puede llegar a afectarnos de diversas maneras si no ponemos en pr\u00e1ctica las medidas [&hellip;]","og_url":"https:\/\/www.gruporecoletas.com\/noticias\/la-higiene-del-oido-verano\/","og_site_name":"Noticias Grupo Recoletas","article_publisher":"https:\/\/www.facebook.com\/GrupoRecoletas\/","article_published_time":"2018-07-30T12:47:09+00:00","article_modified_time":"2019-09-13T12:49:51+00:00","og_image":[{"width":1348,"height":899,"url":"https:\/\/www.gruporecoletas.com\/noticias\/wp-content\/uploads\/2018\/07\/oido.jpg","type":"image\/jpeg"}],"author":"Recoletas Red Hospitalaria","twitter_card":"summary_large_image","twitter_creator":"@GrupoRecoletas","twitter_site":"@GrupoRecoletas","twitter_misc":{"Escrito por":"Recoletas Red Hospitalaria","Tiempo de lectura":"3 minutos"},"schema":{"@context":"https:\/\/schema.org","@graph":[{"@type":"Article","@id":"https:\/\/www.gruporecoletas.com\/noticias\/la-higiene-del-oido-verano\/#article","isPartOf":{"@id":"https:\/\/www.gruporecoletas.com\/noticias\/la-higiene-del-oido-verano\/"},"author":{"name":"Recoletas Red Hospitalaria","@id":"https:\/\/www.gruporecoletas.com\/noticias\/#\/schema\/person\/3c6ac429828d1f5e3d3bd99f4da9b02c"},"headline":"La higiene del o\u00eddo en el verano","datePublished":"2018-07-30T12:47:09+00:00","dateModified":"2019-09-13T12:49:51+00:00","mainEntityOfPage":{"@id":"https:\/\/www.gruporecoletas.com\/noticias\/la-higiene-del-oido-verano\/"},"wordCount":675,"image":{"@id":"https:\/\/www.gruporecoletas.com\/noticias\/la-higiene-del-oido-verano\/#primaryimage"},"thumbnailUrl":"https:\/\/www.gruporecoletas.com\/noticias\/wp-content\/uploads\/2018\/07\/oido.jpg","articleSection":["Instituto Otorrinolaringolog\u00eda","Prevenci\u00f3n"],"inLanguage":"es"},{"@type":"WebPage","@id":"https:\/\/www.gruporecoletas.com\/noticias\/la-higiene-del-oido-verano\/","url":"https:\/\/www.gruporecoletas.com\/noticias\/la-higiene-del-oido-verano\/","name":"La higiene del o\u00eddo en el verano - Noticias Grupo Recoletas","isPartOf":{"@id":"https:\/\/www.gruporecoletas.com\/noticias\/#website"},"primaryImageOfPage":{"@id":"https:\/\/www.gruporecoletas.com\/noticias\/la-higiene-del-oido-verano\/#primaryimage"},"image":{"@id":"https:\/\/www.gruporecoletas.com\/noticias\/la-higiene-del-oido-verano\/#primaryimage"},"thumbnailUrl":"https:\/\/www.gruporecoletas.com\/noticias\/wp-content\/uploads\/2018\/07\/oido.jpg","datePublished":"2018-07-30T12:47:09+00:00","dateModified":"2019-09-13T12:49:51+00:00","author":{"@id":"https:\/\/www.gruporecoletas.com\/noticias\/#\/schema\/person\/3c6ac429828d1f5e3d3bd99f4da9b02c"},"breadcrumb":{"@id":"https:\/\/www.gruporecoletas.com\/noticias\/la-higiene-del-oido-verano\/#breadcrumb"},"inLanguage":"es","potentialAction":[{"@type":"ReadAction","target":["https:\/\/www.gruporecoletas.com\/noticias\/la-higiene-del-oido-verano\/"]}]},{"@type":"ImageObject","inLanguage":"es","@id":"https:\/\/www.gruporecoletas.com\/noticias\/la-higiene-del-oido-verano\/#primaryimage","url":"https:\/\/www.gruporecoletas.com\/noticias\/wp-content\/uploads\/2018\/07\/oido.jpg","contentUrl":"https:\/\/www.gruporecoletas.com\/noticias\/wp-content\/uploads\/2018\/07\/oido.jpg","width":1348,"height":899},{"@type":"BreadcrumbList","@id":"https:\/\/www.gruporecoletas.com\/noticias\/la-higiene-del-oido-verano\/#breadcrumb","itemListElement":[{"@type":"ListItem","position":1,"name":"Portada","item":"https:\/\/www.gruporecoletas.com\/noticias\/"},{"@type":"ListItem","position":2,"name":"La higiene del o\u00eddo en el verano"}]},{"@type":"WebSite","@id":"https:\/\/www.gruporecoletas.com\/noticias\/#website","url":"https:\/\/www.gruporecoletas.com\/noticias\/","name":"Noticias Grupo Recoletas","description":"Grupo Recoletas","potentialAction":[{"@type":"SearchAction","target":{"@type":"EntryPoint","urlTemplate":"https:\/\/www.gruporecoletas.com\/noticias\/?s={search_term_string}"},"query-input":{"@type":"PropertyValueSpecification","valueRequired":true,"valueName":"search_term_string"}}],"inLanguage":"es"},{"@type":"Person","@id":"https:\/\/www.gruporecoletas.com\/noticias\/#\/schema\/person\/3c6ac429828d1f5e3d3bd99f4da9b02c","name":"Recoletas Red Hospitalaria","url":"https:\/\/www.gruporecoletas.com\/noticias\/author\/comunicacion\/"}]}},"_links":{"self":[{"href":"https:\/\/www.gruporecoletas.com\/noticias\/wp-json\/wp\/v2\/posts\/11165","targetHints":{"allow":["GET"]}}],"collection":[{"href":"https:\/\/www.gruporecoletas.com\/noticias\/wp-json\/wp\/v2\/posts"}],"about":[{"href":"https:\/\/www.gruporecoletas.com\/noticias\/wp-json\/wp\/v2\/types\/post"}],"author":[{"embeddable":true,"href":"https:\/\/www.gruporecoletas.com\/noticias\/wp-json\/wp\/v2\/users\/2"}],"replies":[{"embeddable":true,"href":"https:\/\/www.gruporecoletas.com\/noticias\/wp-json\/wp\/v2\/comments?post=11165"}],"version-history":[{"count":1,"href":"https:\/\/www.gruporecoletas.com\/noticias\/wp-json\/wp\/v2\/posts\/11165\/revisions"}],"predecessor-version":[{"id":11688,"href":"https:\/\/www.gruporecoletas.com\/noticias\/wp-json\/wp\/v2\/posts\/11165\/revisions\/11688"}],"wp:featuredmedia":[{"embeddable":true,"href":"https:\/\/www.gruporecoletas.com\/noticias\/wp-json\/wp\/v2\/media\/11166"}],"wp:attachment":[{"href":"https:\/\/www.gruporecoletas.com\/noticias\/wp-json\/wp\/v2\/media?parent=11165"}],"wp:term":[{"taxonomy":"category","embeddable":true,"href":"https:\/\/www.gruporecoletas.com\/noticias\/wp-json\/wp\/v2\/categories?post=11165"},{"taxonomy":"post_tag","embeddable":true,"href":"https:\/\/www.gruporecoletas.com\/noticias\/wp-json\/wp\/v2\/tags?post=11165"}],"curies":[{"name":"wp","href":"https:\/\/api.w.org\/{rel}","templated":true}]}}