{"id":11190,"date":"2018-08-14T08:35:03","date_gmt":"2018-08-14T06:35:03","guid":{"rendered":"https:\/\/www.gruporecoletas.com\/?p=11190"},"modified":"2018-08-14T08:35:03","modified_gmt":"2018-08-14T06:35:03","slug":"club-baloncesto-san-pablo-burgos-comienza-la-temporada-2018-19-hospital-recoletas-burgos","status":"publish","type":"post","link":"https:\/\/www.gruporecoletas.com\/noticias\/club-baloncesto-san-pablo-burgos-comienza-la-temporada-2018-19-hospital-recoletas-burgos\/","title":{"rendered":"El Club Baloncesto San Pablo Burgos comienza la temporada 2018\/19 en el Hospital Recoletas Burgos"},"content":{"rendered":"<p>Los jugadores presentes en la ciudad burgalesa, Vlatko \u010can\u010dar, Bruno Fitipaldo, \u00c1lex L\u00f3pez, \u00c1lex Barrera y Javi Vega, han pasado ayer lunes el reconocimiento m\u00e9dico. Al reencuentro en el centro m\u00e9dico ha acudido el cuerpo t\u00e9cnico del San Pablo Burgos al completo, con Diego Epifanio \u2018Epi\u2019, Fran Hern\u00e1ndez, Alberto Codeso, Dani Hern\u00e1ndez, Ra\u00fal Santamar\u00eda, Sergio Gonz\u00e1lez, Gonzalo <span class=\"text_exposed_show\">P\u00e9rez y el m\u00e9dico del equipo, Enrique Ruiz. Tambi\u00e9n han estado presentes los j\u00f3venes jugadores del equipo de Liga EBA, Alberto Alonso, David Segura y el reciente fichaje, V\u00edctor Aguilar.<\/span><\/p>\n<div class=\"text_exposed_show\">\n<p>De igual forma, ha tenido lugar la primera fotograf\u00eda de equipo de este curso, en la que han posado la plantilla, el cuerpo t\u00e9cnico y varios directivos de la entidad burgalesa, con F\u00e9lix Sancho, presidente del club, y Albano Mart\u00ednez, director deportivo y gerente, a la cabeza, junto a los responsables m\u00e9dicos del centro.<\/p>\n<p>A lo largo de los pr\u00f3ximos d\u00edas, todos los jugadores del San Pablo Burgos se ir\u00e1n incorporando a la rutina de entrenamientos del equipo, que arrancar\u00e1 hoy martes con una doble sesi\u00f3n, de ma\u00f1ana y de tarde, en el Polideportivo Municipal El Plant\u00edo.<\/p>\n<\/div>\n","protected":false},"excerpt":{"rendered":"<p>Los jugadores presentes en la ciudad burgalesa, Vlatko \u010can\u010dar, Bruno Fitipaldo, \u00c1lex L\u00f3pez, \u00c1lex Barrera y Javi Vega, han pasado ayer lunes el reconocimiento m\u00e9dico. Al reencuentro en el centro m\u00e9dico ha acudido el cuerpo t\u00e9cnico del San Pablo Burgos al completo, con Diego Epifanio \u2018Epi\u2019, Fran Hern\u00e1ndez, Alberto Codeso, Dani Hern\u00e1ndez, Ra\u00fal Santamar\u00eda, Sergio [&hellip;]<\/p>\n","protected":false},"author":2,"featured_media":11191,"comment_status":"closed","ping_status":"closed","sticky":false,"template":"","format":"standard","meta":{"_acf_changed":false,"footnotes":""},"categories":[10],"tags":[],"class_list":["post-11190","post","type-post","status-publish","format-standard","has-post-thumbnail","hentry","category-burgos"],"acf":[],"yoast_head":"<!-- This site is optimized with the Yoast SEO Premium plugin v27.3 (Yoast SEO v27.3) - https:\/\/yoast.com\/product\/yoast-seo-premium-wordpress\/ -->\n<title>El Club Baloncesto San Pablo Burgos comienza la temporada 2018\/19 en el Hospital Recoletas Burgos - Noticias Grupo Recoletas<\/title>\n<meta name=\"robots\" content=\"index, follow, max-snippet:-1, max-image-preview:large, max-video-preview:-1\" \/>\n<link rel=\"canonical\" href=\"https:\/\/www.gruporecoletas.com\/noticias\/club-baloncesto-san-pablo-burgos-comienza-la-temporada-2018-19-hospital-recoletas-burgos\/\" \/>\n<meta property=\"og:locale\" content=\"es_ES\" \/>\n<meta property=\"og:type\" content=\"article\" \/>\n<meta property=\"og:title\" content=\"El Club Baloncesto San Pablo Burgos comienza la temporada 2018\/19 en el Hospital Recoletas Burgos\" \/>\n<meta property=\"og:description\" content=\"Los jugadores presentes en la ciudad burgalesa, Vlatko \u010can\u010dar, Bruno Fitipaldo, \u00c1lex L\u00f3pez, \u00c1lex Barrera y Javi Vega, han pasado ayer lunes el reconocimiento m\u00e9dico. Al reencuentro en el centro m\u00e9dico ha acudido el cuerpo t\u00e9cnico del San Pablo Burgos al completo, con Diego Epifanio \u2018Epi\u2019, Fran Hern\u00e1ndez, Alberto Codeso, Dani Hern\u00e1ndez, Ra\u00fal Santamar\u00eda, Sergio [&hellip;]\" \/>\n<meta property=\"og:url\" content=\"https:\/\/www.gruporecoletas.com\/noticias\/club-baloncesto-san-pablo-burgos-comienza-la-temporada-2018-19-hospital-recoletas-burgos\/\" \/>\n<meta property=\"og:site_name\" content=\"Noticias Grupo Recoletas\" \/>\n<meta property=\"article:publisher\" content=\"https:\/\/www.facebook.com\/GrupoRecoletas\/\" \/>\n<meta property=\"article:published_time\" content=\"2018-08-14T06:35:03+00:00\" \/>\n<meta property=\"og:image\" content=\"https:\/\/www.gruporecoletas.com\/noticias\/wp-content\/uploads\/2018\/08\/Sanpablo.jpg\" \/>\n\t<meta property=\"og:image:width\" content=\"1200\" \/>\n\t<meta property=\"og:image:height\" content=\"675\" \/>\n\t<meta property=\"og:image:type\" content=\"image\/jpeg\" \/>\n<meta name=\"author\" content=\"Recoletas Red Hospitalaria\" \/>\n<meta name=\"twitter:card\" content=\"summary_large_image\" \/>\n<meta name=\"twitter:creator\" content=\"@GrupoRecoletas\" \/>\n<meta name=\"twitter:site\" content=\"@GrupoRecoletas\" \/>\n<meta name=\"twitter:label1\" content=\"Escrito por\" \/>\n\t<meta name=\"twitter:data1\" content=\"Recoletas Red Hospitalaria\" \/>\n\t<meta name=\"twitter:label2\" content=\"Tiempo de lectura\" \/>\n\t<meta name=\"twitter:data2\" content=\"1 minuto\" \/>\n<script type=\"application\/ld+json\" class=\"yoast-schema-graph\">{\"@context\":\"https:\\\/\\\/schema.org\",\"@graph\":[{\"@type\":\"Article\",\"@id\":\"https:\\\/\\\/www.gruporecoletas.com\\\/noticias\\\/club-baloncesto-san-pablo-burgos-comienza-la-temporada-2018-19-hospital-recoletas-burgos\\\/#article\",\"isPartOf\":{\"@id\":\"https:\\\/\\\/www.gruporecoletas.com\\\/noticias\\\/club-baloncesto-san-pablo-burgos-comienza-la-temporada-2018-19-hospital-recoletas-burgos\\\/\"},\"author\":{\"name\":\"Recoletas Red Hospitalaria\",\"@id\":\"https:\\\/\\\/www.gruporecoletas.com\\\/noticias\\\/#\\\/schema\\\/person\\\/3c6ac429828d1f5e3d3bd99f4da9b02c\"},\"headline\":\"El Club Baloncesto San Pablo Burgos comienza la temporada 2018\\\/19 en el Hospital Recoletas Burgos\",\"datePublished\":\"2018-08-14T06:35:03+00:00\",\"mainEntityOfPage\":{\"@id\":\"https:\\\/\\\/www.gruporecoletas.com\\\/noticias\\\/club-baloncesto-san-pablo-burgos-comienza-la-temporada-2018-19-hospital-recoletas-burgos\\\/\"},\"wordCount\":224,\"image\":{\"@id\":\"https:\\\/\\\/www.gruporecoletas.com\\\/noticias\\\/club-baloncesto-san-pablo-burgos-comienza-la-temporada-2018-19-hospital-recoletas-burgos\\\/#primaryimage\"},\"thumbnailUrl\":\"https:\\\/\\\/www.gruporecoletas.com\\\/noticias\\\/wp-content\\\/uploads\\\/2018\\\/08\\\/Sanpablo.jpg\",\"articleSection\":[\"Burgos\"],\"inLanguage\":\"es\"},{\"@type\":\"WebPage\",\"@id\":\"https:\\\/\\\/www.gruporecoletas.com\\\/noticias\\\/club-baloncesto-san-pablo-burgos-comienza-la-temporada-2018-19-hospital-recoletas-burgos\\\/\",\"url\":\"https:\\\/\\\/www.gruporecoletas.com\\\/noticias\\\/club-baloncesto-san-pablo-burgos-comienza-la-temporada-2018-19-hospital-recoletas-burgos\\\/\",\"name\":\"El Club Baloncesto San Pablo Burgos comienza la temporada 2018\\\/19 en el Hospital Recoletas Burgos - Noticias Grupo Recoletas\",\"isPartOf\":{\"@id\":\"https:\\\/\\\/www.gruporecoletas.com\\\/noticias\\\/#website\"},\"primaryImageOfPage\":{\"@id\":\"https:\\\/\\\/www.gruporecoletas.com\\\/noticias\\\/club-baloncesto-san-pablo-burgos-comienza-la-temporada-2018-19-hospital-recoletas-burgos\\\/#primaryimage\"},\"image\":{\"@id\":\"https:\\\/\\\/www.gruporecoletas.com\\\/noticias\\\/club-baloncesto-san-pablo-burgos-comienza-la-temporada-2018-19-hospital-recoletas-burgos\\\/#primaryimage\"},\"thumbnailUrl\":\"https:\\\/\\\/www.gruporecoletas.com\\\/noticias\\\/wp-content\\\/uploads\\\/2018\\\/08\\\/Sanpablo.jpg\",\"datePublished\":\"2018-08-14T06:35:03+00:00\",\"author\":{\"@id\":\"https:\\\/\\\/www.gruporecoletas.com\\\/noticias\\\/#\\\/schema\\\/person\\\/3c6ac429828d1f5e3d3bd99f4da9b02c\"},\"breadcrumb\":{\"@id\":\"https:\\\/\\\/www.gruporecoletas.com\\\/noticias\\\/club-baloncesto-san-pablo-burgos-comienza-la-temporada-2018-19-hospital-recoletas-burgos\\\/#breadcrumb\"},\"inLanguage\":\"es\",\"potentialAction\":[{\"@type\":\"ReadAction\",\"target\":[\"https:\\\/\\\/www.gruporecoletas.com\\\/noticias\\\/club-baloncesto-san-pablo-burgos-comienza-la-temporada-2018-19-hospital-recoletas-burgos\\\/\"]}]},{\"@type\":\"ImageObject\",\"inLanguage\":\"es\",\"@id\":\"https:\\\/\\\/www.gruporecoletas.com\\\/noticias\\\/club-baloncesto-san-pablo-burgos-comienza-la-temporada-2018-19-hospital-recoletas-burgos\\\/#primaryimage\",\"url\":\"https:\\\/\\\/www.gruporecoletas.com\\\/noticias\\\/wp-content\\\/uploads\\\/2018\\\/08\\\/Sanpablo.jpg\",\"contentUrl\":\"https:\\\/\\\/www.gruporecoletas.com\\\/noticias\\\/wp-content\\\/uploads\\\/2018\\\/08\\\/Sanpablo.jpg\",\"width\":1200,\"height\":675},{\"@type\":\"BreadcrumbList\",\"@id\":\"https:\\\/\\\/www.gruporecoletas.com\\\/noticias\\\/club-baloncesto-san-pablo-burgos-comienza-la-temporada-2018-19-hospital-recoletas-burgos\\\/#breadcrumb\",\"itemListElement\":[{\"@type\":\"ListItem\",\"position\":1,\"name\":\"Portada\",\"item\":\"https:\\\/\\\/www.gruporecoletas.com\\\/noticias\\\/\"},{\"@type\":\"ListItem\",\"position\":2,\"name\":\"El Club Baloncesto San Pablo Burgos comienza la temporada 2018\\\/19 en el Hospital Recoletas Burgos\"}]},{\"@type\":\"WebSite\",\"@id\":\"https:\\\/\\\/www.gruporecoletas.com\\\/noticias\\\/#website\",\"url\":\"https:\\\/\\\/www.gruporecoletas.com\\\/noticias\\\/\",\"name\":\"Noticias Grupo Recoletas\",\"description\":\"Grupo Recoletas\",\"potentialAction\":[{\"@type\":\"SearchAction\",\"target\":{\"@type\":\"EntryPoint\",\"urlTemplate\":\"https:\\\/\\\/www.gruporecoletas.com\\\/noticias\\\/?s={search_term_string}\"},\"query-input\":{\"@type\":\"PropertyValueSpecification\",\"valueRequired\":true,\"valueName\":\"search_term_string\"}}],\"inLanguage\":\"es\"},{\"@type\":\"Person\",\"@id\":\"https:\\\/\\\/www.gruporecoletas.com\\\/noticias\\\/#\\\/schema\\\/person\\\/3c6ac429828d1f5e3d3bd99f4da9b02c\",\"name\":\"Recoletas Red Hospitalaria\",\"url\":\"https:\\\/\\\/www.gruporecoletas.com\\\/noticias\\\/author\\\/comunicacion\\\/\"}]}<\/script>\n<!-- \/ Yoast SEO Premium plugin. -->","yoast_head_json":{"title":"El Club Baloncesto San Pablo Burgos comienza la temporada 2018\/19 en el Hospital Recoletas Burgos - Noticias Grupo Recoletas","robots":{"index":"index","follow":"follow","max-snippet":"max-snippet:-1","max-image-preview":"max-image-preview:large","max-video-preview":"max-video-preview:-1"},"canonical":"https:\/\/www.gruporecoletas.com\/noticias\/club-baloncesto-san-pablo-burgos-comienza-la-temporada-2018-19-hospital-recoletas-burgos\/","og_locale":"es_ES","og_type":"article","og_title":"El Club Baloncesto San Pablo Burgos comienza la temporada 2018\/19 en el Hospital Recoletas Burgos","og_description":"Los jugadores presentes en la ciudad burgalesa, Vlatko \u010can\u010dar, Bruno Fitipaldo, \u00c1lex L\u00f3pez, \u00c1lex Barrera y Javi Vega, han pasado ayer lunes el reconocimiento m\u00e9dico. Al reencuentro en el centro m\u00e9dico ha acudido el cuerpo t\u00e9cnico del San Pablo Burgos al completo, con Diego Epifanio \u2018Epi\u2019, Fran Hern\u00e1ndez, Alberto Codeso, Dani Hern\u00e1ndez, Ra\u00fal Santamar\u00eda, Sergio [&hellip;]","og_url":"https:\/\/www.gruporecoletas.com\/noticias\/club-baloncesto-san-pablo-burgos-comienza-la-temporada-2018-19-hospital-recoletas-burgos\/","og_site_name":"Noticias Grupo Recoletas","article_publisher":"https:\/\/www.facebook.com\/GrupoRecoletas\/","article_published_time":"2018-08-14T06:35:03+00:00","og_image":[{"width":1200,"height":675,"url":"https:\/\/www.gruporecoletas.com\/noticias\/wp-content\/uploads\/2018\/08\/Sanpablo.jpg","type":"image\/jpeg"}],"author":"Recoletas Red Hospitalaria","twitter_card":"summary_large_image","twitter_creator":"@GrupoRecoletas","twitter_site":"@GrupoRecoletas","twitter_misc":{"Escrito por":"Recoletas Red Hospitalaria","Tiempo de lectura":"1 minuto"},"schema":{"@context":"https:\/\/schema.org","@graph":[{"@type":"Article","@id":"https:\/\/www.gruporecoletas.com\/noticias\/club-baloncesto-san-pablo-burgos-comienza-la-temporada-2018-19-hospital-recoletas-burgos\/#article","isPartOf":{"@id":"https:\/\/www.gruporecoletas.com\/noticias\/club-baloncesto-san-pablo-burgos-comienza-la-temporada-2018-19-hospital-recoletas-burgos\/"},"author":{"name":"Recoletas Red Hospitalaria","@id":"https:\/\/www.gruporecoletas.com\/noticias\/#\/schema\/person\/3c6ac429828d1f5e3d3bd99f4da9b02c"},"headline":"El Club Baloncesto San Pablo Burgos comienza la temporada 2018\/19 en el Hospital Recoletas Burgos","datePublished":"2018-08-14T06:35:03+00:00","mainEntityOfPage":{"@id":"https:\/\/www.gruporecoletas.com\/noticias\/club-baloncesto-san-pablo-burgos-comienza-la-temporada-2018-19-hospital-recoletas-burgos\/"},"wordCount":224,"image":{"@id":"https:\/\/www.gruporecoletas.com\/noticias\/club-baloncesto-san-pablo-burgos-comienza-la-temporada-2018-19-hospital-recoletas-burgos\/#primaryimage"},"thumbnailUrl":"https:\/\/www.gruporecoletas.com\/noticias\/wp-content\/uploads\/2018\/08\/Sanpablo.jpg","articleSection":["Burgos"],"inLanguage":"es"},{"@type":"WebPage","@id":"https:\/\/www.gruporecoletas.com\/noticias\/club-baloncesto-san-pablo-burgos-comienza-la-temporada-2018-19-hospital-recoletas-burgos\/","url":"https:\/\/www.gruporecoletas.com\/noticias\/club-baloncesto-san-pablo-burgos-comienza-la-temporada-2018-19-hospital-recoletas-burgos\/","name":"El Club Baloncesto San Pablo Burgos comienza la temporada 2018\/19 en el Hospital Recoletas Burgos - Noticias Grupo Recoletas","isPartOf":{"@id":"https:\/\/www.gruporecoletas.com\/noticias\/#website"},"primaryImageOfPage":{"@id":"https:\/\/www.gruporecoletas.com\/noticias\/club-baloncesto-san-pablo-burgos-comienza-la-temporada-2018-19-hospital-recoletas-burgos\/#primaryimage"},"image":{"@id":"https:\/\/www.gruporecoletas.com\/noticias\/club-baloncesto-san-pablo-burgos-comienza-la-temporada-2018-19-hospital-recoletas-burgos\/#primaryimage"},"thumbnailUrl":"https:\/\/www.gruporecoletas.com\/noticias\/wp-content\/uploads\/2018\/08\/Sanpablo.jpg","datePublished":"2018-08-14T06:35:03+00:00","author":{"@id":"https:\/\/www.gruporecoletas.com\/noticias\/#\/schema\/person\/3c6ac429828d1f5e3d3bd99f4da9b02c"},"breadcrumb":{"@id":"https:\/\/www.gruporecoletas.com\/noticias\/club-baloncesto-san-pablo-burgos-comienza-la-temporada-2018-19-hospital-recoletas-burgos\/#breadcrumb"},"inLanguage":"es","potentialAction":[{"@type":"ReadAction","target":["https:\/\/www.gruporecoletas.com\/noticias\/club-baloncesto-san-pablo-burgos-comienza-la-temporada-2018-19-hospital-recoletas-burgos\/"]}]},{"@type":"ImageObject","inLanguage":"es","@id":"https:\/\/www.gruporecoletas.com\/noticias\/club-baloncesto-san-pablo-burgos-comienza-la-temporada-2018-19-hospital-recoletas-burgos\/#primaryimage","url":"https:\/\/www.gruporecoletas.com\/noticias\/wp-content\/uploads\/2018\/08\/Sanpablo.jpg","contentUrl":"https:\/\/www.gruporecoletas.com\/noticias\/wp-content\/uploads\/2018\/08\/Sanpablo.jpg","width":1200,"height":675},{"@type":"BreadcrumbList","@id":"https:\/\/www.gruporecoletas.com\/noticias\/club-baloncesto-san-pablo-burgos-comienza-la-temporada-2018-19-hospital-recoletas-burgos\/#breadcrumb","itemListElement":[{"@type":"ListItem","position":1,"name":"Portada","item":"https:\/\/www.gruporecoletas.com\/noticias\/"},{"@type":"ListItem","position":2,"name":"El Club Baloncesto San Pablo Burgos comienza la temporada 2018\/19 en el Hospital Recoletas Burgos"}]},{"@type":"WebSite","@id":"https:\/\/www.gruporecoletas.com\/noticias\/#website","url":"https:\/\/www.gruporecoletas.com\/noticias\/","name":"Noticias Grupo Recoletas","description":"Grupo Recoletas","potentialAction":[{"@type":"SearchAction","target":{"@type":"EntryPoint","urlTemplate":"https:\/\/www.gruporecoletas.com\/noticias\/?s={search_term_string}"},"query-input":{"@type":"PropertyValueSpecification","valueRequired":true,"valueName":"search_term_string"}}],"inLanguage":"es"},{"@type":"Person","@id":"https:\/\/www.gruporecoletas.com\/noticias\/#\/schema\/person\/3c6ac429828d1f5e3d3bd99f4da9b02c","name":"Recoletas Red Hospitalaria","url":"https:\/\/www.gruporecoletas.com\/noticias\/author\/comunicacion\/"}]}},"_links":{"self":[{"href":"https:\/\/www.gruporecoletas.com\/noticias\/wp-json\/wp\/v2\/posts\/11190","targetHints":{"allow":["GET"]}}],"collection":[{"href":"https:\/\/www.gruporecoletas.com\/noticias\/wp-json\/wp\/v2\/posts"}],"about":[{"href":"https:\/\/www.gruporecoletas.com\/noticias\/wp-json\/wp\/v2\/types\/post"}],"author":[{"embeddable":true,"href":"https:\/\/www.gruporecoletas.com\/noticias\/wp-json\/wp\/v2\/users\/2"}],"replies":[{"embeddable":true,"href":"https:\/\/www.gruporecoletas.com\/noticias\/wp-json\/wp\/v2\/comments?post=11190"}],"version-history":[{"count":0,"href":"https:\/\/www.gruporecoletas.com\/noticias\/wp-json\/wp\/v2\/posts\/11190\/revisions"}],"wp:featuredmedia":[{"embeddable":true,"href":"https:\/\/www.gruporecoletas.com\/noticias\/wp-json\/wp\/v2\/media\/11191"}],"wp:attachment":[{"href":"https:\/\/www.gruporecoletas.com\/noticias\/wp-json\/wp\/v2\/media?parent=11190"}],"wp:term":[{"taxonomy":"category","embeddable":true,"href":"https:\/\/www.gruporecoletas.com\/noticias\/wp-json\/wp\/v2\/categories?post=11190"},{"taxonomy":"post_tag","embeddable":true,"href":"https:\/\/www.gruporecoletas.com\/noticias\/wp-json\/wp\/v2\/tags?post=11190"}],"curies":[{"name":"wp","href":"https:\/\/api.w.org\/{rel}","templated":true}]}}