{"id":11210,"date":"2018-08-22T16:03:42","date_gmt":"2018-08-22T16:03:42","guid":{"rendered":"https:\/\/www.gruporecoletas.com\/?p=11210"},"modified":"2019-02-28T13:12:07","modified_gmt":"2019-02-28T13:12:07","slug":"desayunar-adelgazar-5-sugerencias-te-gustaran","status":"publish","type":"post","link":"https:\/\/www.gruporecoletas.com\/noticias\/desayunar-adelgazar-5-sugerencias-te-gustaran\/","title":{"rendered":"\u00bfQu\u00e9 desayunar para adelgazar? 5 sugerencias que te gustar\u00e1n"},"content":{"rendered":"<p>Cuando de perder peso se trata, el desayuno se convierte en una de las comidas m\u00e1s importantes del d\u00eda. Si bien se subestim\u00f3 durante mucho tiempo, <strong>en la actualidad es uno de los h\u00e1bitos imprescindibles para cuidar la figura y la salud.\u00a0<\/strong><\/p>\n<p>Debido a los nutrientes que se obtienen a trav\u00e9s de esta primera comida, el metabolismo se pone en marcha y trabaja de forma \u00f3ptima a lo largo de la jornada. Adem\u00e1s, <strong>incrementa el nivel de energ\u00eda y mejora la productividad f\u00edsica y mental.<\/strong><\/p>\n<h2>1. Desayuno con avena y yogur natural<\/h2>\n<p><img loading=\"lazy\" decoding=\"async\" class=\"alignnone size-full wp-image-11211\" src=\"https:\/\/www.gruporecoletas.com\/noticias\/wp-content\/uploads\/2018\/08\/desayuno1.jpg\" alt=\"\" width=\"1280\" height=\"853\" srcset=\"https:\/\/www.gruporecoletas.com\/noticias\/wp-content\/uploads\/2018\/08\/desayuno1.jpg 1280w, https:\/\/www.gruporecoletas.com\/noticias\/wp-content\/uploads\/2018\/08\/desayuno1-300x200.jpg 300w, https:\/\/www.gruporecoletas.com\/noticias\/wp-content\/uploads\/2018\/08\/desayuno1-768x512.jpg 768w, https:\/\/www.gruporecoletas.com\/noticias\/wp-content\/uploads\/2018\/08\/desayuno1-1024x682.jpg 1024w\" sizes=\"auto, (max-width: 1280px) 100vw, 1280px\" \/><\/p>\n<p>Los hidratos de carbono complejos que aportan la avena y los probi\u00f3ticos del yogur natural hacen de este desayuno una buena alternativa para adelgazar. En primer lugar, <strong>tiene un efecto energ\u00e9tico que ayuda a mejorar el rendimiento<\/strong>; por otro lado, optimiza la digesti\u00f3n y disminuye la ansiedad.<\/p>\n<h3>Ingredientes<\/h3>\n<ul>\n<li>1 taza de infusi\u00f3n (al gusto)<\/li>\n<li>2 cucharadas de copos de avena (30 g)<\/li>\n<li>\u00bd taza de yogur natural descremado (125 ml)<\/li>\n<li>\u00bd taza de frutos del bosque (80 g)<\/li>\n<\/ul>\n<h2>2. Desayuno con pan de centeno y aguacate<\/h2>\n<p><img loading=\"lazy\" decoding=\"async\" class=\"alignnone size-full wp-image-11212\" src=\"https:\/\/www.gruporecoletas.com\/noticias\/wp-content\/uploads\/2018\/08\/desayuno2.jpg\" alt=\"\" width=\"1280\" height=\"749\" srcset=\"https:\/\/www.gruporecoletas.com\/noticias\/wp-content\/uploads\/2018\/08\/desayuno2.jpg 1280w, https:\/\/www.gruporecoletas.com\/noticias\/wp-content\/uploads\/2018\/08\/desayuno2-300x176.jpg 300w, https:\/\/www.gruporecoletas.com\/noticias\/wp-content\/uploads\/2018\/08\/desayuno2-768x449.jpg 768w, https:\/\/www.gruporecoletas.com\/noticias\/wp-content\/uploads\/2018\/08\/desayuno2-1024x599.jpg 1024w\" sizes=\"auto, (max-width: 1280px) 100vw, 1280px\" \/><\/p>\n<p>Si quieres desayunar para adelgazar, el pan de centeno es uno de los mejores ingredientes que puedes considerar. Su alto contenido de fibra diet\u00e9tica <strong>contribuye a mejorar la digesti\u00f3n y prolonga la sensaci\u00f3n de saciedad.<\/strong> Adem\u00e1s, es energ\u00e9tico y protege la salud cardiovascular.<\/p>\n<h3>Ingredientes<\/h3>\n<ul>\n<li>2 rebanadas de pan de centeno<\/li>\n<li>\u00bd aguacate<\/li>\n<li>2 raciones de queso fresco desnatado (40 g)<\/li>\n<li>1 vaso de zumo de naranja (200 ml)<\/li>\n<\/ul>\n<h2>3. Desayuno con s\u00e1ndwich de pavo y zumo de naranja<\/h2>\n<p><img loading=\"lazy\" decoding=\"async\" class=\"alignnone size-full wp-image-11213\" src=\"https:\/\/www.gruporecoletas.com\/noticias\/wp-content\/uploads\/2018\/08\/desayuno3.jpg\" alt=\"\" width=\"640\" height=\"426\" srcset=\"https:\/\/www.gruporecoletas.com\/noticias\/wp-content\/uploads\/2018\/08\/desayuno3.jpg 640w, https:\/\/www.gruporecoletas.com\/noticias\/wp-content\/uploads\/2018\/08\/desayuno3-300x200.jpg 300w\" sizes=\"auto, (max-width: 640px) 100vw, 640px\" \/><\/p>\n<p>\u00bfQui\u00e9n dijo que desayunar para adelgazar tiene que ser aburrido? En lugar de privarte de los sabores deliciosos, puedes disfrutar de recetas llenas de prote\u00ednas y fibra. Por ejemplo, este saludable desayuno energ\u00e9tico\u00a0<strong>propone un s\u00e1ndwich de pavo con manzana y queso para empezar de la mejor forma el d\u00eda.<\/strong><\/p>\n<h3>Ingredientes<\/h3>\n<ul>\n<li>2 rebanadas de pan integral<\/li>\n<li>Loncha de jam\u00f3n de pavo<\/li>\n<li>1 raci\u00f3n de queso fresco desnatado (20 g)<\/li>\n<li>Manzana verde<\/li>\n<li>1 vaso de zumo de naranja (250 ml)<\/li>\n<\/ul>\n<h2>4. Desayuno con tostada integral y huevo<\/h2>\n<p><img loading=\"lazy\" decoding=\"async\" class=\"alignnone size-full wp-image-11214\" src=\"https:\/\/www.gruporecoletas.com\/noticias\/wp-content\/uploads\/2018\/08\/desayuno4.jpg\" alt=\"\" width=\"1280\" height=\"853\" srcset=\"https:\/\/www.gruporecoletas.com\/noticias\/wp-content\/uploads\/2018\/08\/desayuno4.jpg 1280w, https:\/\/www.gruporecoletas.com\/noticias\/wp-content\/uploads\/2018\/08\/desayuno4-300x200.jpg 300w, https:\/\/www.gruporecoletas.com\/noticias\/wp-content\/uploads\/2018\/08\/desayuno4-768x512.jpg 768w, https:\/\/www.gruporecoletas.com\/noticias\/wp-content\/uploads\/2018\/08\/desayuno4-1024x682.jpg 1024w\" sizes=\"auto, (max-width: 1280px) 100vw, 1280px\" \/><\/p>\n<p>Los desayunos que hacen un aporte significativo de carbohidratos y prote\u00edna <strong>son excelentes para adelgazar y mejorar el rendimiento deportivo.<\/strong> Por eso, este desayuno con tostada integral, aguacate y huevo es una de las alternativas favoritas para la dieta.<\/p>\n<h3>Ingredientes<\/h3>\n<ul>\n<li>2 tostadas integrales<\/li>\n<li>\u00bd aguacate<\/li>\n<li>1 huevo cocido<\/li>\n<li>1 vaso de licuado verde (200 ml)<\/li>\n<\/ul>\n<h2>5. Desayuno con avena, kiwi y semillas de ch\u00eda<\/h2>\n<p><img loading=\"lazy\" decoding=\"async\" class=\"alignnone size-full wp-image-11215\" src=\"https:\/\/www.gruporecoletas.com\/noticias\/wp-content\/uploads\/2018\/08\/desayuno5.jpg\" alt=\"\" width=\"1200\" height=\"900\" srcset=\"https:\/\/www.gruporecoletas.com\/noticias\/wp-content\/uploads\/2018\/08\/desayuno5.jpg 1200w, https:\/\/www.gruporecoletas.com\/noticias\/wp-content\/uploads\/2018\/08\/desayuno5-300x225.jpg 300w, https:\/\/www.gruporecoletas.com\/noticias\/wp-content\/uploads\/2018\/08\/desayuno5-768x576.jpg 768w, https:\/\/www.gruporecoletas.com\/noticias\/wp-content\/uploads\/2018\/08\/desayuno5-1024x768.jpg 1024w\" sizes=\"auto, (max-width: 1200px) 100vw, 1200px\" \/><\/p>\n<p><strong>La avena sigue siendo la protagonista a la hora de desayunar para adelgazar.<\/strong> En esta oportunidad proponemos su combinaci\u00f3n con los antioxidantes del kiwi y las prote\u00ednas y grasas de las semillas de ch\u00eda para un plato saciante y energ\u00e9tico.<\/p>\n<h3>Ingredientes<\/h3>\n<ul>\n<li>1 vaso de leche desnatada (250 ml)<\/li>\n<li>2 cucharadas de copos de avena (30 g)<\/li>\n<li>1 kiwi mediano<\/li>\n<\/ul>\n","protected":false},"excerpt":{"rendered":"<p>Cuando de perder peso se trata, el desayuno se convierte en una de las comidas m\u00e1s importantes del d\u00eda. Si bien se subestim\u00f3 durante mucho tiempo, en la actualidad es uno de los h\u00e1bitos imprescindibles para cuidar la figura y la salud.\u00a0 Debido a los nutrientes que se obtienen a trav\u00e9s de esta primera comida, [&hellip;]<\/p>\n","protected":false},"author":2,"featured_media":11217,"comment_status":"closed","ping_status":"closed","sticky":false,"template":"","format":"standard","meta":{"_acf_changed":false,"footnotes":""},"categories":[41],"tags":[],"class_list":["post-11210","post","type-post","status-publish","format-standard","has-post-thumbnail","hentry","category-nutricion-y-dietetica"],"acf":[],"yoast_head":"<!-- This site is optimized with the Yoast SEO Premium plugin v27.3 (Yoast SEO v27.3) - https:\/\/yoast.com\/product\/yoast-seo-premium-wordpress\/ -->\n<title>\u00bfQu\u00e9 desayunar para adelgazar? 5 sugerencias que te gustar\u00e1n - Noticias Grupo Recoletas<\/title>\n<meta name=\"robots\" content=\"index, follow, max-snippet:-1, max-image-preview:large, max-video-preview:-1\" \/>\n<link rel=\"canonical\" href=\"https:\/\/www.gruporecoletas.com\/noticias\/desayunar-adelgazar-5-sugerencias-te-gustaran\/\" \/>\n<meta property=\"og:locale\" content=\"es_ES\" \/>\n<meta property=\"og:type\" content=\"article\" \/>\n<meta property=\"og:title\" content=\"\u00bfQu\u00e9 desayunar para adelgazar? 5 sugerencias que te gustar\u00e1n\" \/>\n<meta property=\"og:description\" content=\"Cuando de perder peso se trata, el desayuno se convierte en una de las comidas m\u00e1s importantes del d\u00eda. Si bien se subestim\u00f3 durante mucho tiempo, en la actualidad es uno de los h\u00e1bitos imprescindibles para cuidar la figura y la salud.\u00a0 Debido a los nutrientes que se obtienen a trav\u00e9s de esta primera comida, [&hellip;]\" \/>\n<meta property=\"og:url\" content=\"https:\/\/www.gruporecoletas.com\/noticias\/desayunar-adelgazar-5-sugerencias-te-gustaran\/\" \/>\n<meta property=\"og:site_name\" content=\"Noticias Grupo Recoletas\" \/>\n<meta property=\"article:publisher\" content=\"https:\/\/www.facebook.com\/GrupoRecoletas\/\" \/>\n<meta property=\"article:published_time\" content=\"2018-08-22T16:03:42+00:00\" \/>\n<meta property=\"article:modified_time\" content=\"2019-02-28T13:12:07+00:00\" \/>\n<meta property=\"og:image\" content=\"https:\/\/www.gruporecoletas.com\/noticias\/wp-content\/uploads\/2018\/08\/desayuno6.jpg\" \/>\n\t<meta property=\"og:image:width\" content=\"1280\" \/>\n\t<meta property=\"og:image:height\" content=\"853\" \/>\n\t<meta property=\"og:image:type\" content=\"image\/jpeg\" \/>\n<meta name=\"author\" content=\"Recoletas Red Hospitalaria\" \/>\n<meta name=\"twitter:card\" content=\"summary_large_image\" \/>\n<meta name=\"twitter:creator\" content=\"@GrupoRecoletas\" \/>\n<meta name=\"twitter:site\" content=\"@GrupoRecoletas\" \/>\n<meta name=\"twitter:label1\" content=\"Escrito por\" \/>\n\t<meta name=\"twitter:data1\" content=\"Recoletas Red Hospitalaria\" \/>\n\t<meta name=\"twitter:label2\" content=\"Tiempo de lectura\" \/>\n\t<meta name=\"twitter:data2\" content=\"2 minutos\" \/>\n<script type=\"application\/ld+json\" class=\"yoast-schema-graph\">{\"@context\":\"https:\\\/\\\/schema.org\",\"@graph\":[{\"@type\":\"Article\",\"@id\":\"https:\\\/\\\/www.gruporecoletas.com\\\/noticias\\\/desayunar-adelgazar-5-sugerencias-te-gustaran\\\/#article\",\"isPartOf\":{\"@id\":\"https:\\\/\\\/www.gruporecoletas.com\\\/noticias\\\/desayunar-adelgazar-5-sugerencias-te-gustaran\\\/\"},\"author\":{\"name\":\"Recoletas Red Hospitalaria\",\"@id\":\"https:\\\/\\\/www.gruporecoletas.com\\\/noticias\\\/#\\\/schema\\\/person\\\/3c6ac429828d1f5e3d3bd99f4da9b02c\"},\"headline\":\"\u00bfQu\u00e9 desayunar para adelgazar? 5 sugerencias que te gustar\u00e1n\",\"datePublished\":\"2018-08-22T16:03:42+00:00\",\"dateModified\":\"2019-02-28T13:12:07+00:00\",\"mainEntityOfPage\":{\"@id\":\"https:\\\/\\\/www.gruporecoletas.com\\\/noticias\\\/desayunar-adelgazar-5-sugerencias-te-gustaran\\\/\"},\"wordCount\":471,\"image\":{\"@id\":\"https:\\\/\\\/www.gruporecoletas.com\\\/noticias\\\/desayunar-adelgazar-5-sugerencias-te-gustaran\\\/#primaryimage\"},\"thumbnailUrl\":\"https:\\\/\\\/www.gruporecoletas.com\\\/noticias\\\/wp-content\\\/uploads\\\/2018\\\/08\\\/desayuno6.jpg\",\"articleSection\":[\"Nutrici\u00f3n y dietetica\"],\"inLanguage\":\"es\"},{\"@type\":\"WebPage\",\"@id\":\"https:\\\/\\\/www.gruporecoletas.com\\\/noticias\\\/desayunar-adelgazar-5-sugerencias-te-gustaran\\\/\",\"url\":\"https:\\\/\\\/www.gruporecoletas.com\\\/noticias\\\/desayunar-adelgazar-5-sugerencias-te-gustaran\\\/\",\"name\":\"\u00bfQu\u00e9 desayunar para adelgazar? 5 sugerencias que te gustar\u00e1n - Noticias Grupo Recoletas\",\"isPartOf\":{\"@id\":\"https:\\\/\\\/www.gruporecoletas.com\\\/noticias\\\/#website\"},\"primaryImageOfPage\":{\"@id\":\"https:\\\/\\\/www.gruporecoletas.com\\\/noticias\\\/desayunar-adelgazar-5-sugerencias-te-gustaran\\\/#primaryimage\"},\"image\":{\"@id\":\"https:\\\/\\\/www.gruporecoletas.com\\\/noticias\\\/desayunar-adelgazar-5-sugerencias-te-gustaran\\\/#primaryimage\"},\"thumbnailUrl\":\"https:\\\/\\\/www.gruporecoletas.com\\\/noticias\\\/wp-content\\\/uploads\\\/2018\\\/08\\\/desayuno6.jpg\",\"datePublished\":\"2018-08-22T16:03:42+00:00\",\"dateModified\":\"2019-02-28T13:12:07+00:00\",\"author\":{\"@id\":\"https:\\\/\\\/www.gruporecoletas.com\\\/noticias\\\/#\\\/schema\\\/person\\\/3c6ac429828d1f5e3d3bd99f4da9b02c\"},\"breadcrumb\":{\"@id\":\"https:\\\/\\\/www.gruporecoletas.com\\\/noticias\\\/desayunar-adelgazar-5-sugerencias-te-gustaran\\\/#breadcrumb\"},\"inLanguage\":\"es\",\"potentialAction\":[{\"@type\":\"ReadAction\",\"target\":[\"https:\\\/\\\/www.gruporecoletas.com\\\/noticias\\\/desayunar-adelgazar-5-sugerencias-te-gustaran\\\/\"]}]},{\"@type\":\"ImageObject\",\"inLanguage\":\"es\",\"@id\":\"https:\\\/\\\/www.gruporecoletas.com\\\/noticias\\\/desayunar-adelgazar-5-sugerencias-te-gustaran\\\/#primaryimage\",\"url\":\"https:\\\/\\\/www.gruporecoletas.com\\\/noticias\\\/wp-content\\\/uploads\\\/2018\\\/08\\\/desayuno6.jpg\",\"contentUrl\":\"https:\\\/\\\/www.gruporecoletas.com\\\/noticias\\\/wp-content\\\/uploads\\\/2018\\\/08\\\/desayuno6.jpg\",\"width\":1280,\"height\":853},{\"@type\":\"BreadcrumbList\",\"@id\":\"https:\\\/\\\/www.gruporecoletas.com\\\/noticias\\\/desayunar-adelgazar-5-sugerencias-te-gustaran\\\/#breadcrumb\",\"itemListElement\":[{\"@type\":\"ListItem\",\"position\":1,\"name\":\"Portada\",\"item\":\"https:\\\/\\\/www.gruporecoletas.com\\\/noticias\\\/\"},{\"@type\":\"ListItem\",\"position\":2,\"name\":\"\u00bfQu\u00e9 desayunar para adelgazar? 5 sugerencias que te gustar\u00e1n\"}]},{\"@type\":\"WebSite\",\"@id\":\"https:\\\/\\\/www.gruporecoletas.com\\\/noticias\\\/#website\",\"url\":\"https:\\\/\\\/www.gruporecoletas.com\\\/noticias\\\/\",\"name\":\"Noticias Grupo Recoletas\",\"description\":\"Grupo Recoletas\",\"potentialAction\":[{\"@type\":\"SearchAction\",\"target\":{\"@type\":\"EntryPoint\",\"urlTemplate\":\"https:\\\/\\\/www.gruporecoletas.com\\\/noticias\\\/?s={search_term_string}\"},\"query-input\":{\"@type\":\"PropertyValueSpecification\",\"valueRequired\":true,\"valueName\":\"search_term_string\"}}],\"inLanguage\":\"es\"},{\"@type\":\"Person\",\"@id\":\"https:\\\/\\\/www.gruporecoletas.com\\\/noticias\\\/#\\\/schema\\\/person\\\/3c6ac429828d1f5e3d3bd99f4da9b02c\",\"name\":\"Recoletas Red Hospitalaria\",\"url\":\"https:\\\/\\\/www.gruporecoletas.com\\\/noticias\\\/author\\\/comunicacion\\\/\"}]}<\/script>\n<!-- \/ Yoast SEO Premium plugin. -->","yoast_head_json":{"title":"\u00bfQu\u00e9 desayunar para adelgazar? 5 sugerencias que te gustar\u00e1n - Noticias Grupo Recoletas","robots":{"index":"index","follow":"follow","max-snippet":"max-snippet:-1","max-image-preview":"max-image-preview:large","max-video-preview":"max-video-preview:-1"},"canonical":"https:\/\/www.gruporecoletas.com\/noticias\/desayunar-adelgazar-5-sugerencias-te-gustaran\/","og_locale":"es_ES","og_type":"article","og_title":"\u00bfQu\u00e9 desayunar para adelgazar? 5 sugerencias que te gustar\u00e1n","og_description":"Cuando de perder peso se trata, el desayuno se convierte en una de las comidas m\u00e1s importantes del d\u00eda. Si bien se subestim\u00f3 durante mucho tiempo, en la actualidad es uno de los h\u00e1bitos imprescindibles para cuidar la figura y la salud.\u00a0 Debido a los nutrientes que se obtienen a trav\u00e9s de esta primera comida, [&hellip;]","og_url":"https:\/\/www.gruporecoletas.com\/noticias\/desayunar-adelgazar-5-sugerencias-te-gustaran\/","og_site_name":"Noticias Grupo Recoletas","article_publisher":"https:\/\/www.facebook.com\/GrupoRecoletas\/","article_published_time":"2018-08-22T16:03:42+00:00","article_modified_time":"2019-02-28T13:12:07+00:00","og_image":[{"width":1280,"height":853,"url":"https:\/\/www.gruporecoletas.com\/noticias\/wp-content\/uploads\/2018\/08\/desayuno6.jpg","type":"image\/jpeg"}],"author":"Recoletas Red Hospitalaria","twitter_card":"summary_large_image","twitter_creator":"@GrupoRecoletas","twitter_site":"@GrupoRecoletas","twitter_misc":{"Escrito por":"Recoletas Red Hospitalaria","Tiempo de lectura":"2 minutos"},"schema":{"@context":"https:\/\/schema.org","@graph":[{"@type":"Article","@id":"https:\/\/www.gruporecoletas.com\/noticias\/desayunar-adelgazar-5-sugerencias-te-gustaran\/#article","isPartOf":{"@id":"https:\/\/www.gruporecoletas.com\/noticias\/desayunar-adelgazar-5-sugerencias-te-gustaran\/"},"author":{"name":"Recoletas Red Hospitalaria","@id":"https:\/\/www.gruporecoletas.com\/noticias\/#\/schema\/person\/3c6ac429828d1f5e3d3bd99f4da9b02c"},"headline":"\u00bfQu\u00e9 desayunar para adelgazar? 5 sugerencias que te gustar\u00e1n","datePublished":"2018-08-22T16:03:42+00:00","dateModified":"2019-02-28T13:12:07+00:00","mainEntityOfPage":{"@id":"https:\/\/www.gruporecoletas.com\/noticias\/desayunar-adelgazar-5-sugerencias-te-gustaran\/"},"wordCount":471,"image":{"@id":"https:\/\/www.gruporecoletas.com\/noticias\/desayunar-adelgazar-5-sugerencias-te-gustaran\/#primaryimage"},"thumbnailUrl":"https:\/\/www.gruporecoletas.com\/noticias\/wp-content\/uploads\/2018\/08\/desayuno6.jpg","articleSection":["Nutrici\u00f3n y dietetica"],"inLanguage":"es"},{"@type":"WebPage","@id":"https:\/\/www.gruporecoletas.com\/noticias\/desayunar-adelgazar-5-sugerencias-te-gustaran\/","url":"https:\/\/www.gruporecoletas.com\/noticias\/desayunar-adelgazar-5-sugerencias-te-gustaran\/","name":"\u00bfQu\u00e9 desayunar para adelgazar? 5 sugerencias que te gustar\u00e1n - Noticias Grupo Recoletas","isPartOf":{"@id":"https:\/\/www.gruporecoletas.com\/noticias\/#website"},"primaryImageOfPage":{"@id":"https:\/\/www.gruporecoletas.com\/noticias\/desayunar-adelgazar-5-sugerencias-te-gustaran\/#primaryimage"},"image":{"@id":"https:\/\/www.gruporecoletas.com\/noticias\/desayunar-adelgazar-5-sugerencias-te-gustaran\/#primaryimage"},"thumbnailUrl":"https:\/\/www.gruporecoletas.com\/noticias\/wp-content\/uploads\/2018\/08\/desayuno6.jpg","datePublished":"2018-08-22T16:03:42+00:00","dateModified":"2019-02-28T13:12:07+00:00","author":{"@id":"https:\/\/www.gruporecoletas.com\/noticias\/#\/schema\/person\/3c6ac429828d1f5e3d3bd99f4da9b02c"},"breadcrumb":{"@id":"https:\/\/www.gruporecoletas.com\/noticias\/desayunar-adelgazar-5-sugerencias-te-gustaran\/#breadcrumb"},"inLanguage":"es","potentialAction":[{"@type":"ReadAction","target":["https:\/\/www.gruporecoletas.com\/noticias\/desayunar-adelgazar-5-sugerencias-te-gustaran\/"]}]},{"@type":"ImageObject","inLanguage":"es","@id":"https:\/\/www.gruporecoletas.com\/noticias\/desayunar-adelgazar-5-sugerencias-te-gustaran\/#primaryimage","url":"https:\/\/www.gruporecoletas.com\/noticias\/wp-content\/uploads\/2018\/08\/desayuno6.jpg","contentUrl":"https:\/\/www.gruporecoletas.com\/noticias\/wp-content\/uploads\/2018\/08\/desayuno6.jpg","width":1280,"height":853},{"@type":"BreadcrumbList","@id":"https:\/\/www.gruporecoletas.com\/noticias\/desayunar-adelgazar-5-sugerencias-te-gustaran\/#breadcrumb","itemListElement":[{"@type":"ListItem","position":1,"name":"Portada","item":"https:\/\/www.gruporecoletas.com\/noticias\/"},{"@type":"ListItem","position":2,"name":"\u00bfQu\u00e9 desayunar para adelgazar? 5 sugerencias que te gustar\u00e1n"}]},{"@type":"WebSite","@id":"https:\/\/www.gruporecoletas.com\/noticias\/#website","url":"https:\/\/www.gruporecoletas.com\/noticias\/","name":"Noticias Grupo Recoletas","description":"Grupo Recoletas","potentialAction":[{"@type":"SearchAction","target":{"@type":"EntryPoint","urlTemplate":"https:\/\/www.gruporecoletas.com\/noticias\/?s={search_term_string}"},"query-input":{"@type":"PropertyValueSpecification","valueRequired":true,"valueName":"search_term_string"}}],"inLanguage":"es"},{"@type":"Person","@id":"https:\/\/www.gruporecoletas.com\/noticias\/#\/schema\/person\/3c6ac429828d1f5e3d3bd99f4da9b02c","name":"Recoletas Red Hospitalaria","url":"https:\/\/www.gruporecoletas.com\/noticias\/author\/comunicacion\/"}]}},"_links":{"self":[{"href":"https:\/\/www.gruporecoletas.com\/noticias\/wp-json\/wp\/v2\/posts\/11210","targetHints":{"allow":["GET"]}}],"collection":[{"href":"https:\/\/www.gruporecoletas.com\/noticias\/wp-json\/wp\/v2\/posts"}],"about":[{"href":"https:\/\/www.gruporecoletas.com\/noticias\/wp-json\/wp\/v2\/types\/post"}],"author":[{"embeddable":true,"href":"https:\/\/www.gruporecoletas.com\/noticias\/wp-json\/wp\/v2\/users\/2"}],"replies":[{"embeddable":true,"href":"https:\/\/www.gruporecoletas.com\/noticias\/wp-json\/wp\/v2\/comments?post=11210"}],"version-history":[{"count":1,"href":"https:\/\/www.gruporecoletas.com\/noticias\/wp-json\/wp\/v2\/posts\/11210\/revisions"}],"predecessor-version":[{"id":11664,"href":"https:\/\/www.gruporecoletas.com\/noticias\/wp-json\/wp\/v2\/posts\/11210\/revisions\/11664"}],"wp:featuredmedia":[{"embeddable":true,"href":"https:\/\/www.gruporecoletas.com\/noticias\/wp-json\/wp\/v2\/media\/11217"}],"wp:attachment":[{"href":"https:\/\/www.gruporecoletas.com\/noticias\/wp-json\/wp\/v2\/media?parent=11210"}],"wp:term":[{"taxonomy":"category","embeddable":true,"href":"https:\/\/www.gruporecoletas.com\/noticias\/wp-json\/wp\/v2\/categories?post=11210"},{"taxonomy":"post_tag","embeddable":true,"href":"https:\/\/www.gruporecoletas.com\/noticias\/wp-json\/wp\/v2\/tags?post=11210"}],"curies":[{"name":"wp","href":"https:\/\/api.w.org\/{rel}","templated":true}]}}