{"id":11261,"date":"2018-09-20T15:24:34","date_gmt":"2018-09-20T15:24:34","guid":{"rendered":"https:\/\/www.gruporecoletas.com\/?p=11261"},"modified":"2019-09-13T12:39:24","modified_gmt":"2019-09-13T12:39:24","slug":"infeccion-oido-solucionarlo","status":"publish","type":"post","link":"https:\/\/www.gruporecoletas.com\/noticias\/infeccion-oido-solucionarlo\/","title":{"rendered":"Infecci\u00f3n de oido, como solucionarlo"},"content":{"rendered":"<div id=\"que-es\" class=\"blkTab on\">\n<p>La <strong>otitis<\/strong> es una inflamaci\u00f3n del o\u00eddo causada, generalmente, por una <strong>infecci\u00f3n<\/strong>. El tipo m\u00e1s com\u00fan de esta afecci\u00f3n es la denominada <strong>otitis media<\/strong> y est\u00e1 provocada por la inflamaci\u00f3n del o\u00eddo medio, que se encuentra en la parte posterior del t\u00edmpano.<\/p>\n<p>Dependiendo de la evoluci\u00f3n de la enfermedad, \u00e9sta puede conducir a la secreci\u00f3n de l\u00edquido (denominada <strong>otitis media seromucosa<\/strong>) en la regi\u00f3n del o\u00eddo medio. El l\u00edquido puede ser de tipo <strong>seroso<\/strong> (fluido, similar al agua), <strong>musoco<\/strong> (viscoso) o <strong>purulento<\/strong> (pus).<\/p>\n<\/div>\n<div id=\"causas\" class=\"blkTab \">\n<h2 class=\"c\">Causas<\/h2>\n<p>La trompa de Eustaquio se encuentra entre el o\u00eddo medio y la parte posterior de la garganta y su funci\u00f3n es drenar el l\u00edquido que se produce en el o\u00eddo medio. La infecci\u00f3n se ocasiona cuando esta estructura se ve bloqueada y, por lo tanto, acumula el l\u00edquido, dando lugar a una <strong>disfunci\u00f3n tub\u00e1rica.<\/strong><\/p>\n<p>La obstrucci\u00f3n<strong> de la trompa de Eustaquio<\/strong>&nbsp;muchas veces puede originarse&nbsp;por motivos&nbsp;intr\u00ednsecos o extr\u00ednsecos.<\/p>\n<ul>\n<li><strong>Intr\u00ednsecos<\/strong>: Se deben a la inflamaci\u00f3n de la mucosa de la trompa de Eustaquio por un problema infeccioso o al\u00e9rgico.<\/li>\n<li><strong>Extr\u00ednseca<\/strong>: Habitualmente de causa mec\u00e1nica producida por una <strong>hipertrofia adenoidea<\/strong> (vegetaciones).<\/li>\n<\/ul>\n<p>Los&nbsp;<strong>g\u00e9rmenes<\/strong>&nbsp;que se detectan con m\u00e1s frecuencia en la otitis media son el <em>streptococcus pneumoniae<\/em>, el&nbsp;<em>haemophylus influenzae<\/em>&nbsp;y con menor frecuencia la <em>bramanella catarralis<\/em>, el <em>streptococcus<\/em> del grupo A y el <em>staphylococcus aureus<\/em>.<\/p>\n<p>Adem\u00e1s de las bacterias, tambi\u00e9n juegan un papel muy importante en la patogenia de la otitis media los <strong>virus<\/strong>, siendo los m\u00e1s frecuentemente implicados el virus respiratorio sincitial, el virus <strong>influenzae<\/strong>, el virus parainfluenzae, adenovirus, rinovirus y enterovirus.<\/p>\n<p>Otras posibles causas son la&nbsp;<strong>infecci\u00f3n de la v\u00eda respiratoria alta<\/strong>, <strong>problemas al\u00e9rgicos<\/strong>&nbsp;y&nbsp;trastornos de&nbsp;la funci\u00f3n ciliar&nbsp;<strong>del epitelio respiratorio<\/strong>&nbsp;de la v\u00eda respiratoria alta.<\/p>\n<h2 class=\"c\">S\u00edntomas<\/h2>\n<p>En la forma aguda de la enfermedad existe&nbsp;<strong>dolor de o\u00eddo (otalgia), fiebre, tinnitus e irritabilidad<\/strong>. Con menos frecuencia se puede presentar&nbsp;<strong>otorrea<\/strong>&nbsp;(supuraci\u00f3n), <strong>v\u00e9rtigo&nbsp;<\/strong>y, muy poco frecuentemente,&nbsp;<strong>par\u00e1lisis facial<\/strong>.<\/p>\n<p>La otitis media afecta a todos los grupos de edad, pero es m\u00e1s frecuente en el per\u00edodo de edad comprendido entre los 0 y los 7 a\u00f1os. A partir de \u00e9sta, la incidencia disminuye.<\/p>\n<p>Desde el punto de vista epidemiol\u00f3gico se han descrito distintos factores relacionados con un <strong>mayor n\u00famero de casos de otitis media durante los meses de oto\u00f1o e invierno<\/strong>.<\/p>\n<p>Asimismo, es m\u00e1s frecuente en los ni\u00f1os que acuden a centros escolares o que presentan alteraciones anat\u00f3micas en el \u00e1rea rinofar\u00edngea, como el paladar hendido, o que sufren <strong>inmunodeficiencias<\/strong> cong\u00e9nitas adquiridas.<\/p>\n<p>En el caso de los beb\u00e9s, la se\u00f1al principal de que padecen la infecci\u00f3n es la <strong>irritabilidad<\/strong> y el <strong>llanto<\/strong>. Los menores con esta afecci\u00f3n suelen tener fiebre o problemas para dormir y es com\u00fan &nbsp;despu\u00e9s de un resfriado.<\/p>\n<div id=\"tratamientos\" class=\"blkTab \">\n<h2 class=\"c\">Tratamientos<\/h2>\n<p>El tratamiento habitual de la otitis media aguda se realiza con&nbsp;<strong>antibi\u00f3ticos<\/strong>&nbsp;durante diez o catorce d\u00edas.<\/p>\n<p>Habitualmente con el tratamiento antibi\u00f3tico la sintomatolog\u00eda mejora significativamente en 48 horas. Adem\u00e1s, el especialista tambi\u00e9n podr\u00e1 recetar <strong>descongestionantes<\/strong> nasales y <strong>mucol\u00edticos<\/strong> si se precisan.<\/p>\n<p>Cuando los episodios de otitis media aguda son muy frecuentes y se sospecha que existen fuentes de infecci\u00f3n, como una adenoiditis cr\u00f3nica, <strong>sinusitis<\/strong> cr\u00f3nica o inmadurez inmunol\u00f3gica, debe establecerse un tratamiento lo m\u00e1s espec\u00edfico posible.<\/p>\n<p>En muchos casos, sobre todo en ni\u00f1os, se presentan episodios repetidos de otitis media junto con s\u00edntomas de adenoiditis e hipertrofia adenoidea, por lo que se ha de realizar la <strong>extirpaci\u00f3n<\/strong> del tejido adenoideo hipertr\u00f3fico y la colocaci\u00f3n de tubos de drenaje transtimp\u00e1nico.<\/p>\n<\/div>\n<\/div>\n","protected":false},"excerpt":{"rendered":"<p>La otitis es una inflamaci\u00f3n del o\u00eddo causada, generalmente, por una infecci\u00f3n. El tipo m\u00e1s com\u00fan de esta afecci\u00f3n es la denominada otitis media y est\u00e1 provocada por la inflamaci\u00f3n del o\u00eddo medio, que se encuentra en la parte posterior del t\u00edmpano. Dependiendo de la evoluci\u00f3n de la enfermedad, \u00e9sta puede conducir a la secreci\u00f3n [&hellip;]<\/p>\n","protected":false},"author":2,"featured_media":11262,"comment_status":"closed","ping_status":"closed","sticky":false,"template":"","format":"standard","meta":{"_acf_changed":false,"footnotes":""},"categories":[1366,50],"tags":[],"class_list":["post-11261","post","type-post","status-publish","format-standard","has-post-thumbnail","hentry","category-instituto-otorrinolaringologia-recoletas","category-patologias"],"acf":[],"yoast_head":"<!-- This site is optimized with the Yoast SEO Premium plugin v27.3 (Yoast SEO v27.3) - https:\/\/yoast.com\/product\/yoast-seo-premium-wordpress\/ -->\n<title>Infecci\u00f3n de oido, como solucionarlo - Noticias Grupo Recoletas<\/title>\n<meta name=\"robots\" content=\"index, follow, max-snippet:-1, max-image-preview:large, max-video-preview:-1\" \/>\n<link rel=\"canonical\" href=\"https:\/\/www.gruporecoletas.com\/noticias\/infeccion-oido-solucionarlo\/\" \/>\n<meta property=\"og:locale\" content=\"es_ES\" \/>\n<meta property=\"og:type\" content=\"article\" \/>\n<meta property=\"og:title\" content=\"Infecci\u00f3n de oido, como solucionarlo\" \/>\n<meta property=\"og:description\" content=\"La otitis es una inflamaci\u00f3n del o\u00eddo causada, generalmente, por una infecci\u00f3n. El tipo m\u00e1s com\u00fan de esta afecci\u00f3n es la denominada otitis media y est\u00e1 provocada por la inflamaci\u00f3n del o\u00eddo medio, que se encuentra en la parte posterior del t\u00edmpano. Dependiendo de la evoluci\u00f3n de la enfermedad, \u00e9sta puede conducir a la secreci\u00f3n [&hellip;]\" \/>\n<meta property=\"og:url\" content=\"https:\/\/www.gruporecoletas.com\/noticias\/infeccion-oido-solucionarlo\/\" \/>\n<meta property=\"og:site_name\" content=\"Noticias Grupo Recoletas\" \/>\n<meta property=\"article:publisher\" content=\"https:\/\/www.facebook.com\/GrupoRecoletas\/\" \/>\n<meta property=\"article:published_time\" content=\"2018-09-20T15:24:34+00:00\" \/>\n<meta property=\"article:modified_time\" content=\"2019-09-13T12:39:24+00:00\" \/>\n<meta property=\"og:image\" content=\"https:\/\/www.gruporecoletas.com\/noticias\/wp-content\/uploads\/2018\/09\/golor-oido-consulta.jpg\" \/>\n\t<meta property=\"og:image:width\" content=\"1200\" \/>\n\t<meta property=\"og:image:height\" content=\"800\" \/>\n\t<meta property=\"og:image:type\" content=\"image\/jpeg\" \/>\n<meta name=\"author\" content=\"Recoletas Red Hospitalaria\" \/>\n<meta name=\"twitter:card\" content=\"summary_large_image\" \/>\n<meta name=\"twitter:creator\" content=\"@GrupoRecoletas\" \/>\n<meta name=\"twitter:site\" content=\"@GrupoRecoletas\" \/>\n<meta name=\"twitter:label1\" content=\"Escrito por\" \/>\n\t<meta name=\"twitter:data1\" content=\"Recoletas Red Hospitalaria\" \/>\n\t<meta name=\"twitter:label2\" content=\"Tiempo de lectura\" \/>\n\t<meta name=\"twitter:data2\" content=\"3 minutos\" \/>\n<script type=\"application\/ld+json\" class=\"yoast-schema-graph\">{\"@context\":\"https:\\\/\\\/schema.org\",\"@graph\":[{\"@type\":\"Article\",\"@id\":\"https:\\\/\\\/www.gruporecoletas.com\\\/noticias\\\/infeccion-oido-solucionarlo\\\/#article\",\"isPartOf\":{\"@id\":\"https:\\\/\\\/www.gruporecoletas.com\\\/noticias\\\/infeccion-oido-solucionarlo\\\/\"},\"author\":{\"name\":\"Recoletas Red Hospitalaria\",\"@id\":\"https:\\\/\\\/www.gruporecoletas.com\\\/noticias\\\/#\\\/schema\\\/person\\\/3c6ac429828d1f5e3d3bd99f4da9b02c\"},\"headline\":\"Infecci\u00f3n de oido, como solucionarlo\",\"datePublished\":\"2018-09-20T15:24:34+00:00\",\"dateModified\":\"2019-09-13T12:39:24+00:00\",\"mainEntityOfPage\":{\"@id\":\"https:\\\/\\\/www.gruporecoletas.com\\\/noticias\\\/infeccion-oido-solucionarlo\\\/\"},\"wordCount\":676,\"image\":{\"@id\":\"https:\\\/\\\/www.gruporecoletas.com\\\/noticias\\\/infeccion-oido-solucionarlo\\\/#primaryimage\"},\"thumbnailUrl\":\"https:\\\/\\\/www.gruporecoletas.com\\\/noticias\\\/wp-content\\\/uploads\\\/2018\\\/09\\\/golor-oido-consulta.jpg\",\"articleSection\":[\"Instituto Otorrinolaringolog\u00eda\",\"Patolog\u00edas\"],\"inLanguage\":\"es\"},{\"@type\":\"WebPage\",\"@id\":\"https:\\\/\\\/www.gruporecoletas.com\\\/noticias\\\/infeccion-oido-solucionarlo\\\/\",\"url\":\"https:\\\/\\\/www.gruporecoletas.com\\\/noticias\\\/infeccion-oido-solucionarlo\\\/\",\"name\":\"Infecci\u00f3n de oido, como solucionarlo - Noticias Grupo Recoletas\",\"isPartOf\":{\"@id\":\"https:\\\/\\\/www.gruporecoletas.com\\\/noticias\\\/#website\"},\"primaryImageOfPage\":{\"@id\":\"https:\\\/\\\/www.gruporecoletas.com\\\/noticias\\\/infeccion-oido-solucionarlo\\\/#primaryimage\"},\"image\":{\"@id\":\"https:\\\/\\\/www.gruporecoletas.com\\\/noticias\\\/infeccion-oido-solucionarlo\\\/#primaryimage\"},\"thumbnailUrl\":\"https:\\\/\\\/www.gruporecoletas.com\\\/noticias\\\/wp-content\\\/uploads\\\/2018\\\/09\\\/golor-oido-consulta.jpg\",\"datePublished\":\"2018-09-20T15:24:34+00:00\",\"dateModified\":\"2019-09-13T12:39:24+00:00\",\"author\":{\"@id\":\"https:\\\/\\\/www.gruporecoletas.com\\\/noticias\\\/#\\\/schema\\\/person\\\/3c6ac429828d1f5e3d3bd99f4da9b02c\"},\"breadcrumb\":{\"@id\":\"https:\\\/\\\/www.gruporecoletas.com\\\/noticias\\\/infeccion-oido-solucionarlo\\\/#breadcrumb\"},\"inLanguage\":\"es\",\"potentialAction\":[{\"@type\":\"ReadAction\",\"target\":[\"https:\\\/\\\/www.gruporecoletas.com\\\/noticias\\\/infeccion-oido-solucionarlo\\\/\"]}]},{\"@type\":\"ImageObject\",\"inLanguage\":\"es\",\"@id\":\"https:\\\/\\\/www.gruporecoletas.com\\\/noticias\\\/infeccion-oido-solucionarlo\\\/#primaryimage\",\"url\":\"https:\\\/\\\/www.gruporecoletas.com\\\/noticias\\\/wp-content\\\/uploads\\\/2018\\\/09\\\/golor-oido-consulta.jpg\",\"contentUrl\":\"https:\\\/\\\/www.gruporecoletas.com\\\/noticias\\\/wp-content\\\/uploads\\\/2018\\\/09\\\/golor-oido-consulta.jpg\",\"width\":1200,\"height\":800},{\"@type\":\"BreadcrumbList\",\"@id\":\"https:\\\/\\\/www.gruporecoletas.com\\\/noticias\\\/infeccion-oido-solucionarlo\\\/#breadcrumb\",\"itemListElement\":[{\"@type\":\"ListItem\",\"position\":1,\"name\":\"Portada\",\"item\":\"https:\\\/\\\/www.gruporecoletas.com\\\/noticias\\\/\"},{\"@type\":\"ListItem\",\"position\":2,\"name\":\"Infecci\u00f3n de oido, como solucionarlo\"}]},{\"@type\":\"WebSite\",\"@id\":\"https:\\\/\\\/www.gruporecoletas.com\\\/noticias\\\/#website\",\"url\":\"https:\\\/\\\/www.gruporecoletas.com\\\/noticias\\\/\",\"name\":\"Noticias Grupo Recoletas\",\"description\":\"Grupo Recoletas\",\"potentialAction\":[{\"@type\":\"SearchAction\",\"target\":{\"@type\":\"EntryPoint\",\"urlTemplate\":\"https:\\\/\\\/www.gruporecoletas.com\\\/noticias\\\/?s={search_term_string}\"},\"query-input\":{\"@type\":\"PropertyValueSpecification\",\"valueRequired\":true,\"valueName\":\"search_term_string\"}}],\"inLanguage\":\"es\"},{\"@type\":\"Person\",\"@id\":\"https:\\\/\\\/www.gruporecoletas.com\\\/noticias\\\/#\\\/schema\\\/person\\\/3c6ac429828d1f5e3d3bd99f4da9b02c\",\"name\":\"Recoletas Red Hospitalaria\",\"url\":\"https:\\\/\\\/www.gruporecoletas.com\\\/noticias\\\/author\\\/comunicacion\\\/\"}]}<\/script>\n<!-- \/ Yoast SEO Premium plugin. -->","yoast_head_json":{"title":"Infecci\u00f3n de oido, como solucionarlo - Noticias Grupo Recoletas","robots":{"index":"index","follow":"follow","max-snippet":"max-snippet:-1","max-image-preview":"max-image-preview:large","max-video-preview":"max-video-preview:-1"},"canonical":"https:\/\/www.gruporecoletas.com\/noticias\/infeccion-oido-solucionarlo\/","og_locale":"es_ES","og_type":"article","og_title":"Infecci\u00f3n de oido, como solucionarlo","og_description":"La otitis es una inflamaci\u00f3n del o\u00eddo causada, generalmente, por una infecci\u00f3n. El tipo m\u00e1s com\u00fan de esta afecci\u00f3n es la denominada otitis media y est\u00e1 provocada por la inflamaci\u00f3n del o\u00eddo medio, que se encuentra en la parte posterior del t\u00edmpano. Dependiendo de la evoluci\u00f3n de la enfermedad, \u00e9sta puede conducir a la secreci\u00f3n [&hellip;]","og_url":"https:\/\/www.gruporecoletas.com\/noticias\/infeccion-oido-solucionarlo\/","og_site_name":"Noticias Grupo Recoletas","article_publisher":"https:\/\/www.facebook.com\/GrupoRecoletas\/","article_published_time":"2018-09-20T15:24:34+00:00","article_modified_time":"2019-09-13T12:39:24+00:00","og_image":[{"width":1200,"height":800,"url":"https:\/\/www.gruporecoletas.com\/noticias\/wp-content\/uploads\/2018\/09\/golor-oido-consulta.jpg","type":"image\/jpeg"}],"author":"Recoletas Red Hospitalaria","twitter_card":"summary_large_image","twitter_creator":"@GrupoRecoletas","twitter_site":"@GrupoRecoletas","twitter_misc":{"Escrito por":"Recoletas Red Hospitalaria","Tiempo de lectura":"3 minutos"},"schema":{"@context":"https:\/\/schema.org","@graph":[{"@type":"Article","@id":"https:\/\/www.gruporecoletas.com\/noticias\/infeccion-oido-solucionarlo\/#article","isPartOf":{"@id":"https:\/\/www.gruporecoletas.com\/noticias\/infeccion-oido-solucionarlo\/"},"author":{"name":"Recoletas Red Hospitalaria","@id":"https:\/\/www.gruporecoletas.com\/noticias\/#\/schema\/person\/3c6ac429828d1f5e3d3bd99f4da9b02c"},"headline":"Infecci\u00f3n de oido, como solucionarlo","datePublished":"2018-09-20T15:24:34+00:00","dateModified":"2019-09-13T12:39:24+00:00","mainEntityOfPage":{"@id":"https:\/\/www.gruporecoletas.com\/noticias\/infeccion-oido-solucionarlo\/"},"wordCount":676,"image":{"@id":"https:\/\/www.gruporecoletas.com\/noticias\/infeccion-oido-solucionarlo\/#primaryimage"},"thumbnailUrl":"https:\/\/www.gruporecoletas.com\/noticias\/wp-content\/uploads\/2018\/09\/golor-oido-consulta.jpg","articleSection":["Instituto Otorrinolaringolog\u00eda","Patolog\u00edas"],"inLanguage":"es"},{"@type":"WebPage","@id":"https:\/\/www.gruporecoletas.com\/noticias\/infeccion-oido-solucionarlo\/","url":"https:\/\/www.gruporecoletas.com\/noticias\/infeccion-oido-solucionarlo\/","name":"Infecci\u00f3n de oido, como solucionarlo - Noticias Grupo Recoletas","isPartOf":{"@id":"https:\/\/www.gruporecoletas.com\/noticias\/#website"},"primaryImageOfPage":{"@id":"https:\/\/www.gruporecoletas.com\/noticias\/infeccion-oido-solucionarlo\/#primaryimage"},"image":{"@id":"https:\/\/www.gruporecoletas.com\/noticias\/infeccion-oido-solucionarlo\/#primaryimage"},"thumbnailUrl":"https:\/\/www.gruporecoletas.com\/noticias\/wp-content\/uploads\/2018\/09\/golor-oido-consulta.jpg","datePublished":"2018-09-20T15:24:34+00:00","dateModified":"2019-09-13T12:39:24+00:00","author":{"@id":"https:\/\/www.gruporecoletas.com\/noticias\/#\/schema\/person\/3c6ac429828d1f5e3d3bd99f4da9b02c"},"breadcrumb":{"@id":"https:\/\/www.gruporecoletas.com\/noticias\/infeccion-oido-solucionarlo\/#breadcrumb"},"inLanguage":"es","potentialAction":[{"@type":"ReadAction","target":["https:\/\/www.gruporecoletas.com\/noticias\/infeccion-oido-solucionarlo\/"]}]},{"@type":"ImageObject","inLanguage":"es","@id":"https:\/\/www.gruporecoletas.com\/noticias\/infeccion-oido-solucionarlo\/#primaryimage","url":"https:\/\/www.gruporecoletas.com\/noticias\/wp-content\/uploads\/2018\/09\/golor-oido-consulta.jpg","contentUrl":"https:\/\/www.gruporecoletas.com\/noticias\/wp-content\/uploads\/2018\/09\/golor-oido-consulta.jpg","width":1200,"height":800},{"@type":"BreadcrumbList","@id":"https:\/\/www.gruporecoletas.com\/noticias\/infeccion-oido-solucionarlo\/#breadcrumb","itemListElement":[{"@type":"ListItem","position":1,"name":"Portada","item":"https:\/\/www.gruporecoletas.com\/noticias\/"},{"@type":"ListItem","position":2,"name":"Infecci\u00f3n de oido, como solucionarlo"}]},{"@type":"WebSite","@id":"https:\/\/www.gruporecoletas.com\/noticias\/#website","url":"https:\/\/www.gruporecoletas.com\/noticias\/","name":"Noticias Grupo Recoletas","description":"Grupo Recoletas","potentialAction":[{"@type":"SearchAction","target":{"@type":"EntryPoint","urlTemplate":"https:\/\/www.gruporecoletas.com\/noticias\/?s={search_term_string}"},"query-input":{"@type":"PropertyValueSpecification","valueRequired":true,"valueName":"search_term_string"}}],"inLanguage":"es"},{"@type":"Person","@id":"https:\/\/www.gruporecoletas.com\/noticias\/#\/schema\/person\/3c6ac429828d1f5e3d3bd99f4da9b02c","name":"Recoletas Red Hospitalaria","url":"https:\/\/www.gruporecoletas.com\/noticias\/author\/comunicacion\/"}]}},"_links":{"self":[{"href":"https:\/\/www.gruporecoletas.com\/noticias\/wp-json\/wp\/v2\/posts\/11261","targetHints":{"allow":["GET"]}}],"collection":[{"href":"https:\/\/www.gruporecoletas.com\/noticias\/wp-json\/wp\/v2\/posts"}],"about":[{"href":"https:\/\/www.gruporecoletas.com\/noticias\/wp-json\/wp\/v2\/types\/post"}],"author":[{"embeddable":true,"href":"https:\/\/www.gruporecoletas.com\/noticias\/wp-json\/wp\/v2\/users\/2"}],"replies":[{"embeddable":true,"href":"https:\/\/www.gruporecoletas.com\/noticias\/wp-json\/wp\/v2\/comments?post=11261"}],"version-history":[{"count":1,"href":"https:\/\/www.gruporecoletas.com\/noticias\/wp-json\/wp\/v2\/posts\/11261\/revisions"}],"predecessor-version":[{"id":11657,"href":"https:\/\/www.gruporecoletas.com\/noticias\/wp-json\/wp\/v2\/posts\/11261\/revisions\/11657"}],"wp:featuredmedia":[{"embeddable":true,"href":"https:\/\/www.gruporecoletas.com\/noticias\/wp-json\/wp\/v2\/media\/11262"}],"wp:attachment":[{"href":"https:\/\/www.gruporecoletas.com\/noticias\/wp-json\/wp\/v2\/media?parent=11261"}],"wp:term":[{"taxonomy":"category","embeddable":true,"href":"https:\/\/www.gruporecoletas.com\/noticias\/wp-json\/wp\/v2\/categories?post=11261"},{"taxonomy":"post_tag","embeddable":true,"href":"https:\/\/www.gruporecoletas.com\/noticias\/wp-json\/wp\/v2\/tags?post=11261"}],"curies":[{"name":"wp","href":"https:\/\/api.w.org\/{rel}","templated":true}]}}