{"id":11277,"date":"2018-09-24T13:15:26","date_gmt":"2018-09-24T11:15:26","guid":{"rendered":"https:\/\/www.gruporecoletas.com\/?p=11277"},"modified":"2018-09-24T13:15:26","modified_gmt":"2018-09-24T11:15:26","slug":"recoletas-red-hospitalaria-renueva-acuerdo-burgos-c-f","status":"publish","type":"post","link":"https:\/\/www.gruporecoletas.com\/noticias\/recoletas-red-hospitalaria-renueva-acuerdo-burgos-c-f\/","title":{"rendered":"Recoletas Red Hospitalaria renueva su acuerdo con el Burgos C.F."},"content":{"rendered":"<article>La gerente del\u00a0<strong>Hospital Recoletas Burgos<\/strong>\u00a0Pilar G\u00f3mez y el presidente del\u00a0<strong>Burgos Club de F\u00fatbol<\/strong>\u00a0Jes\u00fas Mart\u00ednez firman el nuevo convenio de colaboraci\u00f3n entre ambas entidades para la temporada 2018\/2019.\u00a0El acuerdo no solo supone la presencia de la marca hospitalaria en la camiseta del primer equipo (en la parte trasera, bajo el dorsal), sino la colaboraci\u00f3n en aspectos m\u00e9dicos y otra serie de actividades conjuntas.<\/article>\n<article>&nbsp;<\/p>\n<p>El presidente del Club burgal\u00e9s ha alabado la apuesta de Recoletas por el deporte local, que se extiende a otros clubes de la capital, ha recordado <strong>G\u00f3mez<\/strong>, y ha agradecido la confianza depositada en el <strong>proyecto deportivo y social del Burgos C.F.<\/strong>, que permite adem\u00e1s realizar reconocimientos m\u00e9dicos, pruebas de esfuerzo personalizadas y diferentes ex\u00e1menes en caso de molestias y lesiones, lo que convierte al club en \u201cm\u00e1s competitivo\u201d.<\/p>\n<\/article>\n","protected":false},"excerpt":{"rendered":"<p>La gerente del\u00a0Hospital Recoletas Burgos\u00a0Pilar G\u00f3mez y el presidente del\u00a0Burgos Club de F\u00fatbol\u00a0Jes\u00fas Mart\u00ednez firman el nuevo convenio de colaboraci\u00f3n entre ambas entidades para la temporada 2018\/2019.\u00a0El acuerdo no solo supone la presencia de la marca hospitalaria en la camiseta del primer equipo (en la parte trasera, bajo el dorsal), sino la colaboraci\u00f3n en aspectos [&hellip;]<\/p>\n","protected":false},"author":2,"featured_media":11278,"comment_status":"closed","ping_status":"closed","sticky":false,"template":"","format":"standard","meta":{"_acf_changed":false,"footnotes":""},"categories":[10],"tags":[],"class_list":["post-11277","post","type-post","status-publish","format-standard","has-post-thumbnail","hentry","category-burgos"],"acf":[],"yoast_head":"<!-- This site is optimized with the Yoast SEO Premium plugin v27.3 (Yoast SEO v27.3) - https:\/\/yoast.com\/product\/yoast-seo-premium-wordpress\/ -->\n<title>Recoletas Red Hospitalaria renueva su acuerdo con el Burgos C.F. - Noticias Grupo Recoletas<\/title>\n<meta name=\"robots\" content=\"index, follow, max-snippet:-1, max-image-preview:large, max-video-preview:-1\" \/>\n<link rel=\"canonical\" href=\"https:\/\/www.gruporecoletas.com\/noticias\/recoletas-red-hospitalaria-renueva-acuerdo-burgos-c-f\/\" \/>\n<meta property=\"og:locale\" content=\"es_ES\" \/>\n<meta property=\"og:type\" content=\"article\" \/>\n<meta property=\"og:title\" content=\"Recoletas Red Hospitalaria renueva su acuerdo con el Burgos C.F.\" \/>\n<meta property=\"og:description\" content=\"La gerente del\u00a0Hospital Recoletas Burgos\u00a0Pilar G\u00f3mez y el presidente del\u00a0Burgos Club de F\u00fatbol\u00a0Jes\u00fas Mart\u00ednez firman el nuevo convenio de colaboraci\u00f3n entre ambas entidades para la temporada 2018\/2019.\u00a0El acuerdo no solo supone la presencia de la marca hospitalaria en la camiseta del primer equipo (en la parte trasera, bajo el dorsal), sino la colaboraci\u00f3n en aspectos [&hellip;]\" \/>\n<meta property=\"og:url\" content=\"https:\/\/www.gruporecoletas.com\/noticias\/recoletas-red-hospitalaria-renueva-acuerdo-burgos-c-f\/\" \/>\n<meta property=\"og:site_name\" content=\"Noticias Grupo Recoletas\" \/>\n<meta property=\"article:publisher\" content=\"https:\/\/www.facebook.com\/GrupoRecoletas\/\" \/>\n<meta property=\"article:published_time\" content=\"2018-09-24T11:15:26+00:00\" \/>\n<meta property=\"og:image\" content=\"https:\/\/www.gruporecoletas.com\/noticias\/wp-content\/uploads\/2018\/09\/acuerdoburgos.jpg\" \/>\n\t<meta property=\"og:image:width\" content=\"2022\" \/>\n\t<meta property=\"og:image:height\" content=\"1516\" \/>\n\t<meta property=\"og:image:type\" content=\"image\/jpeg\" \/>\n<meta name=\"author\" content=\"Recoletas Red Hospitalaria\" \/>\n<meta name=\"twitter:card\" content=\"summary_large_image\" \/>\n<meta name=\"twitter:creator\" content=\"@GrupoRecoletas\" \/>\n<meta name=\"twitter:site\" content=\"@GrupoRecoletas\" \/>\n<meta name=\"twitter:label1\" content=\"Escrito por\" \/>\n\t<meta name=\"twitter:data1\" content=\"Recoletas Red Hospitalaria\" \/>\n\t<meta name=\"twitter:label2\" content=\"Tiempo de lectura\" \/>\n\t<meta name=\"twitter:data2\" content=\"1 minuto\" \/>\n<script type=\"application\/ld+json\" class=\"yoast-schema-graph\">{\"@context\":\"https:\\\/\\\/schema.org\",\"@graph\":[{\"@type\":\"Article\",\"@id\":\"https:\\\/\\\/www.gruporecoletas.com\\\/noticias\\\/recoletas-red-hospitalaria-renueva-acuerdo-burgos-c-f\\\/#article\",\"isPartOf\":{\"@id\":\"https:\\\/\\\/www.gruporecoletas.com\\\/noticias\\\/recoletas-red-hospitalaria-renueva-acuerdo-burgos-c-f\\\/\"},\"author\":{\"name\":\"Recoletas Red Hospitalaria\",\"@id\":\"https:\\\/\\\/www.gruporecoletas.com\\\/noticias\\\/#\\\/schema\\\/person\\\/3c6ac429828d1f5e3d3bd99f4da9b02c\"},\"headline\":\"Recoletas Red Hospitalaria renueva su acuerdo con el Burgos C.F.\",\"datePublished\":\"2018-09-24T11:15:26+00:00\",\"mainEntityOfPage\":{\"@id\":\"https:\\\/\\\/www.gruporecoletas.com\\\/noticias\\\/recoletas-red-hospitalaria-renueva-acuerdo-burgos-c-f\\\/\"},\"wordCount\":161,\"image\":{\"@id\":\"https:\\\/\\\/www.gruporecoletas.com\\\/noticias\\\/recoletas-red-hospitalaria-renueva-acuerdo-burgos-c-f\\\/#primaryimage\"},\"thumbnailUrl\":\"https:\\\/\\\/www.gruporecoletas.com\\\/noticias\\\/wp-content\\\/uploads\\\/2018\\\/09\\\/acuerdoburgos.jpg\",\"articleSection\":[\"Burgos\"],\"inLanguage\":\"es\"},{\"@type\":\"WebPage\",\"@id\":\"https:\\\/\\\/www.gruporecoletas.com\\\/noticias\\\/recoletas-red-hospitalaria-renueva-acuerdo-burgos-c-f\\\/\",\"url\":\"https:\\\/\\\/www.gruporecoletas.com\\\/noticias\\\/recoletas-red-hospitalaria-renueva-acuerdo-burgos-c-f\\\/\",\"name\":\"Recoletas Red Hospitalaria renueva su acuerdo con el Burgos C.F. - Noticias Grupo Recoletas\",\"isPartOf\":{\"@id\":\"https:\\\/\\\/www.gruporecoletas.com\\\/noticias\\\/#website\"},\"primaryImageOfPage\":{\"@id\":\"https:\\\/\\\/www.gruporecoletas.com\\\/noticias\\\/recoletas-red-hospitalaria-renueva-acuerdo-burgos-c-f\\\/#primaryimage\"},\"image\":{\"@id\":\"https:\\\/\\\/www.gruporecoletas.com\\\/noticias\\\/recoletas-red-hospitalaria-renueva-acuerdo-burgos-c-f\\\/#primaryimage\"},\"thumbnailUrl\":\"https:\\\/\\\/www.gruporecoletas.com\\\/noticias\\\/wp-content\\\/uploads\\\/2018\\\/09\\\/acuerdoburgos.jpg\",\"datePublished\":\"2018-09-24T11:15:26+00:00\",\"author\":{\"@id\":\"https:\\\/\\\/www.gruporecoletas.com\\\/noticias\\\/#\\\/schema\\\/person\\\/3c6ac429828d1f5e3d3bd99f4da9b02c\"},\"breadcrumb\":{\"@id\":\"https:\\\/\\\/www.gruporecoletas.com\\\/noticias\\\/recoletas-red-hospitalaria-renueva-acuerdo-burgos-c-f\\\/#breadcrumb\"},\"inLanguage\":\"es\",\"potentialAction\":[{\"@type\":\"ReadAction\",\"target\":[\"https:\\\/\\\/www.gruporecoletas.com\\\/noticias\\\/recoletas-red-hospitalaria-renueva-acuerdo-burgos-c-f\\\/\"]}]},{\"@type\":\"ImageObject\",\"inLanguage\":\"es\",\"@id\":\"https:\\\/\\\/www.gruporecoletas.com\\\/noticias\\\/recoletas-red-hospitalaria-renueva-acuerdo-burgos-c-f\\\/#primaryimage\",\"url\":\"https:\\\/\\\/www.gruporecoletas.com\\\/noticias\\\/wp-content\\\/uploads\\\/2018\\\/09\\\/acuerdoburgos.jpg\",\"contentUrl\":\"https:\\\/\\\/www.gruporecoletas.com\\\/noticias\\\/wp-content\\\/uploads\\\/2018\\\/09\\\/acuerdoburgos.jpg\",\"width\":2022,\"height\":1516},{\"@type\":\"BreadcrumbList\",\"@id\":\"https:\\\/\\\/www.gruporecoletas.com\\\/noticias\\\/recoletas-red-hospitalaria-renueva-acuerdo-burgos-c-f\\\/#breadcrumb\",\"itemListElement\":[{\"@type\":\"ListItem\",\"position\":1,\"name\":\"Portada\",\"item\":\"https:\\\/\\\/www.gruporecoletas.com\\\/noticias\\\/\"},{\"@type\":\"ListItem\",\"position\":2,\"name\":\"Recoletas Red Hospitalaria renueva su acuerdo con el Burgos C.F.\"}]},{\"@type\":\"WebSite\",\"@id\":\"https:\\\/\\\/www.gruporecoletas.com\\\/noticias\\\/#website\",\"url\":\"https:\\\/\\\/www.gruporecoletas.com\\\/noticias\\\/\",\"name\":\"Noticias Grupo Recoletas\",\"description\":\"Grupo Recoletas\",\"potentialAction\":[{\"@type\":\"SearchAction\",\"target\":{\"@type\":\"EntryPoint\",\"urlTemplate\":\"https:\\\/\\\/www.gruporecoletas.com\\\/noticias\\\/?s={search_term_string}\"},\"query-input\":{\"@type\":\"PropertyValueSpecification\",\"valueRequired\":true,\"valueName\":\"search_term_string\"}}],\"inLanguage\":\"es\"},{\"@type\":\"Person\",\"@id\":\"https:\\\/\\\/www.gruporecoletas.com\\\/noticias\\\/#\\\/schema\\\/person\\\/3c6ac429828d1f5e3d3bd99f4da9b02c\",\"name\":\"Recoletas Red Hospitalaria\",\"url\":\"https:\\\/\\\/www.gruporecoletas.com\\\/noticias\\\/author\\\/comunicacion\\\/\"}]}<\/script>\n<!-- \/ Yoast SEO Premium plugin. -->","yoast_head_json":{"title":"Recoletas Red Hospitalaria renueva su acuerdo con el Burgos C.F. - Noticias Grupo Recoletas","robots":{"index":"index","follow":"follow","max-snippet":"max-snippet:-1","max-image-preview":"max-image-preview:large","max-video-preview":"max-video-preview:-1"},"canonical":"https:\/\/www.gruporecoletas.com\/noticias\/recoletas-red-hospitalaria-renueva-acuerdo-burgos-c-f\/","og_locale":"es_ES","og_type":"article","og_title":"Recoletas Red Hospitalaria renueva su acuerdo con el Burgos C.F.","og_description":"La gerente del\u00a0Hospital Recoletas Burgos\u00a0Pilar G\u00f3mez y el presidente del\u00a0Burgos Club de F\u00fatbol\u00a0Jes\u00fas Mart\u00ednez firman el nuevo convenio de colaboraci\u00f3n entre ambas entidades para la temporada 2018\/2019.\u00a0El acuerdo no solo supone la presencia de la marca hospitalaria en la camiseta del primer equipo (en la parte trasera, bajo el dorsal), sino la colaboraci\u00f3n en aspectos [&hellip;]","og_url":"https:\/\/www.gruporecoletas.com\/noticias\/recoletas-red-hospitalaria-renueva-acuerdo-burgos-c-f\/","og_site_name":"Noticias Grupo Recoletas","article_publisher":"https:\/\/www.facebook.com\/GrupoRecoletas\/","article_published_time":"2018-09-24T11:15:26+00:00","og_image":[{"width":2022,"height":1516,"url":"https:\/\/www.gruporecoletas.com\/noticias\/wp-content\/uploads\/2018\/09\/acuerdoburgos.jpg","type":"image\/jpeg"}],"author":"Recoletas Red Hospitalaria","twitter_card":"summary_large_image","twitter_creator":"@GrupoRecoletas","twitter_site":"@GrupoRecoletas","twitter_misc":{"Escrito por":"Recoletas Red Hospitalaria","Tiempo de lectura":"1 minuto"},"schema":{"@context":"https:\/\/schema.org","@graph":[{"@type":"Article","@id":"https:\/\/www.gruporecoletas.com\/noticias\/recoletas-red-hospitalaria-renueva-acuerdo-burgos-c-f\/#article","isPartOf":{"@id":"https:\/\/www.gruporecoletas.com\/noticias\/recoletas-red-hospitalaria-renueva-acuerdo-burgos-c-f\/"},"author":{"name":"Recoletas Red Hospitalaria","@id":"https:\/\/www.gruporecoletas.com\/noticias\/#\/schema\/person\/3c6ac429828d1f5e3d3bd99f4da9b02c"},"headline":"Recoletas Red Hospitalaria renueva su acuerdo con el Burgos C.F.","datePublished":"2018-09-24T11:15:26+00:00","mainEntityOfPage":{"@id":"https:\/\/www.gruporecoletas.com\/noticias\/recoletas-red-hospitalaria-renueva-acuerdo-burgos-c-f\/"},"wordCount":161,"image":{"@id":"https:\/\/www.gruporecoletas.com\/noticias\/recoletas-red-hospitalaria-renueva-acuerdo-burgos-c-f\/#primaryimage"},"thumbnailUrl":"https:\/\/www.gruporecoletas.com\/noticias\/wp-content\/uploads\/2018\/09\/acuerdoburgos.jpg","articleSection":["Burgos"],"inLanguage":"es"},{"@type":"WebPage","@id":"https:\/\/www.gruporecoletas.com\/noticias\/recoletas-red-hospitalaria-renueva-acuerdo-burgos-c-f\/","url":"https:\/\/www.gruporecoletas.com\/noticias\/recoletas-red-hospitalaria-renueva-acuerdo-burgos-c-f\/","name":"Recoletas Red Hospitalaria renueva su acuerdo con el Burgos C.F. - Noticias Grupo Recoletas","isPartOf":{"@id":"https:\/\/www.gruporecoletas.com\/noticias\/#website"},"primaryImageOfPage":{"@id":"https:\/\/www.gruporecoletas.com\/noticias\/recoletas-red-hospitalaria-renueva-acuerdo-burgos-c-f\/#primaryimage"},"image":{"@id":"https:\/\/www.gruporecoletas.com\/noticias\/recoletas-red-hospitalaria-renueva-acuerdo-burgos-c-f\/#primaryimage"},"thumbnailUrl":"https:\/\/www.gruporecoletas.com\/noticias\/wp-content\/uploads\/2018\/09\/acuerdoburgos.jpg","datePublished":"2018-09-24T11:15:26+00:00","author":{"@id":"https:\/\/www.gruporecoletas.com\/noticias\/#\/schema\/person\/3c6ac429828d1f5e3d3bd99f4da9b02c"},"breadcrumb":{"@id":"https:\/\/www.gruporecoletas.com\/noticias\/recoletas-red-hospitalaria-renueva-acuerdo-burgos-c-f\/#breadcrumb"},"inLanguage":"es","potentialAction":[{"@type":"ReadAction","target":["https:\/\/www.gruporecoletas.com\/noticias\/recoletas-red-hospitalaria-renueva-acuerdo-burgos-c-f\/"]}]},{"@type":"ImageObject","inLanguage":"es","@id":"https:\/\/www.gruporecoletas.com\/noticias\/recoletas-red-hospitalaria-renueva-acuerdo-burgos-c-f\/#primaryimage","url":"https:\/\/www.gruporecoletas.com\/noticias\/wp-content\/uploads\/2018\/09\/acuerdoburgos.jpg","contentUrl":"https:\/\/www.gruporecoletas.com\/noticias\/wp-content\/uploads\/2018\/09\/acuerdoburgos.jpg","width":2022,"height":1516},{"@type":"BreadcrumbList","@id":"https:\/\/www.gruporecoletas.com\/noticias\/recoletas-red-hospitalaria-renueva-acuerdo-burgos-c-f\/#breadcrumb","itemListElement":[{"@type":"ListItem","position":1,"name":"Portada","item":"https:\/\/www.gruporecoletas.com\/noticias\/"},{"@type":"ListItem","position":2,"name":"Recoletas Red Hospitalaria renueva su acuerdo con el Burgos C.F."}]},{"@type":"WebSite","@id":"https:\/\/www.gruporecoletas.com\/noticias\/#website","url":"https:\/\/www.gruporecoletas.com\/noticias\/","name":"Noticias Grupo Recoletas","description":"Grupo Recoletas","potentialAction":[{"@type":"SearchAction","target":{"@type":"EntryPoint","urlTemplate":"https:\/\/www.gruporecoletas.com\/noticias\/?s={search_term_string}"},"query-input":{"@type":"PropertyValueSpecification","valueRequired":true,"valueName":"search_term_string"}}],"inLanguage":"es"},{"@type":"Person","@id":"https:\/\/www.gruporecoletas.com\/noticias\/#\/schema\/person\/3c6ac429828d1f5e3d3bd99f4da9b02c","name":"Recoletas Red Hospitalaria","url":"https:\/\/www.gruporecoletas.com\/noticias\/author\/comunicacion\/"}]}},"_links":{"self":[{"href":"https:\/\/www.gruporecoletas.com\/noticias\/wp-json\/wp\/v2\/posts\/11277","targetHints":{"allow":["GET"]}}],"collection":[{"href":"https:\/\/www.gruporecoletas.com\/noticias\/wp-json\/wp\/v2\/posts"}],"about":[{"href":"https:\/\/www.gruporecoletas.com\/noticias\/wp-json\/wp\/v2\/types\/post"}],"author":[{"embeddable":true,"href":"https:\/\/www.gruporecoletas.com\/noticias\/wp-json\/wp\/v2\/users\/2"}],"replies":[{"embeddable":true,"href":"https:\/\/www.gruporecoletas.com\/noticias\/wp-json\/wp\/v2\/comments?post=11277"}],"version-history":[{"count":0,"href":"https:\/\/www.gruporecoletas.com\/noticias\/wp-json\/wp\/v2\/posts\/11277\/revisions"}],"wp:featuredmedia":[{"embeddable":true,"href":"https:\/\/www.gruporecoletas.com\/noticias\/wp-json\/wp\/v2\/media\/11278"}],"wp:attachment":[{"href":"https:\/\/www.gruporecoletas.com\/noticias\/wp-json\/wp\/v2\/media?parent=11277"}],"wp:term":[{"taxonomy":"category","embeddable":true,"href":"https:\/\/www.gruporecoletas.com\/noticias\/wp-json\/wp\/v2\/categories?post=11277"},{"taxonomy":"post_tag","embeddable":true,"href":"https:\/\/www.gruporecoletas.com\/noticias\/wp-json\/wp\/v2\/tags?post=11277"}],"curies":[{"name":"wp","href":"https:\/\/api.w.org\/{rel}","templated":true}]}}