{"id":11342,"date":"2018-11-08T13:54:59","date_gmt":"2018-11-08T12:54:59","guid":{"rendered":"https:\/\/www.gruporecoletas.com\/?p=11342"},"modified":"2022-03-18T11:45:59","modified_gmt":"2022-03-18T10:45:59","slug":"guia-convivir-asma","status":"publish","type":"post","link":"https:\/\/www.gruporecoletas.com\/noticias\/guia-convivir-asma\/","title":{"rendered":"Gu\u00eda para convivir con el asma"},"content":{"rendered":"<h4><strong>Te contamos c\u00f3mo vivir con esta afecci\u00f3n respiratoria y ganar m\u00e1s calidad de vida. <\/strong><\/h4>\n<p>El asma es una enfermedad <strong>inflamatoria cr\u00f3nica de las v\u00edas a\u00e9reas<\/strong>, que se caracteriza por ataques recurrentes de ahogo y silbidos, que pueden ser m\u00e1s intensos y frecuentes seg\u00fan la persona. Los s\u00edntomas pueden aparecer varias veces al d\u00eda o a la semana, y a veces incluso, pueden agravarse si se realiza una actividad f\u00edsica o cuando es de noche.<\/p>\n<p>La <strong><a href=\"http:\/\/www.who.int\/respiratory\/asthma\/es\/\" target=\"_blank\" rel=\"noopener\">Organizaci\u00f3n Mundial de la Salud<\/a><\/strong> calcula que hoy d\u00eda hay <strong>235 millones de pacientes<\/strong> con asma en todo el planeta (m\u00e1s habitual en ni\u00f1os y ni\u00f1as). Y aunque es una dolencia que est\u00e1 presente en todos los pa\u00edses, m\u00e1s del 80% de las muertes tienen lugar en pa\u00edses de ingresos bajos y medios-bajos.<\/p>\n<p>En un ataque de asma, la envoltura de los bronquios se inflama, lo que provoca un estrechamiento de las v\u00edas respiratorias y una disminuci\u00f3n del flujo de aire que entra y sale de los pulmones. Los s\u00edntomas recurrentes acostumbran a causar <strong>insomnio, fatiga<\/strong>, lo que conlleva a una disminuci\u00f3n de la actividad y a absentismo escolar y laboral.<\/p>\n<p>Lamentablemente, a menudo el asma crea una importante carga para los pacientes, limitando su calidad de vida de por vida. Porque, aunque los afectados por enfermedades pulmonares sienten que se ahogan al realizar una actividad, los m\u00e9dicos proponen llevar vida normal.<\/p>\n<h2><strong>Tipos de asma<\/strong><\/h2>\n<p>El asma puede tener o no origen al\u00e9rgico.<\/p>\n<p><strong>\u2013 Asma extr\u00ednseca<\/strong>: m\u00e1s de la mitad de los casos se produce por una reacci\u00f3n al\u00e9rgica, como el polvo de casa, los pelos de los animales, algunos insectos, los mohos, el polen de los \u00e1rboles , las gram\u00edneas y algunos alimentos. Suele comenzar en la ni\u00f1ez.<\/p>\n<p><strong>\u2013 Asma intr\u00ednseca<\/strong>: representa el 40% de los pacientes y, a menudo, se manifiesta en adultos. Las infecciones del \u00e1rbol bronquial son una causa frecuente, aunque no se ha demostrado el mecanismo por el cual act\u00faa la infecci\u00f3n.<\/p>\n<h2><strong>Dec\u00e1logo para convivir con asma<\/strong><\/h2>\n<ol>\n<li><strong>Evitar la exposici\u00f3n a agentes al\u00e9rgenos: <\/strong>el polen, los \u00e1caros del polvo, algunos animales pueden provocar un ataque de asma. Asimismo, hay que evitar la exposici\u00f3n a irritantes como humos, olores fuertes, aire fr\u00edo o seco, sprays, as\u00ed como a los cambios bruscos de temperatura.<\/li>\n<li><strong>No hacer grandes esfuerzos: <\/strong>especialmente en \u00e9poca de polinizaci\u00f3n, puesto que podr\u00eda dificultar la respiraci\u00f3n y derivar en una crisis. Se puede consultar el nivel de polinizaci\u00f3n del ambiente en algunas aplicaciones m\u00f3viles: <strong>Polen Control<\/strong>, Alerta Polen o Alergo Alarm.<\/li>\n<li><strong>No salir mucho en primavera: <\/strong>hay que evitar estar al aire libre en el campo o zonas con abundante vegetaci\u00f3n los meses primaverales. Lo mejor es estar la mayor parte del tiempo en locales cerrados, sobre todo, los d\u00edas de viento. Adem\u00e1s, se aconseja dormir con las ventanas cerradas y, al ir en coche, subir las ventanillas.<\/li>\n<li><strong>Normas de higiene dom\u00e9stica: <\/strong>recomiendan limpiar la casa con guantes de goma, usar el aspirador y una bayeta h\u00fameda para quitar el polvo. Ventilar solo al atardecer, cinco minutos son suficientes para que se renueve al aire de una habitaci\u00f3n.<\/li>\n<li><strong>Vigilar la humedad en casa: <\/strong>la humedad ambiental tendr\u00eda que ser inferior al 50%, recomend\u00e1ndose, incluso, el empleo de deshumidificadores. Adem\u00e1s, es preferible cubrir herm\u00e9ticamente o lavarla con frecuencia las almohadas, y si existen manchas de humedad sanearse lo antes posible.<\/li>\n<li><strong>Seguir el tratamiento: <\/strong>es fundamental que la persona diagnosticada de asma siga el tratamiento m\u00e9dico y que est\u00e9 atenta a cualquier digno de empeoramiento. Se estima que solo el 30% de los asm\u00e1ticos lo mantienen.<\/li>\n<li><strong>Conocer los s\u00edntomas de agravamiento: <\/strong>el paciente tiene que ser capaz de reconocer las se\u00f1ales de alerta y c\u00f3mo modificar la dosis de tratamiento de forma segura e independiente. Los especialistas aseguran que es posible facilitar a la persona unas instrucciones para elevar o reducir las dosis en funci\u00f3n de su evoluci\u00f3n.<\/li>\n<li><strong>Respirar conscientemente: <\/strong>dedicar un momento a respirar correctamente por la ma\u00f1ana y por la noche, ejercitando y moviendo los pulmones adecuadamente. Tomar el aire por la nariz y expulsarlo por la boca, unas veces llenando el pecho (respiraci\u00f3n tor\u00e1cica) y otras veces llenando el abdomen (respiraci\u00f3n diafragm\u00e1tica o abdominal).<\/li>\n<li><strong>Abandonar el tabaco: <\/strong>para conseguir el control del asma a largo plazo y evitar la aparici\u00f3n de complicaciones, es esencial no fumar y no exponerse al humo del tabaco. Dejar de fumar es posible, mental\u00edzate, haz una lista de razones, pon una fecha y busca apoyos en la familia, m\u00e9dicos y amigos.<\/li>\n<li><strong>Haz deporte: <\/strong>es aconsejable que las personas asm\u00e1ticas practiquen alguna actividad f\u00edsica. Eso s\u00ed, hay que tratar de evitar los deportes que requieran una intensidad elevada, son m\u00e1s beneficiosos los que se realizan en equipo, porque hay m\u00e1s tiempo de descanso.<\/li>\n<\/ol>\n<p>El asma es una enfermedad que afecta a gran parte de la poblaci\u00f3n pero, si se conocen las causas que lo agravan, se puede lograr que no condicione la vida de uno.<\/p>\n","protected":false},"excerpt":{"rendered":"<p>Te contamos c\u00f3mo vivir con esta afecci\u00f3n respiratoria y ganar m\u00e1s calidad de vida. El asma es una enfermedad inflamatoria cr\u00f3nica de las v\u00edas a\u00e9reas, que se caracteriza por ataques recurrentes de ahogo y silbidos, que pueden ser m\u00e1s intensos y frecuentes seg\u00fan la persona. Los s\u00edntomas pueden aparecer varias veces al d\u00eda o a [&hellip;]<\/p>\n","protected":false},"author":2,"featured_media":11343,"comment_status":"closed","ping_status":"closed","sticky":false,"template":"","format":"standard","meta":{"_acf_changed":false,"footnotes":""},"categories":[50,3244],"tags":[],"class_list":["post-11342","post","type-post","status-publish","format-standard","has-post-thumbnail","hentry","category-patologias","category-unidad-de-neumologia"],"acf":[],"yoast_head":"<!-- This site is optimized with the Yoast SEO Premium plugin v27.3 (Yoast SEO v27.3) - https:\/\/yoast.com\/product\/yoast-seo-premium-wordpress\/ -->\n<title>Gu\u00eda para convivir con el asma - Noticias Grupo Recoletas<\/title>\n<meta name=\"robots\" content=\"index, follow, max-snippet:-1, max-image-preview:large, max-video-preview:-1\" \/>\n<link rel=\"canonical\" href=\"https:\/\/www.gruporecoletas.com\/noticias\/guia-convivir-asma\/\" \/>\n<meta property=\"og:locale\" content=\"es_ES\" \/>\n<meta property=\"og:type\" content=\"article\" \/>\n<meta property=\"og:title\" content=\"Gu\u00eda para convivir con el asma\" \/>\n<meta property=\"og:description\" content=\"Te contamos c\u00f3mo vivir con esta afecci\u00f3n respiratoria y ganar m\u00e1s calidad de vida. El asma es una enfermedad inflamatoria cr\u00f3nica de las v\u00edas a\u00e9reas, que se caracteriza por ataques recurrentes de ahogo y silbidos, que pueden ser m\u00e1s intensos y frecuentes seg\u00fan la persona. Los s\u00edntomas pueden aparecer varias veces al d\u00eda o a [&hellip;]\" \/>\n<meta property=\"og:url\" content=\"https:\/\/www.gruporecoletas.com\/noticias\/guia-convivir-asma\/\" \/>\n<meta property=\"og:site_name\" content=\"Noticias Grupo Recoletas\" \/>\n<meta property=\"article:publisher\" content=\"https:\/\/www.facebook.com\/GrupoRecoletas\/\" \/>\n<meta property=\"article:published_time\" content=\"2018-11-08T12:54:59+00:00\" \/>\n<meta property=\"article:modified_time\" content=\"2022-03-18T10:45:59+00:00\" \/>\n<meta property=\"og:image\" content=\"https:\/\/www.gruporecoletas.com\/noticias\/wp-content\/uploads\/2018\/11\/asma.jpg\" \/>\n\t<meta property=\"og:image:width\" content=\"825\" \/>\n\t<meta property=\"og:image:height\" content=\"464\" \/>\n\t<meta property=\"og:image:type\" content=\"image\/jpeg\" \/>\n<meta name=\"author\" content=\"Recoletas Red Hospitalaria\" \/>\n<meta name=\"twitter:card\" content=\"summary_large_image\" \/>\n<meta name=\"twitter:creator\" content=\"@GrupoRecoletas\" \/>\n<meta name=\"twitter:site\" content=\"@GrupoRecoletas\" \/>\n<meta name=\"twitter:label1\" content=\"Escrito por\" \/>\n\t<meta name=\"twitter:data1\" content=\"Recoletas Red Hospitalaria\" \/>\n\t<meta name=\"twitter:label2\" content=\"Tiempo de lectura\" \/>\n\t<meta name=\"twitter:data2\" content=\"4 minutos\" \/>\n<script type=\"application\/ld+json\" class=\"yoast-schema-graph\">{\"@context\":\"https:\\\/\\\/schema.org\",\"@graph\":[{\"@type\":\"Article\",\"@id\":\"https:\\\/\\\/www.gruporecoletas.com\\\/noticias\\\/guia-convivir-asma\\\/#article\",\"isPartOf\":{\"@id\":\"https:\\\/\\\/www.gruporecoletas.com\\\/noticias\\\/guia-convivir-asma\\\/\"},\"author\":{\"name\":\"Recoletas Red Hospitalaria\",\"@id\":\"https:\\\/\\\/www.gruporecoletas.com\\\/noticias\\\/#\\\/schema\\\/person\\\/3c6ac429828d1f5e3d3bd99f4da9b02c\"},\"headline\":\"Gu\u00eda para convivir con el asma\",\"datePublished\":\"2018-11-08T12:54:59+00:00\",\"dateModified\":\"2022-03-18T10:45:59+00:00\",\"mainEntityOfPage\":{\"@id\":\"https:\\\/\\\/www.gruporecoletas.com\\\/noticias\\\/guia-convivir-asma\\\/\"},\"wordCount\":884,\"image\":{\"@id\":\"https:\\\/\\\/www.gruporecoletas.com\\\/noticias\\\/guia-convivir-asma\\\/#primaryimage\"},\"thumbnailUrl\":\"https:\\\/\\\/www.gruporecoletas.com\\\/noticias\\\/wp-content\\\/uploads\\\/2018\\\/11\\\/asma.jpg\",\"articleSection\":[\"Patolog\u00edas\",\"Unidad de Neumolog\u00eda\"],\"inLanguage\":\"es\"},{\"@type\":\"WebPage\",\"@id\":\"https:\\\/\\\/www.gruporecoletas.com\\\/noticias\\\/guia-convivir-asma\\\/\",\"url\":\"https:\\\/\\\/www.gruporecoletas.com\\\/noticias\\\/guia-convivir-asma\\\/\",\"name\":\"Gu\u00eda para convivir con el asma - Noticias Grupo Recoletas\",\"isPartOf\":{\"@id\":\"https:\\\/\\\/www.gruporecoletas.com\\\/noticias\\\/#website\"},\"primaryImageOfPage\":{\"@id\":\"https:\\\/\\\/www.gruporecoletas.com\\\/noticias\\\/guia-convivir-asma\\\/#primaryimage\"},\"image\":{\"@id\":\"https:\\\/\\\/www.gruporecoletas.com\\\/noticias\\\/guia-convivir-asma\\\/#primaryimage\"},\"thumbnailUrl\":\"https:\\\/\\\/www.gruporecoletas.com\\\/noticias\\\/wp-content\\\/uploads\\\/2018\\\/11\\\/asma.jpg\",\"datePublished\":\"2018-11-08T12:54:59+00:00\",\"dateModified\":\"2022-03-18T10:45:59+00:00\",\"author\":{\"@id\":\"https:\\\/\\\/www.gruporecoletas.com\\\/noticias\\\/#\\\/schema\\\/person\\\/3c6ac429828d1f5e3d3bd99f4da9b02c\"},\"breadcrumb\":{\"@id\":\"https:\\\/\\\/www.gruporecoletas.com\\\/noticias\\\/guia-convivir-asma\\\/#breadcrumb\"},\"inLanguage\":\"es\",\"potentialAction\":[{\"@type\":\"ReadAction\",\"target\":[\"https:\\\/\\\/www.gruporecoletas.com\\\/noticias\\\/guia-convivir-asma\\\/\"]}]},{\"@type\":\"ImageObject\",\"inLanguage\":\"es\",\"@id\":\"https:\\\/\\\/www.gruporecoletas.com\\\/noticias\\\/guia-convivir-asma\\\/#primaryimage\",\"url\":\"https:\\\/\\\/www.gruporecoletas.com\\\/noticias\\\/wp-content\\\/uploads\\\/2018\\\/11\\\/asma.jpg\",\"contentUrl\":\"https:\\\/\\\/www.gruporecoletas.com\\\/noticias\\\/wp-content\\\/uploads\\\/2018\\\/11\\\/asma.jpg\",\"width\":825,\"height\":464},{\"@type\":\"BreadcrumbList\",\"@id\":\"https:\\\/\\\/www.gruporecoletas.com\\\/noticias\\\/guia-convivir-asma\\\/#breadcrumb\",\"itemListElement\":[{\"@type\":\"ListItem\",\"position\":1,\"name\":\"Portada\",\"item\":\"https:\\\/\\\/www.gruporecoletas.com\\\/noticias\\\/\"},{\"@type\":\"ListItem\",\"position\":2,\"name\":\"Gu\u00eda para convivir con el asma\"}]},{\"@type\":\"WebSite\",\"@id\":\"https:\\\/\\\/www.gruporecoletas.com\\\/noticias\\\/#website\",\"url\":\"https:\\\/\\\/www.gruporecoletas.com\\\/noticias\\\/\",\"name\":\"Noticias Grupo Recoletas\",\"description\":\"Grupo Recoletas\",\"potentialAction\":[{\"@type\":\"SearchAction\",\"target\":{\"@type\":\"EntryPoint\",\"urlTemplate\":\"https:\\\/\\\/www.gruporecoletas.com\\\/noticias\\\/?s={search_term_string}\"},\"query-input\":{\"@type\":\"PropertyValueSpecification\",\"valueRequired\":true,\"valueName\":\"search_term_string\"}}],\"inLanguage\":\"es\"},{\"@type\":\"Person\",\"@id\":\"https:\\\/\\\/www.gruporecoletas.com\\\/noticias\\\/#\\\/schema\\\/person\\\/3c6ac429828d1f5e3d3bd99f4da9b02c\",\"name\":\"Recoletas Red Hospitalaria\",\"url\":\"https:\\\/\\\/www.gruporecoletas.com\\\/noticias\\\/author\\\/comunicacion\\\/\"}]}<\/script>\n<!-- \/ Yoast SEO Premium plugin. -->","yoast_head_json":{"title":"Gu\u00eda para convivir con el asma - Noticias Grupo Recoletas","robots":{"index":"index","follow":"follow","max-snippet":"max-snippet:-1","max-image-preview":"max-image-preview:large","max-video-preview":"max-video-preview:-1"},"canonical":"https:\/\/www.gruporecoletas.com\/noticias\/guia-convivir-asma\/","og_locale":"es_ES","og_type":"article","og_title":"Gu\u00eda para convivir con el asma","og_description":"Te contamos c\u00f3mo vivir con esta afecci\u00f3n respiratoria y ganar m\u00e1s calidad de vida. El asma es una enfermedad inflamatoria cr\u00f3nica de las v\u00edas a\u00e9reas, que se caracteriza por ataques recurrentes de ahogo y silbidos, que pueden ser m\u00e1s intensos y frecuentes seg\u00fan la persona. Los s\u00edntomas pueden aparecer varias veces al d\u00eda o a [&hellip;]","og_url":"https:\/\/www.gruporecoletas.com\/noticias\/guia-convivir-asma\/","og_site_name":"Noticias Grupo Recoletas","article_publisher":"https:\/\/www.facebook.com\/GrupoRecoletas\/","article_published_time":"2018-11-08T12:54:59+00:00","article_modified_time":"2022-03-18T10:45:59+00:00","og_image":[{"width":825,"height":464,"url":"https:\/\/www.gruporecoletas.com\/noticias\/wp-content\/uploads\/2018\/11\/asma.jpg","type":"image\/jpeg"}],"author":"Recoletas Red Hospitalaria","twitter_card":"summary_large_image","twitter_creator":"@GrupoRecoletas","twitter_site":"@GrupoRecoletas","twitter_misc":{"Escrito por":"Recoletas Red Hospitalaria","Tiempo de lectura":"4 minutos"},"schema":{"@context":"https:\/\/schema.org","@graph":[{"@type":"Article","@id":"https:\/\/www.gruporecoletas.com\/noticias\/guia-convivir-asma\/#article","isPartOf":{"@id":"https:\/\/www.gruporecoletas.com\/noticias\/guia-convivir-asma\/"},"author":{"name":"Recoletas Red Hospitalaria","@id":"https:\/\/www.gruporecoletas.com\/noticias\/#\/schema\/person\/3c6ac429828d1f5e3d3bd99f4da9b02c"},"headline":"Gu\u00eda para convivir con el asma","datePublished":"2018-11-08T12:54:59+00:00","dateModified":"2022-03-18T10:45:59+00:00","mainEntityOfPage":{"@id":"https:\/\/www.gruporecoletas.com\/noticias\/guia-convivir-asma\/"},"wordCount":884,"image":{"@id":"https:\/\/www.gruporecoletas.com\/noticias\/guia-convivir-asma\/#primaryimage"},"thumbnailUrl":"https:\/\/www.gruporecoletas.com\/noticias\/wp-content\/uploads\/2018\/11\/asma.jpg","articleSection":["Patolog\u00edas","Unidad de Neumolog\u00eda"],"inLanguage":"es"},{"@type":"WebPage","@id":"https:\/\/www.gruporecoletas.com\/noticias\/guia-convivir-asma\/","url":"https:\/\/www.gruporecoletas.com\/noticias\/guia-convivir-asma\/","name":"Gu\u00eda para convivir con el asma - Noticias Grupo Recoletas","isPartOf":{"@id":"https:\/\/www.gruporecoletas.com\/noticias\/#website"},"primaryImageOfPage":{"@id":"https:\/\/www.gruporecoletas.com\/noticias\/guia-convivir-asma\/#primaryimage"},"image":{"@id":"https:\/\/www.gruporecoletas.com\/noticias\/guia-convivir-asma\/#primaryimage"},"thumbnailUrl":"https:\/\/www.gruporecoletas.com\/noticias\/wp-content\/uploads\/2018\/11\/asma.jpg","datePublished":"2018-11-08T12:54:59+00:00","dateModified":"2022-03-18T10:45:59+00:00","author":{"@id":"https:\/\/www.gruporecoletas.com\/noticias\/#\/schema\/person\/3c6ac429828d1f5e3d3bd99f4da9b02c"},"breadcrumb":{"@id":"https:\/\/www.gruporecoletas.com\/noticias\/guia-convivir-asma\/#breadcrumb"},"inLanguage":"es","potentialAction":[{"@type":"ReadAction","target":["https:\/\/www.gruporecoletas.com\/noticias\/guia-convivir-asma\/"]}]},{"@type":"ImageObject","inLanguage":"es","@id":"https:\/\/www.gruporecoletas.com\/noticias\/guia-convivir-asma\/#primaryimage","url":"https:\/\/www.gruporecoletas.com\/noticias\/wp-content\/uploads\/2018\/11\/asma.jpg","contentUrl":"https:\/\/www.gruporecoletas.com\/noticias\/wp-content\/uploads\/2018\/11\/asma.jpg","width":825,"height":464},{"@type":"BreadcrumbList","@id":"https:\/\/www.gruporecoletas.com\/noticias\/guia-convivir-asma\/#breadcrumb","itemListElement":[{"@type":"ListItem","position":1,"name":"Portada","item":"https:\/\/www.gruporecoletas.com\/noticias\/"},{"@type":"ListItem","position":2,"name":"Gu\u00eda para convivir con el asma"}]},{"@type":"WebSite","@id":"https:\/\/www.gruporecoletas.com\/noticias\/#website","url":"https:\/\/www.gruporecoletas.com\/noticias\/","name":"Noticias Grupo Recoletas","description":"Grupo Recoletas","potentialAction":[{"@type":"SearchAction","target":{"@type":"EntryPoint","urlTemplate":"https:\/\/www.gruporecoletas.com\/noticias\/?s={search_term_string}"},"query-input":{"@type":"PropertyValueSpecification","valueRequired":true,"valueName":"search_term_string"}}],"inLanguage":"es"},{"@type":"Person","@id":"https:\/\/www.gruporecoletas.com\/noticias\/#\/schema\/person\/3c6ac429828d1f5e3d3bd99f4da9b02c","name":"Recoletas Red Hospitalaria","url":"https:\/\/www.gruporecoletas.com\/noticias\/author\/comunicacion\/"}]}},"_links":{"self":[{"href":"https:\/\/www.gruporecoletas.com\/noticias\/wp-json\/wp\/v2\/posts\/11342","targetHints":{"allow":["GET"]}}],"collection":[{"href":"https:\/\/www.gruporecoletas.com\/noticias\/wp-json\/wp\/v2\/posts"}],"about":[{"href":"https:\/\/www.gruporecoletas.com\/noticias\/wp-json\/wp\/v2\/types\/post"}],"author":[{"embeddable":true,"href":"https:\/\/www.gruporecoletas.com\/noticias\/wp-json\/wp\/v2\/users\/2"}],"replies":[{"embeddable":true,"href":"https:\/\/www.gruporecoletas.com\/noticias\/wp-json\/wp\/v2\/comments?post=11342"}],"version-history":[{"count":1,"href":"https:\/\/www.gruporecoletas.com\/noticias\/wp-json\/wp\/v2\/posts\/11342\/revisions"}],"predecessor-version":[{"id":11650,"href":"https:\/\/www.gruporecoletas.com\/noticias\/wp-json\/wp\/v2\/posts\/11342\/revisions\/11650"}],"wp:featuredmedia":[{"embeddable":true,"href":"https:\/\/www.gruporecoletas.com\/noticias\/wp-json\/wp\/v2\/media\/11343"}],"wp:attachment":[{"href":"https:\/\/www.gruporecoletas.com\/noticias\/wp-json\/wp\/v2\/media?parent=11342"}],"wp:term":[{"taxonomy":"category","embeddable":true,"href":"https:\/\/www.gruporecoletas.com\/noticias\/wp-json\/wp\/v2\/categories?post=11342"},{"taxonomy":"post_tag","embeddable":true,"href":"https:\/\/www.gruporecoletas.com\/noticias\/wp-json\/wp\/v2\/tags?post=11342"}],"curies":[{"name":"wp","href":"https:\/\/api.w.org\/{rel}","templated":true}]}}