{"id":11346,"date":"2018-11-12T10:05:06","date_gmt":"2018-11-12T08:05:06","guid":{"rendered":"https:\/\/www.gruporecoletas.com\/?p=11346"},"modified":"2018-11-12T10:05:06","modified_gmt":"2018-11-12T08:05:06","slug":"el-grupo-recoletas-renueva-el-apoyo-al-programa-deporte-para-todos-de-la-fundacion-eusebio-sacristan","status":"publish","type":"post","link":"https:\/\/www.gruporecoletas.com\/noticias\/el-grupo-recoletas-renueva-el-apoyo-al-programa-deporte-para-todos-de-la-fundacion-eusebio-sacristan\/","title":{"rendered":"Recoletas Red Hospitalaria renueva el apoyo al programa Deporte para Todos de la Fundaci\u00f3n Eusebio Sacrist\u00e1n"},"content":{"rendered":"<p>El director general de Hospitales, Rold\u00e1n Rodr\u00edguez, y el presidente del patronato de la <strong>Fundaci\u00f3n Eusebio Sacrist\u00e1n<\/strong>, Alberto L\u00f3pez, han firmado esta ma\u00f1ana el acuerdo en Valladolid. Recoletas Red Hospitalaria y la Fundaci\u00f3n Eusebio Sacrist\u00e1n seguir\u00e1n juntos una temporada m\u00e1s, tras renovar esta ma\u00f1ana el acuerdo de patrocinio.<\/p>\n<p><strong>Recoletas Red Hospitalaria<\/strong> continuar\u00e1 apoyando las competiciones sociales de la Fundaci\u00f3n, la Liga de empresas y la liga Basketvall, que seguir\u00e1n llevando el nombre del grupo y otras acciones de Deporte Para todos, como la Escuela de inclusi\u00f3n F\u00fatbol para Todos. En su compromiso con la sociedad y especialmente con los sectores en riesgo de exclusi\u00f3n, Recoletas se uni\u00f3 a la Fundaci\u00f3n Eusebio Sacrist\u00e1n la pasada temporada, sum\u00e1ndose a los socios de\u00a0calidad con los que cuenta.<\/p>\n<p><img loading=\"lazy\" decoding=\"async\" class=\"alignnone size-full wp-image-11348\" src=\"https:\/\/www.gruporecoletas.com\/noticias\/wp-content\/uploads\/2018\/11\/Firma-01.jpg\" alt=\"\" width=\"1400\" height=\"991\" srcset=\"https:\/\/www.gruporecoletas.com\/noticias\/wp-content\/uploads\/2018\/11\/Firma-01.jpg 1400w, https:\/\/www.gruporecoletas.com\/noticias\/wp-content\/uploads\/2018\/11\/Firma-01-300x212.jpg 300w, https:\/\/www.gruporecoletas.com\/noticias\/wp-content\/uploads\/2018\/11\/Firma-01-768x544.jpg 768w, https:\/\/www.gruporecoletas.com\/noticias\/wp-content\/uploads\/2018\/11\/Firma-01-1024x725.jpg 1024w\" sizes=\"auto, (max-width: 1400px) 100vw, 1400px\" \/>    \t<\/p>\n","protected":false},"excerpt":{"rendered":"<p>El director general de Hospitales, Rold\u00e1n Rodr\u00edguez, y el presidente del patronato de la Fundaci\u00f3n Eusebio Sacrist\u00e1n, Alberto L\u00f3pez, han firmado esta ma\u00f1ana el acuerdo en Valladolid. Recoletas Red Hospitalaria y la Fundaci\u00f3n Eusebio Sacrist\u00e1n seguir\u00e1n juntos una temporada m\u00e1s, tras renovar esta ma\u00f1ana el acuerdo de patrocinio. Recoletas Red Hospitalaria continuar\u00e1 apoyando las competiciones [&hellip;]<\/p>\n","protected":false},"author":2,"featured_media":11347,"comment_status":"closed","ping_status":"closed","sticky":false,"template":"","format":"standard","meta":{"_acf_changed":false,"footnotes":""},"categories":[4],"tags":[],"class_list":["post-11346","post","type-post","status-publish","format-standard","has-post-thumbnail","hentry","category-valladolid"],"acf":[],"yoast_head":"<!-- This site is optimized with the Yoast SEO Premium plugin v27.3 (Yoast SEO v27.3) - https:\/\/yoast.com\/product\/yoast-seo-premium-wordpress\/ -->\n<title>Recoletas Red Hospitalaria renueva el apoyo al programa Deporte para Todos de la Fundaci\u00f3n Eusebio Sacrist\u00e1n - Noticias Grupo Recoletas<\/title>\n<meta name=\"robots\" content=\"index, follow, max-snippet:-1, max-image-preview:large, max-video-preview:-1\" \/>\n<link rel=\"canonical\" href=\"https:\/\/www.gruporecoletas.com\/noticias\/el-grupo-recoletas-renueva-el-apoyo-al-programa-deporte-para-todos-de-la-fundacion-eusebio-sacristan\/\" \/>\n<meta property=\"og:locale\" content=\"es_ES\" \/>\n<meta property=\"og:type\" content=\"article\" \/>\n<meta property=\"og:title\" content=\"Recoletas Red Hospitalaria renueva el apoyo al programa Deporte para Todos de la Fundaci\u00f3n Eusebio Sacrist\u00e1n\" \/>\n<meta property=\"og:description\" content=\"El director general de Hospitales, Rold\u00e1n Rodr\u00edguez, y el presidente del patronato de la Fundaci\u00f3n Eusebio Sacrist\u00e1n, Alberto L\u00f3pez, han firmado esta ma\u00f1ana el acuerdo en Valladolid. Recoletas Red Hospitalaria y la Fundaci\u00f3n Eusebio Sacrist\u00e1n seguir\u00e1n juntos una temporada m\u00e1s, tras renovar esta ma\u00f1ana el acuerdo de patrocinio. Recoletas Red Hospitalaria continuar\u00e1 apoyando las competiciones [&hellip;]\" \/>\n<meta property=\"og:url\" content=\"https:\/\/www.gruporecoletas.com\/noticias\/el-grupo-recoletas-renueva-el-apoyo-al-programa-deporte-para-todos-de-la-fundacion-eusebio-sacristan\/\" \/>\n<meta property=\"og:site_name\" content=\"Noticias Grupo Recoletas\" \/>\n<meta property=\"article:publisher\" content=\"https:\/\/www.facebook.com\/GrupoRecoletas\/\" \/>\n<meta property=\"article:published_time\" content=\"2018-11-12T08:05:06+00:00\" \/>\n<meta property=\"og:image\" content=\"https:\/\/www.gruporecoletas.com\/noticias\/wp-content\/uploads\/2018\/11\/Firma-07.jpg\" \/>\n\t<meta property=\"og:image:width\" content=\"3904\" \/>\n\t<meta property=\"og:image:height\" content=\"2688\" \/>\n\t<meta property=\"og:image:type\" content=\"image\/jpeg\" \/>\n<meta name=\"author\" content=\"Recoletas Red Hospitalaria\" \/>\n<meta name=\"twitter:card\" content=\"summary_large_image\" \/>\n<meta name=\"twitter:creator\" content=\"@GrupoRecoletas\" \/>\n<meta name=\"twitter:site\" content=\"@GrupoRecoletas\" \/>\n<meta name=\"twitter:label1\" content=\"Escrito por\" \/>\n\t<meta name=\"twitter:data1\" content=\"Recoletas Red Hospitalaria\" \/>\n\t<meta name=\"twitter:label2\" content=\"Tiempo de lectura\" \/>\n\t<meta name=\"twitter:data2\" content=\"1 minuto\" \/>\n<script type=\"application\/ld+json\" class=\"yoast-schema-graph\">{\"@context\":\"https:\\\/\\\/schema.org\",\"@graph\":[{\"@type\":\"Article\",\"@id\":\"https:\\\/\\\/www.gruporecoletas.com\\\/noticias\\\/el-grupo-recoletas-renueva-el-apoyo-al-programa-deporte-para-todos-de-la-fundacion-eusebio-sacristan\\\/#article\",\"isPartOf\":{\"@id\":\"https:\\\/\\\/www.gruporecoletas.com\\\/noticias\\\/el-grupo-recoletas-renueva-el-apoyo-al-programa-deporte-para-todos-de-la-fundacion-eusebio-sacristan\\\/\"},\"author\":{\"name\":\"Recoletas Red Hospitalaria\",\"@id\":\"https:\\\/\\\/www.gruporecoletas.com\\\/noticias\\\/#\\\/schema\\\/person\\\/3c6ac429828d1f5e3d3bd99f4da9b02c\"},\"headline\":\"Recoletas Red Hospitalaria renueva el apoyo al programa Deporte para Todos de la Fundaci\u00f3n Eusebio Sacrist\u00e1n\",\"datePublished\":\"2018-11-12T08:05:06+00:00\",\"mainEntityOfPage\":{\"@id\":\"https:\\\/\\\/www.gruporecoletas.com\\\/noticias\\\/el-grupo-recoletas-renueva-el-apoyo-al-programa-deporte-para-todos-de-la-fundacion-eusebio-sacristan\\\/\"},\"wordCount\":162,\"image\":{\"@id\":\"https:\\\/\\\/www.gruporecoletas.com\\\/noticias\\\/el-grupo-recoletas-renueva-el-apoyo-al-programa-deporte-para-todos-de-la-fundacion-eusebio-sacristan\\\/#primaryimage\"},\"thumbnailUrl\":\"https:\\\/\\\/www.gruporecoletas.com\\\/noticias\\\/wp-content\\\/uploads\\\/2018\\\/11\\\/Firma-07.jpg\",\"articleSection\":[\"Valladolid\"],\"inLanguage\":\"es\"},{\"@type\":\"WebPage\",\"@id\":\"https:\\\/\\\/www.gruporecoletas.com\\\/noticias\\\/el-grupo-recoletas-renueva-el-apoyo-al-programa-deporte-para-todos-de-la-fundacion-eusebio-sacristan\\\/\",\"url\":\"https:\\\/\\\/www.gruporecoletas.com\\\/noticias\\\/el-grupo-recoletas-renueva-el-apoyo-al-programa-deporte-para-todos-de-la-fundacion-eusebio-sacristan\\\/\",\"name\":\"Recoletas Red Hospitalaria renueva el apoyo al programa Deporte para Todos de la Fundaci\u00f3n Eusebio Sacrist\u00e1n - Noticias Grupo Recoletas\",\"isPartOf\":{\"@id\":\"https:\\\/\\\/www.gruporecoletas.com\\\/noticias\\\/#website\"},\"primaryImageOfPage\":{\"@id\":\"https:\\\/\\\/www.gruporecoletas.com\\\/noticias\\\/el-grupo-recoletas-renueva-el-apoyo-al-programa-deporte-para-todos-de-la-fundacion-eusebio-sacristan\\\/#primaryimage\"},\"image\":{\"@id\":\"https:\\\/\\\/www.gruporecoletas.com\\\/noticias\\\/el-grupo-recoletas-renueva-el-apoyo-al-programa-deporte-para-todos-de-la-fundacion-eusebio-sacristan\\\/#primaryimage\"},\"thumbnailUrl\":\"https:\\\/\\\/www.gruporecoletas.com\\\/noticias\\\/wp-content\\\/uploads\\\/2018\\\/11\\\/Firma-07.jpg\",\"datePublished\":\"2018-11-12T08:05:06+00:00\",\"author\":{\"@id\":\"https:\\\/\\\/www.gruporecoletas.com\\\/noticias\\\/#\\\/schema\\\/person\\\/3c6ac429828d1f5e3d3bd99f4da9b02c\"},\"breadcrumb\":{\"@id\":\"https:\\\/\\\/www.gruporecoletas.com\\\/noticias\\\/el-grupo-recoletas-renueva-el-apoyo-al-programa-deporte-para-todos-de-la-fundacion-eusebio-sacristan\\\/#breadcrumb\"},\"inLanguage\":\"es\",\"potentialAction\":[{\"@type\":\"ReadAction\",\"target\":[\"https:\\\/\\\/www.gruporecoletas.com\\\/noticias\\\/el-grupo-recoletas-renueva-el-apoyo-al-programa-deporte-para-todos-de-la-fundacion-eusebio-sacristan\\\/\"]}]},{\"@type\":\"ImageObject\",\"inLanguage\":\"es\",\"@id\":\"https:\\\/\\\/www.gruporecoletas.com\\\/noticias\\\/el-grupo-recoletas-renueva-el-apoyo-al-programa-deporte-para-todos-de-la-fundacion-eusebio-sacristan\\\/#primaryimage\",\"url\":\"https:\\\/\\\/www.gruporecoletas.com\\\/noticias\\\/wp-content\\\/uploads\\\/2018\\\/11\\\/Firma-07.jpg\",\"contentUrl\":\"https:\\\/\\\/www.gruporecoletas.com\\\/noticias\\\/wp-content\\\/uploads\\\/2018\\\/11\\\/Firma-07.jpg\",\"width\":3904,\"height\":2688},{\"@type\":\"BreadcrumbList\",\"@id\":\"https:\\\/\\\/www.gruporecoletas.com\\\/noticias\\\/el-grupo-recoletas-renueva-el-apoyo-al-programa-deporte-para-todos-de-la-fundacion-eusebio-sacristan\\\/#breadcrumb\",\"itemListElement\":[{\"@type\":\"ListItem\",\"position\":1,\"name\":\"Portada\",\"item\":\"https:\\\/\\\/www.gruporecoletas.com\\\/noticias\\\/\"},{\"@type\":\"ListItem\",\"position\":2,\"name\":\"Recoletas Red Hospitalaria renueva el apoyo al programa Deporte para Todos de la Fundaci\u00f3n Eusebio Sacrist\u00e1n\"}]},{\"@type\":\"WebSite\",\"@id\":\"https:\\\/\\\/www.gruporecoletas.com\\\/noticias\\\/#website\",\"url\":\"https:\\\/\\\/www.gruporecoletas.com\\\/noticias\\\/\",\"name\":\"Noticias Grupo Recoletas\",\"description\":\"Grupo Recoletas\",\"potentialAction\":[{\"@type\":\"SearchAction\",\"target\":{\"@type\":\"EntryPoint\",\"urlTemplate\":\"https:\\\/\\\/www.gruporecoletas.com\\\/noticias\\\/?s={search_term_string}\"},\"query-input\":{\"@type\":\"PropertyValueSpecification\",\"valueRequired\":true,\"valueName\":\"search_term_string\"}}],\"inLanguage\":\"es\"},{\"@type\":\"Person\",\"@id\":\"https:\\\/\\\/www.gruporecoletas.com\\\/noticias\\\/#\\\/schema\\\/person\\\/3c6ac429828d1f5e3d3bd99f4da9b02c\",\"name\":\"Recoletas Red Hospitalaria\",\"url\":\"https:\\\/\\\/www.gruporecoletas.com\\\/noticias\\\/author\\\/comunicacion\\\/\"}]}<\/script>\n<!-- \/ Yoast SEO Premium plugin. -->","yoast_head_json":{"title":"Recoletas Red Hospitalaria renueva el apoyo al programa Deporte para Todos de la Fundaci\u00f3n Eusebio Sacrist\u00e1n - Noticias Grupo Recoletas","robots":{"index":"index","follow":"follow","max-snippet":"max-snippet:-1","max-image-preview":"max-image-preview:large","max-video-preview":"max-video-preview:-1"},"canonical":"https:\/\/www.gruporecoletas.com\/noticias\/el-grupo-recoletas-renueva-el-apoyo-al-programa-deporte-para-todos-de-la-fundacion-eusebio-sacristan\/","og_locale":"es_ES","og_type":"article","og_title":"Recoletas Red Hospitalaria renueva el apoyo al programa Deporte para Todos de la Fundaci\u00f3n Eusebio Sacrist\u00e1n","og_description":"El director general de Hospitales, Rold\u00e1n Rodr\u00edguez, y el presidente del patronato de la Fundaci\u00f3n Eusebio Sacrist\u00e1n, Alberto L\u00f3pez, han firmado esta ma\u00f1ana el acuerdo en Valladolid. Recoletas Red Hospitalaria y la Fundaci\u00f3n Eusebio Sacrist\u00e1n seguir\u00e1n juntos una temporada m\u00e1s, tras renovar esta ma\u00f1ana el acuerdo de patrocinio. Recoletas Red Hospitalaria continuar\u00e1 apoyando las competiciones [&hellip;]","og_url":"https:\/\/www.gruporecoletas.com\/noticias\/el-grupo-recoletas-renueva-el-apoyo-al-programa-deporte-para-todos-de-la-fundacion-eusebio-sacristan\/","og_site_name":"Noticias Grupo Recoletas","article_publisher":"https:\/\/www.facebook.com\/GrupoRecoletas\/","article_published_time":"2018-11-12T08:05:06+00:00","og_image":[{"width":3904,"height":2688,"url":"https:\/\/www.gruporecoletas.com\/noticias\/wp-content\/uploads\/2018\/11\/Firma-07.jpg","type":"image\/jpeg"}],"author":"Recoletas Red Hospitalaria","twitter_card":"summary_large_image","twitter_creator":"@GrupoRecoletas","twitter_site":"@GrupoRecoletas","twitter_misc":{"Escrito por":"Recoletas Red Hospitalaria","Tiempo de lectura":"1 minuto"},"schema":{"@context":"https:\/\/schema.org","@graph":[{"@type":"Article","@id":"https:\/\/www.gruporecoletas.com\/noticias\/el-grupo-recoletas-renueva-el-apoyo-al-programa-deporte-para-todos-de-la-fundacion-eusebio-sacristan\/#article","isPartOf":{"@id":"https:\/\/www.gruporecoletas.com\/noticias\/el-grupo-recoletas-renueva-el-apoyo-al-programa-deporte-para-todos-de-la-fundacion-eusebio-sacristan\/"},"author":{"name":"Recoletas Red Hospitalaria","@id":"https:\/\/www.gruporecoletas.com\/noticias\/#\/schema\/person\/3c6ac429828d1f5e3d3bd99f4da9b02c"},"headline":"Recoletas Red Hospitalaria renueva el apoyo al programa Deporte para Todos de la Fundaci\u00f3n Eusebio Sacrist\u00e1n","datePublished":"2018-11-12T08:05:06+00:00","mainEntityOfPage":{"@id":"https:\/\/www.gruporecoletas.com\/noticias\/el-grupo-recoletas-renueva-el-apoyo-al-programa-deporte-para-todos-de-la-fundacion-eusebio-sacristan\/"},"wordCount":162,"image":{"@id":"https:\/\/www.gruporecoletas.com\/noticias\/el-grupo-recoletas-renueva-el-apoyo-al-programa-deporte-para-todos-de-la-fundacion-eusebio-sacristan\/#primaryimage"},"thumbnailUrl":"https:\/\/www.gruporecoletas.com\/noticias\/wp-content\/uploads\/2018\/11\/Firma-07.jpg","articleSection":["Valladolid"],"inLanguage":"es"},{"@type":"WebPage","@id":"https:\/\/www.gruporecoletas.com\/noticias\/el-grupo-recoletas-renueva-el-apoyo-al-programa-deporte-para-todos-de-la-fundacion-eusebio-sacristan\/","url":"https:\/\/www.gruporecoletas.com\/noticias\/el-grupo-recoletas-renueva-el-apoyo-al-programa-deporte-para-todos-de-la-fundacion-eusebio-sacristan\/","name":"Recoletas Red Hospitalaria renueva el apoyo al programa Deporte para Todos de la Fundaci\u00f3n Eusebio Sacrist\u00e1n - Noticias Grupo Recoletas","isPartOf":{"@id":"https:\/\/www.gruporecoletas.com\/noticias\/#website"},"primaryImageOfPage":{"@id":"https:\/\/www.gruporecoletas.com\/noticias\/el-grupo-recoletas-renueva-el-apoyo-al-programa-deporte-para-todos-de-la-fundacion-eusebio-sacristan\/#primaryimage"},"image":{"@id":"https:\/\/www.gruporecoletas.com\/noticias\/el-grupo-recoletas-renueva-el-apoyo-al-programa-deporte-para-todos-de-la-fundacion-eusebio-sacristan\/#primaryimage"},"thumbnailUrl":"https:\/\/www.gruporecoletas.com\/noticias\/wp-content\/uploads\/2018\/11\/Firma-07.jpg","datePublished":"2018-11-12T08:05:06+00:00","author":{"@id":"https:\/\/www.gruporecoletas.com\/noticias\/#\/schema\/person\/3c6ac429828d1f5e3d3bd99f4da9b02c"},"breadcrumb":{"@id":"https:\/\/www.gruporecoletas.com\/noticias\/el-grupo-recoletas-renueva-el-apoyo-al-programa-deporte-para-todos-de-la-fundacion-eusebio-sacristan\/#breadcrumb"},"inLanguage":"es","potentialAction":[{"@type":"ReadAction","target":["https:\/\/www.gruporecoletas.com\/noticias\/el-grupo-recoletas-renueva-el-apoyo-al-programa-deporte-para-todos-de-la-fundacion-eusebio-sacristan\/"]}]},{"@type":"ImageObject","inLanguage":"es","@id":"https:\/\/www.gruporecoletas.com\/noticias\/el-grupo-recoletas-renueva-el-apoyo-al-programa-deporte-para-todos-de-la-fundacion-eusebio-sacristan\/#primaryimage","url":"https:\/\/www.gruporecoletas.com\/noticias\/wp-content\/uploads\/2018\/11\/Firma-07.jpg","contentUrl":"https:\/\/www.gruporecoletas.com\/noticias\/wp-content\/uploads\/2018\/11\/Firma-07.jpg","width":3904,"height":2688},{"@type":"BreadcrumbList","@id":"https:\/\/www.gruporecoletas.com\/noticias\/el-grupo-recoletas-renueva-el-apoyo-al-programa-deporte-para-todos-de-la-fundacion-eusebio-sacristan\/#breadcrumb","itemListElement":[{"@type":"ListItem","position":1,"name":"Portada","item":"https:\/\/www.gruporecoletas.com\/noticias\/"},{"@type":"ListItem","position":2,"name":"Recoletas Red Hospitalaria renueva el apoyo al programa Deporte para Todos de la Fundaci\u00f3n Eusebio Sacrist\u00e1n"}]},{"@type":"WebSite","@id":"https:\/\/www.gruporecoletas.com\/noticias\/#website","url":"https:\/\/www.gruporecoletas.com\/noticias\/","name":"Noticias Grupo Recoletas","description":"Grupo Recoletas","potentialAction":[{"@type":"SearchAction","target":{"@type":"EntryPoint","urlTemplate":"https:\/\/www.gruporecoletas.com\/noticias\/?s={search_term_string}"},"query-input":{"@type":"PropertyValueSpecification","valueRequired":true,"valueName":"search_term_string"}}],"inLanguage":"es"},{"@type":"Person","@id":"https:\/\/www.gruporecoletas.com\/noticias\/#\/schema\/person\/3c6ac429828d1f5e3d3bd99f4da9b02c","name":"Recoletas Red Hospitalaria","url":"https:\/\/www.gruporecoletas.com\/noticias\/author\/comunicacion\/"}]}},"_links":{"self":[{"href":"https:\/\/www.gruporecoletas.com\/noticias\/wp-json\/wp\/v2\/posts\/11346","targetHints":{"allow":["GET"]}}],"collection":[{"href":"https:\/\/www.gruporecoletas.com\/noticias\/wp-json\/wp\/v2\/posts"}],"about":[{"href":"https:\/\/www.gruporecoletas.com\/noticias\/wp-json\/wp\/v2\/types\/post"}],"author":[{"embeddable":true,"href":"https:\/\/www.gruporecoletas.com\/noticias\/wp-json\/wp\/v2\/users\/2"}],"replies":[{"embeddable":true,"href":"https:\/\/www.gruporecoletas.com\/noticias\/wp-json\/wp\/v2\/comments?post=11346"}],"version-history":[{"count":0,"href":"https:\/\/www.gruporecoletas.com\/noticias\/wp-json\/wp\/v2\/posts\/11346\/revisions"}],"wp:featuredmedia":[{"embeddable":true,"href":"https:\/\/www.gruporecoletas.com\/noticias\/wp-json\/wp\/v2\/media\/11347"}],"wp:attachment":[{"href":"https:\/\/www.gruporecoletas.com\/noticias\/wp-json\/wp\/v2\/media?parent=11346"}],"wp:term":[{"taxonomy":"category","embeddable":true,"href":"https:\/\/www.gruporecoletas.com\/noticias\/wp-json\/wp\/v2\/categories?post=11346"},{"taxonomy":"post_tag","embeddable":true,"href":"https:\/\/www.gruporecoletas.com\/noticias\/wp-json\/wp\/v2\/tags?post=11346"}],"curies":[{"name":"wp","href":"https:\/\/api.w.org\/{rel}","templated":true}]}}