{"id":11842,"date":"2019-02-01T13:52:13","date_gmt":"2019-02-01T12:52:13","guid":{"rendered":"https:\/\/www.gruporecoletas.com\/noticias\/?p=11842"},"modified":"2021-05-06T12:21:15","modified_gmt":"2021-05-06T10:21:15","slug":"aula-de-la-salud-dr-jose-h-amon-sesmero","status":"publish","type":"post","link":"https:\/\/www.gruporecoletas.com\/noticias\/aula-de-la-salud-dr-jose-h-amon-sesmero\/","title":{"rendered":"Aula de la Salud &#8211; Dr. Jos\u00e9 H. Am\u00f3n Sesmero"},"content":{"rendered":"\n<p>En el Aula de Salud realizada ayer el Dr. Jos\u00e9 H. Am\u00f3n Sesmero, director del Instituto Urol\u00f3gico Recoletas, nos explico cu\u00e1ndo hay riesgo de padecer c\u00e1ncer de pr\u00f3stata y c\u00f3mo prevenirlo.\u00a0La pr\u00f3stata es la gl\u00e1ndula sexual del hombre encargada de producir el semen. Es del tama\u00f1o de una nuez y se encuentra debajo de la vejiga de la orina, rodeando a la uretra. A diferencia de otro tipo de c\u00e1ncer, el de pr\u00f3stata se caracteriza por evolucionar de forma muy lenta. El c\u00e1ncer de pr\u00f3stata es extremadamente frecuente.\u00a0Las \u00abAulas de la Salud\u00bb son organizadas por\u00a0El Norte de Castilla.<\/p>\n","protected":false},"excerpt":{"rendered":"<p>En el Aula de Salud realizada ayer el Dr. Jos\u00e9 H. Am\u00f3n Sesmero, director del Instituto Urol\u00f3gico Recoletas, nos explico cu\u00e1ndo hay riesgo de padecer c\u00e1ncer de pr\u00f3stata y c\u00f3mo prevenirlo.\u00a0La pr\u00f3stata es la gl\u00e1ndula sexual del hombre encargada de producir el semen. Es del tama\u00f1o de una nuez y se encuentra debajo de la [&hellip;]<\/p>\n","protected":false},"author":2,"featured_media":11843,"comment_status":"closed","ping_status":"closed","sticky":false,"template":"","format":"video","meta":{"_acf_changed":false,"footnotes":""},"categories":[4],"tags":[],"class_list":["post-11842","post","type-post","status-publish","format-video","has-post-thumbnail","hentry","category-valladolid","post_format-post-format-video","has-post-video"],"acf":[],"yoast_head":"<!-- This site is optimized with the Yoast SEO Premium plugin v27.3 (Yoast SEO v27.3) - https:\/\/yoast.com\/product\/yoast-seo-premium-wordpress\/ -->\n<title>Aula de la Salud - Dr. Jos\u00e9 H. Am\u00f3n Sesmero - Noticias Grupo Recoletas<\/title>\n<meta name=\"robots\" content=\"index, follow, max-snippet:-1, max-image-preview:large, max-video-preview:-1\" \/>\n<link rel=\"canonical\" href=\"https:\/\/www.gruporecoletas.com\/noticias\/aula-de-la-salud-dr-jose-h-amon-sesmero\/\" \/>\n<meta property=\"og:locale\" content=\"es_ES\" \/>\n<meta property=\"og:type\" content=\"article\" \/>\n<meta property=\"og:title\" content=\"Aula de la Salud - Dr. Jos\u00e9 H. Am\u00f3n Sesmero\" \/>\n<meta property=\"og:description\" content=\"En el Aula de Salud realizada ayer el Dr. Jos\u00e9 H. Am\u00f3n Sesmero, director del Instituto Urol\u00f3gico Recoletas, nos explico cu\u00e1ndo hay riesgo de padecer c\u00e1ncer de pr\u00f3stata y c\u00f3mo prevenirlo.\u00a0La pr\u00f3stata es la gl\u00e1ndula sexual del hombre encargada de producir el semen. Es del tama\u00f1o de una nuez y se encuentra debajo de la [&hellip;]\" \/>\n<meta property=\"og:url\" content=\"https:\/\/www.gruporecoletas.com\/noticias\/aula-de-la-salud-dr-jose-h-amon-sesmero\/\" \/>\n<meta property=\"og:site_name\" content=\"Noticias Grupo Recoletas\" \/>\n<meta property=\"article:publisher\" content=\"https:\/\/www.facebook.com\/GrupoRecoletas\/\" \/>\n<meta property=\"article:published_time\" content=\"2019-02-01T12:52:13+00:00\" \/>\n<meta property=\"article:modified_time\" content=\"2021-05-06T10:21:15+00:00\" \/>\n<meta property=\"og:image\" content=\"https:\/\/www.gruporecoletas.com\/noticias\/wp-content\/uploads\/2019\/02\/Aulas-de-la-Salud-El-Norte-de-Castilla-Jos\u00e9-H.-Am\u00f3n-Sesmero.jpeg\" \/>\n\t<meta property=\"og:image:width\" content=\"1280\" \/>\n\t<meta property=\"og:image:height\" content=\"720\" \/>\n\t<meta property=\"og:image:type\" content=\"image\/jpeg\" \/>\n<meta name=\"author\" content=\"Recoletas Red Hospitalaria\" \/>\n<meta name=\"twitter:card\" content=\"summary_large_image\" \/>\n<meta name=\"twitter:creator\" content=\"@GrupoRecoletas\" \/>\n<meta name=\"twitter:site\" content=\"@GrupoRecoletas\" \/>\n<meta name=\"twitter:label1\" content=\"Escrito por\" \/>\n\t<meta name=\"twitter:data1\" content=\"Recoletas Red Hospitalaria\" \/>\n\t<meta name=\"twitter:label2\" content=\"Tiempo de lectura\" \/>\n\t<meta name=\"twitter:data2\" content=\"1 minuto\" \/>\n<script type=\"application\/ld+json\" class=\"yoast-schema-graph\">{\"@context\":\"https:\\\/\\\/schema.org\",\"@graph\":[{\"@type\":\"Article\",\"@id\":\"https:\\\/\\\/www.gruporecoletas.com\\\/noticias\\\/aula-de-la-salud-dr-jose-h-amon-sesmero\\\/#article\",\"isPartOf\":{\"@id\":\"https:\\\/\\\/www.gruporecoletas.com\\\/noticias\\\/aula-de-la-salud-dr-jose-h-amon-sesmero\\\/\"},\"author\":{\"name\":\"Recoletas Red Hospitalaria\",\"@id\":\"https:\\\/\\\/www.gruporecoletas.com\\\/noticias\\\/#\\\/schema\\\/person\\\/3c6ac429828d1f5e3d3bd99f4da9b02c\"},\"headline\":\"Aula de la Salud &#8211; Dr. Jos\u00e9 H. Am\u00f3n Sesmero\",\"datePublished\":\"2019-02-01T12:52:13+00:00\",\"dateModified\":\"2021-05-06T10:21:15+00:00\",\"mainEntityOfPage\":{\"@id\":\"https:\\\/\\\/www.gruporecoletas.com\\\/noticias\\\/aula-de-la-salud-dr-jose-h-amon-sesmero\\\/\"},\"wordCount\":125,\"image\":{\"@id\":\"https:\\\/\\\/www.gruporecoletas.com\\\/noticias\\\/aula-de-la-salud-dr-jose-h-amon-sesmero\\\/#primaryimage\"},\"thumbnailUrl\":\"https:\\\/\\\/www.gruporecoletas.com\\\/noticias\\\/wp-content\\\/uploads\\\/2019\\\/02\\\/Aulas-de-la-Salud-El-Norte-de-Castilla-Jos\u00e9-H.-Am\u00f3n-Sesmero.jpeg\",\"articleSection\":[\"Valladolid\"],\"inLanguage\":\"es\"},{\"@type\":\"WebPage\",\"@id\":\"https:\\\/\\\/www.gruporecoletas.com\\\/noticias\\\/aula-de-la-salud-dr-jose-h-amon-sesmero\\\/\",\"url\":\"https:\\\/\\\/www.gruporecoletas.com\\\/noticias\\\/aula-de-la-salud-dr-jose-h-amon-sesmero\\\/\",\"name\":\"Aula de la Salud - Dr. Jos\u00e9 H. Am\u00f3n Sesmero - Noticias Grupo Recoletas\",\"isPartOf\":{\"@id\":\"https:\\\/\\\/www.gruporecoletas.com\\\/noticias\\\/#website\"},\"primaryImageOfPage\":{\"@id\":\"https:\\\/\\\/www.gruporecoletas.com\\\/noticias\\\/aula-de-la-salud-dr-jose-h-amon-sesmero\\\/#primaryimage\"},\"image\":{\"@id\":\"https:\\\/\\\/www.gruporecoletas.com\\\/noticias\\\/aula-de-la-salud-dr-jose-h-amon-sesmero\\\/#primaryimage\"},\"thumbnailUrl\":\"https:\\\/\\\/www.gruporecoletas.com\\\/noticias\\\/wp-content\\\/uploads\\\/2019\\\/02\\\/Aulas-de-la-Salud-El-Norte-de-Castilla-Jos\u00e9-H.-Am\u00f3n-Sesmero.jpeg\",\"datePublished\":\"2019-02-01T12:52:13+00:00\",\"dateModified\":\"2021-05-06T10:21:15+00:00\",\"author\":{\"@id\":\"https:\\\/\\\/www.gruporecoletas.com\\\/noticias\\\/#\\\/schema\\\/person\\\/3c6ac429828d1f5e3d3bd99f4da9b02c\"},\"breadcrumb\":{\"@id\":\"https:\\\/\\\/www.gruporecoletas.com\\\/noticias\\\/aula-de-la-salud-dr-jose-h-amon-sesmero\\\/#breadcrumb\"},\"inLanguage\":\"es\",\"potentialAction\":[{\"@type\":\"ReadAction\",\"target\":[\"https:\\\/\\\/www.gruporecoletas.com\\\/noticias\\\/aula-de-la-salud-dr-jose-h-amon-sesmero\\\/\"]}]},{\"@type\":\"ImageObject\",\"inLanguage\":\"es\",\"@id\":\"https:\\\/\\\/www.gruporecoletas.com\\\/noticias\\\/aula-de-la-salud-dr-jose-h-amon-sesmero\\\/#primaryimage\",\"url\":\"https:\\\/\\\/www.gruporecoletas.com\\\/noticias\\\/wp-content\\\/uploads\\\/2019\\\/02\\\/Aulas-de-la-Salud-El-Norte-de-Castilla-Jos\u00e9-H.-Am\u00f3n-Sesmero.jpeg\",\"contentUrl\":\"https:\\\/\\\/www.gruporecoletas.com\\\/noticias\\\/wp-content\\\/uploads\\\/2019\\\/02\\\/Aulas-de-la-Salud-El-Norte-de-Castilla-Jos\u00e9-H.-Am\u00f3n-Sesmero.jpeg\",\"width\":1280,\"height\":720},{\"@type\":\"BreadcrumbList\",\"@id\":\"https:\\\/\\\/www.gruporecoletas.com\\\/noticias\\\/aula-de-la-salud-dr-jose-h-amon-sesmero\\\/#breadcrumb\",\"itemListElement\":[{\"@type\":\"ListItem\",\"position\":1,\"name\":\"Portada\",\"item\":\"https:\\\/\\\/www.gruporecoletas.com\\\/noticias\\\/\"},{\"@type\":\"ListItem\",\"position\":2,\"name\":\"Aula de la Salud &#8211; Dr. Jos\u00e9 H. Am\u00f3n Sesmero\"}]},{\"@type\":\"WebSite\",\"@id\":\"https:\\\/\\\/www.gruporecoletas.com\\\/noticias\\\/#website\",\"url\":\"https:\\\/\\\/www.gruporecoletas.com\\\/noticias\\\/\",\"name\":\"Noticias Grupo Recoletas\",\"description\":\"Grupo Recoletas\",\"potentialAction\":[{\"@type\":\"SearchAction\",\"target\":{\"@type\":\"EntryPoint\",\"urlTemplate\":\"https:\\\/\\\/www.gruporecoletas.com\\\/noticias\\\/?s={search_term_string}\"},\"query-input\":{\"@type\":\"PropertyValueSpecification\",\"valueRequired\":true,\"valueName\":\"search_term_string\"}}],\"inLanguage\":\"es\"},{\"@type\":\"Person\",\"@id\":\"https:\\\/\\\/www.gruporecoletas.com\\\/noticias\\\/#\\\/schema\\\/person\\\/3c6ac429828d1f5e3d3bd99f4da9b02c\",\"name\":\"Recoletas Red Hospitalaria\",\"url\":\"https:\\\/\\\/www.gruporecoletas.com\\\/noticias\\\/author\\\/comunicacion\\\/\"}]}<\/script>\n<!-- \/ Yoast SEO Premium plugin. -->","yoast_head_json":{"title":"Aula de la Salud - Dr. Jos\u00e9 H. Am\u00f3n Sesmero - Noticias Grupo Recoletas","robots":{"index":"index","follow":"follow","max-snippet":"max-snippet:-1","max-image-preview":"max-image-preview:large","max-video-preview":"max-video-preview:-1"},"canonical":"https:\/\/www.gruporecoletas.com\/noticias\/aula-de-la-salud-dr-jose-h-amon-sesmero\/","og_locale":"es_ES","og_type":"article","og_title":"Aula de la Salud - Dr. Jos\u00e9 H. Am\u00f3n Sesmero","og_description":"En el Aula de Salud realizada ayer el Dr. Jos\u00e9 H. Am\u00f3n Sesmero, director del Instituto Urol\u00f3gico Recoletas, nos explico cu\u00e1ndo hay riesgo de padecer c\u00e1ncer de pr\u00f3stata y c\u00f3mo prevenirlo.\u00a0La pr\u00f3stata es la gl\u00e1ndula sexual del hombre encargada de producir el semen. Es del tama\u00f1o de una nuez y se encuentra debajo de la [&hellip;]","og_url":"https:\/\/www.gruporecoletas.com\/noticias\/aula-de-la-salud-dr-jose-h-amon-sesmero\/","og_site_name":"Noticias Grupo Recoletas","article_publisher":"https:\/\/www.facebook.com\/GrupoRecoletas\/","article_published_time":"2019-02-01T12:52:13+00:00","article_modified_time":"2021-05-06T10:21:15+00:00","og_image":[{"width":1280,"height":720,"url":"https:\/\/www.gruporecoletas.com\/noticias\/wp-content\/uploads\/2019\/02\/Aulas-de-la-Salud-El-Norte-de-Castilla-Jos\u00e9-H.-Am\u00f3n-Sesmero.jpeg","type":"image\/jpeg"}],"author":"Recoletas Red Hospitalaria","twitter_card":"summary_large_image","twitter_creator":"@GrupoRecoletas","twitter_site":"@GrupoRecoletas","twitter_misc":{"Escrito por":"Recoletas Red Hospitalaria","Tiempo de lectura":"1 minuto"},"schema":{"@context":"https:\/\/schema.org","@graph":[{"@type":"Article","@id":"https:\/\/www.gruporecoletas.com\/noticias\/aula-de-la-salud-dr-jose-h-amon-sesmero\/#article","isPartOf":{"@id":"https:\/\/www.gruporecoletas.com\/noticias\/aula-de-la-salud-dr-jose-h-amon-sesmero\/"},"author":{"name":"Recoletas Red Hospitalaria","@id":"https:\/\/www.gruporecoletas.com\/noticias\/#\/schema\/person\/3c6ac429828d1f5e3d3bd99f4da9b02c"},"headline":"Aula de la Salud &#8211; Dr. Jos\u00e9 H. Am\u00f3n Sesmero","datePublished":"2019-02-01T12:52:13+00:00","dateModified":"2021-05-06T10:21:15+00:00","mainEntityOfPage":{"@id":"https:\/\/www.gruporecoletas.com\/noticias\/aula-de-la-salud-dr-jose-h-amon-sesmero\/"},"wordCount":125,"image":{"@id":"https:\/\/www.gruporecoletas.com\/noticias\/aula-de-la-salud-dr-jose-h-amon-sesmero\/#primaryimage"},"thumbnailUrl":"https:\/\/www.gruporecoletas.com\/noticias\/wp-content\/uploads\/2019\/02\/Aulas-de-la-Salud-El-Norte-de-Castilla-Jos\u00e9-H.-Am\u00f3n-Sesmero.jpeg","articleSection":["Valladolid"],"inLanguage":"es"},{"@type":"WebPage","@id":"https:\/\/www.gruporecoletas.com\/noticias\/aula-de-la-salud-dr-jose-h-amon-sesmero\/","url":"https:\/\/www.gruporecoletas.com\/noticias\/aula-de-la-salud-dr-jose-h-amon-sesmero\/","name":"Aula de la Salud - Dr. Jos\u00e9 H. Am\u00f3n Sesmero - Noticias Grupo Recoletas","isPartOf":{"@id":"https:\/\/www.gruporecoletas.com\/noticias\/#website"},"primaryImageOfPage":{"@id":"https:\/\/www.gruporecoletas.com\/noticias\/aula-de-la-salud-dr-jose-h-amon-sesmero\/#primaryimage"},"image":{"@id":"https:\/\/www.gruporecoletas.com\/noticias\/aula-de-la-salud-dr-jose-h-amon-sesmero\/#primaryimage"},"thumbnailUrl":"https:\/\/www.gruporecoletas.com\/noticias\/wp-content\/uploads\/2019\/02\/Aulas-de-la-Salud-El-Norte-de-Castilla-Jos\u00e9-H.-Am\u00f3n-Sesmero.jpeg","datePublished":"2019-02-01T12:52:13+00:00","dateModified":"2021-05-06T10:21:15+00:00","author":{"@id":"https:\/\/www.gruporecoletas.com\/noticias\/#\/schema\/person\/3c6ac429828d1f5e3d3bd99f4da9b02c"},"breadcrumb":{"@id":"https:\/\/www.gruporecoletas.com\/noticias\/aula-de-la-salud-dr-jose-h-amon-sesmero\/#breadcrumb"},"inLanguage":"es","potentialAction":[{"@type":"ReadAction","target":["https:\/\/www.gruporecoletas.com\/noticias\/aula-de-la-salud-dr-jose-h-amon-sesmero\/"]}]},{"@type":"ImageObject","inLanguage":"es","@id":"https:\/\/www.gruporecoletas.com\/noticias\/aula-de-la-salud-dr-jose-h-amon-sesmero\/#primaryimage","url":"https:\/\/www.gruporecoletas.com\/noticias\/wp-content\/uploads\/2019\/02\/Aulas-de-la-Salud-El-Norte-de-Castilla-Jos\u00e9-H.-Am\u00f3n-Sesmero.jpeg","contentUrl":"https:\/\/www.gruporecoletas.com\/noticias\/wp-content\/uploads\/2019\/02\/Aulas-de-la-Salud-El-Norte-de-Castilla-Jos\u00e9-H.-Am\u00f3n-Sesmero.jpeg","width":1280,"height":720},{"@type":"BreadcrumbList","@id":"https:\/\/www.gruporecoletas.com\/noticias\/aula-de-la-salud-dr-jose-h-amon-sesmero\/#breadcrumb","itemListElement":[{"@type":"ListItem","position":1,"name":"Portada","item":"https:\/\/www.gruporecoletas.com\/noticias\/"},{"@type":"ListItem","position":2,"name":"Aula de la Salud &#8211; Dr. Jos\u00e9 H. Am\u00f3n Sesmero"}]},{"@type":"WebSite","@id":"https:\/\/www.gruporecoletas.com\/noticias\/#website","url":"https:\/\/www.gruporecoletas.com\/noticias\/","name":"Noticias Grupo Recoletas","description":"Grupo Recoletas","potentialAction":[{"@type":"SearchAction","target":{"@type":"EntryPoint","urlTemplate":"https:\/\/www.gruporecoletas.com\/noticias\/?s={search_term_string}"},"query-input":{"@type":"PropertyValueSpecification","valueRequired":true,"valueName":"search_term_string"}}],"inLanguage":"es"},{"@type":"Person","@id":"https:\/\/www.gruporecoletas.com\/noticias\/#\/schema\/person\/3c6ac429828d1f5e3d3bd99f4da9b02c","name":"Recoletas Red Hospitalaria","url":"https:\/\/www.gruporecoletas.com\/noticias\/author\/comunicacion\/"}]}},"_links":{"self":[{"href":"https:\/\/www.gruporecoletas.com\/noticias\/wp-json\/wp\/v2\/posts\/11842","targetHints":{"allow":["GET"]}}],"collection":[{"href":"https:\/\/www.gruporecoletas.com\/noticias\/wp-json\/wp\/v2\/posts"}],"about":[{"href":"https:\/\/www.gruporecoletas.com\/noticias\/wp-json\/wp\/v2\/types\/post"}],"author":[{"embeddable":true,"href":"https:\/\/www.gruporecoletas.com\/noticias\/wp-json\/wp\/v2\/users\/2"}],"replies":[{"embeddable":true,"href":"https:\/\/www.gruporecoletas.com\/noticias\/wp-json\/wp\/v2\/comments?post=11842"}],"version-history":[{"count":2,"href":"https:\/\/www.gruporecoletas.com\/noticias\/wp-json\/wp\/v2\/posts\/11842\/revisions"}],"predecessor-version":[{"id":11845,"href":"https:\/\/www.gruporecoletas.com\/noticias\/wp-json\/wp\/v2\/posts\/11842\/revisions\/11845"}],"wp:featuredmedia":[{"embeddable":true,"href":"https:\/\/www.gruporecoletas.com\/noticias\/wp-json\/wp\/v2\/media\/11843"}],"wp:attachment":[{"href":"https:\/\/www.gruporecoletas.com\/noticias\/wp-json\/wp\/v2\/media?parent=11842"}],"wp:term":[{"taxonomy":"category","embeddable":true,"href":"https:\/\/www.gruporecoletas.com\/noticias\/wp-json\/wp\/v2\/categories?post=11842"},{"taxonomy":"post_tag","embeddable":true,"href":"https:\/\/www.gruporecoletas.com\/noticias\/wp-json\/wp\/v2\/tags?post=11842"}],"curies":[{"name":"wp","href":"https:\/\/api.w.org\/{rel}","templated":true}]}}