{"id":11893,"date":"2019-02-14T12:45:09","date_gmt":"2019-02-14T12:45:09","guid":{"rendered":"https:\/\/www.gruporecoletas.com\/noticias\/?p=11893"},"modified":"2019-03-05T10:25:13","modified_gmt":"2019-03-05T10:25:13","slug":"dia-europeo-la-salud-sexual","status":"publish","type":"post","link":"https:\/\/www.gruporecoletas.com\/noticias\/dia-europeo-la-salud-sexual\/","title":{"rendered":"D\u00eda Europeo de la Salud Sexual"},"content":{"rendered":"\n<p>El&nbsp;<strong>14 de febrero<\/strong>&nbsp;es conocido por ser el d\u00eda de los enamorados, pero tambi\u00e9n se celebra el d\u00eda &nbsp;Europeo de la Salud Sexual desde el a\u00f1o 2003. Celebrar este d\u00eda singular supone trabajar para concienciar y sensibilizar a hombres y mujeres sobre la necesidad de adquirir y mantener h\u00e1bitos sexuales saludables. La celebraci\u00f3n de este d\u00eda &nbsp;es promovido por la&nbsp;<a href=\"https:\/\/www.esha.org\/\" target=\"_blank\" rel=\"noreferrer noopener\">Alianza Europea para la Salud Sexual (ESHA).<\/a><\/p>\n\n\n\n<p>La&nbsp;<a href=\"https:\/\/www.who.int\/es\" target=\"_blank\" rel=\"noreferrer noopener\"><strong>OMS<\/strong><\/a>&nbsp;define la&nbsp;<strong>Salud Sexual<\/strong>&nbsp;como \u201cun estado de bienestar f\u00edsico, emocional, mental y social con relaci\u00f3n a la sexualidad; no es la mera ausencia de enfermedad, disfunci\u00f3n o incapacidad\u201d. La salud sexual necesita un acercamiento positivo y respetuoso a la sexualidad y a las relaciones sexuales, as\u00ed como la posibilidad de obtener experiencias placenteras y seguras, libres de coacci\u00f3n, discriminaci\u00f3n y violencia. La salud sexual debe defender, proteger, mantener y respetar los derechos sexuales de todas las personas.<\/p>\n\n\n\n<p>El concepto de sexualidad es muy diverso en relaci\u00f3n con los factores culturales, religiosos y sociales, entre otros. <strong>La sexualidad nos acompa\u00f1a a lo largo de toda la vida<\/strong>, desde que nacemos hasta que morimos, y se expresa tanto en el \u00e1mbito de las emociones como en el del comportamiento.<\/p>\n\n\n\n<p>Algunas enfermedades como la diabetes, la hipertensi\u00f3n, la hipercolesterolemia, las afectaciones psiqui\u00e1tricas, neurol\u00f3gicas\u2026, y efectos adversos de la medicaci\u00f3n&nbsp;<strong>pueden favorecer las disfunciones sexuales<\/strong>. Es un problema de salud que afecta a hombres y mujeres, pero que puede ser tratado y de esta manera favorecer el disfrute de la sexualidad.<\/p>\n\n\n\n<p>La prevenci\u00f3n tanto primaria como secundaria de las infecciones de transmisi\u00f3n sexual, que en muchas ocasiones se esconden por miedo o verg\u00fcenza, el hecho de disfrutar de una sexualidad sana y activa en la tercera edad y la necesidad de pedir ayuda profesional cuando se sufren alteraciones en la salud sexual&nbsp;<strong>son algunos de los temas que se quieren poner de manifiesto con la celebraci\u00f3n de esta jornada.<\/strong><\/p>\n","protected":false},"excerpt":{"rendered":"<p>El&nbsp;14 de febrero&nbsp;es conocido por ser el d\u00eda de los enamorados, pero tambi\u00e9n se celebra el d\u00eda &nbsp;Europeo de la Salud Sexual desde el a\u00f1o 2003. Celebrar este d\u00eda singular supone trabajar para concienciar y sensibilizar a hombres y mujeres sobre la necesidad de adquirir y mantener h\u00e1bitos sexuales saludables. La celebraci\u00f3n de este d\u00eda [&hellip;]<\/p>\n","protected":false},"author":2,"featured_media":11894,"comment_status":"closed","ping_status":"closed","sticky":false,"template":"","format":"standard","meta":{"_acf_changed":false,"footnotes":""},"categories":[48],"tags":[],"class_list":["post-11893","post","type-post","status-publish","format-standard","has-post-thumbnail","hentry","category-prevencion"],"acf":[],"yoast_head":"<!-- This site is optimized with the Yoast SEO Premium plugin v27.3 (Yoast SEO v27.3) - https:\/\/yoast.com\/product\/yoast-seo-premium-wordpress\/ -->\n<title>D\u00eda Europeo de la Salud Sexual - Noticias Grupo Recoletas<\/title>\n<meta name=\"robots\" content=\"index, follow, max-snippet:-1, max-image-preview:large, max-video-preview:-1\" \/>\n<link rel=\"canonical\" href=\"https:\/\/www.gruporecoletas.com\/noticias\/dia-europeo-la-salud-sexual\/\" \/>\n<meta property=\"og:locale\" content=\"es_ES\" \/>\n<meta property=\"og:type\" content=\"article\" \/>\n<meta property=\"og:title\" content=\"D\u00eda Europeo de la Salud Sexual\" \/>\n<meta property=\"og:description\" content=\"El&nbsp;14 de febrero&nbsp;es conocido por ser el d\u00eda de los enamorados, pero tambi\u00e9n se celebra el d\u00eda &nbsp;Europeo de la Salud Sexual desde el a\u00f1o 2003. Celebrar este d\u00eda singular supone trabajar para concienciar y sensibilizar a hombres y mujeres sobre la necesidad de adquirir y mantener h\u00e1bitos sexuales saludables. La celebraci\u00f3n de este d\u00eda [&hellip;]\" \/>\n<meta property=\"og:url\" content=\"https:\/\/www.gruporecoletas.com\/noticias\/dia-europeo-la-salud-sexual\/\" \/>\n<meta property=\"og:site_name\" content=\"Noticias Grupo Recoletas\" \/>\n<meta property=\"article:publisher\" content=\"https:\/\/www.facebook.com\/GrupoRecoletas\/\" \/>\n<meta property=\"article:published_time\" content=\"2019-02-14T12:45:09+00:00\" \/>\n<meta property=\"article:modified_time\" content=\"2019-03-05T10:25:13+00:00\" \/>\n<meta property=\"og:image\" content=\"https:\/\/www.gruporecoletas.com\/noticias\/wp-content\/uploads\/2019\/02\/DiaSaludSexual.png\" \/>\n\t<meta property=\"og:image:width\" content=\"3750\" \/>\n\t<meta property=\"og:image:height\" content=\"3750\" \/>\n\t<meta property=\"og:image:type\" content=\"image\/png\" \/>\n<meta name=\"author\" content=\"Recoletas Red Hospitalaria\" \/>\n<meta name=\"twitter:card\" content=\"summary_large_image\" \/>\n<meta name=\"twitter:creator\" content=\"@GrupoRecoletas\" \/>\n<meta name=\"twitter:site\" content=\"@GrupoRecoletas\" \/>\n<meta name=\"twitter:label1\" content=\"Escrito por\" \/>\n\t<meta name=\"twitter:data1\" content=\"Recoletas Red Hospitalaria\" \/>\n\t<meta name=\"twitter:label2\" content=\"Tiempo de lectura\" \/>\n\t<meta name=\"twitter:data2\" content=\"2 minutos\" \/>\n<script type=\"application\/ld+json\" class=\"yoast-schema-graph\">{\"@context\":\"https:\\\/\\\/schema.org\",\"@graph\":[{\"@type\":\"Article\",\"@id\":\"https:\\\/\\\/www.gruporecoletas.com\\\/noticias\\\/dia-europeo-la-salud-sexual\\\/#article\",\"isPartOf\":{\"@id\":\"https:\\\/\\\/www.gruporecoletas.com\\\/noticias\\\/dia-europeo-la-salud-sexual\\\/\"},\"author\":{\"name\":\"Recoletas Red Hospitalaria\",\"@id\":\"https:\\\/\\\/www.gruporecoletas.com\\\/noticias\\\/#\\\/schema\\\/person\\\/3c6ac429828d1f5e3d3bd99f4da9b02c\"},\"headline\":\"D\u00eda Europeo de la Salud Sexual\",\"datePublished\":\"2019-02-14T12:45:09+00:00\",\"dateModified\":\"2019-03-05T10:25:13+00:00\",\"mainEntityOfPage\":{\"@id\":\"https:\\\/\\\/www.gruporecoletas.com\\\/noticias\\\/dia-europeo-la-salud-sexual\\\/\"},\"wordCount\":355,\"image\":{\"@id\":\"https:\\\/\\\/www.gruporecoletas.com\\\/noticias\\\/dia-europeo-la-salud-sexual\\\/#primaryimage\"},\"thumbnailUrl\":\"https:\\\/\\\/www.gruporecoletas.com\\\/noticias\\\/wp-content\\\/uploads\\\/2019\\\/02\\\/DiaSaludSexual.png\",\"articleSection\":[\"Prevenci\u00f3n\"],\"inLanguage\":\"es\"},{\"@type\":\"WebPage\",\"@id\":\"https:\\\/\\\/www.gruporecoletas.com\\\/noticias\\\/dia-europeo-la-salud-sexual\\\/\",\"url\":\"https:\\\/\\\/www.gruporecoletas.com\\\/noticias\\\/dia-europeo-la-salud-sexual\\\/\",\"name\":\"D\u00eda Europeo de la Salud Sexual - Noticias Grupo Recoletas\",\"isPartOf\":{\"@id\":\"https:\\\/\\\/www.gruporecoletas.com\\\/noticias\\\/#website\"},\"primaryImageOfPage\":{\"@id\":\"https:\\\/\\\/www.gruporecoletas.com\\\/noticias\\\/dia-europeo-la-salud-sexual\\\/#primaryimage\"},\"image\":{\"@id\":\"https:\\\/\\\/www.gruporecoletas.com\\\/noticias\\\/dia-europeo-la-salud-sexual\\\/#primaryimage\"},\"thumbnailUrl\":\"https:\\\/\\\/www.gruporecoletas.com\\\/noticias\\\/wp-content\\\/uploads\\\/2019\\\/02\\\/DiaSaludSexual.png\",\"datePublished\":\"2019-02-14T12:45:09+00:00\",\"dateModified\":\"2019-03-05T10:25:13+00:00\",\"author\":{\"@id\":\"https:\\\/\\\/www.gruporecoletas.com\\\/noticias\\\/#\\\/schema\\\/person\\\/3c6ac429828d1f5e3d3bd99f4da9b02c\"},\"breadcrumb\":{\"@id\":\"https:\\\/\\\/www.gruporecoletas.com\\\/noticias\\\/dia-europeo-la-salud-sexual\\\/#breadcrumb\"},\"inLanguage\":\"es\",\"potentialAction\":[{\"@type\":\"ReadAction\",\"target\":[\"https:\\\/\\\/www.gruporecoletas.com\\\/noticias\\\/dia-europeo-la-salud-sexual\\\/\"]}]},{\"@type\":\"ImageObject\",\"inLanguage\":\"es\",\"@id\":\"https:\\\/\\\/www.gruporecoletas.com\\\/noticias\\\/dia-europeo-la-salud-sexual\\\/#primaryimage\",\"url\":\"https:\\\/\\\/www.gruporecoletas.com\\\/noticias\\\/wp-content\\\/uploads\\\/2019\\\/02\\\/DiaSaludSexual.png\",\"contentUrl\":\"https:\\\/\\\/www.gruporecoletas.com\\\/noticias\\\/wp-content\\\/uploads\\\/2019\\\/02\\\/DiaSaludSexual.png\",\"width\":3750,\"height\":3750},{\"@type\":\"BreadcrumbList\",\"@id\":\"https:\\\/\\\/www.gruporecoletas.com\\\/noticias\\\/dia-europeo-la-salud-sexual\\\/#breadcrumb\",\"itemListElement\":[{\"@type\":\"ListItem\",\"position\":1,\"name\":\"Portada\",\"item\":\"https:\\\/\\\/www.gruporecoletas.com\\\/noticias\\\/\"},{\"@type\":\"ListItem\",\"position\":2,\"name\":\"D\u00eda Europeo de la Salud Sexual\"}]},{\"@type\":\"WebSite\",\"@id\":\"https:\\\/\\\/www.gruporecoletas.com\\\/noticias\\\/#website\",\"url\":\"https:\\\/\\\/www.gruporecoletas.com\\\/noticias\\\/\",\"name\":\"Noticias Grupo Recoletas\",\"description\":\"Grupo Recoletas\",\"potentialAction\":[{\"@type\":\"SearchAction\",\"target\":{\"@type\":\"EntryPoint\",\"urlTemplate\":\"https:\\\/\\\/www.gruporecoletas.com\\\/noticias\\\/?s={search_term_string}\"},\"query-input\":{\"@type\":\"PropertyValueSpecification\",\"valueRequired\":true,\"valueName\":\"search_term_string\"}}],\"inLanguage\":\"es\"},{\"@type\":\"Person\",\"@id\":\"https:\\\/\\\/www.gruporecoletas.com\\\/noticias\\\/#\\\/schema\\\/person\\\/3c6ac429828d1f5e3d3bd99f4da9b02c\",\"name\":\"Recoletas Red Hospitalaria\",\"url\":\"https:\\\/\\\/www.gruporecoletas.com\\\/noticias\\\/author\\\/comunicacion\\\/\"}]}<\/script>\n<!-- \/ Yoast SEO Premium plugin. -->","yoast_head_json":{"title":"D\u00eda Europeo de la Salud Sexual - Noticias Grupo Recoletas","robots":{"index":"index","follow":"follow","max-snippet":"max-snippet:-1","max-image-preview":"max-image-preview:large","max-video-preview":"max-video-preview:-1"},"canonical":"https:\/\/www.gruporecoletas.com\/noticias\/dia-europeo-la-salud-sexual\/","og_locale":"es_ES","og_type":"article","og_title":"D\u00eda Europeo de la Salud Sexual","og_description":"El&nbsp;14 de febrero&nbsp;es conocido por ser el d\u00eda de los enamorados, pero tambi\u00e9n se celebra el d\u00eda &nbsp;Europeo de la Salud Sexual desde el a\u00f1o 2003. Celebrar este d\u00eda singular supone trabajar para concienciar y sensibilizar a hombres y mujeres sobre la necesidad de adquirir y mantener h\u00e1bitos sexuales saludables. La celebraci\u00f3n de este d\u00eda [&hellip;]","og_url":"https:\/\/www.gruporecoletas.com\/noticias\/dia-europeo-la-salud-sexual\/","og_site_name":"Noticias Grupo Recoletas","article_publisher":"https:\/\/www.facebook.com\/GrupoRecoletas\/","article_published_time":"2019-02-14T12:45:09+00:00","article_modified_time":"2019-03-05T10:25:13+00:00","og_image":[{"width":3750,"height":3750,"url":"https:\/\/www.gruporecoletas.com\/noticias\/wp-content\/uploads\/2019\/02\/DiaSaludSexual.png","type":"image\/png"}],"author":"Recoletas Red Hospitalaria","twitter_card":"summary_large_image","twitter_creator":"@GrupoRecoletas","twitter_site":"@GrupoRecoletas","twitter_misc":{"Escrito por":"Recoletas Red Hospitalaria","Tiempo de lectura":"2 minutos"},"schema":{"@context":"https:\/\/schema.org","@graph":[{"@type":"Article","@id":"https:\/\/www.gruporecoletas.com\/noticias\/dia-europeo-la-salud-sexual\/#article","isPartOf":{"@id":"https:\/\/www.gruporecoletas.com\/noticias\/dia-europeo-la-salud-sexual\/"},"author":{"name":"Recoletas Red Hospitalaria","@id":"https:\/\/www.gruporecoletas.com\/noticias\/#\/schema\/person\/3c6ac429828d1f5e3d3bd99f4da9b02c"},"headline":"D\u00eda Europeo de la Salud Sexual","datePublished":"2019-02-14T12:45:09+00:00","dateModified":"2019-03-05T10:25:13+00:00","mainEntityOfPage":{"@id":"https:\/\/www.gruporecoletas.com\/noticias\/dia-europeo-la-salud-sexual\/"},"wordCount":355,"image":{"@id":"https:\/\/www.gruporecoletas.com\/noticias\/dia-europeo-la-salud-sexual\/#primaryimage"},"thumbnailUrl":"https:\/\/www.gruporecoletas.com\/noticias\/wp-content\/uploads\/2019\/02\/DiaSaludSexual.png","articleSection":["Prevenci\u00f3n"],"inLanguage":"es"},{"@type":"WebPage","@id":"https:\/\/www.gruporecoletas.com\/noticias\/dia-europeo-la-salud-sexual\/","url":"https:\/\/www.gruporecoletas.com\/noticias\/dia-europeo-la-salud-sexual\/","name":"D\u00eda Europeo de la Salud Sexual - Noticias Grupo Recoletas","isPartOf":{"@id":"https:\/\/www.gruporecoletas.com\/noticias\/#website"},"primaryImageOfPage":{"@id":"https:\/\/www.gruporecoletas.com\/noticias\/dia-europeo-la-salud-sexual\/#primaryimage"},"image":{"@id":"https:\/\/www.gruporecoletas.com\/noticias\/dia-europeo-la-salud-sexual\/#primaryimage"},"thumbnailUrl":"https:\/\/www.gruporecoletas.com\/noticias\/wp-content\/uploads\/2019\/02\/DiaSaludSexual.png","datePublished":"2019-02-14T12:45:09+00:00","dateModified":"2019-03-05T10:25:13+00:00","author":{"@id":"https:\/\/www.gruporecoletas.com\/noticias\/#\/schema\/person\/3c6ac429828d1f5e3d3bd99f4da9b02c"},"breadcrumb":{"@id":"https:\/\/www.gruporecoletas.com\/noticias\/dia-europeo-la-salud-sexual\/#breadcrumb"},"inLanguage":"es","potentialAction":[{"@type":"ReadAction","target":["https:\/\/www.gruporecoletas.com\/noticias\/dia-europeo-la-salud-sexual\/"]}]},{"@type":"ImageObject","inLanguage":"es","@id":"https:\/\/www.gruporecoletas.com\/noticias\/dia-europeo-la-salud-sexual\/#primaryimage","url":"https:\/\/www.gruporecoletas.com\/noticias\/wp-content\/uploads\/2019\/02\/DiaSaludSexual.png","contentUrl":"https:\/\/www.gruporecoletas.com\/noticias\/wp-content\/uploads\/2019\/02\/DiaSaludSexual.png","width":3750,"height":3750},{"@type":"BreadcrumbList","@id":"https:\/\/www.gruporecoletas.com\/noticias\/dia-europeo-la-salud-sexual\/#breadcrumb","itemListElement":[{"@type":"ListItem","position":1,"name":"Portada","item":"https:\/\/www.gruporecoletas.com\/noticias\/"},{"@type":"ListItem","position":2,"name":"D\u00eda Europeo de la Salud Sexual"}]},{"@type":"WebSite","@id":"https:\/\/www.gruporecoletas.com\/noticias\/#website","url":"https:\/\/www.gruporecoletas.com\/noticias\/","name":"Noticias Grupo Recoletas","description":"Grupo Recoletas","potentialAction":[{"@type":"SearchAction","target":{"@type":"EntryPoint","urlTemplate":"https:\/\/www.gruporecoletas.com\/noticias\/?s={search_term_string}"},"query-input":{"@type":"PropertyValueSpecification","valueRequired":true,"valueName":"search_term_string"}}],"inLanguage":"es"},{"@type":"Person","@id":"https:\/\/www.gruporecoletas.com\/noticias\/#\/schema\/person\/3c6ac429828d1f5e3d3bd99f4da9b02c","name":"Recoletas Red Hospitalaria","url":"https:\/\/www.gruporecoletas.com\/noticias\/author\/comunicacion\/"}]}},"_links":{"self":[{"href":"https:\/\/www.gruporecoletas.com\/noticias\/wp-json\/wp\/v2\/posts\/11893","targetHints":{"allow":["GET"]}}],"collection":[{"href":"https:\/\/www.gruporecoletas.com\/noticias\/wp-json\/wp\/v2\/posts"}],"about":[{"href":"https:\/\/www.gruporecoletas.com\/noticias\/wp-json\/wp\/v2\/types\/post"}],"author":[{"embeddable":true,"href":"https:\/\/www.gruporecoletas.com\/noticias\/wp-json\/wp\/v2\/users\/2"}],"replies":[{"embeddable":true,"href":"https:\/\/www.gruporecoletas.com\/noticias\/wp-json\/wp\/v2\/comments?post=11893"}],"version-history":[{"count":3,"href":"https:\/\/www.gruporecoletas.com\/noticias\/wp-json\/wp\/v2\/posts\/11893\/revisions"}],"predecessor-version":[{"id":11899,"href":"https:\/\/www.gruporecoletas.com\/noticias\/wp-json\/wp\/v2\/posts\/11893\/revisions\/11899"}],"wp:featuredmedia":[{"embeddable":true,"href":"https:\/\/www.gruporecoletas.com\/noticias\/wp-json\/wp\/v2\/media\/11894"}],"wp:attachment":[{"href":"https:\/\/www.gruporecoletas.com\/noticias\/wp-json\/wp\/v2\/media?parent=11893"}],"wp:term":[{"taxonomy":"category","embeddable":true,"href":"https:\/\/www.gruporecoletas.com\/noticias\/wp-json\/wp\/v2\/categories?post=11893"},{"taxonomy":"post_tag","embeddable":true,"href":"https:\/\/www.gruporecoletas.com\/noticias\/wp-json\/wp\/v2\/tags?post=11893"}],"curies":[{"name":"wp","href":"https:\/\/api.w.org\/{rel}","templated":true}]}}