{"id":11978,"date":"2019-02-28T17:08:05","date_gmt":"2019-02-28T17:08:05","guid":{"rendered":"https:\/\/www.gruporecoletas.com\/noticias\/?p=11978"},"modified":"2019-03-05T10:24:20","modified_gmt":"2019-03-05T10:24:20","slug":"dia-mundial-de-las-enfermedades-raras","status":"publish","type":"post","link":"https:\/\/www.gruporecoletas.com\/noticias\/dia-mundial-de-las-enfermedades-raras\/","title":{"rendered":"D\u00eda mundial de las enfermedades raras"},"content":{"rendered":"\n<p>Hoy se celebra el <strong>d\u00eda mundial de las enfermedades raras<\/strong> y el <a href=\"https:\/\/www.gruporecoletas.com\/profesionales\/dr-oliva-acosta\/\">Doctor Fernando Oliva<\/a> especialista en Medicina Interna del <a href=\"https:\/\/www.gruporecoletas.com\/hospitales\/hospital-recoletas-burgos\/\">Hospital Recoletas de Burgos<\/a> acude al programa Burgos en la Onda para hablar sobre este d\u00eda que tiene como objetivo concienciar sobre las enfermedades poco frecuentes y situarlas como una prioridad en la agenda social y sanitaria.<\/p>\n\n\n\n<p><em>Escucha la interesante entrevista:<\/em><\/p>\n\n\n\n<audio class=\"wp-audio-shortcode\" id=\"audio-11978-1\" preload=\"none\" style=\"width: 100%;\" controls=\"controls\"><source type=\"audio\/mpeg\" src=\"https:\/\/www.ivoox.com\/doctor-fernando-oliva-programa-burgos-en_md_32926705_wp_1.mp3?_=1\" \/><a href=\"https:\/\/www.ivoox.com\/doctor-fernando-oliva-programa-burgos-en_md_32926705_wp_1.mp3\">https:\/\/www.ivoox.com\/doctor-fernando-oliva-programa-burgos-en_md_32926705_wp_1.mp3<\/a><\/audio>\n\n\n\n<p><\/p>\n\n\n\n<p>Una\u00a0<strong>enfermedad rara<\/strong>\u00a0o poco frecuente es aquella\u00a0<strong>que<\/strong>\u00a0afecta a un peque\u00f1o n\u00famero absoluto de personas o a una proporci\u00f3n reducida de la poblaci\u00f3n. Los diversos pa\u00edses y regiones del mundo tienen definiciones legales diferentes. ,Una enfermedad <strong>se considera<\/strong>\u00a0\u00ab<strong>rara<\/strong>\u00bb si afecta a 1 de cada 2 000 personas.<\/p>\n","protected":false},"excerpt":{"rendered":"<p>Hoy se celebra el d\u00eda mundial de las enfermedades raras y el Doctor Fernando Oliva especialista en Medicina Interna del Hospital Recoletas de Burgos acude al programa Burgos en la Onda para hablar sobre este d\u00eda que tiene como objetivo concienciar sobre las enfermedades poco frecuentes y situarlas como una prioridad en la agenda social [&hellip;]<\/p>\n","protected":false},"author":2,"featured_media":11979,"comment_status":"closed","ping_status":"closed","sticky":false,"template":"","format":"standard","meta":{"_acf_changed":false,"footnotes":""},"categories":[50],"tags":[],"class_list":["post-11978","post","type-post","status-publish","format-standard","has-post-thumbnail","hentry","category-patologias"],"acf":[],"yoast_head":"<!-- This site is optimized with the Yoast SEO Premium plugin v27.3 (Yoast SEO v27.3) - https:\/\/yoast.com\/product\/yoast-seo-premium-wordpress\/ -->\n<title>D\u00eda mundial de las enfermedades raras - Noticias Grupo Recoletas<\/title>\n<meta name=\"robots\" content=\"index, follow, max-snippet:-1, max-image-preview:large, max-video-preview:-1\" \/>\n<link rel=\"canonical\" href=\"https:\/\/www.gruporecoletas.com\/noticias\/dia-mundial-de-las-enfermedades-raras\/\" \/>\n<meta property=\"og:locale\" content=\"es_ES\" \/>\n<meta property=\"og:type\" content=\"article\" \/>\n<meta property=\"og:title\" content=\"D\u00eda mundial de las enfermedades raras\" \/>\n<meta property=\"og:description\" content=\"Hoy se celebra el d\u00eda mundial de las enfermedades raras y el Doctor Fernando Oliva especialista en Medicina Interna del Hospital Recoletas de Burgos acude al programa Burgos en la Onda para hablar sobre este d\u00eda que tiene como objetivo concienciar sobre las enfermedades poco frecuentes y situarlas como una prioridad en la agenda social [&hellip;]\" \/>\n<meta property=\"og:url\" content=\"https:\/\/www.gruporecoletas.com\/noticias\/dia-mundial-de-las-enfermedades-raras\/\" \/>\n<meta property=\"og:site_name\" content=\"Noticias Grupo Recoletas\" \/>\n<meta property=\"article:publisher\" content=\"https:\/\/www.facebook.com\/GrupoRecoletas\/\" \/>\n<meta property=\"article:published_time\" content=\"2019-02-28T17:08:05+00:00\" \/>\n<meta property=\"article:modified_time\" content=\"2019-03-05T10:24:20+00:00\" \/>\n<meta property=\"og:image\" content=\"https:\/\/www.gruporecoletas.com\/noticias\/wp-content\/uploads\/2019\/02\/enfermedadesraras.jpg\" \/>\n\t<meta property=\"og:image:width\" content=\"1920\" \/>\n\t<meta property=\"og:image:height\" content=\"1080\" \/>\n\t<meta property=\"og:image:type\" content=\"image\/jpeg\" \/>\n<meta name=\"author\" content=\"Recoletas Red Hospitalaria\" \/>\n<meta name=\"twitter:card\" content=\"summary_large_image\" \/>\n<meta name=\"twitter:creator\" content=\"@GrupoRecoletas\" \/>\n<meta name=\"twitter:site\" content=\"@GrupoRecoletas\" \/>\n<meta name=\"twitter:label1\" content=\"Escrito por\" \/>\n\t<meta name=\"twitter:data1\" content=\"Recoletas Red Hospitalaria\" \/>\n\t<meta name=\"twitter:label2\" content=\"Tiempo de lectura\" \/>\n\t<meta name=\"twitter:data2\" content=\"1 minuto\" \/>\n<script type=\"application\/ld+json\" class=\"yoast-schema-graph\">{\"@context\":\"https:\\\/\\\/schema.org\",\"@graph\":[{\"@type\":\"Article\",\"@id\":\"https:\\\/\\\/www.gruporecoletas.com\\\/noticias\\\/dia-mundial-de-las-enfermedades-raras\\\/#article\",\"isPartOf\":{\"@id\":\"https:\\\/\\\/www.gruporecoletas.com\\\/noticias\\\/dia-mundial-de-las-enfermedades-raras\\\/\"},\"author\":{\"name\":\"Recoletas Red Hospitalaria\",\"@id\":\"https:\\\/\\\/www.gruporecoletas.com\\\/noticias\\\/#\\\/schema\\\/person\\\/3c6ac429828d1f5e3d3bd99f4da9b02c\"},\"headline\":\"D\u00eda mundial de las enfermedades raras\",\"datePublished\":\"2019-02-28T17:08:05+00:00\",\"dateModified\":\"2019-03-05T10:24:20+00:00\",\"mainEntityOfPage\":{\"@id\":\"https:\\\/\\\/www.gruporecoletas.com\\\/noticias\\\/dia-mundial-de-las-enfermedades-raras\\\/\"},\"wordCount\":132,\"image\":{\"@id\":\"https:\\\/\\\/www.gruporecoletas.com\\\/noticias\\\/dia-mundial-de-las-enfermedades-raras\\\/#primaryimage\"},\"thumbnailUrl\":\"https:\\\/\\\/www.gruporecoletas.com\\\/noticias\\\/wp-content\\\/uploads\\\/2019\\\/02\\\/enfermedadesraras.jpg\",\"articleSection\":[\"Patolog\u00edas\"],\"inLanguage\":\"es\"},{\"@type\":\"WebPage\",\"@id\":\"https:\\\/\\\/www.gruporecoletas.com\\\/noticias\\\/dia-mundial-de-las-enfermedades-raras\\\/\",\"url\":\"https:\\\/\\\/www.gruporecoletas.com\\\/noticias\\\/dia-mundial-de-las-enfermedades-raras\\\/\",\"name\":\"D\u00eda mundial de las enfermedades raras - Noticias Grupo Recoletas\",\"isPartOf\":{\"@id\":\"https:\\\/\\\/www.gruporecoletas.com\\\/noticias\\\/#website\"},\"primaryImageOfPage\":{\"@id\":\"https:\\\/\\\/www.gruporecoletas.com\\\/noticias\\\/dia-mundial-de-las-enfermedades-raras\\\/#primaryimage\"},\"image\":{\"@id\":\"https:\\\/\\\/www.gruporecoletas.com\\\/noticias\\\/dia-mundial-de-las-enfermedades-raras\\\/#primaryimage\"},\"thumbnailUrl\":\"https:\\\/\\\/www.gruporecoletas.com\\\/noticias\\\/wp-content\\\/uploads\\\/2019\\\/02\\\/enfermedadesraras.jpg\",\"datePublished\":\"2019-02-28T17:08:05+00:00\",\"dateModified\":\"2019-03-05T10:24:20+00:00\",\"author\":{\"@id\":\"https:\\\/\\\/www.gruporecoletas.com\\\/noticias\\\/#\\\/schema\\\/person\\\/3c6ac429828d1f5e3d3bd99f4da9b02c\"},\"breadcrumb\":{\"@id\":\"https:\\\/\\\/www.gruporecoletas.com\\\/noticias\\\/dia-mundial-de-las-enfermedades-raras\\\/#breadcrumb\"},\"inLanguage\":\"es\",\"potentialAction\":[{\"@type\":\"ReadAction\",\"target\":[\"https:\\\/\\\/www.gruporecoletas.com\\\/noticias\\\/dia-mundial-de-las-enfermedades-raras\\\/\"]}]},{\"@type\":\"ImageObject\",\"inLanguage\":\"es\",\"@id\":\"https:\\\/\\\/www.gruporecoletas.com\\\/noticias\\\/dia-mundial-de-las-enfermedades-raras\\\/#primaryimage\",\"url\":\"https:\\\/\\\/www.gruporecoletas.com\\\/noticias\\\/wp-content\\\/uploads\\\/2019\\\/02\\\/enfermedadesraras.jpg\",\"contentUrl\":\"https:\\\/\\\/www.gruporecoletas.com\\\/noticias\\\/wp-content\\\/uploads\\\/2019\\\/02\\\/enfermedadesraras.jpg\",\"width\":1920,\"height\":1080},{\"@type\":\"BreadcrumbList\",\"@id\":\"https:\\\/\\\/www.gruporecoletas.com\\\/noticias\\\/dia-mundial-de-las-enfermedades-raras\\\/#breadcrumb\",\"itemListElement\":[{\"@type\":\"ListItem\",\"position\":1,\"name\":\"Portada\",\"item\":\"https:\\\/\\\/www.gruporecoletas.com\\\/noticias\\\/\"},{\"@type\":\"ListItem\",\"position\":2,\"name\":\"D\u00eda mundial de las enfermedades raras\"}]},{\"@type\":\"WebSite\",\"@id\":\"https:\\\/\\\/www.gruporecoletas.com\\\/noticias\\\/#website\",\"url\":\"https:\\\/\\\/www.gruporecoletas.com\\\/noticias\\\/\",\"name\":\"Noticias Grupo Recoletas\",\"description\":\"Grupo Recoletas\",\"potentialAction\":[{\"@type\":\"SearchAction\",\"target\":{\"@type\":\"EntryPoint\",\"urlTemplate\":\"https:\\\/\\\/www.gruporecoletas.com\\\/noticias\\\/?s={search_term_string}\"},\"query-input\":{\"@type\":\"PropertyValueSpecification\",\"valueRequired\":true,\"valueName\":\"search_term_string\"}}],\"inLanguage\":\"es\"},{\"@type\":\"Person\",\"@id\":\"https:\\\/\\\/www.gruporecoletas.com\\\/noticias\\\/#\\\/schema\\\/person\\\/3c6ac429828d1f5e3d3bd99f4da9b02c\",\"name\":\"Recoletas Red Hospitalaria\",\"url\":\"https:\\\/\\\/www.gruporecoletas.com\\\/noticias\\\/author\\\/comunicacion\\\/\"}]}<\/script>\n<!-- \/ Yoast SEO Premium plugin. -->","yoast_head_json":{"title":"D\u00eda mundial de las enfermedades raras - Noticias Grupo Recoletas","robots":{"index":"index","follow":"follow","max-snippet":"max-snippet:-1","max-image-preview":"max-image-preview:large","max-video-preview":"max-video-preview:-1"},"canonical":"https:\/\/www.gruporecoletas.com\/noticias\/dia-mundial-de-las-enfermedades-raras\/","og_locale":"es_ES","og_type":"article","og_title":"D\u00eda mundial de las enfermedades raras","og_description":"Hoy se celebra el d\u00eda mundial de las enfermedades raras y el Doctor Fernando Oliva especialista en Medicina Interna del Hospital Recoletas de Burgos acude al programa Burgos en la Onda para hablar sobre este d\u00eda que tiene como objetivo concienciar sobre las enfermedades poco frecuentes y situarlas como una prioridad en la agenda social [&hellip;]","og_url":"https:\/\/www.gruporecoletas.com\/noticias\/dia-mundial-de-las-enfermedades-raras\/","og_site_name":"Noticias Grupo Recoletas","article_publisher":"https:\/\/www.facebook.com\/GrupoRecoletas\/","article_published_time":"2019-02-28T17:08:05+00:00","article_modified_time":"2019-03-05T10:24:20+00:00","og_image":[{"width":1920,"height":1080,"url":"https:\/\/www.gruporecoletas.com\/noticias\/wp-content\/uploads\/2019\/02\/enfermedadesraras.jpg","type":"image\/jpeg"}],"author":"Recoletas Red Hospitalaria","twitter_card":"summary_large_image","twitter_creator":"@GrupoRecoletas","twitter_site":"@GrupoRecoletas","twitter_misc":{"Escrito por":"Recoletas Red Hospitalaria","Tiempo de lectura":"1 minuto"},"schema":{"@context":"https:\/\/schema.org","@graph":[{"@type":"Article","@id":"https:\/\/www.gruporecoletas.com\/noticias\/dia-mundial-de-las-enfermedades-raras\/#article","isPartOf":{"@id":"https:\/\/www.gruporecoletas.com\/noticias\/dia-mundial-de-las-enfermedades-raras\/"},"author":{"name":"Recoletas Red Hospitalaria","@id":"https:\/\/www.gruporecoletas.com\/noticias\/#\/schema\/person\/3c6ac429828d1f5e3d3bd99f4da9b02c"},"headline":"D\u00eda mundial de las enfermedades raras","datePublished":"2019-02-28T17:08:05+00:00","dateModified":"2019-03-05T10:24:20+00:00","mainEntityOfPage":{"@id":"https:\/\/www.gruporecoletas.com\/noticias\/dia-mundial-de-las-enfermedades-raras\/"},"wordCount":132,"image":{"@id":"https:\/\/www.gruporecoletas.com\/noticias\/dia-mundial-de-las-enfermedades-raras\/#primaryimage"},"thumbnailUrl":"https:\/\/www.gruporecoletas.com\/noticias\/wp-content\/uploads\/2019\/02\/enfermedadesraras.jpg","articleSection":["Patolog\u00edas"],"inLanguage":"es"},{"@type":"WebPage","@id":"https:\/\/www.gruporecoletas.com\/noticias\/dia-mundial-de-las-enfermedades-raras\/","url":"https:\/\/www.gruporecoletas.com\/noticias\/dia-mundial-de-las-enfermedades-raras\/","name":"D\u00eda mundial de las enfermedades raras - Noticias Grupo Recoletas","isPartOf":{"@id":"https:\/\/www.gruporecoletas.com\/noticias\/#website"},"primaryImageOfPage":{"@id":"https:\/\/www.gruporecoletas.com\/noticias\/dia-mundial-de-las-enfermedades-raras\/#primaryimage"},"image":{"@id":"https:\/\/www.gruporecoletas.com\/noticias\/dia-mundial-de-las-enfermedades-raras\/#primaryimage"},"thumbnailUrl":"https:\/\/www.gruporecoletas.com\/noticias\/wp-content\/uploads\/2019\/02\/enfermedadesraras.jpg","datePublished":"2019-02-28T17:08:05+00:00","dateModified":"2019-03-05T10:24:20+00:00","author":{"@id":"https:\/\/www.gruporecoletas.com\/noticias\/#\/schema\/person\/3c6ac429828d1f5e3d3bd99f4da9b02c"},"breadcrumb":{"@id":"https:\/\/www.gruporecoletas.com\/noticias\/dia-mundial-de-las-enfermedades-raras\/#breadcrumb"},"inLanguage":"es","potentialAction":[{"@type":"ReadAction","target":["https:\/\/www.gruporecoletas.com\/noticias\/dia-mundial-de-las-enfermedades-raras\/"]}]},{"@type":"ImageObject","inLanguage":"es","@id":"https:\/\/www.gruporecoletas.com\/noticias\/dia-mundial-de-las-enfermedades-raras\/#primaryimage","url":"https:\/\/www.gruporecoletas.com\/noticias\/wp-content\/uploads\/2019\/02\/enfermedadesraras.jpg","contentUrl":"https:\/\/www.gruporecoletas.com\/noticias\/wp-content\/uploads\/2019\/02\/enfermedadesraras.jpg","width":1920,"height":1080},{"@type":"BreadcrumbList","@id":"https:\/\/www.gruporecoletas.com\/noticias\/dia-mundial-de-las-enfermedades-raras\/#breadcrumb","itemListElement":[{"@type":"ListItem","position":1,"name":"Portada","item":"https:\/\/www.gruporecoletas.com\/noticias\/"},{"@type":"ListItem","position":2,"name":"D\u00eda mundial de las enfermedades raras"}]},{"@type":"WebSite","@id":"https:\/\/www.gruporecoletas.com\/noticias\/#website","url":"https:\/\/www.gruporecoletas.com\/noticias\/","name":"Noticias Grupo Recoletas","description":"Grupo Recoletas","potentialAction":[{"@type":"SearchAction","target":{"@type":"EntryPoint","urlTemplate":"https:\/\/www.gruporecoletas.com\/noticias\/?s={search_term_string}"},"query-input":{"@type":"PropertyValueSpecification","valueRequired":true,"valueName":"search_term_string"}}],"inLanguage":"es"},{"@type":"Person","@id":"https:\/\/www.gruporecoletas.com\/noticias\/#\/schema\/person\/3c6ac429828d1f5e3d3bd99f4da9b02c","name":"Recoletas Red Hospitalaria","url":"https:\/\/www.gruporecoletas.com\/noticias\/author\/comunicacion\/"}]}},"_links":{"self":[{"href":"https:\/\/www.gruporecoletas.com\/noticias\/wp-json\/wp\/v2\/posts\/11978","targetHints":{"allow":["GET"]}}],"collection":[{"href":"https:\/\/www.gruporecoletas.com\/noticias\/wp-json\/wp\/v2\/posts"}],"about":[{"href":"https:\/\/www.gruporecoletas.com\/noticias\/wp-json\/wp\/v2\/types\/post"}],"author":[{"embeddable":true,"href":"https:\/\/www.gruporecoletas.com\/noticias\/wp-json\/wp\/v2\/users\/2"}],"replies":[{"embeddable":true,"href":"https:\/\/www.gruporecoletas.com\/noticias\/wp-json\/wp\/v2\/comments?post=11978"}],"version-history":[{"count":6,"href":"https:\/\/www.gruporecoletas.com\/noticias\/wp-json\/wp\/v2\/posts\/11978\/revisions"}],"predecessor-version":[{"id":11990,"href":"https:\/\/www.gruporecoletas.com\/noticias\/wp-json\/wp\/v2\/posts\/11978\/revisions\/11990"}],"wp:featuredmedia":[{"embeddable":true,"href":"https:\/\/www.gruporecoletas.com\/noticias\/wp-json\/wp\/v2\/media\/11979"}],"wp:attachment":[{"href":"https:\/\/www.gruporecoletas.com\/noticias\/wp-json\/wp\/v2\/media?parent=11978"}],"wp:term":[{"taxonomy":"category","embeddable":true,"href":"https:\/\/www.gruporecoletas.com\/noticias\/wp-json\/wp\/v2\/categories?post=11978"},{"taxonomy":"post_tag","embeddable":true,"href":"https:\/\/www.gruporecoletas.com\/noticias\/wp-json\/wp\/v2\/tags?post=11978"}],"curies":[{"name":"wp","href":"https:\/\/api.w.org\/{rel}","templated":true}]}}