{"id":12017,"date":"2019-01-20T11:43:38","date_gmt":"2019-01-20T10:43:38","guid":{"rendered":"https:\/\/www.gruporecoletas.com\/noticias\/?p=12017"},"modified":"2022-11-17T13:32:42","modified_gmt":"2022-11-17T12:32:42","slug":"cancer-colorrectal","status":"publish","type":"post","link":"https:\/\/www.gruporecoletas.com\/noticias\/cancer-colorrectal\/","title":{"rendered":"C\u00e1ncer Colorrectal"},"content":{"rendered":"\n<div class=\"wp-block-image\"><figure class=\"alignright is-resized\"><a href=\"https:\/\/www.gruporecoletas.com\/noticias\/tag\/recoletas-salud-no16-enero-2019\/\"><img loading=\"lazy\" decoding=\"async\" src=\"https:\/\/www.gruporecoletas.com\/noticias\/wp-content\/uploads\/2019\/03\/recoletas-salud-16.jpg\" alt=\"\" class=\"wp-image-12015\" width=\"157\" height=\"222\" srcset=\"https:\/\/www.gruporecoletas.com\/noticias\/wp-content\/uploads\/2019\/03\/recoletas-salud-16.jpg 320w, https:\/\/www.gruporecoletas.com\/noticias\/wp-content\/uploads\/2019\/03\/recoletas-salud-16-213x300.jpg 213w\" sizes=\"auto, (max-width: 157px) 100vw, 157px\" \/><\/a><\/figure><\/div>\n\n\n\n<p style=\"text-align:right\"><\/p>\n\n\n\n<p>El c\u00e1ncer colorrectal es el m\u00e1s frecuentemente diagnosticado en la poblaci\u00f3n espa\u00f1ola, con un total de 34.331 casos detectados en el 2017 (15% del total de c\u00e1nceres). En Castilla y Le\u00f3n la incidencia es de 116 casos por cada 100.000 habitantes al a\u00f1o.<\/p>\n\n\n\n<p>En el hombre es el segundo m\u00e1s frecuente, tras el de pr\u00f3stata, y en mujeres es el segundo m\u00e1s frecuente tras el de mama. En torno al 5% de los c\u00e1nceres colorrectales son hereditarios, el resto son espor\u00e1dicos (debidos a mutaciones gen\u00e9ticas al azar).<\/p>\n\n\n\n<h2 class=\"wp-block-heading\">FACTORES DE RIESGO<\/h2>\n\n\n\n<p>El principal factor de riesgo para el c\u00e1ncer colorrectal es la <strong>edad<\/strong>, siendo el 90% de los casos diagnosticados en personas mayores de cincuenta a\u00f1os, aunque es de destacar que su incidencia est\u00e1 aumentando en los menores de cincuenta en los \u00faltimos a\u00f1os.<\/p>\n\n\n\n<blockquote class=\"wp-block-quote is-style-large is-layout-flow wp-block-quote-is-layout-flow\"><p>\u00abEl principal factor de riesgo para el c\u00e1ncer colorrectal es la edad. Existen otros factores modificables como el sobrepeso y la obesidad, el tabaquismo, el consumo excesivo de alcohol, la inactividad f\u00edsica y algunos alimentos como la carne procesada\u201d<\/p><\/blockquote>\n\n\n\n<p>Las personas con antecedentes familiares de c\u00e1ncer colorrectal, con p\u00f3lipos intestinales o con enfermedad inflamatoria intestinal son considerados de alto riesgo. Otros factores de riesgo que son modificables son el sobrepeso y obesidad, el tabaquismo, el consumo excesivo de alcohol, la inactividad f\u00edsica y ciertos tipos de alimentos como la carne procesada.<\/p>\n\n\n\n<h2 class=\"wp-block-heading\">DIAGN\u00d3STICO Y TRATAMIENTO<\/h2>\n\n\n\n<p>Pr\u00e1cticamente, la totalidad de los c\u00e1nceres colorrectales aparecen sobre una lesi\u00f3n polipoidea precursora que apareci\u00f3 a\u00f1os antes. De ah\u00ed, la enorme importancia que tiene hacer estudios de sangre oculta en heces y colonoscopias, seg\u00fan los protocolos establecidos (nunca m\u00e1s tarde de los 50 a\u00f1os). Con ello se busca disminuir los casos de c\u00e1ncer, al eliminar los p\u00f3lipos pre-cancerosos y aumentar el porcentaje de c\u00e1nceres diagnosticados en estadios iniciales.<\/p>\n\n\n\n<p>La resecci\u00f3n endosc\u00f3pica puede resultar curativa en casos de c\u00e1ncer incipiente que afecta \u00fanicamente a la mucosa o ciertos casos de invasi\u00f3n hasta la submucosa. En el resto de los estadios evolutivos, la <strong>cirug\u00eda<\/strong> ser\u00e1 el tratamiento fundamental, con la necesidad de tratamientos quimioter\u00e1picos y radioterapia en funci\u00f3n de la localizaci\u00f3n de la lesi\u00f3n, la invasi\u00f3n local del tumor, la afectaci\u00f3n de ganglios regionales y la aparici\u00f3n de met\u00e1stasis a distancia.<\/p>\n\n\n\n<p>En la actualidad, la gran mayor\u00eda de los c\u00e1nceres colorrectales se operan mediante un abordaje m\u00ednimamente invasivo laparosc\u00f3pico tradicional o rob\u00f3tico. La cirug\u00eda abierta se reserva casi exclusivamente para casos con abordajes complejos o tumores localmente muy avanzados.<\/p>\n\n\n\n<p>Con todo ello, conseguimos porcentajes de curaci\u00f3n realmente altos, cercanos al 100% en los estadios iniciales, y supervivencias a los cinco a\u00f1os de hasta el 35% en los casos menos favorables de enfermedad metast\u00e1sica.<\/p>\n\n\n\n<p><strong>Art\u00edculo:<\/strong><\/p>\n\n\n\n<h4 class=\"wp-block-heading\">Unidad de Cirug\u00eda General y Aparato Digestivo<\/h4>\n\n\n\n<ul class=\"wp-block-gallery alignright columns-2 is-cropped wp-block-gallery-1 is-layout-flex wp-block-gallery-is-layout-flex\"><li class=\"blocks-gallery-item\"><figure><img loading=\"lazy\" decoding=\"async\" width=\"709\" height=\"1024\" src=\"https:\/\/www.gruporecoletas.com\/noticias\/wp-content\/uploads\/2019\/03\/BU_Dr-Sanchez-Carrasco_9x13-709x1024.jpg\" alt=\"\" data-id=\"12019\" data-link=\"https:\/\/www.gruporecoletas.com\/noticias\/cancer-colorrectal\/bu_dr-sanchez-carrasco_9x13\/\" class=\"wp-image-12019\" srcset=\"https:\/\/www.gruporecoletas.com\/noticias\/wp-content\/uploads\/2019\/03\/BU_Dr-Sanchez-Carrasco_9x13-709x1024.jpg 709w, https:\/\/www.gruporecoletas.com\/noticias\/wp-content\/uploads\/2019\/03\/BU_Dr-Sanchez-Carrasco_9x13-208x300.jpg 208w, https:\/\/www.gruporecoletas.com\/noticias\/wp-content\/uploads\/2019\/03\/BU_Dr-Sanchez-Carrasco_9x13-768x1109.jpg 768w, https:\/\/www.gruporecoletas.com\/noticias\/wp-content\/uploads\/2019\/03\/BU_Dr-Sanchez-Carrasco_9x13.jpg 900w\" sizes=\"auto, (max-width: 709px) 100vw, 709px\" \/><figcaption><a href=\"https:\/\/www.gruporecoletas.com\/profesionales\/dr-sanchez-carrasco\/\">Dr. Miguel S\u00e1nchez Carrasco<\/a><\/figcaption><\/figure><\/li><li class=\"blocks-gallery-item\"><figure><img loading=\"lazy\" decoding=\"async\" width=\"709\" height=\"1024\" src=\"https:\/\/www.gruporecoletas.com\/noticias\/wp-content\/uploads\/2019\/03\/Dr-Martin-709x1024.jpg\" alt=\"\" data-id=\"12018\" data-link=\"https:\/\/www.gruporecoletas.com\/noticias\/cancer-colorrectal\/dr-martin\/\" class=\"wp-image-12018\" srcset=\"https:\/\/www.gruporecoletas.com\/noticias\/wp-content\/uploads\/2019\/03\/Dr-Martin-709x1024.jpg 709w, https:\/\/www.gruporecoletas.com\/noticias\/wp-content\/uploads\/2019\/03\/Dr-Martin-208x300.jpg 208w, https:\/\/www.gruporecoletas.com\/noticias\/wp-content\/uploads\/2019\/03\/Dr-Martin-768x1109.jpg 768w, https:\/\/www.gruporecoletas.com\/noticias\/wp-content\/uploads\/2019\/03\/Dr-Martin.jpg 900w\" sizes=\"auto, (max-width: 709px) 100vw, 709px\" \/><figcaption><a href=\"https:\/\/www.gruporecoletas.com\/profesionales\/dr-martin-acebes\/\">Dr. Fernando Mart\u00edn Acebes<\/a><\/figcaption><\/figure><\/li><\/ul>\n","protected":false},"excerpt":{"rendered":"<p>El c\u00e1ncer colorrectal es el m\u00e1s frecuentemente diagnosticado en la poblaci\u00f3n espa\u00f1ola, con un total de 34.331 casos detectados en el 2017 (15% del total de c\u00e1nceres). En Castilla y Le\u00f3n la incidencia es de 116 casos por cada 100.000 habitantes al a\u00f1o. En el hombre es el segundo m\u00e1s frecuente, tras el de pr\u00f3stata, [&hellip;]<\/p>\n","protected":false},"author":2,"featured_media":12025,"comment_status":"closed","ping_status":"closed","sticky":false,"template":"","format":"standard","meta":{"_acf_changed":false,"footnotes":""},"categories":[3298,42],"tags":[53],"class_list":["post-12017","post","type-post","status-publish","format-standard","has-post-thumbnail","hentry","category-instituto-de-salud-digestiva","category-recoletas-salud","tag-recoletas-salud-no16-enero-2019"],"acf":[],"yoast_head":"<!-- This site is optimized with the Yoast SEO Premium plugin v27.3 (Yoast SEO v27.3) - https:\/\/yoast.com\/product\/yoast-seo-premium-wordpress\/ -->\n<title>C\u00e1ncer Colorrectal - Noticias Grupo Recoletas<\/title>\n<meta name=\"robots\" content=\"index, follow, max-snippet:-1, max-image-preview:large, max-video-preview:-1\" \/>\n<link rel=\"canonical\" href=\"https:\/\/www.gruporecoletas.com\/noticias\/cancer-colorrectal\/\" \/>\n<meta property=\"og:locale\" content=\"es_ES\" \/>\n<meta property=\"og:type\" content=\"article\" \/>\n<meta property=\"og:title\" content=\"C\u00e1ncer Colorrectal\" \/>\n<meta property=\"og:description\" content=\"El c\u00e1ncer colorrectal es el m\u00e1s frecuentemente diagnosticado en la poblaci\u00f3n espa\u00f1ola, con un total de 34.331 casos detectados en el 2017 (15% del total de c\u00e1nceres). En Castilla y Le\u00f3n la incidencia es de 116 casos por cada 100.000 habitantes al a\u00f1o. En el hombre es el segundo m\u00e1s frecuente, tras el de pr\u00f3stata, [&hellip;]\" \/>\n<meta property=\"og:url\" content=\"https:\/\/www.gruporecoletas.com\/noticias\/cancer-colorrectal\/\" \/>\n<meta property=\"og:site_name\" content=\"Noticias Grupo Recoletas\" \/>\n<meta property=\"article:publisher\" content=\"https:\/\/www.facebook.com\/GrupoRecoletas\/\" \/>\n<meta property=\"article:published_time\" content=\"2019-01-20T10:43:38+00:00\" \/>\n<meta property=\"article:modified_time\" content=\"2022-11-17T12:32:42+00:00\" \/>\n<meta property=\"og:image\" content=\"https:\/\/www.gruporecoletas.com\/noticias\/wp-content\/uploads\/2019\/01\/doctor.jpg\" \/>\n\t<meta property=\"og:image:width\" content=\"1400\" \/>\n\t<meta property=\"og:image:height\" content=\"933\" \/>\n\t<meta property=\"og:image:type\" content=\"image\/jpeg\" \/>\n<meta name=\"author\" content=\"Recoletas Red Hospitalaria\" \/>\n<meta name=\"twitter:card\" content=\"summary_large_image\" \/>\n<meta name=\"twitter:creator\" content=\"@GrupoRecoletas\" \/>\n<meta name=\"twitter:site\" content=\"@GrupoRecoletas\" \/>\n<meta name=\"twitter:label1\" content=\"Escrito por\" \/>\n\t<meta name=\"twitter:data1\" content=\"Recoletas Red Hospitalaria\" \/>\n\t<meta name=\"twitter:label2\" content=\"Tiempo de lectura\" \/>\n\t<meta name=\"twitter:data2\" content=\"3 minutos\" \/>\n<script type=\"application\/ld+json\" class=\"yoast-schema-graph\">{\"@context\":\"https:\\\/\\\/schema.org\",\"@graph\":[{\"@type\":\"Article\",\"@id\":\"https:\\\/\\\/www.gruporecoletas.com\\\/noticias\\\/cancer-colorrectal\\\/#article\",\"isPartOf\":{\"@id\":\"https:\\\/\\\/www.gruporecoletas.com\\\/noticias\\\/cancer-colorrectal\\\/\"},\"author\":{\"name\":\"Recoletas Red Hospitalaria\",\"@id\":\"https:\\\/\\\/www.gruporecoletas.com\\\/noticias\\\/#\\\/schema\\\/person\\\/3c6ac429828d1f5e3d3bd99f4da9b02c\"},\"headline\":\"C\u00e1ncer Colorrectal\",\"datePublished\":\"2019-01-20T10:43:38+00:00\",\"dateModified\":\"2022-11-17T12:32:42+00:00\",\"mainEntityOfPage\":{\"@id\":\"https:\\\/\\\/www.gruporecoletas.com\\\/noticias\\\/cancer-colorrectal\\\/\"},\"wordCount\":505,\"image\":{\"@id\":\"https:\\\/\\\/www.gruporecoletas.com\\\/noticias\\\/cancer-colorrectal\\\/#primaryimage\"},\"thumbnailUrl\":\"https:\\\/\\\/www.gruporecoletas.com\\\/noticias\\\/wp-content\\\/uploads\\\/2019\\\/01\\\/doctor.jpg\",\"keywords\":[\"Recoletas Salud N\u00ba16 - Enero 2019\"],\"articleSection\":[\"Instituto de Salud Digestiva\",\"Recoletas Salud\"],\"inLanguage\":\"es\"},{\"@type\":\"WebPage\",\"@id\":\"https:\\\/\\\/www.gruporecoletas.com\\\/noticias\\\/cancer-colorrectal\\\/\",\"url\":\"https:\\\/\\\/www.gruporecoletas.com\\\/noticias\\\/cancer-colorrectal\\\/\",\"name\":\"C\u00e1ncer Colorrectal - Noticias Grupo Recoletas\",\"isPartOf\":{\"@id\":\"https:\\\/\\\/www.gruporecoletas.com\\\/noticias\\\/#website\"},\"primaryImageOfPage\":{\"@id\":\"https:\\\/\\\/www.gruporecoletas.com\\\/noticias\\\/cancer-colorrectal\\\/#primaryimage\"},\"image\":{\"@id\":\"https:\\\/\\\/www.gruporecoletas.com\\\/noticias\\\/cancer-colorrectal\\\/#primaryimage\"},\"thumbnailUrl\":\"https:\\\/\\\/www.gruporecoletas.com\\\/noticias\\\/wp-content\\\/uploads\\\/2019\\\/01\\\/doctor.jpg\",\"datePublished\":\"2019-01-20T10:43:38+00:00\",\"dateModified\":\"2022-11-17T12:32:42+00:00\",\"author\":{\"@id\":\"https:\\\/\\\/www.gruporecoletas.com\\\/noticias\\\/#\\\/schema\\\/person\\\/3c6ac429828d1f5e3d3bd99f4da9b02c\"},\"breadcrumb\":{\"@id\":\"https:\\\/\\\/www.gruporecoletas.com\\\/noticias\\\/cancer-colorrectal\\\/#breadcrumb\"},\"inLanguage\":\"es\",\"potentialAction\":[{\"@type\":\"ReadAction\",\"target\":[\"https:\\\/\\\/www.gruporecoletas.com\\\/noticias\\\/cancer-colorrectal\\\/\"]}]},{\"@type\":\"ImageObject\",\"inLanguage\":\"es\",\"@id\":\"https:\\\/\\\/www.gruporecoletas.com\\\/noticias\\\/cancer-colorrectal\\\/#primaryimage\",\"url\":\"https:\\\/\\\/www.gruporecoletas.com\\\/noticias\\\/wp-content\\\/uploads\\\/2019\\\/01\\\/doctor.jpg\",\"contentUrl\":\"https:\\\/\\\/www.gruporecoletas.com\\\/noticias\\\/wp-content\\\/uploads\\\/2019\\\/01\\\/doctor.jpg\",\"width\":1400,\"height\":933},{\"@type\":\"BreadcrumbList\",\"@id\":\"https:\\\/\\\/www.gruporecoletas.com\\\/noticias\\\/cancer-colorrectal\\\/#breadcrumb\",\"itemListElement\":[{\"@type\":\"ListItem\",\"position\":1,\"name\":\"Portada\",\"item\":\"https:\\\/\\\/www.gruporecoletas.com\\\/noticias\\\/\"},{\"@type\":\"ListItem\",\"position\":2,\"name\":\"C\u00e1ncer Colorrectal\"}]},{\"@type\":\"WebSite\",\"@id\":\"https:\\\/\\\/www.gruporecoletas.com\\\/noticias\\\/#website\",\"url\":\"https:\\\/\\\/www.gruporecoletas.com\\\/noticias\\\/\",\"name\":\"Noticias Grupo Recoletas\",\"description\":\"Grupo Recoletas\",\"potentialAction\":[{\"@type\":\"SearchAction\",\"target\":{\"@type\":\"EntryPoint\",\"urlTemplate\":\"https:\\\/\\\/www.gruporecoletas.com\\\/noticias\\\/?s={search_term_string}\"},\"query-input\":{\"@type\":\"PropertyValueSpecification\",\"valueRequired\":true,\"valueName\":\"search_term_string\"}}],\"inLanguage\":\"es\"},{\"@type\":\"Person\",\"@id\":\"https:\\\/\\\/www.gruporecoletas.com\\\/noticias\\\/#\\\/schema\\\/person\\\/3c6ac429828d1f5e3d3bd99f4da9b02c\",\"name\":\"Recoletas Red Hospitalaria\",\"url\":\"https:\\\/\\\/www.gruporecoletas.com\\\/noticias\\\/author\\\/comunicacion\\\/\"}]}<\/script>\n<!-- \/ Yoast SEO Premium plugin. -->","yoast_head_json":{"title":"C\u00e1ncer Colorrectal - Noticias Grupo Recoletas","robots":{"index":"index","follow":"follow","max-snippet":"max-snippet:-1","max-image-preview":"max-image-preview:large","max-video-preview":"max-video-preview:-1"},"canonical":"https:\/\/www.gruporecoletas.com\/noticias\/cancer-colorrectal\/","og_locale":"es_ES","og_type":"article","og_title":"C\u00e1ncer Colorrectal","og_description":"El c\u00e1ncer colorrectal es el m\u00e1s frecuentemente diagnosticado en la poblaci\u00f3n espa\u00f1ola, con un total de 34.331 casos detectados en el 2017 (15% del total de c\u00e1nceres). En Castilla y Le\u00f3n la incidencia es de 116 casos por cada 100.000 habitantes al a\u00f1o. En el hombre es el segundo m\u00e1s frecuente, tras el de pr\u00f3stata, [&hellip;]","og_url":"https:\/\/www.gruporecoletas.com\/noticias\/cancer-colorrectal\/","og_site_name":"Noticias Grupo Recoletas","article_publisher":"https:\/\/www.facebook.com\/GrupoRecoletas\/","article_published_time":"2019-01-20T10:43:38+00:00","article_modified_time":"2022-11-17T12:32:42+00:00","og_image":[{"width":1400,"height":933,"url":"https:\/\/www.gruporecoletas.com\/noticias\/wp-content\/uploads\/2019\/01\/doctor.jpg","type":"image\/jpeg"}],"author":"Recoletas Red Hospitalaria","twitter_card":"summary_large_image","twitter_creator":"@GrupoRecoletas","twitter_site":"@GrupoRecoletas","twitter_misc":{"Escrito por":"Recoletas Red Hospitalaria","Tiempo de lectura":"3 minutos"},"schema":{"@context":"https:\/\/schema.org","@graph":[{"@type":"Article","@id":"https:\/\/www.gruporecoletas.com\/noticias\/cancer-colorrectal\/#article","isPartOf":{"@id":"https:\/\/www.gruporecoletas.com\/noticias\/cancer-colorrectal\/"},"author":{"name":"Recoletas Red Hospitalaria","@id":"https:\/\/www.gruporecoletas.com\/noticias\/#\/schema\/person\/3c6ac429828d1f5e3d3bd99f4da9b02c"},"headline":"C\u00e1ncer Colorrectal","datePublished":"2019-01-20T10:43:38+00:00","dateModified":"2022-11-17T12:32:42+00:00","mainEntityOfPage":{"@id":"https:\/\/www.gruporecoletas.com\/noticias\/cancer-colorrectal\/"},"wordCount":505,"image":{"@id":"https:\/\/www.gruporecoletas.com\/noticias\/cancer-colorrectal\/#primaryimage"},"thumbnailUrl":"https:\/\/www.gruporecoletas.com\/noticias\/wp-content\/uploads\/2019\/01\/doctor.jpg","keywords":["Recoletas Salud N\u00ba16 - Enero 2019"],"articleSection":["Instituto de Salud Digestiva","Recoletas Salud"],"inLanguage":"es"},{"@type":"WebPage","@id":"https:\/\/www.gruporecoletas.com\/noticias\/cancer-colorrectal\/","url":"https:\/\/www.gruporecoletas.com\/noticias\/cancer-colorrectal\/","name":"C\u00e1ncer Colorrectal - Noticias Grupo Recoletas","isPartOf":{"@id":"https:\/\/www.gruporecoletas.com\/noticias\/#website"},"primaryImageOfPage":{"@id":"https:\/\/www.gruporecoletas.com\/noticias\/cancer-colorrectal\/#primaryimage"},"image":{"@id":"https:\/\/www.gruporecoletas.com\/noticias\/cancer-colorrectal\/#primaryimage"},"thumbnailUrl":"https:\/\/www.gruporecoletas.com\/noticias\/wp-content\/uploads\/2019\/01\/doctor.jpg","datePublished":"2019-01-20T10:43:38+00:00","dateModified":"2022-11-17T12:32:42+00:00","author":{"@id":"https:\/\/www.gruporecoletas.com\/noticias\/#\/schema\/person\/3c6ac429828d1f5e3d3bd99f4da9b02c"},"breadcrumb":{"@id":"https:\/\/www.gruporecoletas.com\/noticias\/cancer-colorrectal\/#breadcrumb"},"inLanguage":"es","potentialAction":[{"@type":"ReadAction","target":["https:\/\/www.gruporecoletas.com\/noticias\/cancer-colorrectal\/"]}]},{"@type":"ImageObject","inLanguage":"es","@id":"https:\/\/www.gruporecoletas.com\/noticias\/cancer-colorrectal\/#primaryimage","url":"https:\/\/www.gruporecoletas.com\/noticias\/wp-content\/uploads\/2019\/01\/doctor.jpg","contentUrl":"https:\/\/www.gruporecoletas.com\/noticias\/wp-content\/uploads\/2019\/01\/doctor.jpg","width":1400,"height":933},{"@type":"BreadcrumbList","@id":"https:\/\/www.gruporecoletas.com\/noticias\/cancer-colorrectal\/#breadcrumb","itemListElement":[{"@type":"ListItem","position":1,"name":"Portada","item":"https:\/\/www.gruporecoletas.com\/noticias\/"},{"@type":"ListItem","position":2,"name":"C\u00e1ncer Colorrectal"}]},{"@type":"WebSite","@id":"https:\/\/www.gruporecoletas.com\/noticias\/#website","url":"https:\/\/www.gruporecoletas.com\/noticias\/","name":"Noticias Grupo Recoletas","description":"Grupo Recoletas","potentialAction":[{"@type":"SearchAction","target":{"@type":"EntryPoint","urlTemplate":"https:\/\/www.gruporecoletas.com\/noticias\/?s={search_term_string}"},"query-input":{"@type":"PropertyValueSpecification","valueRequired":true,"valueName":"search_term_string"}}],"inLanguage":"es"},{"@type":"Person","@id":"https:\/\/www.gruporecoletas.com\/noticias\/#\/schema\/person\/3c6ac429828d1f5e3d3bd99f4da9b02c","name":"Recoletas Red Hospitalaria","url":"https:\/\/www.gruporecoletas.com\/noticias\/author\/comunicacion\/"}]}},"_links":{"self":[{"href":"https:\/\/www.gruporecoletas.com\/noticias\/wp-json\/wp\/v2\/posts\/12017","targetHints":{"allow":["GET"]}}],"collection":[{"href":"https:\/\/www.gruporecoletas.com\/noticias\/wp-json\/wp\/v2\/posts"}],"about":[{"href":"https:\/\/www.gruporecoletas.com\/noticias\/wp-json\/wp\/v2\/types\/post"}],"author":[{"embeddable":true,"href":"https:\/\/www.gruporecoletas.com\/noticias\/wp-json\/wp\/v2\/users\/2"}],"replies":[{"embeddable":true,"href":"https:\/\/www.gruporecoletas.com\/noticias\/wp-json\/wp\/v2\/comments?post=12017"}],"version-history":[{"count":10,"href":"https:\/\/www.gruporecoletas.com\/noticias\/wp-json\/wp\/v2\/posts\/12017\/revisions"}],"predecessor-version":[{"id":12284,"href":"https:\/\/www.gruporecoletas.com\/noticias\/wp-json\/wp\/v2\/posts\/12017\/revisions\/12284"}],"wp:featuredmedia":[{"embeddable":true,"href":"https:\/\/www.gruporecoletas.com\/noticias\/wp-json\/wp\/v2\/media\/12025"}],"wp:attachment":[{"href":"https:\/\/www.gruporecoletas.com\/noticias\/wp-json\/wp\/v2\/media?parent=12017"}],"wp:term":[{"taxonomy":"category","embeddable":true,"href":"https:\/\/www.gruporecoletas.com\/noticias\/wp-json\/wp\/v2\/categories?post=12017"},{"taxonomy":"post_tag","embeddable":true,"href":"https:\/\/www.gruporecoletas.com\/noticias\/wp-json\/wp\/v2\/tags?post=12017"}],"curies":[{"name":"wp","href":"https:\/\/api.w.org\/{rel}","templated":true}]}}