{"id":12031,"date":"2019-03-01T12:39:38","date_gmt":"2019-03-01T11:39:38","guid":{"rendered":"https:\/\/www.gruporecoletas.com\/noticias\/?p=12031"},"modified":"2022-03-18T11:48:53","modified_gmt":"2022-03-18T10:48:53","slug":"epoc-enfermedad-pulmonar-obstructiva-cronica","status":"publish","type":"post","link":"https:\/\/www.gruporecoletas.com\/noticias\/epoc-enfermedad-pulmonar-obstructiva-cronica\/","title":{"rendered":"EPOC, Enfermedad Pulmonar Obstructiva Cr\u00f3nica"},"content":{"rendered":"\n<div class=\"wp-block-image\"><figure class=\"alignright is-resized\"><a href=\"https:\/\/www.gruporecoletas.com\/noticias\/tag\/recoletas-salud-no16-enero-2019\/\"><img loading=\"lazy\" decoding=\"async\" src=\"https:\/\/www.gruporecoletas.com\/noticias\/wp-content\/uploads\/2019\/03\/recoletas-salud-16.jpg\" alt=\"\" class=\"wp-image-12015\" width=\"157\" height=\"222\" srcset=\"https:\/\/www.gruporecoletas.com\/noticias\/wp-content\/uploads\/2019\/03\/recoletas-salud-16.jpg 320w, https:\/\/www.gruporecoletas.com\/noticias\/wp-content\/uploads\/2019\/03\/recoletas-salud-16-213x300.jpg 213w\" sizes=\"auto, (max-width: 157px) 100vw, 157px\" \/><\/a><\/figure><\/div>\n\n\n\n<p style=\"text-align:right\"><\/p>\n\n\n\n<p>El d\u00eda 21 de Noviembre se celebra el D\u00eda Mundial de la EPOC. \u00c9sta, por sus siglas, Enfermedad Pulmonar Obstructiva Cr\u00f3nica, es una enfermedad poco conocida entre la poblaci\u00f3n general, pero se trata de un problema de salud de primer orden. En Espa\u00f1a, se estima que hay unos 2,9 millones de personas con esta enfermedad, sin embargo, muchos de ellos no est\u00e1n diagnosticados.<\/p>\n\n\n\n<p>El lema de este a\u00f1o 2018 ha sido \u00abNunca demasiado pronto, nunca demasiado tarde\u00bb, haciendo alusi\u00f3n a la importancia de un diagn\u00f3stico temprano de la enfermedad y al hecho de que nunca es demasiado tarde para iniciar el tratamiento.<\/p>\n\n\n\n<h2 class=\"wp-block-heading\">\u00bfQU\u00c9 ES LA EPOC?<\/h2>\n\n\n\n<p>La EPOC es una enfermedad respiratoria, cr\u00f3nica, provocada por la inhalaci\u00f3n de sustancias t\u00f3xicas, entre las que destaca el humo del tabaco. El tabaco es la principal causa de la enfermedad, de tal manera que al menos el 80% de los pacientes con EPOC son o han sido fumadores. Se estima que uno de cada cuatro fumadores acabar\u00e1 desarrollando la enfermedad.<\/p>\n\n\n\n<p>El humo del tabaco, al llegar al pulm\u00f3n, provoca una inflamaci\u00f3n de la pared de los bronquios que con el paso del tiempo hace un da\u00f1o que es irreparable, y que conlleva a la obstrucci\u00f3n de los mismos, generando una dificultad para vaciar el aire de los pulmones. Adem\u00e1s, provoca la destrucci\u00f3n de los alveolos, lo que se conoce como enfisema pulmonar, y tambi\u00e9n una producci\u00f3n de moco excesiva, contribuyendo a\u00fan m\u00e1s a la obstrucci\u00f3n de las v\u00edas respiratorias.<\/p>\n\n\n\n<h2 class=\"wp-block-heading\">LA EPOC EN CIFRAS<\/h2>\n\n\n\n<p>En Espa\u00f1a, la EPOC afecta a 2,9 millones de personas seg\u00fan el \u00faltimo censo realizado en 2017. Afecta aproximadamente al 12% de la poblaci\u00f3n entre 40 y 80 a\u00f1os, pero el mayor problema es que en torno al 80% de los enfermos no est\u00e1n diagnosticados.<\/p>\n\n\n\n<p>Actualmente, se estima que mueren unas 29.000 personas por EPOC en Espa\u00f1a al a\u00f1o, lo que la convierte en la cuarta causa de muerte, por detr\u00e1s de la cardiopat\u00eda isqu\u00e9mica, el Alzheimer y otras demencias, y el ictus, e incluso, es m\u00e1s mortal que el c\u00e1ncer de pulm\u00f3n. La Organizaci\u00f3n Mundial de la Salud (OMS) estima que para el a\u00f1o 2030 ya alcance la tercera plaza de este negro ranking.<\/p>\n\n\n\n<h2 class=\"wp-block-heading\">\u00bfCU\u00c1LES SON LOS S\u00cdNTOMAS?<\/h2>\n\n\n\n<p><strong>Los s\u00edntomas principales de esta enfermedad son la tos, la expectoraci\u00f3n y la dificultad para respirar (disnea).<\/strong> A medida que avanza la enfermedad los s\u00edntomas progresan, impidiendo incluso al enfermo realizar sus tareas b\u00e1sicas cotidianas como vestirse o asearse. As\u00ed, la EPOC no s\u00f3lo en sus fases finales es una enfermedad altamente incapacitante sino que disminuye notablemente la calidad de vida de quienes la padecen y tambi\u00e9n directamente de su entorno cercano.<\/p>\n\n\n\n<h2 class=\"wp-block-heading\">\u00bfC\u00d3MO SE DIAGNOSTICA?<\/h2>\n\n\n\n<p>La EPOC se diagnostica f\u00e1cilmente con una <strong>espirometr\u00eda<\/strong>. Es una prueba muy sencilla que mide el volumen de aire que entra y sale en los pulmones. Esta prueba es b\u00e1sica para el diagn\u00f3stico de la enfermedad y sirve posteriormente para seguimiento de los pacientes con EPOC.<\/p>\n\n\n\n<h2 class=\"wp-block-heading\">\u00bfQUI\u00c9N DEBE HACERSE UNA ESPIROMETR\u00cdA?<\/h2>\n\n\n\n<p>Las personas con 40 a\u00f1os o m\u00e1s, que fuman o han sido fumadores de una cantidad importante de cigarrillos al d\u00eda, y que presentan s\u00edntomas de tos, expectoraci\u00f3n y dificultad para respirar, pueden estar desarrollando la enfermedad. La espirometr\u00eda en estos casos es una de las medidas m\u00e1s importantes para diagnosticar la EPOC antes de que tenga efectos y consecuencias m\u00e1s graves.<\/p>\n\n\n\n<h2 class=\"wp-block-heading\">\u00bfSE PUEDE CURAR LA EPOC?<\/h2>\n\n\n\n<p>El paso m\u00e1s importante es la prevenci\u00f3n de la enfermedad, que pasa por no fumar o dejar de fumar a tiempo. A pesar de que la EPOC, como sus propias siglas indican, es una enfermedad cr\u00f3nica y no tiene cura, los s\u00edntomas pueden controlarse con un tratamiento espec\u00edfico, y as\u00ed mejorar la calidad de vida del paciente. Su neum\u00f3logo, una vez diagnosticada la enfermedad, le pautar\u00e1 un tratamiento inhalador cuya misi\u00f3n es dilatar el bronquio lo m\u00e1ximo posible para mejorar los s\u00edntomas y prevenir complicaciones futuras. El dejar de fumar, seguir el tratamiento farmacol\u00f3gico pautado por su m\u00e9dico, y mantener una vida activa haciendo ejercicio regular, son medidas eficaces para manejar, controlar y frenar la progresi\u00f3n de la enfermedad.<\/p>\n\n\n\n<h2 class=\"wp-block-heading\">EN DEFINITIVA:&nbsp;<\/h2>\n\n\n\n<ul class=\"wp-block-list\"><li>La EPOC es una enfermedad cr\u00f3nica provocada por la inhalaci\u00f3n del humo del tabaco en la mayor parte de los casos.<\/li><li>Es una enfermedad cr\u00f3nica, con una alta mortalidad.<\/li><li>La dificultad para respirar junto con la tos y la expectoraci\u00f3n son los s\u00edntomas principales.<\/li><li>Es una enfermedad incapacitante. Los s\u00edntomas pueden ser tan severos que impidan realizar actividades b\u00e1sicas de la vida del paciente.<\/li><li>El mejor tratamiento es la prevenci\u00f3n (no fumar). Existen tratamientos encaminados a la mejor\u00eda de los s\u00edntomas.<\/li><li>Si usted fuma o ha fumado, tiene m\u00e1s de 40 a\u00f1os, y tiene dificultad para respirar, tos o expectoraci\u00f3n acuda a su neum\u00f3logo.<\/li><\/ul>\n","protected":false},"excerpt":{"rendered":"<p>El d\u00eda 21 de Noviembre se celebra el D\u00eda Mundial de la EPOC. \u00c9sta, por sus siglas, Enfermedad Pulmonar Obstructiva Cr\u00f3nica, es una enfermedad poco conocida entre la poblaci\u00f3n general, pero se trata de un problema de salud de primer orden. En Espa\u00f1a, se estima que hay unos 2,9 millones de personas con esta enfermedad, [&hellip;]<\/p>\n","protected":false},"author":2,"featured_media":12033,"comment_status":"closed","ping_status":"closed","sticky":false,"template":"","format":"standard","meta":{"_acf_changed":false,"footnotes":""},"categories":[42,3244],"tags":[53],"class_list":["post-12031","post","type-post","status-publish","format-standard","has-post-thumbnail","hentry","category-recoletas-salud","category-unidad-de-neumologia","tag-recoletas-salud-no16-enero-2019"],"acf":[],"yoast_head":"<!-- This site is optimized with the Yoast SEO Premium plugin v27.3 (Yoast SEO v27.3) - https:\/\/yoast.com\/product\/yoast-seo-premium-wordpress\/ -->\n<title>EPOC, Enfermedad Pulmonar Obstructiva Cr\u00f3nica - Noticias Grupo Recoletas<\/title>\n<meta name=\"robots\" content=\"index, follow, max-snippet:-1, max-image-preview:large, max-video-preview:-1\" \/>\n<link rel=\"canonical\" href=\"https:\/\/www.gruporecoletas.com\/noticias\/epoc-enfermedad-pulmonar-obstructiva-cronica\/\" \/>\n<meta property=\"og:locale\" content=\"es_ES\" \/>\n<meta property=\"og:type\" content=\"article\" \/>\n<meta property=\"og:title\" content=\"EPOC, Enfermedad Pulmonar Obstructiva Cr\u00f3nica\" \/>\n<meta property=\"og:description\" content=\"El d\u00eda 21 de Noviembre se celebra el D\u00eda Mundial de la EPOC. \u00c9sta, por sus siglas, Enfermedad Pulmonar Obstructiva Cr\u00f3nica, es una enfermedad poco conocida entre la poblaci\u00f3n general, pero se trata de un problema de salud de primer orden. En Espa\u00f1a, se estima que hay unos 2,9 millones de personas con esta enfermedad, [&hellip;]\" \/>\n<meta property=\"og:url\" content=\"https:\/\/www.gruporecoletas.com\/noticias\/epoc-enfermedad-pulmonar-obstructiva-cronica\/\" \/>\n<meta property=\"og:site_name\" content=\"Noticias Grupo Recoletas\" \/>\n<meta property=\"article:publisher\" content=\"https:\/\/www.facebook.com\/GrupoRecoletas\/\" \/>\n<meta property=\"article:published_time\" content=\"2019-03-01T11:39:38+00:00\" \/>\n<meta property=\"article:modified_time\" content=\"2022-03-18T10:48:53+00:00\" \/>\n<meta property=\"og:image\" content=\"https:\/\/www.gruporecoletas.com\/noticias\/wp-content\/uploads\/2019\/03\/epoc.jpg\" \/>\n\t<meta property=\"og:image:width\" content=\"1400\" \/>\n\t<meta property=\"og:image:height\" content=\"1120\" \/>\n\t<meta property=\"og:image:type\" content=\"image\/jpeg\" \/>\n<meta name=\"author\" content=\"Recoletas Red Hospitalaria\" \/>\n<meta name=\"twitter:card\" content=\"summary_large_image\" \/>\n<meta name=\"twitter:creator\" content=\"@GrupoRecoletas\" \/>\n<meta name=\"twitter:site\" content=\"@GrupoRecoletas\" \/>\n<meta name=\"twitter:label1\" content=\"Escrito por\" \/>\n\t<meta name=\"twitter:data1\" content=\"Recoletas Red Hospitalaria\" \/>\n\t<meta name=\"twitter:label2\" content=\"Tiempo de lectura\" \/>\n\t<meta name=\"twitter:data2\" content=\"4 minutos\" \/>\n<script type=\"application\/ld+json\" class=\"yoast-schema-graph\">{\"@context\":\"https:\\\/\\\/schema.org\",\"@graph\":[{\"@type\":\"Article\",\"@id\":\"https:\\\/\\\/www.gruporecoletas.com\\\/noticias\\\/epoc-enfermedad-pulmonar-obstructiva-cronica\\\/#article\",\"isPartOf\":{\"@id\":\"https:\\\/\\\/www.gruporecoletas.com\\\/noticias\\\/epoc-enfermedad-pulmonar-obstructiva-cronica\\\/\"},\"author\":{\"name\":\"Recoletas Red Hospitalaria\",\"@id\":\"https:\\\/\\\/www.gruporecoletas.com\\\/noticias\\\/#\\\/schema\\\/person\\\/3c6ac429828d1f5e3d3bd99f4da9b02c\"},\"headline\":\"EPOC, Enfermedad Pulmonar Obstructiva Cr\u00f3nica\",\"datePublished\":\"2019-03-01T11:39:38+00:00\",\"dateModified\":\"2022-03-18T10:48:53+00:00\",\"mainEntityOfPage\":{\"@id\":\"https:\\\/\\\/www.gruporecoletas.com\\\/noticias\\\/epoc-enfermedad-pulmonar-obstructiva-cronica\\\/\"},\"wordCount\":868,\"image\":{\"@id\":\"https:\\\/\\\/www.gruporecoletas.com\\\/noticias\\\/epoc-enfermedad-pulmonar-obstructiva-cronica\\\/#primaryimage\"},\"thumbnailUrl\":\"https:\\\/\\\/www.gruporecoletas.com\\\/noticias\\\/wp-content\\\/uploads\\\/2019\\\/03\\\/epoc.jpg\",\"keywords\":[\"Recoletas Salud N\u00ba16 - Enero 2019\"],\"articleSection\":[\"Recoletas Salud\",\"Unidad de Neumolog\u00eda\"],\"inLanguage\":\"es\"},{\"@type\":\"WebPage\",\"@id\":\"https:\\\/\\\/www.gruporecoletas.com\\\/noticias\\\/epoc-enfermedad-pulmonar-obstructiva-cronica\\\/\",\"url\":\"https:\\\/\\\/www.gruporecoletas.com\\\/noticias\\\/epoc-enfermedad-pulmonar-obstructiva-cronica\\\/\",\"name\":\"EPOC, Enfermedad Pulmonar Obstructiva Cr\u00f3nica - Noticias Grupo Recoletas\",\"isPartOf\":{\"@id\":\"https:\\\/\\\/www.gruporecoletas.com\\\/noticias\\\/#website\"},\"primaryImageOfPage\":{\"@id\":\"https:\\\/\\\/www.gruporecoletas.com\\\/noticias\\\/epoc-enfermedad-pulmonar-obstructiva-cronica\\\/#primaryimage\"},\"image\":{\"@id\":\"https:\\\/\\\/www.gruporecoletas.com\\\/noticias\\\/epoc-enfermedad-pulmonar-obstructiva-cronica\\\/#primaryimage\"},\"thumbnailUrl\":\"https:\\\/\\\/www.gruporecoletas.com\\\/noticias\\\/wp-content\\\/uploads\\\/2019\\\/03\\\/epoc.jpg\",\"datePublished\":\"2019-03-01T11:39:38+00:00\",\"dateModified\":\"2022-03-18T10:48:53+00:00\",\"author\":{\"@id\":\"https:\\\/\\\/www.gruporecoletas.com\\\/noticias\\\/#\\\/schema\\\/person\\\/3c6ac429828d1f5e3d3bd99f4da9b02c\"},\"breadcrumb\":{\"@id\":\"https:\\\/\\\/www.gruporecoletas.com\\\/noticias\\\/epoc-enfermedad-pulmonar-obstructiva-cronica\\\/#breadcrumb\"},\"inLanguage\":\"es\",\"potentialAction\":[{\"@type\":\"ReadAction\",\"target\":[\"https:\\\/\\\/www.gruporecoletas.com\\\/noticias\\\/epoc-enfermedad-pulmonar-obstructiva-cronica\\\/\"]}]},{\"@type\":\"ImageObject\",\"inLanguage\":\"es\",\"@id\":\"https:\\\/\\\/www.gruporecoletas.com\\\/noticias\\\/epoc-enfermedad-pulmonar-obstructiva-cronica\\\/#primaryimage\",\"url\":\"https:\\\/\\\/www.gruporecoletas.com\\\/noticias\\\/wp-content\\\/uploads\\\/2019\\\/03\\\/epoc.jpg\",\"contentUrl\":\"https:\\\/\\\/www.gruporecoletas.com\\\/noticias\\\/wp-content\\\/uploads\\\/2019\\\/03\\\/epoc.jpg\",\"width\":1400,\"height\":1120},{\"@type\":\"BreadcrumbList\",\"@id\":\"https:\\\/\\\/www.gruporecoletas.com\\\/noticias\\\/epoc-enfermedad-pulmonar-obstructiva-cronica\\\/#breadcrumb\",\"itemListElement\":[{\"@type\":\"ListItem\",\"position\":1,\"name\":\"Portada\",\"item\":\"https:\\\/\\\/www.gruporecoletas.com\\\/noticias\\\/\"},{\"@type\":\"ListItem\",\"position\":2,\"name\":\"EPOC, Enfermedad Pulmonar Obstructiva Cr\u00f3nica\"}]},{\"@type\":\"WebSite\",\"@id\":\"https:\\\/\\\/www.gruporecoletas.com\\\/noticias\\\/#website\",\"url\":\"https:\\\/\\\/www.gruporecoletas.com\\\/noticias\\\/\",\"name\":\"Noticias Grupo Recoletas\",\"description\":\"Grupo Recoletas\",\"potentialAction\":[{\"@type\":\"SearchAction\",\"target\":{\"@type\":\"EntryPoint\",\"urlTemplate\":\"https:\\\/\\\/www.gruporecoletas.com\\\/noticias\\\/?s={search_term_string}\"},\"query-input\":{\"@type\":\"PropertyValueSpecification\",\"valueRequired\":true,\"valueName\":\"search_term_string\"}}],\"inLanguage\":\"es\"},{\"@type\":\"Person\",\"@id\":\"https:\\\/\\\/www.gruporecoletas.com\\\/noticias\\\/#\\\/schema\\\/person\\\/3c6ac429828d1f5e3d3bd99f4da9b02c\",\"name\":\"Recoletas Red Hospitalaria\",\"url\":\"https:\\\/\\\/www.gruporecoletas.com\\\/noticias\\\/author\\\/comunicacion\\\/\"}]}<\/script>\n<!-- \/ Yoast SEO Premium plugin. -->","yoast_head_json":{"title":"EPOC, Enfermedad Pulmonar Obstructiva Cr\u00f3nica - Noticias Grupo Recoletas","robots":{"index":"index","follow":"follow","max-snippet":"max-snippet:-1","max-image-preview":"max-image-preview:large","max-video-preview":"max-video-preview:-1"},"canonical":"https:\/\/www.gruporecoletas.com\/noticias\/epoc-enfermedad-pulmonar-obstructiva-cronica\/","og_locale":"es_ES","og_type":"article","og_title":"EPOC, Enfermedad Pulmonar Obstructiva Cr\u00f3nica","og_description":"El d\u00eda 21 de Noviembre se celebra el D\u00eda Mundial de la EPOC. \u00c9sta, por sus siglas, Enfermedad Pulmonar Obstructiva Cr\u00f3nica, es una enfermedad poco conocida entre la poblaci\u00f3n general, pero se trata de un problema de salud de primer orden. En Espa\u00f1a, se estima que hay unos 2,9 millones de personas con esta enfermedad, [&hellip;]","og_url":"https:\/\/www.gruporecoletas.com\/noticias\/epoc-enfermedad-pulmonar-obstructiva-cronica\/","og_site_name":"Noticias Grupo Recoletas","article_publisher":"https:\/\/www.facebook.com\/GrupoRecoletas\/","article_published_time":"2019-03-01T11:39:38+00:00","article_modified_time":"2022-03-18T10:48:53+00:00","og_image":[{"width":1400,"height":1120,"url":"https:\/\/www.gruporecoletas.com\/noticias\/wp-content\/uploads\/2019\/03\/epoc.jpg","type":"image\/jpeg"}],"author":"Recoletas Red Hospitalaria","twitter_card":"summary_large_image","twitter_creator":"@GrupoRecoletas","twitter_site":"@GrupoRecoletas","twitter_misc":{"Escrito por":"Recoletas Red Hospitalaria","Tiempo de lectura":"4 minutos"},"schema":{"@context":"https:\/\/schema.org","@graph":[{"@type":"Article","@id":"https:\/\/www.gruporecoletas.com\/noticias\/epoc-enfermedad-pulmonar-obstructiva-cronica\/#article","isPartOf":{"@id":"https:\/\/www.gruporecoletas.com\/noticias\/epoc-enfermedad-pulmonar-obstructiva-cronica\/"},"author":{"name":"Recoletas Red Hospitalaria","@id":"https:\/\/www.gruporecoletas.com\/noticias\/#\/schema\/person\/3c6ac429828d1f5e3d3bd99f4da9b02c"},"headline":"EPOC, Enfermedad Pulmonar Obstructiva Cr\u00f3nica","datePublished":"2019-03-01T11:39:38+00:00","dateModified":"2022-03-18T10:48:53+00:00","mainEntityOfPage":{"@id":"https:\/\/www.gruporecoletas.com\/noticias\/epoc-enfermedad-pulmonar-obstructiva-cronica\/"},"wordCount":868,"image":{"@id":"https:\/\/www.gruporecoletas.com\/noticias\/epoc-enfermedad-pulmonar-obstructiva-cronica\/#primaryimage"},"thumbnailUrl":"https:\/\/www.gruporecoletas.com\/noticias\/wp-content\/uploads\/2019\/03\/epoc.jpg","keywords":["Recoletas Salud N\u00ba16 - Enero 2019"],"articleSection":["Recoletas Salud","Unidad de Neumolog\u00eda"],"inLanguage":"es"},{"@type":"WebPage","@id":"https:\/\/www.gruporecoletas.com\/noticias\/epoc-enfermedad-pulmonar-obstructiva-cronica\/","url":"https:\/\/www.gruporecoletas.com\/noticias\/epoc-enfermedad-pulmonar-obstructiva-cronica\/","name":"EPOC, Enfermedad Pulmonar Obstructiva Cr\u00f3nica - Noticias Grupo Recoletas","isPartOf":{"@id":"https:\/\/www.gruporecoletas.com\/noticias\/#website"},"primaryImageOfPage":{"@id":"https:\/\/www.gruporecoletas.com\/noticias\/epoc-enfermedad-pulmonar-obstructiva-cronica\/#primaryimage"},"image":{"@id":"https:\/\/www.gruporecoletas.com\/noticias\/epoc-enfermedad-pulmonar-obstructiva-cronica\/#primaryimage"},"thumbnailUrl":"https:\/\/www.gruporecoletas.com\/noticias\/wp-content\/uploads\/2019\/03\/epoc.jpg","datePublished":"2019-03-01T11:39:38+00:00","dateModified":"2022-03-18T10:48:53+00:00","author":{"@id":"https:\/\/www.gruporecoletas.com\/noticias\/#\/schema\/person\/3c6ac429828d1f5e3d3bd99f4da9b02c"},"breadcrumb":{"@id":"https:\/\/www.gruporecoletas.com\/noticias\/epoc-enfermedad-pulmonar-obstructiva-cronica\/#breadcrumb"},"inLanguage":"es","potentialAction":[{"@type":"ReadAction","target":["https:\/\/www.gruporecoletas.com\/noticias\/epoc-enfermedad-pulmonar-obstructiva-cronica\/"]}]},{"@type":"ImageObject","inLanguage":"es","@id":"https:\/\/www.gruporecoletas.com\/noticias\/epoc-enfermedad-pulmonar-obstructiva-cronica\/#primaryimage","url":"https:\/\/www.gruporecoletas.com\/noticias\/wp-content\/uploads\/2019\/03\/epoc.jpg","contentUrl":"https:\/\/www.gruporecoletas.com\/noticias\/wp-content\/uploads\/2019\/03\/epoc.jpg","width":1400,"height":1120},{"@type":"BreadcrumbList","@id":"https:\/\/www.gruporecoletas.com\/noticias\/epoc-enfermedad-pulmonar-obstructiva-cronica\/#breadcrumb","itemListElement":[{"@type":"ListItem","position":1,"name":"Portada","item":"https:\/\/www.gruporecoletas.com\/noticias\/"},{"@type":"ListItem","position":2,"name":"EPOC, Enfermedad Pulmonar Obstructiva Cr\u00f3nica"}]},{"@type":"WebSite","@id":"https:\/\/www.gruporecoletas.com\/noticias\/#website","url":"https:\/\/www.gruporecoletas.com\/noticias\/","name":"Noticias Grupo Recoletas","description":"Grupo Recoletas","potentialAction":[{"@type":"SearchAction","target":{"@type":"EntryPoint","urlTemplate":"https:\/\/www.gruporecoletas.com\/noticias\/?s={search_term_string}"},"query-input":{"@type":"PropertyValueSpecification","valueRequired":true,"valueName":"search_term_string"}}],"inLanguage":"es"},{"@type":"Person","@id":"https:\/\/www.gruporecoletas.com\/noticias\/#\/schema\/person\/3c6ac429828d1f5e3d3bd99f4da9b02c","name":"Recoletas Red Hospitalaria","url":"https:\/\/www.gruporecoletas.com\/noticias\/author\/comunicacion\/"}]}},"_links":{"self":[{"href":"https:\/\/www.gruporecoletas.com\/noticias\/wp-json\/wp\/v2\/posts\/12031","targetHints":{"allow":["GET"]}}],"collection":[{"href":"https:\/\/www.gruporecoletas.com\/noticias\/wp-json\/wp\/v2\/posts"}],"about":[{"href":"https:\/\/www.gruporecoletas.com\/noticias\/wp-json\/wp\/v2\/types\/post"}],"author":[{"embeddable":true,"href":"https:\/\/www.gruporecoletas.com\/noticias\/wp-json\/wp\/v2\/users\/2"}],"replies":[{"embeddable":true,"href":"https:\/\/www.gruporecoletas.com\/noticias\/wp-json\/wp\/v2\/comments?post=12031"}],"version-history":[{"count":3,"href":"https:\/\/www.gruporecoletas.com\/noticias\/wp-json\/wp\/v2\/posts\/12031\/revisions"}],"predecessor-version":[{"id":12254,"href":"https:\/\/www.gruporecoletas.com\/noticias\/wp-json\/wp\/v2\/posts\/12031\/revisions\/12254"}],"wp:featuredmedia":[{"embeddable":true,"href":"https:\/\/www.gruporecoletas.com\/noticias\/wp-json\/wp\/v2\/media\/12033"}],"wp:attachment":[{"href":"https:\/\/www.gruporecoletas.com\/noticias\/wp-json\/wp\/v2\/media?parent=12031"}],"wp:term":[{"taxonomy":"category","embeddable":true,"href":"https:\/\/www.gruporecoletas.com\/noticias\/wp-json\/wp\/v2\/categories?post=12031"},{"taxonomy":"post_tag","embeddable":true,"href":"https:\/\/www.gruporecoletas.com\/noticias\/wp-json\/wp\/v2\/tags?post=12031"}],"curies":[{"name":"wp","href":"https:\/\/api.w.org\/{rel}","templated":true}]}}