{"id":12099,"date":"2018-12-18T16:46:21","date_gmt":"2018-12-18T16:46:21","guid":{"rendered":"https:\/\/www.gruporecoletas.com\/noticias\/?p=12099"},"modified":"2019-03-05T16:47:50","modified_gmt":"2019-03-05T16:47:50","slug":"servicio-de-terapia-ocupacional","status":"publish","type":"post","link":"https:\/\/www.gruporecoletas.com\/noticias\/servicio-de-terapia-ocupacional\/","title":{"rendered":"Servicio de Terapia Ocupacional"},"content":{"rendered":"\n<p><strong>Virginia Flores Riesco<\/strong> es la responsable del Servicio de Terapia Ocupacional del <a href=\"https:\/\/www.gruporecoletas.com\/centros-medicos\/centro-medico-recoletas-san-antonio\/\">Centro M\u00e9dico Recoletas San Antonio<\/a> y nos explica en qu\u00e9 consiste la Unidad de la Mejora de la Memoria.<\/p>\n\n\n\n<p>A partir de cierta edad nuestro cuerpo comienza a sufrir los estragos del envejecimiento. Pero normalmente tomamos mayor inter\u00e9s a los problemas f\u00edsicos sobre todo a los que causan dolor e incapacidad. <br>\nEsta regla no la aplicamos a nuestra salud mental, a partir de cierta edad nos olvidamos de ella. <\/p>\n\n\n\n<p>En el Centro M\u00e9dico Recoletas San Antonio estamos trabajando en el cuidado personalizado de la salud de la mente. Cualquier persona adulta a partir de los 40-50 a\u00f1os en adelante puede acudir y participar en las sesiones de mejora de la memoria.<\/p>\n\n\n\n<p>Otra de las funciones del Servicio de Terapia Ocupacional es tratar a pacientes con diferentes patolog\u00edas. Pacientes con alzheimer o demencia.<\/p>\n\n\n\n<p>Un punto importante de nuestro trabajo es educar a las familias en buenas pr\u00e1cticas hacia la persona que tienen estas patolog\u00edas.  Sobre todo, para que aprendan como es la patolog\u00eda, como va evolucionar y c\u00f3mo deben proceder en cada una de las fases de la enfermedad.<\/p>\n","protected":false},"excerpt":{"rendered":"<p>Virginia Flores Riesco es la responsable del Servicio de Terapia Ocupacional del Centro M\u00e9dico Recoletas San Antonio y nos explica en qu\u00e9 consiste la Unidad de la Mejora de la Memoria. A partir de cierta edad nuestro cuerpo comienza a sufrir los estragos del envejecimiento. Pero normalmente tomamos mayor inter\u00e9s a los problemas f\u00edsicos sobre [&hellip;]<\/p>\n","protected":false},"author":2,"featured_media":12100,"comment_status":"closed","ping_status":"closed","sticky":false,"template":"","format":"video","meta":{"_acf_changed":false,"footnotes":""},"categories":[11],"tags":[],"class_list":["post-12099","post","type-post","status-publish","format-video","has-post-thumbnail","hentry","category-palencia","post_format-post-format-video","has-post-video"],"acf":[],"yoast_head":"<!-- This site is optimized with the Yoast SEO Premium plugin v27.3 (Yoast SEO v27.3) - https:\/\/yoast.com\/product\/yoast-seo-premium-wordpress\/ -->\n<title>Servicio de Terapia Ocupacional - Noticias Grupo Recoletas<\/title>\n<meta name=\"robots\" content=\"index, follow, max-snippet:-1, max-image-preview:large, max-video-preview:-1\" \/>\n<link rel=\"canonical\" href=\"https:\/\/www.gruporecoletas.com\/noticias\/servicio-de-terapia-ocupacional\/\" \/>\n<meta property=\"og:locale\" content=\"es_ES\" \/>\n<meta property=\"og:type\" content=\"article\" \/>\n<meta property=\"og:title\" content=\"Servicio de Terapia Ocupacional\" \/>\n<meta property=\"og:description\" content=\"Virginia Flores Riesco es la responsable del Servicio de Terapia Ocupacional del Centro M\u00e9dico Recoletas San Antonio y nos explica en qu\u00e9 consiste la Unidad de la Mejora de la Memoria. A partir de cierta edad nuestro cuerpo comienza a sufrir los estragos del envejecimiento. Pero normalmente tomamos mayor inter\u00e9s a los problemas f\u00edsicos sobre [&hellip;]\" \/>\n<meta property=\"og:url\" content=\"https:\/\/www.gruporecoletas.com\/noticias\/servicio-de-terapia-ocupacional\/\" \/>\n<meta property=\"og:site_name\" content=\"Noticias Grupo Recoletas\" \/>\n<meta property=\"article:publisher\" content=\"https:\/\/www.facebook.com\/GrupoRecoletas\/\" \/>\n<meta property=\"article:published_time\" content=\"2018-12-18T16:46:21+00:00\" \/>\n<meta property=\"article:modified_time\" content=\"2019-03-05T16:47:50+00:00\" \/>\n<meta property=\"og:image\" content=\"https:\/\/www.gruporecoletas.com\/noticias\/wp-content\/uploads\/2019\/03\/Servicio-de-Terapia-Ocupacional.jpeg\" \/>\n\t<meta property=\"og:image:width\" content=\"1280\" \/>\n\t<meta property=\"og:image:height\" content=\"720\" \/>\n\t<meta property=\"og:image:type\" content=\"image\/jpeg\" \/>\n<meta name=\"author\" content=\"Recoletas Red Hospitalaria\" \/>\n<meta name=\"twitter:card\" content=\"summary_large_image\" \/>\n<meta name=\"twitter:creator\" content=\"@GrupoRecoletas\" \/>\n<meta name=\"twitter:site\" content=\"@GrupoRecoletas\" \/>\n<meta name=\"twitter:label1\" content=\"Escrito por\" \/>\n\t<meta name=\"twitter:data1\" content=\"Recoletas Red Hospitalaria\" \/>\n\t<meta name=\"twitter:label2\" content=\"Tiempo de lectura\" \/>\n\t<meta name=\"twitter:data2\" content=\"1 minuto\" \/>\n<script type=\"application\/ld+json\" class=\"yoast-schema-graph\">{\"@context\":\"https:\\\/\\\/schema.org\",\"@graph\":[{\"@type\":\"Article\",\"@id\":\"https:\\\/\\\/www.gruporecoletas.com\\\/noticias\\\/servicio-de-terapia-ocupacional\\\/#article\",\"isPartOf\":{\"@id\":\"https:\\\/\\\/www.gruporecoletas.com\\\/noticias\\\/servicio-de-terapia-ocupacional\\\/\"},\"author\":{\"name\":\"Recoletas Red Hospitalaria\",\"@id\":\"https:\\\/\\\/www.gruporecoletas.com\\\/noticias\\\/#\\\/schema\\\/person\\\/3c6ac429828d1f5e3d3bd99f4da9b02c\"},\"headline\":\"Servicio de Terapia Ocupacional\",\"datePublished\":\"2018-12-18T16:46:21+00:00\",\"dateModified\":\"2019-03-05T16:47:50+00:00\",\"mainEntityOfPage\":{\"@id\":\"https:\\\/\\\/www.gruporecoletas.com\\\/noticias\\\/servicio-de-terapia-ocupacional\\\/\"},\"wordCount\":204,\"image\":{\"@id\":\"https:\\\/\\\/www.gruporecoletas.com\\\/noticias\\\/servicio-de-terapia-ocupacional\\\/#primaryimage\"},\"thumbnailUrl\":\"https:\\\/\\\/www.gruporecoletas.com\\\/noticias\\\/wp-content\\\/uploads\\\/2019\\\/03\\\/Servicio-de-Terapia-Ocupacional.jpeg\",\"articleSection\":[\"Palencia\"],\"inLanguage\":\"es\"},{\"@type\":\"WebPage\",\"@id\":\"https:\\\/\\\/www.gruporecoletas.com\\\/noticias\\\/servicio-de-terapia-ocupacional\\\/\",\"url\":\"https:\\\/\\\/www.gruporecoletas.com\\\/noticias\\\/servicio-de-terapia-ocupacional\\\/\",\"name\":\"Servicio de Terapia Ocupacional - Noticias Grupo Recoletas\",\"isPartOf\":{\"@id\":\"https:\\\/\\\/www.gruporecoletas.com\\\/noticias\\\/#website\"},\"primaryImageOfPage\":{\"@id\":\"https:\\\/\\\/www.gruporecoletas.com\\\/noticias\\\/servicio-de-terapia-ocupacional\\\/#primaryimage\"},\"image\":{\"@id\":\"https:\\\/\\\/www.gruporecoletas.com\\\/noticias\\\/servicio-de-terapia-ocupacional\\\/#primaryimage\"},\"thumbnailUrl\":\"https:\\\/\\\/www.gruporecoletas.com\\\/noticias\\\/wp-content\\\/uploads\\\/2019\\\/03\\\/Servicio-de-Terapia-Ocupacional.jpeg\",\"datePublished\":\"2018-12-18T16:46:21+00:00\",\"dateModified\":\"2019-03-05T16:47:50+00:00\",\"author\":{\"@id\":\"https:\\\/\\\/www.gruporecoletas.com\\\/noticias\\\/#\\\/schema\\\/person\\\/3c6ac429828d1f5e3d3bd99f4da9b02c\"},\"breadcrumb\":{\"@id\":\"https:\\\/\\\/www.gruporecoletas.com\\\/noticias\\\/servicio-de-terapia-ocupacional\\\/#breadcrumb\"},\"inLanguage\":\"es\",\"potentialAction\":[{\"@type\":\"ReadAction\",\"target\":[\"https:\\\/\\\/www.gruporecoletas.com\\\/noticias\\\/servicio-de-terapia-ocupacional\\\/\"]}]},{\"@type\":\"ImageObject\",\"inLanguage\":\"es\",\"@id\":\"https:\\\/\\\/www.gruporecoletas.com\\\/noticias\\\/servicio-de-terapia-ocupacional\\\/#primaryimage\",\"url\":\"https:\\\/\\\/www.gruporecoletas.com\\\/noticias\\\/wp-content\\\/uploads\\\/2019\\\/03\\\/Servicio-de-Terapia-Ocupacional.jpeg\",\"contentUrl\":\"https:\\\/\\\/www.gruporecoletas.com\\\/noticias\\\/wp-content\\\/uploads\\\/2019\\\/03\\\/Servicio-de-Terapia-Ocupacional.jpeg\",\"width\":1280,\"height\":720},{\"@type\":\"BreadcrumbList\",\"@id\":\"https:\\\/\\\/www.gruporecoletas.com\\\/noticias\\\/servicio-de-terapia-ocupacional\\\/#breadcrumb\",\"itemListElement\":[{\"@type\":\"ListItem\",\"position\":1,\"name\":\"Portada\",\"item\":\"https:\\\/\\\/www.gruporecoletas.com\\\/noticias\\\/\"},{\"@type\":\"ListItem\",\"position\":2,\"name\":\"Servicio de Terapia Ocupacional\"}]},{\"@type\":\"WebSite\",\"@id\":\"https:\\\/\\\/www.gruporecoletas.com\\\/noticias\\\/#website\",\"url\":\"https:\\\/\\\/www.gruporecoletas.com\\\/noticias\\\/\",\"name\":\"Noticias Grupo Recoletas\",\"description\":\"Grupo Recoletas\",\"potentialAction\":[{\"@type\":\"SearchAction\",\"target\":{\"@type\":\"EntryPoint\",\"urlTemplate\":\"https:\\\/\\\/www.gruporecoletas.com\\\/noticias\\\/?s={search_term_string}\"},\"query-input\":{\"@type\":\"PropertyValueSpecification\",\"valueRequired\":true,\"valueName\":\"search_term_string\"}}],\"inLanguage\":\"es\"},{\"@type\":\"Person\",\"@id\":\"https:\\\/\\\/www.gruporecoletas.com\\\/noticias\\\/#\\\/schema\\\/person\\\/3c6ac429828d1f5e3d3bd99f4da9b02c\",\"name\":\"Recoletas Red Hospitalaria\",\"url\":\"https:\\\/\\\/www.gruporecoletas.com\\\/noticias\\\/author\\\/comunicacion\\\/\"}]}<\/script>\n<!-- \/ Yoast SEO Premium plugin. -->","yoast_head_json":{"title":"Servicio de Terapia Ocupacional - Noticias Grupo Recoletas","robots":{"index":"index","follow":"follow","max-snippet":"max-snippet:-1","max-image-preview":"max-image-preview:large","max-video-preview":"max-video-preview:-1"},"canonical":"https:\/\/www.gruporecoletas.com\/noticias\/servicio-de-terapia-ocupacional\/","og_locale":"es_ES","og_type":"article","og_title":"Servicio de Terapia Ocupacional","og_description":"Virginia Flores Riesco es la responsable del Servicio de Terapia Ocupacional del Centro M\u00e9dico Recoletas San Antonio y nos explica en qu\u00e9 consiste la Unidad de la Mejora de la Memoria. A partir de cierta edad nuestro cuerpo comienza a sufrir los estragos del envejecimiento. Pero normalmente tomamos mayor inter\u00e9s a los problemas f\u00edsicos sobre [&hellip;]","og_url":"https:\/\/www.gruporecoletas.com\/noticias\/servicio-de-terapia-ocupacional\/","og_site_name":"Noticias Grupo Recoletas","article_publisher":"https:\/\/www.facebook.com\/GrupoRecoletas\/","article_published_time":"2018-12-18T16:46:21+00:00","article_modified_time":"2019-03-05T16:47:50+00:00","og_image":[{"width":1280,"height":720,"url":"https:\/\/www.gruporecoletas.com\/noticias\/wp-content\/uploads\/2019\/03\/Servicio-de-Terapia-Ocupacional.jpeg","type":"image\/jpeg"}],"author":"Recoletas Red Hospitalaria","twitter_card":"summary_large_image","twitter_creator":"@GrupoRecoletas","twitter_site":"@GrupoRecoletas","twitter_misc":{"Escrito por":"Recoletas Red Hospitalaria","Tiempo de lectura":"1 minuto"},"schema":{"@context":"https:\/\/schema.org","@graph":[{"@type":"Article","@id":"https:\/\/www.gruporecoletas.com\/noticias\/servicio-de-terapia-ocupacional\/#article","isPartOf":{"@id":"https:\/\/www.gruporecoletas.com\/noticias\/servicio-de-terapia-ocupacional\/"},"author":{"name":"Recoletas Red Hospitalaria","@id":"https:\/\/www.gruporecoletas.com\/noticias\/#\/schema\/person\/3c6ac429828d1f5e3d3bd99f4da9b02c"},"headline":"Servicio de Terapia Ocupacional","datePublished":"2018-12-18T16:46:21+00:00","dateModified":"2019-03-05T16:47:50+00:00","mainEntityOfPage":{"@id":"https:\/\/www.gruporecoletas.com\/noticias\/servicio-de-terapia-ocupacional\/"},"wordCount":204,"image":{"@id":"https:\/\/www.gruporecoletas.com\/noticias\/servicio-de-terapia-ocupacional\/#primaryimage"},"thumbnailUrl":"https:\/\/www.gruporecoletas.com\/noticias\/wp-content\/uploads\/2019\/03\/Servicio-de-Terapia-Ocupacional.jpeg","articleSection":["Palencia"],"inLanguage":"es"},{"@type":"WebPage","@id":"https:\/\/www.gruporecoletas.com\/noticias\/servicio-de-terapia-ocupacional\/","url":"https:\/\/www.gruporecoletas.com\/noticias\/servicio-de-terapia-ocupacional\/","name":"Servicio de Terapia Ocupacional - Noticias Grupo Recoletas","isPartOf":{"@id":"https:\/\/www.gruporecoletas.com\/noticias\/#website"},"primaryImageOfPage":{"@id":"https:\/\/www.gruporecoletas.com\/noticias\/servicio-de-terapia-ocupacional\/#primaryimage"},"image":{"@id":"https:\/\/www.gruporecoletas.com\/noticias\/servicio-de-terapia-ocupacional\/#primaryimage"},"thumbnailUrl":"https:\/\/www.gruporecoletas.com\/noticias\/wp-content\/uploads\/2019\/03\/Servicio-de-Terapia-Ocupacional.jpeg","datePublished":"2018-12-18T16:46:21+00:00","dateModified":"2019-03-05T16:47:50+00:00","author":{"@id":"https:\/\/www.gruporecoletas.com\/noticias\/#\/schema\/person\/3c6ac429828d1f5e3d3bd99f4da9b02c"},"breadcrumb":{"@id":"https:\/\/www.gruporecoletas.com\/noticias\/servicio-de-terapia-ocupacional\/#breadcrumb"},"inLanguage":"es","potentialAction":[{"@type":"ReadAction","target":["https:\/\/www.gruporecoletas.com\/noticias\/servicio-de-terapia-ocupacional\/"]}]},{"@type":"ImageObject","inLanguage":"es","@id":"https:\/\/www.gruporecoletas.com\/noticias\/servicio-de-terapia-ocupacional\/#primaryimage","url":"https:\/\/www.gruporecoletas.com\/noticias\/wp-content\/uploads\/2019\/03\/Servicio-de-Terapia-Ocupacional.jpeg","contentUrl":"https:\/\/www.gruporecoletas.com\/noticias\/wp-content\/uploads\/2019\/03\/Servicio-de-Terapia-Ocupacional.jpeg","width":1280,"height":720},{"@type":"BreadcrumbList","@id":"https:\/\/www.gruporecoletas.com\/noticias\/servicio-de-terapia-ocupacional\/#breadcrumb","itemListElement":[{"@type":"ListItem","position":1,"name":"Portada","item":"https:\/\/www.gruporecoletas.com\/noticias\/"},{"@type":"ListItem","position":2,"name":"Servicio de Terapia Ocupacional"}]},{"@type":"WebSite","@id":"https:\/\/www.gruporecoletas.com\/noticias\/#website","url":"https:\/\/www.gruporecoletas.com\/noticias\/","name":"Noticias Grupo Recoletas","description":"Grupo Recoletas","potentialAction":[{"@type":"SearchAction","target":{"@type":"EntryPoint","urlTemplate":"https:\/\/www.gruporecoletas.com\/noticias\/?s={search_term_string}"},"query-input":{"@type":"PropertyValueSpecification","valueRequired":true,"valueName":"search_term_string"}}],"inLanguage":"es"},{"@type":"Person","@id":"https:\/\/www.gruporecoletas.com\/noticias\/#\/schema\/person\/3c6ac429828d1f5e3d3bd99f4da9b02c","name":"Recoletas Red Hospitalaria","url":"https:\/\/www.gruporecoletas.com\/noticias\/author\/comunicacion\/"}]}},"_links":{"self":[{"href":"https:\/\/www.gruporecoletas.com\/noticias\/wp-json\/wp\/v2\/posts\/12099","targetHints":{"allow":["GET"]}}],"collection":[{"href":"https:\/\/www.gruporecoletas.com\/noticias\/wp-json\/wp\/v2\/posts"}],"about":[{"href":"https:\/\/www.gruporecoletas.com\/noticias\/wp-json\/wp\/v2\/types\/post"}],"author":[{"embeddable":true,"href":"https:\/\/www.gruporecoletas.com\/noticias\/wp-json\/wp\/v2\/users\/2"}],"replies":[{"embeddable":true,"href":"https:\/\/www.gruporecoletas.com\/noticias\/wp-json\/wp\/v2\/comments?post=12099"}],"version-history":[{"count":1,"href":"https:\/\/www.gruporecoletas.com\/noticias\/wp-json\/wp\/v2\/posts\/12099\/revisions"}],"predecessor-version":[{"id":12101,"href":"https:\/\/www.gruporecoletas.com\/noticias\/wp-json\/wp\/v2\/posts\/12099\/revisions\/12101"}],"wp:featuredmedia":[{"embeddable":true,"href":"https:\/\/www.gruporecoletas.com\/noticias\/wp-json\/wp\/v2\/media\/12100"}],"wp:attachment":[{"href":"https:\/\/www.gruporecoletas.com\/noticias\/wp-json\/wp\/v2\/media?parent=12099"}],"wp:term":[{"taxonomy":"category","embeddable":true,"href":"https:\/\/www.gruporecoletas.com\/noticias\/wp-json\/wp\/v2\/categories?post=12099"},{"taxonomy":"post_tag","embeddable":true,"href":"https:\/\/www.gruporecoletas.com\/noticias\/wp-json\/wp\/v2\/tags?post=12099"}],"curies":[{"name":"wp","href":"https:\/\/api.w.org\/{rel}","templated":true}]}}