{"id":12178,"date":"2018-09-10T19:34:06","date_gmt":"2018-09-10T19:34:06","guid":{"rendered":"https:\/\/www.gruporecoletas.com\/noticias\/?p=12178"},"modified":"2019-03-05T19:36:49","modified_gmt":"2019-03-05T19:36:49","slug":"semana-europea-del-cancer-de-pulmon","status":"publish","type":"post","link":"https:\/\/www.gruporecoletas.com\/noticias\/semana-europea-del-cancer-de-pulmon\/","title":{"rendered":"Semana Europea del C\u00e1ncer de Pulm\u00f3n"},"content":{"rendered":"\n<p>Del 10 al 17 de Septiembre se celebra la <strong>Semana Europea del C\u00e1ncer de Pulm\u00f3n<\/strong> para concienciar a la poblaci\u00f3n acerca de los malos h\u00e1bitos que pueden provocar esta enfermedad, los s\u00edntomas que presentan los pacientes que la padecen y las terribles consecuencias que conlleva vivirla.<\/p>\n\n\n\n<p><strong>El c\u00e1ncer de pulm\u00f3n es uno de los m\u00e1s frecuentes en el mundo y es el que tiene el mayor \u00edndice de mortalidad registrado.<\/strong><\/p>\n","protected":false},"excerpt":{"rendered":"<p>Del 10 al 17 de Septiembre se celebra la Semana Europea del C\u00e1ncer de Pulm\u00f3n para concienciar a la poblaci\u00f3n acerca de los malos h\u00e1bitos que pueden provocar esta enfermedad, los s\u00edntomas que presentan los pacientes que la padecen y las terribles consecuencias que conlleva vivirla. El c\u00e1ncer de pulm\u00f3n es uno de los m\u00e1s [&hellip;]<\/p>\n","protected":false},"author":2,"featured_media":12179,"comment_status":"closed","ping_status":"closed","sticky":false,"template":"","format":"video","meta":{"_acf_changed":false,"footnotes":""},"categories":[48],"tags":[],"class_list":["post-12178","post","type-post","status-publish","format-video","has-post-thumbnail","hentry","category-prevencion","post_format-post-format-video","has-post-video"],"acf":[],"yoast_head":"<!-- This site is optimized with the Yoast SEO Premium plugin v27.3 (Yoast SEO v27.3) - https:\/\/yoast.com\/product\/yoast-seo-premium-wordpress\/ -->\n<title>Semana Europea del C\u00e1ncer de Pulm\u00f3n - Noticias Grupo Recoletas<\/title>\n<meta name=\"robots\" content=\"index, follow, max-snippet:-1, max-image-preview:large, max-video-preview:-1\" \/>\n<link rel=\"canonical\" href=\"https:\/\/www.gruporecoletas.com\/noticias\/semana-europea-del-cancer-de-pulmon\/\" \/>\n<meta property=\"og:locale\" content=\"es_ES\" \/>\n<meta property=\"og:type\" content=\"article\" \/>\n<meta property=\"og:title\" content=\"Semana Europea del C\u00e1ncer de Pulm\u00f3n\" \/>\n<meta property=\"og:description\" content=\"Del 10 al 17 de Septiembre se celebra la Semana Europea del C\u00e1ncer de Pulm\u00f3n para concienciar a la poblaci\u00f3n acerca de los malos h\u00e1bitos que pueden provocar esta enfermedad, los s\u00edntomas que presentan los pacientes que la padecen y las terribles consecuencias que conlleva vivirla. El c\u00e1ncer de pulm\u00f3n es uno de los m\u00e1s [&hellip;]\" \/>\n<meta property=\"og:url\" content=\"https:\/\/www.gruporecoletas.com\/noticias\/semana-europea-del-cancer-de-pulmon\/\" \/>\n<meta property=\"og:site_name\" content=\"Noticias Grupo Recoletas\" \/>\n<meta property=\"article:publisher\" content=\"https:\/\/www.facebook.com\/GrupoRecoletas\/\" \/>\n<meta property=\"article:published_time\" content=\"2018-09-10T19:34:06+00:00\" \/>\n<meta property=\"article:modified_time\" content=\"2019-03-05T19:36:49+00:00\" \/>\n<meta property=\"og:image\" content=\"https:\/\/www.gruporecoletas.com\/noticias\/wp-content\/uploads\/2019\/03\/Semana-Europea-del-C\u00e1ncer-de-Pulm\u00f3n.jpeg\" \/>\n\t<meta property=\"og:image:width\" content=\"1280\" \/>\n\t<meta property=\"og:image:height\" content=\"720\" \/>\n\t<meta property=\"og:image:type\" content=\"image\/jpeg\" \/>\n<meta name=\"author\" content=\"Recoletas Red Hospitalaria\" \/>\n<meta name=\"twitter:card\" content=\"summary_large_image\" \/>\n<meta name=\"twitter:creator\" content=\"@GrupoRecoletas\" \/>\n<meta name=\"twitter:site\" content=\"@GrupoRecoletas\" \/>\n<meta name=\"twitter:label1\" content=\"Escrito por\" \/>\n\t<meta name=\"twitter:data1\" content=\"Recoletas Red Hospitalaria\" \/>\n<script type=\"application\/ld+json\" class=\"yoast-schema-graph\">{\"@context\":\"https:\\\/\\\/schema.org\",\"@graph\":[{\"@type\":\"Article\",\"@id\":\"https:\\\/\\\/www.gruporecoletas.com\\\/noticias\\\/semana-europea-del-cancer-de-pulmon\\\/#article\",\"isPartOf\":{\"@id\":\"https:\\\/\\\/www.gruporecoletas.com\\\/noticias\\\/semana-europea-del-cancer-de-pulmon\\\/\"},\"author\":{\"name\":\"Recoletas Red Hospitalaria\",\"@id\":\"https:\\\/\\\/www.gruporecoletas.com\\\/noticias\\\/#\\\/schema\\\/person\\\/3c6ac429828d1f5e3d3bd99f4da9b02c\"},\"headline\":\"Semana Europea del C\u00e1ncer de Pulm\u00f3n\",\"datePublished\":\"2018-09-10T19:34:06+00:00\",\"dateModified\":\"2019-03-05T19:36:49+00:00\",\"mainEntityOfPage\":{\"@id\":\"https:\\\/\\\/www.gruporecoletas.com\\\/noticias\\\/semana-europea-del-cancer-de-pulmon\\\/\"},\"wordCount\":84,\"image\":{\"@id\":\"https:\\\/\\\/www.gruporecoletas.com\\\/noticias\\\/semana-europea-del-cancer-de-pulmon\\\/#primaryimage\"},\"thumbnailUrl\":\"https:\\\/\\\/www.gruporecoletas.com\\\/noticias\\\/wp-content\\\/uploads\\\/2019\\\/03\\\/Semana-Europea-del-C\u00e1ncer-de-Pulm\u00f3n.jpeg\",\"articleSection\":[\"Prevenci\u00f3n\"],\"inLanguage\":\"es\"},{\"@type\":\"WebPage\",\"@id\":\"https:\\\/\\\/www.gruporecoletas.com\\\/noticias\\\/semana-europea-del-cancer-de-pulmon\\\/\",\"url\":\"https:\\\/\\\/www.gruporecoletas.com\\\/noticias\\\/semana-europea-del-cancer-de-pulmon\\\/\",\"name\":\"Semana Europea del C\u00e1ncer de Pulm\u00f3n - Noticias Grupo Recoletas\",\"isPartOf\":{\"@id\":\"https:\\\/\\\/www.gruporecoletas.com\\\/noticias\\\/#website\"},\"primaryImageOfPage\":{\"@id\":\"https:\\\/\\\/www.gruporecoletas.com\\\/noticias\\\/semana-europea-del-cancer-de-pulmon\\\/#primaryimage\"},\"image\":{\"@id\":\"https:\\\/\\\/www.gruporecoletas.com\\\/noticias\\\/semana-europea-del-cancer-de-pulmon\\\/#primaryimage\"},\"thumbnailUrl\":\"https:\\\/\\\/www.gruporecoletas.com\\\/noticias\\\/wp-content\\\/uploads\\\/2019\\\/03\\\/Semana-Europea-del-C\u00e1ncer-de-Pulm\u00f3n.jpeg\",\"datePublished\":\"2018-09-10T19:34:06+00:00\",\"dateModified\":\"2019-03-05T19:36:49+00:00\",\"author\":{\"@id\":\"https:\\\/\\\/www.gruporecoletas.com\\\/noticias\\\/#\\\/schema\\\/person\\\/3c6ac429828d1f5e3d3bd99f4da9b02c\"},\"breadcrumb\":{\"@id\":\"https:\\\/\\\/www.gruporecoletas.com\\\/noticias\\\/semana-europea-del-cancer-de-pulmon\\\/#breadcrumb\"},\"inLanguage\":\"es\",\"potentialAction\":[{\"@type\":\"ReadAction\",\"target\":[\"https:\\\/\\\/www.gruporecoletas.com\\\/noticias\\\/semana-europea-del-cancer-de-pulmon\\\/\"]}]},{\"@type\":\"ImageObject\",\"inLanguage\":\"es\",\"@id\":\"https:\\\/\\\/www.gruporecoletas.com\\\/noticias\\\/semana-europea-del-cancer-de-pulmon\\\/#primaryimage\",\"url\":\"https:\\\/\\\/www.gruporecoletas.com\\\/noticias\\\/wp-content\\\/uploads\\\/2019\\\/03\\\/Semana-Europea-del-C\u00e1ncer-de-Pulm\u00f3n.jpeg\",\"contentUrl\":\"https:\\\/\\\/www.gruporecoletas.com\\\/noticias\\\/wp-content\\\/uploads\\\/2019\\\/03\\\/Semana-Europea-del-C\u00e1ncer-de-Pulm\u00f3n.jpeg\",\"width\":1280,\"height\":720},{\"@type\":\"BreadcrumbList\",\"@id\":\"https:\\\/\\\/www.gruporecoletas.com\\\/noticias\\\/semana-europea-del-cancer-de-pulmon\\\/#breadcrumb\",\"itemListElement\":[{\"@type\":\"ListItem\",\"position\":1,\"name\":\"Portada\",\"item\":\"https:\\\/\\\/www.gruporecoletas.com\\\/noticias\\\/\"},{\"@type\":\"ListItem\",\"position\":2,\"name\":\"Semana Europea del C\u00e1ncer de Pulm\u00f3n\"}]},{\"@type\":\"WebSite\",\"@id\":\"https:\\\/\\\/www.gruporecoletas.com\\\/noticias\\\/#website\",\"url\":\"https:\\\/\\\/www.gruporecoletas.com\\\/noticias\\\/\",\"name\":\"Noticias Grupo Recoletas\",\"description\":\"Grupo Recoletas\",\"potentialAction\":[{\"@type\":\"SearchAction\",\"target\":{\"@type\":\"EntryPoint\",\"urlTemplate\":\"https:\\\/\\\/www.gruporecoletas.com\\\/noticias\\\/?s={search_term_string}\"},\"query-input\":{\"@type\":\"PropertyValueSpecification\",\"valueRequired\":true,\"valueName\":\"search_term_string\"}}],\"inLanguage\":\"es\"},{\"@type\":\"Person\",\"@id\":\"https:\\\/\\\/www.gruporecoletas.com\\\/noticias\\\/#\\\/schema\\\/person\\\/3c6ac429828d1f5e3d3bd99f4da9b02c\",\"name\":\"Recoletas Red Hospitalaria\",\"url\":\"https:\\\/\\\/www.gruporecoletas.com\\\/noticias\\\/author\\\/comunicacion\\\/\"}]}<\/script>\n<!-- \/ Yoast SEO Premium plugin. -->","yoast_head_json":{"title":"Semana Europea del C\u00e1ncer de Pulm\u00f3n - Noticias Grupo Recoletas","robots":{"index":"index","follow":"follow","max-snippet":"max-snippet:-1","max-image-preview":"max-image-preview:large","max-video-preview":"max-video-preview:-1"},"canonical":"https:\/\/www.gruporecoletas.com\/noticias\/semana-europea-del-cancer-de-pulmon\/","og_locale":"es_ES","og_type":"article","og_title":"Semana Europea del C\u00e1ncer de Pulm\u00f3n","og_description":"Del 10 al 17 de Septiembre se celebra la Semana Europea del C\u00e1ncer de Pulm\u00f3n para concienciar a la poblaci\u00f3n acerca de los malos h\u00e1bitos que pueden provocar esta enfermedad, los s\u00edntomas que presentan los pacientes que la padecen y las terribles consecuencias que conlleva vivirla. El c\u00e1ncer de pulm\u00f3n es uno de los m\u00e1s [&hellip;]","og_url":"https:\/\/www.gruporecoletas.com\/noticias\/semana-europea-del-cancer-de-pulmon\/","og_site_name":"Noticias Grupo Recoletas","article_publisher":"https:\/\/www.facebook.com\/GrupoRecoletas\/","article_published_time":"2018-09-10T19:34:06+00:00","article_modified_time":"2019-03-05T19:36:49+00:00","og_image":[{"width":1280,"height":720,"url":"https:\/\/www.gruporecoletas.com\/noticias\/wp-content\/uploads\/2019\/03\/Semana-Europea-del-C\u00e1ncer-de-Pulm\u00f3n.jpeg","type":"image\/jpeg"}],"author":"Recoletas Red Hospitalaria","twitter_card":"summary_large_image","twitter_creator":"@GrupoRecoletas","twitter_site":"@GrupoRecoletas","twitter_misc":{"Escrito por":"Recoletas Red Hospitalaria"},"schema":{"@context":"https:\/\/schema.org","@graph":[{"@type":"Article","@id":"https:\/\/www.gruporecoletas.com\/noticias\/semana-europea-del-cancer-de-pulmon\/#article","isPartOf":{"@id":"https:\/\/www.gruporecoletas.com\/noticias\/semana-europea-del-cancer-de-pulmon\/"},"author":{"name":"Recoletas Red Hospitalaria","@id":"https:\/\/www.gruporecoletas.com\/noticias\/#\/schema\/person\/3c6ac429828d1f5e3d3bd99f4da9b02c"},"headline":"Semana Europea del C\u00e1ncer de Pulm\u00f3n","datePublished":"2018-09-10T19:34:06+00:00","dateModified":"2019-03-05T19:36:49+00:00","mainEntityOfPage":{"@id":"https:\/\/www.gruporecoletas.com\/noticias\/semana-europea-del-cancer-de-pulmon\/"},"wordCount":84,"image":{"@id":"https:\/\/www.gruporecoletas.com\/noticias\/semana-europea-del-cancer-de-pulmon\/#primaryimage"},"thumbnailUrl":"https:\/\/www.gruporecoletas.com\/noticias\/wp-content\/uploads\/2019\/03\/Semana-Europea-del-C\u00e1ncer-de-Pulm\u00f3n.jpeg","articleSection":["Prevenci\u00f3n"],"inLanguage":"es"},{"@type":"WebPage","@id":"https:\/\/www.gruporecoletas.com\/noticias\/semana-europea-del-cancer-de-pulmon\/","url":"https:\/\/www.gruporecoletas.com\/noticias\/semana-europea-del-cancer-de-pulmon\/","name":"Semana Europea del C\u00e1ncer de Pulm\u00f3n - Noticias Grupo Recoletas","isPartOf":{"@id":"https:\/\/www.gruporecoletas.com\/noticias\/#website"},"primaryImageOfPage":{"@id":"https:\/\/www.gruporecoletas.com\/noticias\/semana-europea-del-cancer-de-pulmon\/#primaryimage"},"image":{"@id":"https:\/\/www.gruporecoletas.com\/noticias\/semana-europea-del-cancer-de-pulmon\/#primaryimage"},"thumbnailUrl":"https:\/\/www.gruporecoletas.com\/noticias\/wp-content\/uploads\/2019\/03\/Semana-Europea-del-C\u00e1ncer-de-Pulm\u00f3n.jpeg","datePublished":"2018-09-10T19:34:06+00:00","dateModified":"2019-03-05T19:36:49+00:00","author":{"@id":"https:\/\/www.gruporecoletas.com\/noticias\/#\/schema\/person\/3c6ac429828d1f5e3d3bd99f4da9b02c"},"breadcrumb":{"@id":"https:\/\/www.gruporecoletas.com\/noticias\/semana-europea-del-cancer-de-pulmon\/#breadcrumb"},"inLanguage":"es","potentialAction":[{"@type":"ReadAction","target":["https:\/\/www.gruporecoletas.com\/noticias\/semana-europea-del-cancer-de-pulmon\/"]}]},{"@type":"ImageObject","inLanguage":"es","@id":"https:\/\/www.gruporecoletas.com\/noticias\/semana-europea-del-cancer-de-pulmon\/#primaryimage","url":"https:\/\/www.gruporecoletas.com\/noticias\/wp-content\/uploads\/2019\/03\/Semana-Europea-del-C\u00e1ncer-de-Pulm\u00f3n.jpeg","contentUrl":"https:\/\/www.gruporecoletas.com\/noticias\/wp-content\/uploads\/2019\/03\/Semana-Europea-del-C\u00e1ncer-de-Pulm\u00f3n.jpeg","width":1280,"height":720},{"@type":"BreadcrumbList","@id":"https:\/\/www.gruporecoletas.com\/noticias\/semana-europea-del-cancer-de-pulmon\/#breadcrumb","itemListElement":[{"@type":"ListItem","position":1,"name":"Portada","item":"https:\/\/www.gruporecoletas.com\/noticias\/"},{"@type":"ListItem","position":2,"name":"Semana Europea del C\u00e1ncer de Pulm\u00f3n"}]},{"@type":"WebSite","@id":"https:\/\/www.gruporecoletas.com\/noticias\/#website","url":"https:\/\/www.gruporecoletas.com\/noticias\/","name":"Noticias Grupo Recoletas","description":"Grupo Recoletas","potentialAction":[{"@type":"SearchAction","target":{"@type":"EntryPoint","urlTemplate":"https:\/\/www.gruporecoletas.com\/noticias\/?s={search_term_string}"},"query-input":{"@type":"PropertyValueSpecification","valueRequired":true,"valueName":"search_term_string"}}],"inLanguage":"es"},{"@type":"Person","@id":"https:\/\/www.gruporecoletas.com\/noticias\/#\/schema\/person\/3c6ac429828d1f5e3d3bd99f4da9b02c","name":"Recoletas Red Hospitalaria","url":"https:\/\/www.gruporecoletas.com\/noticias\/author\/comunicacion\/"}]}},"_links":{"self":[{"href":"https:\/\/www.gruporecoletas.com\/noticias\/wp-json\/wp\/v2\/posts\/12178","targetHints":{"allow":["GET"]}}],"collection":[{"href":"https:\/\/www.gruporecoletas.com\/noticias\/wp-json\/wp\/v2\/posts"}],"about":[{"href":"https:\/\/www.gruporecoletas.com\/noticias\/wp-json\/wp\/v2\/types\/post"}],"author":[{"embeddable":true,"href":"https:\/\/www.gruporecoletas.com\/noticias\/wp-json\/wp\/v2\/users\/2"}],"replies":[{"embeddable":true,"href":"https:\/\/www.gruporecoletas.com\/noticias\/wp-json\/wp\/v2\/comments?post=12178"}],"version-history":[{"count":1,"href":"https:\/\/www.gruporecoletas.com\/noticias\/wp-json\/wp\/v2\/posts\/12178\/revisions"}],"predecessor-version":[{"id":12180,"href":"https:\/\/www.gruporecoletas.com\/noticias\/wp-json\/wp\/v2\/posts\/12178\/revisions\/12180"}],"wp:featuredmedia":[{"embeddable":true,"href":"https:\/\/www.gruporecoletas.com\/noticias\/wp-json\/wp\/v2\/media\/12179"}],"wp:attachment":[{"href":"https:\/\/www.gruporecoletas.com\/noticias\/wp-json\/wp\/v2\/media?parent=12178"}],"wp:term":[{"taxonomy":"category","embeddable":true,"href":"https:\/\/www.gruporecoletas.com\/noticias\/wp-json\/wp\/v2\/categories?post=12178"},{"taxonomy":"post_tag","embeddable":true,"href":"https:\/\/www.gruporecoletas.com\/noticias\/wp-json\/wp\/v2\/tags?post=12178"}],"curies":[{"name":"wp","href":"https:\/\/api.w.org\/{rel}","templated":true}]}}