{"id":12221,"date":"2019-03-08T12:25:28","date_gmt":"2019-03-08T12:25:28","guid":{"rendered":"https:\/\/www.gruporecoletas.com\/noticias\/?p=12221"},"modified":"2019-03-08T12:27:00","modified_gmt":"2019-03-08T12:27:00","slug":"8-marzo-dia-de-la-mujer","status":"publish","type":"post","link":"https:\/\/www.gruporecoletas.com\/noticias\/8-marzo-dia-de-la-mujer\/","title":{"rendered":"8 Marzo D\u00eda de la Mujer"},"content":{"rendered":"\n<p>Hoy 8 de marzo es el <strong>D\u00eda Internacional de la Mujer<\/strong>. Y para celebrarlo queremos rendir homenaje a 8 mujeres que han tenido un papel determinante en la <em><strong>Historia de la Medicina<\/strong><\/em>.<\/p>\n\n\n\n<p><strong>Metrodora (200-400 d.C)<\/strong><br> M\u00e9dica griega autora del texto m\u00e9dico m\u00e1s antiguo conocido escrito por una mujer, sobre las enfermedades y cuidados de las mujeres.<\/p>\n\n\n\n<p><strong>Florence Nightingale (1820-1910)<\/strong><br> Fue una enfermera, escritora y estad\u00edstica brit\u00e1nica, considerada precursora de la enfermer\u00eda profesional moderna y creadora del primer modelo conceptual de enfermer\u00eda.<\/p>\n\n\n\n<p>E<strong>lizabeth Blackwell (1821-1910)<\/strong><br> Fue la primera mujer que logr\u00f3 ejercer la profesi\u00f3n como m\u00e9dico en todo el mundo. Su postulaci\u00f3n fue rechazada en diez escuelas de Medicina.<\/p>\n\n\n\n<p><strong>Marie Curie (1867-1934)<\/strong><br> Cient\u00edfica polaca pionera en el campo de la radiactividad. Fue la primera persona en recibir dos premios Nobel en distintas especialidades (F\u00edsica y Qu\u00edmica).<\/p>\n\n\n\n<p><strong>Margaret Sanger (1879-1966)<\/strong><br> Enfermera estadounidense que fund\u00f3 la primera instituci\u00f3n de planificaci\u00f3n familiar de la historia.<\/p>\n\n\n\n<p><strong>Rosalind Franklin (1920-1958)<\/strong><br> Fue una qu\u00edmica y cristal\u00f3grafa responsable de importantes contribuciones a la comprensi\u00f3n de la estructura del ADN.<\/p>\n\n\n\n<p><strong>Gertrude Belle Elion (1918-1999)<\/strong><br> Bioqu\u00edmica y farmac\u00f3loga que recibi\u00f3 en 1988 el Premio Nobel de Fisiolog\u00eda y Medicina. <\/p>\n\n\n\n<p><strong>Francoise Barr\u00e9-Sinoussi (1947..)<\/strong><br> Es una bioqu\u00edmica francesa y l\u00edder de la lucha contra el VIH en Francia. Fue galardonada con el Premio Nobel de Medicina 2008.<\/p>\n","protected":false},"excerpt":{"rendered":"<p>Hoy 8 de marzo es el D\u00eda Internacional de la Mujer. Y para celebrarlo queremos rendir homenaje a 8 mujeres que han tenido un papel determinante en la Historia de la Medicina. Metrodora (200-400 d.C) M\u00e9dica griega autora del texto m\u00e9dico m\u00e1s antiguo conocido escrito por una mujer, sobre las enfermedades y cuidados de las [&hellip;]<\/p>\n","protected":false},"author":2,"featured_media":12222,"comment_status":"closed","ping_status":"closed","sticky":false,"template":"","format":"video","meta":{"_acf_changed":false,"footnotes":""},"categories":[49],"tags":[],"class_list":["post-12221","post","type-post","status-publish","format-video","has-post-thumbnail","hentry","category-medicina-general","post_format-post-format-video","has-post-video"],"acf":[],"yoast_head":"<!-- This site is optimized with the Yoast SEO Premium plugin v27.3 (Yoast SEO v27.3) - https:\/\/yoast.com\/product\/yoast-seo-premium-wordpress\/ -->\n<title>8 Marzo D\u00eda de la Mujer - Noticias Grupo Recoletas<\/title>\n<meta name=\"robots\" content=\"index, follow, max-snippet:-1, max-image-preview:large, max-video-preview:-1\" \/>\n<link rel=\"canonical\" href=\"https:\/\/www.gruporecoletas.com\/noticias\/8-marzo-dia-de-la-mujer\/\" \/>\n<meta property=\"og:locale\" content=\"es_ES\" \/>\n<meta property=\"og:type\" content=\"article\" \/>\n<meta property=\"og:title\" content=\"8 Marzo D\u00eda de la Mujer\" \/>\n<meta property=\"og:description\" content=\"Hoy 8 de marzo es el D\u00eda Internacional de la Mujer. Y para celebrarlo queremos rendir homenaje a 8 mujeres que han tenido un papel determinante en la Historia de la Medicina. Metrodora (200-400 d.C) M\u00e9dica griega autora del texto m\u00e9dico m\u00e1s antiguo conocido escrito por una mujer, sobre las enfermedades y cuidados de las [&hellip;]\" \/>\n<meta property=\"og:url\" content=\"https:\/\/www.gruporecoletas.com\/noticias\/8-marzo-dia-de-la-mujer\/\" \/>\n<meta property=\"og:site_name\" content=\"Noticias Grupo Recoletas\" \/>\n<meta property=\"article:publisher\" content=\"https:\/\/www.facebook.com\/GrupoRecoletas\/\" \/>\n<meta property=\"article:published_time\" content=\"2019-03-08T12:25:28+00:00\" \/>\n<meta property=\"article:modified_time\" content=\"2019-03-08T12:27:00+00:00\" \/>\n<meta property=\"og:image\" content=\"https:\/\/www.gruporecoletas.com\/noticias\/wp-content\/uploads\/2019\/03\/8-Marzo-D\u00eda-de-la-Mujer.jpeg\" \/>\n\t<meta property=\"og:image:width\" content=\"1280\" \/>\n\t<meta property=\"og:image:height\" content=\"720\" \/>\n\t<meta property=\"og:image:type\" content=\"image\/jpeg\" \/>\n<meta name=\"author\" content=\"Recoletas Red Hospitalaria\" \/>\n<meta name=\"twitter:card\" content=\"summary_large_image\" \/>\n<meta name=\"twitter:creator\" content=\"@GrupoRecoletas\" \/>\n<meta name=\"twitter:site\" content=\"@GrupoRecoletas\" \/>\n<meta name=\"twitter:label1\" content=\"Escrito por\" \/>\n\t<meta name=\"twitter:data1\" content=\"Recoletas Red Hospitalaria\" \/>\n\t<meta name=\"twitter:label2\" content=\"Tiempo de lectura\" \/>\n\t<meta name=\"twitter:data2\" content=\"1 minuto\" \/>\n<script type=\"application\/ld+json\" class=\"yoast-schema-graph\">{\"@context\":\"https:\\\/\\\/schema.org\",\"@graph\":[{\"@type\":\"Article\",\"@id\":\"https:\\\/\\\/www.gruporecoletas.com\\\/noticias\\\/8-marzo-dia-de-la-mujer\\\/#article\",\"isPartOf\":{\"@id\":\"https:\\\/\\\/www.gruporecoletas.com\\\/noticias\\\/8-marzo-dia-de-la-mujer\\\/\"},\"author\":{\"name\":\"Recoletas Red Hospitalaria\",\"@id\":\"https:\\\/\\\/www.gruporecoletas.com\\\/noticias\\\/#\\\/schema\\\/person\\\/3c6ac429828d1f5e3d3bd99f4da9b02c\"},\"headline\":\"8 Marzo D\u00eda de la Mujer\",\"datePublished\":\"2019-03-08T12:25:28+00:00\",\"dateModified\":\"2019-03-08T12:27:00+00:00\",\"mainEntityOfPage\":{\"@id\":\"https:\\\/\\\/www.gruporecoletas.com\\\/noticias\\\/8-marzo-dia-de-la-mujer\\\/\"},\"wordCount\":242,\"image\":{\"@id\":\"https:\\\/\\\/www.gruporecoletas.com\\\/noticias\\\/8-marzo-dia-de-la-mujer\\\/#primaryimage\"},\"thumbnailUrl\":\"https:\\\/\\\/www.gruporecoletas.com\\\/noticias\\\/wp-content\\\/uploads\\\/2019\\\/03\\\/8-Marzo-D\u00eda-de-la-Mujer.jpeg\",\"articleSection\":[\"Medicina General\"],\"inLanguage\":\"es\"},{\"@type\":\"WebPage\",\"@id\":\"https:\\\/\\\/www.gruporecoletas.com\\\/noticias\\\/8-marzo-dia-de-la-mujer\\\/\",\"url\":\"https:\\\/\\\/www.gruporecoletas.com\\\/noticias\\\/8-marzo-dia-de-la-mujer\\\/\",\"name\":\"8 Marzo D\u00eda de la Mujer - Noticias Grupo Recoletas\",\"isPartOf\":{\"@id\":\"https:\\\/\\\/www.gruporecoletas.com\\\/noticias\\\/#website\"},\"primaryImageOfPage\":{\"@id\":\"https:\\\/\\\/www.gruporecoletas.com\\\/noticias\\\/8-marzo-dia-de-la-mujer\\\/#primaryimage\"},\"image\":{\"@id\":\"https:\\\/\\\/www.gruporecoletas.com\\\/noticias\\\/8-marzo-dia-de-la-mujer\\\/#primaryimage\"},\"thumbnailUrl\":\"https:\\\/\\\/www.gruporecoletas.com\\\/noticias\\\/wp-content\\\/uploads\\\/2019\\\/03\\\/8-Marzo-D\u00eda-de-la-Mujer.jpeg\",\"datePublished\":\"2019-03-08T12:25:28+00:00\",\"dateModified\":\"2019-03-08T12:27:00+00:00\",\"author\":{\"@id\":\"https:\\\/\\\/www.gruporecoletas.com\\\/noticias\\\/#\\\/schema\\\/person\\\/3c6ac429828d1f5e3d3bd99f4da9b02c\"},\"breadcrumb\":{\"@id\":\"https:\\\/\\\/www.gruporecoletas.com\\\/noticias\\\/8-marzo-dia-de-la-mujer\\\/#breadcrumb\"},\"inLanguage\":\"es\",\"potentialAction\":[{\"@type\":\"ReadAction\",\"target\":[\"https:\\\/\\\/www.gruporecoletas.com\\\/noticias\\\/8-marzo-dia-de-la-mujer\\\/\"]}]},{\"@type\":\"ImageObject\",\"inLanguage\":\"es\",\"@id\":\"https:\\\/\\\/www.gruporecoletas.com\\\/noticias\\\/8-marzo-dia-de-la-mujer\\\/#primaryimage\",\"url\":\"https:\\\/\\\/www.gruporecoletas.com\\\/noticias\\\/wp-content\\\/uploads\\\/2019\\\/03\\\/8-Marzo-D\u00eda-de-la-Mujer.jpeg\",\"contentUrl\":\"https:\\\/\\\/www.gruporecoletas.com\\\/noticias\\\/wp-content\\\/uploads\\\/2019\\\/03\\\/8-Marzo-D\u00eda-de-la-Mujer.jpeg\",\"width\":1280,\"height\":720},{\"@type\":\"BreadcrumbList\",\"@id\":\"https:\\\/\\\/www.gruporecoletas.com\\\/noticias\\\/8-marzo-dia-de-la-mujer\\\/#breadcrumb\",\"itemListElement\":[{\"@type\":\"ListItem\",\"position\":1,\"name\":\"Portada\",\"item\":\"https:\\\/\\\/www.gruporecoletas.com\\\/noticias\\\/\"},{\"@type\":\"ListItem\",\"position\":2,\"name\":\"8 Marzo D\u00eda de la Mujer\"}]},{\"@type\":\"WebSite\",\"@id\":\"https:\\\/\\\/www.gruporecoletas.com\\\/noticias\\\/#website\",\"url\":\"https:\\\/\\\/www.gruporecoletas.com\\\/noticias\\\/\",\"name\":\"Noticias Grupo Recoletas\",\"description\":\"Grupo Recoletas\",\"potentialAction\":[{\"@type\":\"SearchAction\",\"target\":{\"@type\":\"EntryPoint\",\"urlTemplate\":\"https:\\\/\\\/www.gruporecoletas.com\\\/noticias\\\/?s={search_term_string}\"},\"query-input\":{\"@type\":\"PropertyValueSpecification\",\"valueRequired\":true,\"valueName\":\"search_term_string\"}}],\"inLanguage\":\"es\"},{\"@type\":\"Person\",\"@id\":\"https:\\\/\\\/www.gruporecoletas.com\\\/noticias\\\/#\\\/schema\\\/person\\\/3c6ac429828d1f5e3d3bd99f4da9b02c\",\"name\":\"Recoletas Red Hospitalaria\",\"url\":\"https:\\\/\\\/www.gruporecoletas.com\\\/noticias\\\/author\\\/comunicacion\\\/\"}]}<\/script>\n<!-- \/ Yoast SEO Premium plugin. -->","yoast_head_json":{"title":"8 Marzo D\u00eda de la Mujer - Noticias Grupo Recoletas","robots":{"index":"index","follow":"follow","max-snippet":"max-snippet:-1","max-image-preview":"max-image-preview:large","max-video-preview":"max-video-preview:-1"},"canonical":"https:\/\/www.gruporecoletas.com\/noticias\/8-marzo-dia-de-la-mujer\/","og_locale":"es_ES","og_type":"article","og_title":"8 Marzo D\u00eda de la Mujer","og_description":"Hoy 8 de marzo es el D\u00eda Internacional de la Mujer. Y para celebrarlo queremos rendir homenaje a 8 mujeres que han tenido un papel determinante en la Historia de la Medicina. Metrodora (200-400 d.C) M\u00e9dica griega autora del texto m\u00e9dico m\u00e1s antiguo conocido escrito por una mujer, sobre las enfermedades y cuidados de las [&hellip;]","og_url":"https:\/\/www.gruporecoletas.com\/noticias\/8-marzo-dia-de-la-mujer\/","og_site_name":"Noticias Grupo Recoletas","article_publisher":"https:\/\/www.facebook.com\/GrupoRecoletas\/","article_published_time":"2019-03-08T12:25:28+00:00","article_modified_time":"2019-03-08T12:27:00+00:00","og_image":[{"width":1280,"height":720,"url":"https:\/\/www.gruporecoletas.com\/noticias\/wp-content\/uploads\/2019\/03\/8-Marzo-D\u00eda-de-la-Mujer.jpeg","type":"image\/jpeg"}],"author":"Recoletas Red Hospitalaria","twitter_card":"summary_large_image","twitter_creator":"@GrupoRecoletas","twitter_site":"@GrupoRecoletas","twitter_misc":{"Escrito por":"Recoletas Red Hospitalaria","Tiempo de lectura":"1 minuto"},"schema":{"@context":"https:\/\/schema.org","@graph":[{"@type":"Article","@id":"https:\/\/www.gruporecoletas.com\/noticias\/8-marzo-dia-de-la-mujer\/#article","isPartOf":{"@id":"https:\/\/www.gruporecoletas.com\/noticias\/8-marzo-dia-de-la-mujer\/"},"author":{"name":"Recoletas Red Hospitalaria","@id":"https:\/\/www.gruporecoletas.com\/noticias\/#\/schema\/person\/3c6ac429828d1f5e3d3bd99f4da9b02c"},"headline":"8 Marzo D\u00eda de la Mujer","datePublished":"2019-03-08T12:25:28+00:00","dateModified":"2019-03-08T12:27:00+00:00","mainEntityOfPage":{"@id":"https:\/\/www.gruporecoletas.com\/noticias\/8-marzo-dia-de-la-mujer\/"},"wordCount":242,"image":{"@id":"https:\/\/www.gruporecoletas.com\/noticias\/8-marzo-dia-de-la-mujer\/#primaryimage"},"thumbnailUrl":"https:\/\/www.gruporecoletas.com\/noticias\/wp-content\/uploads\/2019\/03\/8-Marzo-D\u00eda-de-la-Mujer.jpeg","articleSection":["Medicina General"],"inLanguage":"es"},{"@type":"WebPage","@id":"https:\/\/www.gruporecoletas.com\/noticias\/8-marzo-dia-de-la-mujer\/","url":"https:\/\/www.gruporecoletas.com\/noticias\/8-marzo-dia-de-la-mujer\/","name":"8 Marzo D\u00eda de la Mujer - Noticias Grupo Recoletas","isPartOf":{"@id":"https:\/\/www.gruporecoletas.com\/noticias\/#website"},"primaryImageOfPage":{"@id":"https:\/\/www.gruporecoletas.com\/noticias\/8-marzo-dia-de-la-mujer\/#primaryimage"},"image":{"@id":"https:\/\/www.gruporecoletas.com\/noticias\/8-marzo-dia-de-la-mujer\/#primaryimage"},"thumbnailUrl":"https:\/\/www.gruporecoletas.com\/noticias\/wp-content\/uploads\/2019\/03\/8-Marzo-D\u00eda-de-la-Mujer.jpeg","datePublished":"2019-03-08T12:25:28+00:00","dateModified":"2019-03-08T12:27:00+00:00","author":{"@id":"https:\/\/www.gruporecoletas.com\/noticias\/#\/schema\/person\/3c6ac429828d1f5e3d3bd99f4da9b02c"},"breadcrumb":{"@id":"https:\/\/www.gruporecoletas.com\/noticias\/8-marzo-dia-de-la-mujer\/#breadcrumb"},"inLanguage":"es","potentialAction":[{"@type":"ReadAction","target":["https:\/\/www.gruporecoletas.com\/noticias\/8-marzo-dia-de-la-mujer\/"]}]},{"@type":"ImageObject","inLanguage":"es","@id":"https:\/\/www.gruporecoletas.com\/noticias\/8-marzo-dia-de-la-mujer\/#primaryimage","url":"https:\/\/www.gruporecoletas.com\/noticias\/wp-content\/uploads\/2019\/03\/8-Marzo-D\u00eda-de-la-Mujer.jpeg","contentUrl":"https:\/\/www.gruporecoletas.com\/noticias\/wp-content\/uploads\/2019\/03\/8-Marzo-D\u00eda-de-la-Mujer.jpeg","width":1280,"height":720},{"@type":"BreadcrumbList","@id":"https:\/\/www.gruporecoletas.com\/noticias\/8-marzo-dia-de-la-mujer\/#breadcrumb","itemListElement":[{"@type":"ListItem","position":1,"name":"Portada","item":"https:\/\/www.gruporecoletas.com\/noticias\/"},{"@type":"ListItem","position":2,"name":"8 Marzo D\u00eda de la Mujer"}]},{"@type":"WebSite","@id":"https:\/\/www.gruporecoletas.com\/noticias\/#website","url":"https:\/\/www.gruporecoletas.com\/noticias\/","name":"Noticias Grupo Recoletas","description":"Grupo Recoletas","potentialAction":[{"@type":"SearchAction","target":{"@type":"EntryPoint","urlTemplate":"https:\/\/www.gruporecoletas.com\/noticias\/?s={search_term_string}"},"query-input":{"@type":"PropertyValueSpecification","valueRequired":true,"valueName":"search_term_string"}}],"inLanguage":"es"},{"@type":"Person","@id":"https:\/\/www.gruporecoletas.com\/noticias\/#\/schema\/person\/3c6ac429828d1f5e3d3bd99f4da9b02c","name":"Recoletas Red Hospitalaria","url":"https:\/\/www.gruporecoletas.com\/noticias\/author\/comunicacion\/"}]}},"_links":{"self":[{"href":"https:\/\/www.gruporecoletas.com\/noticias\/wp-json\/wp\/v2\/posts\/12221","targetHints":{"allow":["GET"]}}],"collection":[{"href":"https:\/\/www.gruporecoletas.com\/noticias\/wp-json\/wp\/v2\/posts"}],"about":[{"href":"https:\/\/www.gruporecoletas.com\/noticias\/wp-json\/wp\/v2\/types\/post"}],"author":[{"embeddable":true,"href":"https:\/\/www.gruporecoletas.com\/noticias\/wp-json\/wp\/v2\/users\/2"}],"replies":[{"embeddable":true,"href":"https:\/\/www.gruporecoletas.com\/noticias\/wp-json\/wp\/v2\/comments?post=12221"}],"version-history":[{"count":2,"href":"https:\/\/www.gruporecoletas.com\/noticias\/wp-json\/wp\/v2\/posts\/12221\/revisions"}],"predecessor-version":[{"id":12224,"href":"https:\/\/www.gruporecoletas.com\/noticias\/wp-json\/wp\/v2\/posts\/12221\/revisions\/12224"}],"wp:featuredmedia":[{"embeddable":true,"href":"https:\/\/www.gruporecoletas.com\/noticias\/wp-json\/wp\/v2\/media\/12222"}],"wp:attachment":[{"href":"https:\/\/www.gruporecoletas.com\/noticias\/wp-json\/wp\/v2\/media?parent=12221"}],"wp:term":[{"taxonomy":"category","embeddable":true,"href":"https:\/\/www.gruporecoletas.com\/noticias\/wp-json\/wp\/v2\/categories?post=12221"},{"taxonomy":"post_tag","embeddable":true,"href":"https:\/\/www.gruporecoletas.com\/noticias\/wp-json\/wp\/v2\/tags?post=12221"}],"curies":[{"name":"wp","href":"https:\/\/api.w.org\/{rel}","templated":true}]}}