{"id":12227,"date":"2019-03-11T17:14:02","date_gmt":"2019-03-11T17:14:02","guid":{"rendered":"https:\/\/www.gruporecoletas.com\/noticias\/?p=12227"},"modified":"2019-03-11T17:14:03","modified_gmt":"2019-03-11T17:14:03","slug":"fibromialgia-que-es-y-como-tratarla","status":"publish","type":"post","link":"https:\/\/www.gruporecoletas.com\/noticias\/fibromialgia-que-es-y-como-tratarla\/","title":{"rendered":"Fibromialgia: \u00bfqu\u00e9 es y c\u00f3mo tratarla?"},"content":{"rendered":"\n<p>La <strong>fibromialgia<\/strong> es una enfermedad que se puede sufrir a cualquier edad y est\u00e1 relacionada con ambos sexos, pero lo m\u00e1s com\u00fan es que la padezcan mujeres de entre 20 y 50 a\u00f1os.\u00a0<\/p>\n\n\n\n<p>En la actualidad <strong>no existe un m\u00e9todo fiable<\/strong> tanto en su <strong>diagn\u00f3stico<\/strong> como en su <strong>tratamiento<\/strong>. Sus principales s\u00edntomas son un dolor generalizado en m\u00fasculos y tejido fibroso.\u00a0<\/p>\n\n\n\n<p>Est\u00e1 <strong>englobada<\/strong> dentro de las<strong> enfermedades reumatol\u00f3gicas<\/strong>, pero a\u00fan no se han encontrado causas demostrables.<\/p>\n\n\n\n<h2 class=\"wp-block-heading\">S\u00edntomas<\/h2>\n\n\n\n<p>La fibromialgia es una&nbsp;<strong>anomal\u00eda en la percepci\u00f3n del dolor,&nbsp;<\/strong>se perciben como dolorosos est\u00edmulos que no lo son.&nbsp;<\/p>\n\n\n\n<p><strong>Esto produce dolores generalizados y cansancio<\/strong>. Adem\u00e1s, el 70% de los pacientes sufre trastornos del sue\u00f1o y 1 de cada 4 ansiedad o depresi\u00f3n.<\/p>\n\n\n\n<h2 class=\"wp-block-heading\">Causas<\/h2>\n\n\n\n<p>No hay unas causas determinadas que produzcan su aparici\u00f3n, pero s\u00ed una serie de <strong>factores<\/strong> que influyen y que hacen podamos ser propensos a sufrirla:<\/p>\n\n\n\n<p>&nbsp;&nbsp;&#8211; Cuadros de estr\u00e9s<\/p>\n\n\n\n<p>&nbsp;&nbsp;&#8211; Infecciones cr\u00f3nicas<\/p>\n\n\n\n<p>&nbsp;&nbsp;&#8211; Traumatismos o cirug\u00edas<\/p>\n\n\n\n<p>Se han descubierto alteraciones en el<strong> sistema nervioso central<\/strong> y en el <strong>sistema nervioso perif\u00e9rico<\/strong> que hacen que los nuevos estudios apunten a solucionar o mitigar estas alteraciones.<\/p>\n\n\n\n<h2 class=\"wp-block-heading\">Tratamiento<\/h2>\n\n\n\n<p><strong>Actualmente no existe una cura para la fibromialgia.<\/strong> Los tratamientos actuales buscan mitigar los efectos de la enfermedad y mejorar la vida de los pacientes que la padecen. Los especialistas utilizan una combinaci\u00f3n de medicamentos, cambios de alimentaci\u00f3n, de h\u00e1bitos y terapias.<\/p>\n\n\n\n<p>Los medicamentos m\u00e1s usados son <strong>analg\u00e9sicos, antidepresivos y somn\u00edferos<\/strong>. Bajo ning\u00fan concepto debemos automedicarnos. Acude a tu m\u00e9dico y sigue sus indicaciones.<\/p>\n\n\n\n<p>Las <strong>terapias<\/strong> son aplicadas para mitigar los s\u00edntomas; el tratamiento con <strong>fisioterapia<\/strong> aliviar\u00e1 los dolores y con ejercicios mejorar\u00e1n la fuerza y resistencia de los m\u00fasculos. Mediante <strong>terapia psicol\u00f3gica<\/strong> se puede reducir el estr\u00e9s y la ansiedad.<\/p>\n\n\n\n<p>A trav\u00e9s de cambios de estilo de vida seremos capaces de\u00a0\u00a0disminuir el estr\u00e9s y conseguir dormir bien. Debemos tratar de relajarnos y controlar as\u00ed la ansiedad.<\/p>\n","protected":false},"excerpt":{"rendered":"<p>La fibromialgia es una enfermedad que se puede sufrir a cualquier edad y est\u00e1 relacionada con ambos sexos, pero lo m\u00e1s com\u00fan es que la padezcan mujeres de entre 20 y 50 a\u00f1os.\u00a0 En la actualidad no existe un m\u00e9todo fiable tanto en su diagn\u00f3stico como en su tratamiento. Sus principales s\u00edntomas son un dolor [&hellip;]<\/p>\n","protected":false},"author":2,"featured_media":12228,"comment_status":"closed","ping_status":"closed","sticky":false,"template":"","format":"standard","meta":{"_acf_changed":false,"footnotes":""},"categories":[50],"tags":[],"class_list":["post-12227","post","type-post","status-publish","format-standard","has-post-thumbnail","hentry","category-patologias"],"acf":[],"yoast_head":"<!-- This site is optimized with the Yoast SEO Premium plugin v27.3 (Yoast SEO v27.3) - https:\/\/yoast.com\/product\/yoast-seo-premium-wordpress\/ -->\n<title>Fibromialgia: \u00bfqu\u00e9 es y c\u00f3mo tratarla? - Noticias Grupo Recoletas<\/title>\n<meta name=\"robots\" content=\"index, follow, max-snippet:-1, max-image-preview:large, max-video-preview:-1\" \/>\n<link rel=\"canonical\" href=\"https:\/\/www.gruporecoletas.com\/noticias\/fibromialgia-que-es-y-como-tratarla\/\" \/>\n<meta property=\"og:locale\" content=\"es_ES\" \/>\n<meta property=\"og:type\" content=\"article\" \/>\n<meta property=\"og:title\" content=\"Fibromialgia: \u00bfqu\u00e9 es y c\u00f3mo tratarla?\" \/>\n<meta property=\"og:description\" content=\"La fibromialgia es una enfermedad que se puede sufrir a cualquier edad y est\u00e1 relacionada con ambos sexos, pero lo m\u00e1s com\u00fan es que la padezcan mujeres de entre 20 y 50 a\u00f1os.\u00a0 En la actualidad no existe un m\u00e9todo fiable tanto en su diagn\u00f3stico como en su tratamiento. Sus principales s\u00edntomas son un dolor [&hellip;]\" \/>\n<meta property=\"og:url\" content=\"https:\/\/www.gruporecoletas.com\/noticias\/fibromialgia-que-es-y-como-tratarla\/\" \/>\n<meta property=\"og:site_name\" content=\"Noticias Grupo Recoletas\" \/>\n<meta property=\"article:publisher\" content=\"https:\/\/www.facebook.com\/GrupoRecoletas\/\" \/>\n<meta property=\"article:published_time\" content=\"2019-03-11T17:14:02+00:00\" \/>\n<meta property=\"article:modified_time\" content=\"2019-03-11T17:14:03+00:00\" \/>\n<meta property=\"og:image\" content=\"https:\/\/www.gruporecoletas.com\/noticias\/wp-content\/uploads\/2019\/03\/fibromialgia.jpg\" \/>\n\t<meta property=\"og:image:width\" content=\"1400\" \/>\n\t<meta property=\"og:image:height\" content=\"933\" \/>\n\t<meta property=\"og:image:type\" content=\"image\/jpeg\" \/>\n<meta name=\"author\" content=\"Recoletas Red Hospitalaria\" \/>\n<meta name=\"twitter:card\" content=\"summary_large_image\" \/>\n<meta name=\"twitter:creator\" content=\"@GrupoRecoletas\" \/>\n<meta name=\"twitter:site\" content=\"@GrupoRecoletas\" \/>\n<meta name=\"twitter:label1\" content=\"Escrito por\" \/>\n\t<meta name=\"twitter:data1\" content=\"Recoletas Red Hospitalaria\" \/>\n\t<meta name=\"twitter:label2\" content=\"Tiempo de lectura\" \/>\n\t<meta name=\"twitter:data2\" content=\"2 minutos\" \/>\n<script type=\"application\/ld+json\" class=\"yoast-schema-graph\">{\"@context\":\"https:\\\/\\\/schema.org\",\"@graph\":[{\"@type\":\"Article\",\"@id\":\"https:\\\/\\\/www.gruporecoletas.com\\\/noticias\\\/fibromialgia-que-es-y-como-tratarla\\\/#article\",\"isPartOf\":{\"@id\":\"https:\\\/\\\/www.gruporecoletas.com\\\/noticias\\\/fibromialgia-que-es-y-como-tratarla\\\/\"},\"author\":{\"name\":\"Recoletas Red Hospitalaria\",\"@id\":\"https:\\\/\\\/www.gruporecoletas.com\\\/noticias\\\/#\\\/schema\\\/person\\\/3c6ac429828d1f5e3d3bd99f4da9b02c\"},\"headline\":\"Fibromialgia: \u00bfqu\u00e9 es y c\u00f3mo tratarla?\",\"datePublished\":\"2019-03-11T17:14:02+00:00\",\"dateModified\":\"2019-03-11T17:14:03+00:00\",\"mainEntityOfPage\":{\"@id\":\"https:\\\/\\\/www.gruporecoletas.com\\\/noticias\\\/fibromialgia-que-es-y-como-tratarla\\\/\"},\"wordCount\":361,\"image\":{\"@id\":\"https:\\\/\\\/www.gruporecoletas.com\\\/noticias\\\/fibromialgia-que-es-y-como-tratarla\\\/#primaryimage\"},\"thumbnailUrl\":\"https:\\\/\\\/www.gruporecoletas.com\\\/noticias\\\/wp-content\\\/uploads\\\/2019\\\/03\\\/fibromialgia.jpg\",\"articleSection\":[\"Patolog\u00edas\"],\"inLanguage\":\"es\"},{\"@type\":\"WebPage\",\"@id\":\"https:\\\/\\\/www.gruporecoletas.com\\\/noticias\\\/fibromialgia-que-es-y-como-tratarla\\\/\",\"url\":\"https:\\\/\\\/www.gruporecoletas.com\\\/noticias\\\/fibromialgia-que-es-y-como-tratarla\\\/\",\"name\":\"Fibromialgia: \u00bfqu\u00e9 es y c\u00f3mo tratarla? - Noticias Grupo Recoletas\",\"isPartOf\":{\"@id\":\"https:\\\/\\\/www.gruporecoletas.com\\\/noticias\\\/#website\"},\"primaryImageOfPage\":{\"@id\":\"https:\\\/\\\/www.gruporecoletas.com\\\/noticias\\\/fibromialgia-que-es-y-como-tratarla\\\/#primaryimage\"},\"image\":{\"@id\":\"https:\\\/\\\/www.gruporecoletas.com\\\/noticias\\\/fibromialgia-que-es-y-como-tratarla\\\/#primaryimage\"},\"thumbnailUrl\":\"https:\\\/\\\/www.gruporecoletas.com\\\/noticias\\\/wp-content\\\/uploads\\\/2019\\\/03\\\/fibromialgia.jpg\",\"datePublished\":\"2019-03-11T17:14:02+00:00\",\"dateModified\":\"2019-03-11T17:14:03+00:00\",\"author\":{\"@id\":\"https:\\\/\\\/www.gruporecoletas.com\\\/noticias\\\/#\\\/schema\\\/person\\\/3c6ac429828d1f5e3d3bd99f4da9b02c\"},\"breadcrumb\":{\"@id\":\"https:\\\/\\\/www.gruporecoletas.com\\\/noticias\\\/fibromialgia-que-es-y-como-tratarla\\\/#breadcrumb\"},\"inLanguage\":\"es\",\"potentialAction\":[{\"@type\":\"ReadAction\",\"target\":[\"https:\\\/\\\/www.gruporecoletas.com\\\/noticias\\\/fibromialgia-que-es-y-como-tratarla\\\/\"]}]},{\"@type\":\"ImageObject\",\"inLanguage\":\"es\",\"@id\":\"https:\\\/\\\/www.gruporecoletas.com\\\/noticias\\\/fibromialgia-que-es-y-como-tratarla\\\/#primaryimage\",\"url\":\"https:\\\/\\\/www.gruporecoletas.com\\\/noticias\\\/wp-content\\\/uploads\\\/2019\\\/03\\\/fibromialgia.jpg\",\"contentUrl\":\"https:\\\/\\\/www.gruporecoletas.com\\\/noticias\\\/wp-content\\\/uploads\\\/2019\\\/03\\\/fibromialgia.jpg\",\"width\":1400,\"height\":933},{\"@type\":\"BreadcrumbList\",\"@id\":\"https:\\\/\\\/www.gruporecoletas.com\\\/noticias\\\/fibromialgia-que-es-y-como-tratarla\\\/#breadcrumb\",\"itemListElement\":[{\"@type\":\"ListItem\",\"position\":1,\"name\":\"Portada\",\"item\":\"https:\\\/\\\/www.gruporecoletas.com\\\/noticias\\\/\"},{\"@type\":\"ListItem\",\"position\":2,\"name\":\"Fibromialgia: \u00bfqu\u00e9 es y c\u00f3mo tratarla?\"}]},{\"@type\":\"WebSite\",\"@id\":\"https:\\\/\\\/www.gruporecoletas.com\\\/noticias\\\/#website\",\"url\":\"https:\\\/\\\/www.gruporecoletas.com\\\/noticias\\\/\",\"name\":\"Noticias Grupo Recoletas\",\"description\":\"Grupo Recoletas\",\"potentialAction\":[{\"@type\":\"SearchAction\",\"target\":{\"@type\":\"EntryPoint\",\"urlTemplate\":\"https:\\\/\\\/www.gruporecoletas.com\\\/noticias\\\/?s={search_term_string}\"},\"query-input\":{\"@type\":\"PropertyValueSpecification\",\"valueRequired\":true,\"valueName\":\"search_term_string\"}}],\"inLanguage\":\"es\"},{\"@type\":\"Person\",\"@id\":\"https:\\\/\\\/www.gruporecoletas.com\\\/noticias\\\/#\\\/schema\\\/person\\\/3c6ac429828d1f5e3d3bd99f4da9b02c\",\"name\":\"Recoletas Red Hospitalaria\",\"url\":\"https:\\\/\\\/www.gruporecoletas.com\\\/noticias\\\/author\\\/comunicacion\\\/\"}]}<\/script>\n<!-- \/ Yoast SEO Premium plugin. -->","yoast_head_json":{"title":"Fibromialgia: \u00bfqu\u00e9 es y c\u00f3mo tratarla? - Noticias Grupo Recoletas","robots":{"index":"index","follow":"follow","max-snippet":"max-snippet:-1","max-image-preview":"max-image-preview:large","max-video-preview":"max-video-preview:-1"},"canonical":"https:\/\/www.gruporecoletas.com\/noticias\/fibromialgia-que-es-y-como-tratarla\/","og_locale":"es_ES","og_type":"article","og_title":"Fibromialgia: \u00bfqu\u00e9 es y c\u00f3mo tratarla?","og_description":"La fibromialgia es una enfermedad que se puede sufrir a cualquier edad y est\u00e1 relacionada con ambos sexos, pero lo m\u00e1s com\u00fan es que la padezcan mujeres de entre 20 y 50 a\u00f1os.\u00a0 En la actualidad no existe un m\u00e9todo fiable tanto en su diagn\u00f3stico como en su tratamiento. Sus principales s\u00edntomas son un dolor [&hellip;]","og_url":"https:\/\/www.gruporecoletas.com\/noticias\/fibromialgia-que-es-y-como-tratarla\/","og_site_name":"Noticias Grupo Recoletas","article_publisher":"https:\/\/www.facebook.com\/GrupoRecoletas\/","article_published_time":"2019-03-11T17:14:02+00:00","article_modified_time":"2019-03-11T17:14:03+00:00","og_image":[{"width":1400,"height":933,"url":"https:\/\/www.gruporecoletas.com\/noticias\/wp-content\/uploads\/2019\/03\/fibromialgia.jpg","type":"image\/jpeg"}],"author":"Recoletas Red Hospitalaria","twitter_card":"summary_large_image","twitter_creator":"@GrupoRecoletas","twitter_site":"@GrupoRecoletas","twitter_misc":{"Escrito por":"Recoletas Red Hospitalaria","Tiempo de lectura":"2 minutos"},"schema":{"@context":"https:\/\/schema.org","@graph":[{"@type":"Article","@id":"https:\/\/www.gruporecoletas.com\/noticias\/fibromialgia-que-es-y-como-tratarla\/#article","isPartOf":{"@id":"https:\/\/www.gruporecoletas.com\/noticias\/fibromialgia-que-es-y-como-tratarla\/"},"author":{"name":"Recoletas Red Hospitalaria","@id":"https:\/\/www.gruporecoletas.com\/noticias\/#\/schema\/person\/3c6ac429828d1f5e3d3bd99f4da9b02c"},"headline":"Fibromialgia: \u00bfqu\u00e9 es y c\u00f3mo tratarla?","datePublished":"2019-03-11T17:14:02+00:00","dateModified":"2019-03-11T17:14:03+00:00","mainEntityOfPage":{"@id":"https:\/\/www.gruporecoletas.com\/noticias\/fibromialgia-que-es-y-como-tratarla\/"},"wordCount":361,"image":{"@id":"https:\/\/www.gruporecoletas.com\/noticias\/fibromialgia-que-es-y-como-tratarla\/#primaryimage"},"thumbnailUrl":"https:\/\/www.gruporecoletas.com\/noticias\/wp-content\/uploads\/2019\/03\/fibromialgia.jpg","articleSection":["Patolog\u00edas"],"inLanguage":"es"},{"@type":"WebPage","@id":"https:\/\/www.gruporecoletas.com\/noticias\/fibromialgia-que-es-y-como-tratarla\/","url":"https:\/\/www.gruporecoletas.com\/noticias\/fibromialgia-que-es-y-como-tratarla\/","name":"Fibromialgia: \u00bfqu\u00e9 es y c\u00f3mo tratarla? - Noticias Grupo Recoletas","isPartOf":{"@id":"https:\/\/www.gruporecoletas.com\/noticias\/#website"},"primaryImageOfPage":{"@id":"https:\/\/www.gruporecoletas.com\/noticias\/fibromialgia-que-es-y-como-tratarla\/#primaryimage"},"image":{"@id":"https:\/\/www.gruporecoletas.com\/noticias\/fibromialgia-que-es-y-como-tratarla\/#primaryimage"},"thumbnailUrl":"https:\/\/www.gruporecoletas.com\/noticias\/wp-content\/uploads\/2019\/03\/fibromialgia.jpg","datePublished":"2019-03-11T17:14:02+00:00","dateModified":"2019-03-11T17:14:03+00:00","author":{"@id":"https:\/\/www.gruporecoletas.com\/noticias\/#\/schema\/person\/3c6ac429828d1f5e3d3bd99f4da9b02c"},"breadcrumb":{"@id":"https:\/\/www.gruporecoletas.com\/noticias\/fibromialgia-que-es-y-como-tratarla\/#breadcrumb"},"inLanguage":"es","potentialAction":[{"@type":"ReadAction","target":["https:\/\/www.gruporecoletas.com\/noticias\/fibromialgia-que-es-y-como-tratarla\/"]}]},{"@type":"ImageObject","inLanguage":"es","@id":"https:\/\/www.gruporecoletas.com\/noticias\/fibromialgia-que-es-y-como-tratarla\/#primaryimage","url":"https:\/\/www.gruporecoletas.com\/noticias\/wp-content\/uploads\/2019\/03\/fibromialgia.jpg","contentUrl":"https:\/\/www.gruporecoletas.com\/noticias\/wp-content\/uploads\/2019\/03\/fibromialgia.jpg","width":1400,"height":933},{"@type":"BreadcrumbList","@id":"https:\/\/www.gruporecoletas.com\/noticias\/fibromialgia-que-es-y-como-tratarla\/#breadcrumb","itemListElement":[{"@type":"ListItem","position":1,"name":"Portada","item":"https:\/\/www.gruporecoletas.com\/noticias\/"},{"@type":"ListItem","position":2,"name":"Fibromialgia: \u00bfqu\u00e9 es y c\u00f3mo tratarla?"}]},{"@type":"WebSite","@id":"https:\/\/www.gruporecoletas.com\/noticias\/#website","url":"https:\/\/www.gruporecoletas.com\/noticias\/","name":"Noticias Grupo Recoletas","description":"Grupo Recoletas","potentialAction":[{"@type":"SearchAction","target":{"@type":"EntryPoint","urlTemplate":"https:\/\/www.gruporecoletas.com\/noticias\/?s={search_term_string}"},"query-input":{"@type":"PropertyValueSpecification","valueRequired":true,"valueName":"search_term_string"}}],"inLanguage":"es"},{"@type":"Person","@id":"https:\/\/www.gruporecoletas.com\/noticias\/#\/schema\/person\/3c6ac429828d1f5e3d3bd99f4da9b02c","name":"Recoletas Red Hospitalaria","url":"https:\/\/www.gruporecoletas.com\/noticias\/author\/comunicacion\/"}]}},"_links":{"self":[{"href":"https:\/\/www.gruporecoletas.com\/noticias\/wp-json\/wp\/v2\/posts\/12227","targetHints":{"allow":["GET"]}}],"collection":[{"href":"https:\/\/www.gruporecoletas.com\/noticias\/wp-json\/wp\/v2\/posts"}],"about":[{"href":"https:\/\/www.gruporecoletas.com\/noticias\/wp-json\/wp\/v2\/types\/post"}],"author":[{"embeddable":true,"href":"https:\/\/www.gruporecoletas.com\/noticias\/wp-json\/wp\/v2\/users\/2"}],"replies":[{"embeddable":true,"href":"https:\/\/www.gruporecoletas.com\/noticias\/wp-json\/wp\/v2\/comments?post=12227"}],"version-history":[{"count":1,"href":"https:\/\/www.gruporecoletas.com\/noticias\/wp-json\/wp\/v2\/posts\/12227\/revisions"}],"predecessor-version":[{"id":12229,"href":"https:\/\/www.gruporecoletas.com\/noticias\/wp-json\/wp\/v2\/posts\/12227\/revisions\/12229"}],"wp:featuredmedia":[{"embeddable":true,"href":"https:\/\/www.gruporecoletas.com\/noticias\/wp-json\/wp\/v2\/media\/12228"}],"wp:attachment":[{"href":"https:\/\/www.gruporecoletas.com\/noticias\/wp-json\/wp\/v2\/media?parent=12227"}],"wp:term":[{"taxonomy":"category","embeddable":true,"href":"https:\/\/www.gruporecoletas.com\/noticias\/wp-json\/wp\/v2\/categories?post=12227"},{"taxonomy":"post_tag","embeddable":true,"href":"https:\/\/www.gruporecoletas.com\/noticias\/wp-json\/wp\/v2\/tags?post=12227"}],"curies":[{"name":"wp","href":"https:\/\/api.w.org\/{rel}","templated":true}]}}