{"id":12230,"date":"2019-03-12T09:27:43","date_gmt":"2019-03-12T09:27:43","guid":{"rendered":"https:\/\/www.gruporecoletas.com\/noticias\/?p=12230"},"modified":"2019-03-12T09:27:45","modified_gmt":"2019-03-12T09:27:45","slug":"12-de-marzo-dia-mundial-del-glaucoma","status":"publish","type":"post","link":"https:\/\/www.gruporecoletas.com\/noticias\/12-de-marzo-dia-mundial-del-glaucoma\/","title":{"rendered":"12 de marzo, d\u00eda Mundial del Glaucoma"},"content":{"rendered":"\n<p>En el\u00a0 D\u00eda Mundial del <strong>Glaucoma<\/strong>\u00a0queremos dar a conocer esta enfermedad que provoca p\u00e9rdida de visi\u00f3n y que, si no se detiene a tiempo, puede llegar a producir ceguera.<\/p>\n\n\n\n<p>Es un trastorno ocular que provoca el aumento de la presi\u00f3n intraocular da\u00f1ando el nervio \u00f3ptico.<\/p>\n\n\n\n<p>S\u00f3lo el <strong>10%<\/strong> de la poblaci\u00f3n afectada sabe que padece un\u00a0<a href=\"https:\/\/www.gruporecoletas.com\/enfermedades-o-patologias\/oftalmologia-2\/\">Glaucoma<\/a>.<\/p>\n\n\n\n<p>Es curable el 90% de la ceguera que provoca el glaucoma. Se puede evitar mediante la detecci\u00f3n temprana y tratamiento.<\/p>\n\n\n\n<blockquote class=\"wp-block-quote is-style-large is-layout-flow wp-block-quote-is-layout-flow\"><p>Nuestros profesionales del <a rel=\"noreferrer noopener\" aria-label=\"Instituto Oftalmol\u00f3gico Recoletas (abre en una nueva pesta\u00f1a)\" href=\"http:\/\/www.institutooftalmologicorecoletas.com\" target=\"_blank\">Instituto Oftalmol\u00f3gico Recoletas<\/a> estar\u00e1n encantados de ayudarte y resolver cualquier duda.\u00a0<\/p><\/blockquote>\n","protected":false},"excerpt":{"rendered":"<p>En el\u00a0 D\u00eda Mundial del Glaucoma\u00a0queremos dar a conocer esta enfermedad que provoca p\u00e9rdida de visi\u00f3n y que, si no se detiene a tiempo, puede llegar a producir ceguera. Es un trastorno ocular que provoca el aumento de la presi\u00f3n intraocular da\u00f1ando el nervio \u00f3ptico. S\u00f3lo el 10% de la poblaci\u00f3n afectada sabe que padece [&hellip;]<\/p>\n","protected":false},"author":2,"featured_media":12231,"comment_status":"closed","ping_status":"closed","sticky":false,"template":"","format":"standard","meta":{"_acf_changed":false,"footnotes":""},"categories":[50],"tags":[],"class_list":["post-12230","post","type-post","status-publish","format-standard","has-post-thumbnail","hentry","category-patologias"],"acf":[],"yoast_head":"<!-- This site is optimized with the Yoast SEO Premium plugin v27.3 (Yoast SEO v27.3) - https:\/\/yoast.com\/product\/yoast-seo-premium-wordpress\/ -->\n<title>12 de marzo, d\u00eda Mundial del Glaucoma - Noticias Grupo Recoletas<\/title>\n<meta name=\"robots\" content=\"index, follow, max-snippet:-1, max-image-preview:large, max-video-preview:-1\" \/>\n<link rel=\"canonical\" href=\"https:\/\/www.gruporecoletas.com\/noticias\/12-de-marzo-dia-mundial-del-glaucoma\/\" \/>\n<meta property=\"og:locale\" content=\"es_ES\" \/>\n<meta property=\"og:type\" content=\"article\" \/>\n<meta property=\"og:title\" content=\"12 de marzo, d\u00eda Mundial del Glaucoma\" \/>\n<meta property=\"og:description\" content=\"En el\u00a0 D\u00eda Mundial del Glaucoma\u00a0queremos dar a conocer esta enfermedad que provoca p\u00e9rdida de visi\u00f3n y que, si no se detiene a tiempo, puede llegar a producir ceguera. Es un trastorno ocular que provoca el aumento de la presi\u00f3n intraocular da\u00f1ando el nervio \u00f3ptico. S\u00f3lo el 10% de la poblaci\u00f3n afectada sabe que padece [&hellip;]\" \/>\n<meta property=\"og:url\" content=\"https:\/\/www.gruporecoletas.com\/noticias\/12-de-marzo-dia-mundial-del-glaucoma\/\" \/>\n<meta property=\"og:site_name\" content=\"Noticias Grupo Recoletas\" \/>\n<meta property=\"article:publisher\" content=\"https:\/\/www.facebook.com\/GrupoRecoletas\/\" \/>\n<meta property=\"article:published_time\" content=\"2019-03-12T09:27:43+00:00\" \/>\n<meta property=\"article:modified_time\" content=\"2019-03-12T09:27:45+00:00\" \/>\n<meta property=\"og:image\" content=\"https:\/\/www.gruporecoletas.com\/noticias\/wp-content\/uploads\/2019\/03\/glaucoma.png\" \/>\n\t<meta property=\"og:image:width\" content=\"1200\" \/>\n\t<meta property=\"og:image:height\" content=\"1200\" \/>\n\t<meta property=\"og:image:type\" content=\"image\/png\" \/>\n<meta name=\"author\" content=\"Recoletas Red Hospitalaria\" \/>\n<meta name=\"twitter:card\" content=\"summary_large_image\" \/>\n<meta name=\"twitter:creator\" content=\"@GrupoRecoletas\" \/>\n<meta name=\"twitter:site\" content=\"@GrupoRecoletas\" \/>\n<meta name=\"twitter:label1\" content=\"Escrito por\" \/>\n\t<meta name=\"twitter:data1\" content=\"Recoletas Red Hospitalaria\" \/>\n\t<meta name=\"twitter:label2\" content=\"Tiempo de lectura\" \/>\n\t<meta name=\"twitter:data2\" content=\"1 minuto\" \/>\n<script type=\"application\/ld+json\" class=\"yoast-schema-graph\">{\"@context\":\"https:\\\/\\\/schema.org\",\"@graph\":[{\"@type\":\"Article\",\"@id\":\"https:\\\/\\\/www.gruporecoletas.com\\\/noticias\\\/12-de-marzo-dia-mundial-del-glaucoma\\\/#article\",\"isPartOf\":{\"@id\":\"https:\\\/\\\/www.gruporecoletas.com\\\/noticias\\\/12-de-marzo-dia-mundial-del-glaucoma\\\/\"},\"author\":{\"name\":\"Recoletas Red Hospitalaria\",\"@id\":\"https:\\\/\\\/www.gruporecoletas.com\\\/noticias\\\/#\\\/schema\\\/person\\\/3c6ac429828d1f5e3d3bd99f4da9b02c\"},\"headline\":\"12 de marzo, d\u00eda Mundial del Glaucoma\",\"datePublished\":\"2019-03-12T09:27:43+00:00\",\"dateModified\":\"2019-03-12T09:27:45+00:00\",\"mainEntityOfPage\":{\"@id\":\"https:\\\/\\\/www.gruporecoletas.com\\\/noticias\\\/12-de-marzo-dia-mundial-del-glaucoma\\\/\"},\"wordCount\":107,\"image\":{\"@id\":\"https:\\\/\\\/www.gruporecoletas.com\\\/noticias\\\/12-de-marzo-dia-mundial-del-glaucoma\\\/#primaryimage\"},\"thumbnailUrl\":\"https:\\\/\\\/www.gruporecoletas.com\\\/noticias\\\/wp-content\\\/uploads\\\/2019\\\/03\\\/glaucoma.png\",\"articleSection\":[\"Patolog\u00edas\"],\"inLanguage\":\"es\"},{\"@type\":\"WebPage\",\"@id\":\"https:\\\/\\\/www.gruporecoletas.com\\\/noticias\\\/12-de-marzo-dia-mundial-del-glaucoma\\\/\",\"url\":\"https:\\\/\\\/www.gruporecoletas.com\\\/noticias\\\/12-de-marzo-dia-mundial-del-glaucoma\\\/\",\"name\":\"12 de marzo, d\u00eda Mundial del Glaucoma - Noticias Grupo Recoletas\",\"isPartOf\":{\"@id\":\"https:\\\/\\\/www.gruporecoletas.com\\\/noticias\\\/#website\"},\"primaryImageOfPage\":{\"@id\":\"https:\\\/\\\/www.gruporecoletas.com\\\/noticias\\\/12-de-marzo-dia-mundial-del-glaucoma\\\/#primaryimage\"},\"image\":{\"@id\":\"https:\\\/\\\/www.gruporecoletas.com\\\/noticias\\\/12-de-marzo-dia-mundial-del-glaucoma\\\/#primaryimage\"},\"thumbnailUrl\":\"https:\\\/\\\/www.gruporecoletas.com\\\/noticias\\\/wp-content\\\/uploads\\\/2019\\\/03\\\/glaucoma.png\",\"datePublished\":\"2019-03-12T09:27:43+00:00\",\"dateModified\":\"2019-03-12T09:27:45+00:00\",\"author\":{\"@id\":\"https:\\\/\\\/www.gruporecoletas.com\\\/noticias\\\/#\\\/schema\\\/person\\\/3c6ac429828d1f5e3d3bd99f4da9b02c\"},\"breadcrumb\":{\"@id\":\"https:\\\/\\\/www.gruporecoletas.com\\\/noticias\\\/12-de-marzo-dia-mundial-del-glaucoma\\\/#breadcrumb\"},\"inLanguage\":\"es\",\"potentialAction\":[{\"@type\":\"ReadAction\",\"target\":[\"https:\\\/\\\/www.gruporecoletas.com\\\/noticias\\\/12-de-marzo-dia-mundial-del-glaucoma\\\/\"]}]},{\"@type\":\"ImageObject\",\"inLanguage\":\"es\",\"@id\":\"https:\\\/\\\/www.gruporecoletas.com\\\/noticias\\\/12-de-marzo-dia-mundial-del-glaucoma\\\/#primaryimage\",\"url\":\"https:\\\/\\\/www.gruporecoletas.com\\\/noticias\\\/wp-content\\\/uploads\\\/2019\\\/03\\\/glaucoma.png\",\"contentUrl\":\"https:\\\/\\\/www.gruporecoletas.com\\\/noticias\\\/wp-content\\\/uploads\\\/2019\\\/03\\\/glaucoma.png\",\"width\":1200,\"height\":1200},{\"@type\":\"BreadcrumbList\",\"@id\":\"https:\\\/\\\/www.gruporecoletas.com\\\/noticias\\\/12-de-marzo-dia-mundial-del-glaucoma\\\/#breadcrumb\",\"itemListElement\":[{\"@type\":\"ListItem\",\"position\":1,\"name\":\"Portada\",\"item\":\"https:\\\/\\\/www.gruporecoletas.com\\\/noticias\\\/\"},{\"@type\":\"ListItem\",\"position\":2,\"name\":\"12 de marzo, d\u00eda Mundial del Glaucoma\"}]},{\"@type\":\"WebSite\",\"@id\":\"https:\\\/\\\/www.gruporecoletas.com\\\/noticias\\\/#website\",\"url\":\"https:\\\/\\\/www.gruporecoletas.com\\\/noticias\\\/\",\"name\":\"Noticias Grupo Recoletas\",\"description\":\"Grupo Recoletas\",\"potentialAction\":[{\"@type\":\"SearchAction\",\"target\":{\"@type\":\"EntryPoint\",\"urlTemplate\":\"https:\\\/\\\/www.gruporecoletas.com\\\/noticias\\\/?s={search_term_string}\"},\"query-input\":{\"@type\":\"PropertyValueSpecification\",\"valueRequired\":true,\"valueName\":\"search_term_string\"}}],\"inLanguage\":\"es\"},{\"@type\":\"Person\",\"@id\":\"https:\\\/\\\/www.gruporecoletas.com\\\/noticias\\\/#\\\/schema\\\/person\\\/3c6ac429828d1f5e3d3bd99f4da9b02c\",\"name\":\"Recoletas Red Hospitalaria\",\"url\":\"https:\\\/\\\/www.gruporecoletas.com\\\/noticias\\\/author\\\/comunicacion\\\/\"}]}<\/script>\n<!-- \/ Yoast SEO Premium plugin. -->","yoast_head_json":{"title":"12 de marzo, d\u00eda Mundial del Glaucoma - Noticias Grupo Recoletas","robots":{"index":"index","follow":"follow","max-snippet":"max-snippet:-1","max-image-preview":"max-image-preview:large","max-video-preview":"max-video-preview:-1"},"canonical":"https:\/\/www.gruporecoletas.com\/noticias\/12-de-marzo-dia-mundial-del-glaucoma\/","og_locale":"es_ES","og_type":"article","og_title":"12 de marzo, d\u00eda Mundial del Glaucoma","og_description":"En el\u00a0 D\u00eda Mundial del Glaucoma\u00a0queremos dar a conocer esta enfermedad que provoca p\u00e9rdida de visi\u00f3n y que, si no se detiene a tiempo, puede llegar a producir ceguera. Es un trastorno ocular que provoca el aumento de la presi\u00f3n intraocular da\u00f1ando el nervio \u00f3ptico. S\u00f3lo el 10% de la poblaci\u00f3n afectada sabe que padece [&hellip;]","og_url":"https:\/\/www.gruporecoletas.com\/noticias\/12-de-marzo-dia-mundial-del-glaucoma\/","og_site_name":"Noticias Grupo Recoletas","article_publisher":"https:\/\/www.facebook.com\/GrupoRecoletas\/","article_published_time":"2019-03-12T09:27:43+00:00","article_modified_time":"2019-03-12T09:27:45+00:00","og_image":[{"width":1200,"height":1200,"url":"https:\/\/www.gruporecoletas.com\/noticias\/wp-content\/uploads\/2019\/03\/glaucoma.png","type":"image\/png"}],"author":"Recoletas Red Hospitalaria","twitter_card":"summary_large_image","twitter_creator":"@GrupoRecoletas","twitter_site":"@GrupoRecoletas","twitter_misc":{"Escrito por":"Recoletas Red Hospitalaria","Tiempo de lectura":"1 minuto"},"schema":{"@context":"https:\/\/schema.org","@graph":[{"@type":"Article","@id":"https:\/\/www.gruporecoletas.com\/noticias\/12-de-marzo-dia-mundial-del-glaucoma\/#article","isPartOf":{"@id":"https:\/\/www.gruporecoletas.com\/noticias\/12-de-marzo-dia-mundial-del-glaucoma\/"},"author":{"name":"Recoletas Red Hospitalaria","@id":"https:\/\/www.gruporecoletas.com\/noticias\/#\/schema\/person\/3c6ac429828d1f5e3d3bd99f4da9b02c"},"headline":"12 de marzo, d\u00eda Mundial del Glaucoma","datePublished":"2019-03-12T09:27:43+00:00","dateModified":"2019-03-12T09:27:45+00:00","mainEntityOfPage":{"@id":"https:\/\/www.gruporecoletas.com\/noticias\/12-de-marzo-dia-mundial-del-glaucoma\/"},"wordCount":107,"image":{"@id":"https:\/\/www.gruporecoletas.com\/noticias\/12-de-marzo-dia-mundial-del-glaucoma\/#primaryimage"},"thumbnailUrl":"https:\/\/www.gruporecoletas.com\/noticias\/wp-content\/uploads\/2019\/03\/glaucoma.png","articleSection":["Patolog\u00edas"],"inLanguage":"es"},{"@type":"WebPage","@id":"https:\/\/www.gruporecoletas.com\/noticias\/12-de-marzo-dia-mundial-del-glaucoma\/","url":"https:\/\/www.gruporecoletas.com\/noticias\/12-de-marzo-dia-mundial-del-glaucoma\/","name":"12 de marzo, d\u00eda Mundial del Glaucoma - Noticias Grupo Recoletas","isPartOf":{"@id":"https:\/\/www.gruporecoletas.com\/noticias\/#website"},"primaryImageOfPage":{"@id":"https:\/\/www.gruporecoletas.com\/noticias\/12-de-marzo-dia-mundial-del-glaucoma\/#primaryimage"},"image":{"@id":"https:\/\/www.gruporecoletas.com\/noticias\/12-de-marzo-dia-mundial-del-glaucoma\/#primaryimage"},"thumbnailUrl":"https:\/\/www.gruporecoletas.com\/noticias\/wp-content\/uploads\/2019\/03\/glaucoma.png","datePublished":"2019-03-12T09:27:43+00:00","dateModified":"2019-03-12T09:27:45+00:00","author":{"@id":"https:\/\/www.gruporecoletas.com\/noticias\/#\/schema\/person\/3c6ac429828d1f5e3d3bd99f4da9b02c"},"breadcrumb":{"@id":"https:\/\/www.gruporecoletas.com\/noticias\/12-de-marzo-dia-mundial-del-glaucoma\/#breadcrumb"},"inLanguage":"es","potentialAction":[{"@type":"ReadAction","target":["https:\/\/www.gruporecoletas.com\/noticias\/12-de-marzo-dia-mundial-del-glaucoma\/"]}]},{"@type":"ImageObject","inLanguage":"es","@id":"https:\/\/www.gruporecoletas.com\/noticias\/12-de-marzo-dia-mundial-del-glaucoma\/#primaryimage","url":"https:\/\/www.gruporecoletas.com\/noticias\/wp-content\/uploads\/2019\/03\/glaucoma.png","contentUrl":"https:\/\/www.gruporecoletas.com\/noticias\/wp-content\/uploads\/2019\/03\/glaucoma.png","width":1200,"height":1200},{"@type":"BreadcrumbList","@id":"https:\/\/www.gruporecoletas.com\/noticias\/12-de-marzo-dia-mundial-del-glaucoma\/#breadcrumb","itemListElement":[{"@type":"ListItem","position":1,"name":"Portada","item":"https:\/\/www.gruporecoletas.com\/noticias\/"},{"@type":"ListItem","position":2,"name":"12 de marzo, d\u00eda Mundial del Glaucoma"}]},{"@type":"WebSite","@id":"https:\/\/www.gruporecoletas.com\/noticias\/#website","url":"https:\/\/www.gruporecoletas.com\/noticias\/","name":"Noticias Grupo Recoletas","description":"Grupo Recoletas","potentialAction":[{"@type":"SearchAction","target":{"@type":"EntryPoint","urlTemplate":"https:\/\/www.gruporecoletas.com\/noticias\/?s={search_term_string}"},"query-input":{"@type":"PropertyValueSpecification","valueRequired":true,"valueName":"search_term_string"}}],"inLanguage":"es"},{"@type":"Person","@id":"https:\/\/www.gruporecoletas.com\/noticias\/#\/schema\/person\/3c6ac429828d1f5e3d3bd99f4da9b02c","name":"Recoletas Red Hospitalaria","url":"https:\/\/www.gruporecoletas.com\/noticias\/author\/comunicacion\/"}]}},"_links":{"self":[{"href":"https:\/\/www.gruporecoletas.com\/noticias\/wp-json\/wp\/v2\/posts\/12230","targetHints":{"allow":["GET"]}}],"collection":[{"href":"https:\/\/www.gruporecoletas.com\/noticias\/wp-json\/wp\/v2\/posts"}],"about":[{"href":"https:\/\/www.gruporecoletas.com\/noticias\/wp-json\/wp\/v2\/types\/post"}],"author":[{"embeddable":true,"href":"https:\/\/www.gruporecoletas.com\/noticias\/wp-json\/wp\/v2\/users\/2"}],"replies":[{"embeddable":true,"href":"https:\/\/www.gruporecoletas.com\/noticias\/wp-json\/wp\/v2\/comments?post=12230"}],"version-history":[{"count":1,"href":"https:\/\/www.gruporecoletas.com\/noticias\/wp-json\/wp\/v2\/posts\/12230\/revisions"}],"predecessor-version":[{"id":12232,"href":"https:\/\/www.gruporecoletas.com\/noticias\/wp-json\/wp\/v2\/posts\/12230\/revisions\/12232"}],"wp:featuredmedia":[{"embeddable":true,"href":"https:\/\/www.gruporecoletas.com\/noticias\/wp-json\/wp\/v2\/media\/12231"}],"wp:attachment":[{"href":"https:\/\/www.gruporecoletas.com\/noticias\/wp-json\/wp\/v2\/media?parent=12230"}],"wp:term":[{"taxonomy":"category","embeddable":true,"href":"https:\/\/www.gruporecoletas.com\/noticias\/wp-json\/wp\/v2\/categories?post=12230"},{"taxonomy":"post_tag","embeddable":true,"href":"https:\/\/www.gruporecoletas.com\/noticias\/wp-json\/wp\/v2\/tags?post=12230"}],"curies":[{"name":"wp","href":"https:\/\/api.w.org\/{rel}","templated":true}]}}