{"id":12249,"date":"2019-03-13T16:59:14","date_gmt":"2019-03-13T16:59:14","guid":{"rendered":"https:\/\/www.gruporecoletas.com\/noticias\/?p=12249"},"modified":"2019-03-13T18:32:47","modified_gmt":"2019-03-13T18:32:47","slug":"hablemos-de-melanoma","status":"publish","type":"post","link":"https:\/\/www.gruporecoletas.com\/noticias\/hablemos-de-melanoma\/","title":{"rendered":"Hablemos del Melanoma"},"content":{"rendered":"\n<div class=\"wp-block-image\"><figure class=\"alignright is-resized\"><a href=\"https:\/\/www.gruporecoletas.com\/noticias\/tag\/recoletas-salud-no16-enero-2019\/\"><img loading=\"lazy\" decoding=\"async\" src=\"https:\/\/www.gruporecoletas.com\/noticias\/wp-content\/uploads\/2019\/03\/recoletas-salud-16.jpg\" alt=\"\" class=\"wp-image-12015\" width=\"157\" height=\"222\" srcset=\"https:\/\/www.gruporecoletas.com\/noticias\/wp-content\/uploads\/2019\/03\/recoletas-salud-16.jpg 320w, https:\/\/www.gruporecoletas.com\/noticias\/wp-content\/uploads\/2019\/03\/recoletas-salud-16-213x300.jpg 213w\" sizes=\"auto, (max-width: 157px) 100vw, 157px\" \/><\/a><\/figure><\/div>\n\n\n\n<p>El c\u00e1ncer de piel es el tipo de c\u00e1ncer m\u00e1s frecuente en el ser humano. Los principales tipos de c\u00e1ncer de piel son carcinoma de c\u00e9lulas basales, carcinoma de c\u00e9lulas escamosas, y melanoma. El melanoma es mucho menos com\u00fan que los otros tipos de c\u00e1ncer pero es mucho m\u00e1s probable que haga met\u00e1stasis, es decir, que invada tejidos cercanos y se disemine a otras partes del cuerpo. El melanoma causa la mayor\u00eda de las muertes por c\u00e1ncer de piel. El melanoma es un c\u00e1ncer originado en los melanocitos que son las c\u00e9lulas que producen el pigmento (melanina), que da color a la piel.&nbsp;<\/p>\n\n\n\n<h2 class=\"wp-block-heading\">\u00bfQUI\u00c9NES TIENEN M\u00c1S RIESGO DE PADECER UN MELANOMA?&nbsp;<\/h2>\n\n\n\n<p>Personas con piel m\u00e1s clara. Tener menos melanina en la piel significa que tienes menos protecci\u00f3n contra la radiaci\u00f3n ultravioleta (UV). Si tienes cabello rubio o pelirrojo, ojos claros y pecas o te quemas f\u00e1cilmente con el sol, es m\u00e1s probable que padezcas melanoma, aunque el melanoma puede manifestarse en personas de cualquier color de piel.<\/p>\n\n\n\n<p><strong>\u2022 Antecedentes familiares de melanoma:<\/strong> si un familiar en primer grado, como un padre, un hijo o un hermano ha tenido melanoma existe una mayor probabilidad de tenerlo.<\/p>\n\n\n\n<p><strong>\u2022 Quemaduras solares en la infancia: <\/strong>una o m\u00e1s quemaduras solares graves con ampollas pueden aumentar el riesgo de padecer melanoma, especialmente si \u00e9stas ocurrieron en la infancia.<\/p>\n\n\n\n<p><strong>\u2022 Exposici\u00f3n excesiva al sol o a otras fuentes de luz ultravioleta: <\/strong>la exposici\u00f3n a la radiaci\u00f3n UV, que proviene del sol o las cabinas de bronceado aumenta el riesgo de padecer c\u00e1nceres de piel incluyendo el melanoma. Es m\u00e1s frecuente si esa exposici\u00f3n es intensa en cortos periodos de tiempo.&nbsp;<\/p>\n\n\n\n<p><strong>\u2022 Tener muchos lunares o lunares at\u00edpicos:<\/strong> la presencia de m\u00e1s de 50 lunares comunes en el cuerpo indica un riesgo mayor de padecer melanoma. Adem\u00e1s, tener un tipo inusual de lunar aumenta el riesgo de padecer melanoma. Conocidos como lunares at\u00edpicos estos tienden a ser m\u00e1s grandes que los lunares normales y tienen bordes y colores irregulares.<\/p>\n\n\n\n<h2 class=\"wp-block-heading\">\u00bfC\u00d3MO SE MANIFIESTA UN MELANOMA?<\/h2>\n\n\n\n<p>Los melanomas pueden ocurrir en cualquier parte de la piel, pero son m\u00e1s propensos a comenzar en el tronco de los hombres y en las piernas de las mujeres. El cuello y el rostro son otros sitios comunes. Hay sitios menos comunes como los ojos, la boca, los genitales e incluso \u00f3rganos internos como el intestino.<\/p>\n\n\n\n<p>Los melanomas tambi\u00e9n pueden producirse en las partes que no tienen mucha exposici\u00f3n solar, como las plantas de los pies, las palmas de las manos y el lecho de las u\u00f1as. En estas \u00e1reas los melanomas son m\u00e1s frecuentes en personas que tiene la piel m\u00e1s oscura.<\/p>\n\n\n\n<blockquote class=\"wp-block-quote is-style-large is-layout-flow wp-block-quote-is-layout-flow\"><p>\u201cEl melanoma causa la mayor\u00eda de las muertes por c\u00e1ncer de piel\u201d<\/p><\/blockquote>\n\n\n\n<h2 class=\"wp-block-heading\">\u00bfC\u00d3MO DETECTO UN MELANOMA?&nbsp;<\/h2>\n\n\n\n<p>La se\u00f1al m\u00e1s importante para el melanoma es alg\u00fan lunar nuevo en la piel o uno existente que haya cambiado en tama\u00f1o, forma o color. Otra se\u00f1al importante es alg\u00fan lunar que luzca distinto a los otros, \u201cel patito feo\u201d. Si presentas cualquiera de estas se\u00f1ales, acude al dermat\u00f3logo para una revisi\u00f3n adecuada.<\/p>\n\n\n\n<p>La regla ABCDE es un m\u00e9todo para identificar posibles melanomas. Si encuentras cualquiera de estas caracter\u00edsticas son una se\u00f1al de alarma:<\/p>\n\n\n\n<p><strong>\u2022 A <\/strong>de Asimetr\u00eda en la forma: una mitad del lunar no se parece a la otra mitad.<\/p>\n\n\n\n<p><strong>\u2022 B <\/strong>de Bordes irregulares: los bordes son desiguales, dentados o poco definidos.<\/p>\n\n\n\n<p><strong>\u2022 C <\/strong>de Color no uniforme: con sombras, m\u00e1s de un color, con manchas rosadas, rojas, azules o blancas.<\/p>\n\n\n\n<p><strong>\u2022 D <\/strong>de Di\u00e1metro grande: el lunar mide m\u00e1s de 6 mil\u00edmetros de di\u00e1metro.<\/p>\n\n\n\n<p><strong>\u2022 E <\/strong>de Evoluci\u00f3n: el tama\u00f1o, la forma o el color del lunar est\u00e1n cambiando.<\/p>\n\n\n\n<h2 class=\"wp-block-heading\">\u00bfC\u00d3MO SE HACE EL DIAGN\u00d3STICO DEFINITIVO DE MELANOMA?<\/h2>\n\n\n\n<p>El profesional id\u00f3neo para hacer el diagn\u00f3stico definitivo de una lesi\u00f3n que sospeches que es un melanoma es el dermat\u00f3logo. Lo primero que se realizar\u00e1 es un examen completo con inspecci\u00f3n visual directa y posteriormente con <strong>dermatoscopio<\/strong>.<\/p>\n\n\n\n<p>Esta herramienta nos permite ver capas m\u00e1s profundas de la piel y seg\u00fan su morfolog\u00eda y estructura se considera si es sospechosa o no. Si fuera necesario el siguiente paso es la realizaci\u00f3n de una biopsia que supone la extirpaci\u00f3n de la lesi\u00f3n para an\u00e1lisis anatomopatol\u00f3gico al microscopio.<\/p>\n\n\n\n<p><strong>Art\u00edculo:<\/strong><\/p>\n\n\n\n<div class=\"wp-block-media-text alignwide has-media-on-the-right\" style=\"grid-template-columns:auto 32%\"><figure class=\"wp-block-media-text__media\"><img loading=\"lazy\" decoding=\"async\" width=\"709\" height=\"1024\" src=\"https:\/\/www.gruporecoletas.com\/noticias\/wp-content\/uploads\/2019\/03\/SG_Dr-Martin-martin_9x13-709x1024.jpg\" alt=\"\" class=\"wp-image-12263\" srcset=\"https:\/\/www.gruporecoletas.com\/noticias\/wp-content\/uploads\/2019\/03\/SG_Dr-Martin-martin_9x13-709x1024.jpg 709w, https:\/\/www.gruporecoletas.com\/noticias\/wp-content\/uploads\/2019\/03\/SG_Dr-Martin-martin_9x13-208x300.jpg 208w, https:\/\/www.gruporecoletas.com\/noticias\/wp-content\/uploads\/2019\/03\/SG_Dr-Martin-martin_9x13-768x1109.jpg 768w, https:\/\/www.gruporecoletas.com\/noticias\/wp-content\/uploads\/2019\/03\/SG_Dr-Martin-martin_9x13.jpg 900w\" sizes=\"auto, (max-width: 709px) 100vw, 709px\" \/><\/figure><div class=\"wp-block-media-text__content\">\n<h4 class=\"wp-block-heading\"><a href=\"https:\/\/www.gruporecoletas.com\/especialidades\/dermatologia\/\">Unidad de Dermatolog\u00eda<\/a><\/h4>\n\n\n\n<p><a href=\"https:\/\/www.gruporecoletas.com\/profesionales\/dr-martin-martin\/\">Dr. Gerardo Mart\u00edn Mart\u00edn<\/a><\/p>\n<\/div><\/div>\n","protected":false},"excerpt":{"rendered":"<p>El c\u00e1ncer de piel es el tipo de c\u00e1ncer m\u00e1s frecuente en el ser humano. Los principales tipos de c\u00e1ncer de piel son carcinoma de c\u00e9lulas basales, carcinoma de c\u00e9lulas escamosas, y melanoma. El melanoma es mucho menos com\u00fan que los otros tipos de c\u00e1ncer pero es mucho m\u00e1s probable que haga met\u00e1stasis, es decir, [&hellip;]<\/p>\n","protected":false},"author":2,"featured_media":12257,"comment_status":"closed","ping_status":"closed","sticky":false,"template":"","format":"standard","meta":{"_acf_changed":false,"footnotes":""},"categories":[42],"tags":[53],"class_list":["post-12249","post","type-post","status-publish","format-standard","has-post-thumbnail","hentry","category-recoletas-salud","tag-recoletas-salud-no16-enero-2019"],"acf":[],"yoast_head":"<!-- This site is optimized with the Yoast SEO Premium plugin v27.3 (Yoast SEO v27.3) - https:\/\/yoast.com\/product\/yoast-seo-premium-wordpress\/ -->\n<title>Hablemos del Melanoma - Noticias Grupo Recoletas<\/title>\n<meta name=\"robots\" content=\"index, follow, max-snippet:-1, max-image-preview:large, max-video-preview:-1\" \/>\n<link rel=\"canonical\" href=\"https:\/\/www.gruporecoletas.com\/noticias\/hablemos-de-melanoma\/\" \/>\n<meta property=\"og:locale\" content=\"es_ES\" \/>\n<meta property=\"og:type\" content=\"article\" \/>\n<meta property=\"og:title\" content=\"Hablemos del Melanoma\" \/>\n<meta property=\"og:description\" content=\"El c\u00e1ncer de piel es el tipo de c\u00e1ncer m\u00e1s frecuente en el ser humano. Los principales tipos de c\u00e1ncer de piel son carcinoma de c\u00e9lulas basales, carcinoma de c\u00e9lulas escamosas, y melanoma. El melanoma es mucho menos com\u00fan que los otros tipos de c\u00e1ncer pero es mucho m\u00e1s probable que haga met\u00e1stasis, es decir, [&hellip;]\" \/>\n<meta property=\"og:url\" content=\"https:\/\/www.gruporecoletas.com\/noticias\/hablemos-de-melanoma\/\" \/>\n<meta property=\"og:site_name\" content=\"Noticias Grupo Recoletas\" \/>\n<meta property=\"article:publisher\" content=\"https:\/\/www.facebook.com\/GrupoRecoletas\/\" \/>\n<meta property=\"article:published_time\" content=\"2019-03-13T16:59:14+00:00\" \/>\n<meta property=\"article:modified_time\" content=\"2019-03-13T18:32:47+00:00\" \/>\n<meta property=\"og:image\" content=\"https:\/\/www.gruporecoletas.com\/noticias\/wp-content\/uploads\/2019\/03\/melanoma.jpg\" \/>\n\t<meta property=\"og:image:width\" content=\"1400\" \/>\n\t<meta property=\"og:image:height\" content=\"933\" \/>\n\t<meta property=\"og:image:type\" content=\"image\/jpeg\" \/>\n<meta name=\"author\" content=\"Recoletas Red Hospitalaria\" \/>\n<meta name=\"twitter:card\" content=\"summary_large_image\" \/>\n<meta name=\"twitter:creator\" content=\"@GrupoRecoletas\" \/>\n<meta name=\"twitter:site\" content=\"@GrupoRecoletas\" \/>\n<meta name=\"twitter:label1\" content=\"Escrito por\" \/>\n\t<meta name=\"twitter:data1\" content=\"Recoletas Red Hospitalaria\" \/>\n\t<meta name=\"twitter:label2\" content=\"Tiempo de lectura\" \/>\n\t<meta name=\"twitter:data2\" content=\"4 minutos\" \/>\n<script type=\"application\/ld+json\" class=\"yoast-schema-graph\">{\"@context\":\"https:\\\/\\\/schema.org\",\"@graph\":[{\"@type\":\"Article\",\"@id\":\"https:\\\/\\\/www.gruporecoletas.com\\\/noticias\\\/hablemos-de-melanoma\\\/#article\",\"isPartOf\":{\"@id\":\"https:\\\/\\\/www.gruporecoletas.com\\\/noticias\\\/hablemos-de-melanoma\\\/\"},\"author\":{\"name\":\"Recoletas Red Hospitalaria\",\"@id\":\"https:\\\/\\\/www.gruporecoletas.com\\\/noticias\\\/#\\\/schema\\\/person\\\/3c6ac429828d1f5e3d3bd99f4da9b02c\"},\"headline\":\"Hablemos del Melanoma\",\"datePublished\":\"2019-03-13T16:59:14+00:00\",\"dateModified\":\"2019-03-13T18:32:47+00:00\",\"mainEntityOfPage\":{\"@id\":\"https:\\\/\\\/www.gruporecoletas.com\\\/noticias\\\/hablemos-de-melanoma\\\/\"},\"wordCount\":789,\"image\":{\"@id\":\"https:\\\/\\\/www.gruporecoletas.com\\\/noticias\\\/hablemos-de-melanoma\\\/#primaryimage\"},\"thumbnailUrl\":\"https:\\\/\\\/www.gruporecoletas.com\\\/noticias\\\/wp-content\\\/uploads\\\/2019\\\/03\\\/melanoma.jpg\",\"keywords\":[\"Recoletas Salud N\u00ba16 - Enero 2019\"],\"articleSection\":[\"Recoletas Salud\"],\"inLanguage\":\"es\"},{\"@type\":\"WebPage\",\"@id\":\"https:\\\/\\\/www.gruporecoletas.com\\\/noticias\\\/hablemos-de-melanoma\\\/\",\"url\":\"https:\\\/\\\/www.gruporecoletas.com\\\/noticias\\\/hablemos-de-melanoma\\\/\",\"name\":\"Hablemos del Melanoma - Noticias Grupo Recoletas\",\"isPartOf\":{\"@id\":\"https:\\\/\\\/www.gruporecoletas.com\\\/noticias\\\/#website\"},\"primaryImageOfPage\":{\"@id\":\"https:\\\/\\\/www.gruporecoletas.com\\\/noticias\\\/hablemos-de-melanoma\\\/#primaryimage\"},\"image\":{\"@id\":\"https:\\\/\\\/www.gruporecoletas.com\\\/noticias\\\/hablemos-de-melanoma\\\/#primaryimage\"},\"thumbnailUrl\":\"https:\\\/\\\/www.gruporecoletas.com\\\/noticias\\\/wp-content\\\/uploads\\\/2019\\\/03\\\/melanoma.jpg\",\"datePublished\":\"2019-03-13T16:59:14+00:00\",\"dateModified\":\"2019-03-13T18:32:47+00:00\",\"author\":{\"@id\":\"https:\\\/\\\/www.gruporecoletas.com\\\/noticias\\\/#\\\/schema\\\/person\\\/3c6ac429828d1f5e3d3bd99f4da9b02c\"},\"breadcrumb\":{\"@id\":\"https:\\\/\\\/www.gruporecoletas.com\\\/noticias\\\/hablemos-de-melanoma\\\/#breadcrumb\"},\"inLanguage\":\"es\",\"potentialAction\":[{\"@type\":\"ReadAction\",\"target\":[\"https:\\\/\\\/www.gruporecoletas.com\\\/noticias\\\/hablemos-de-melanoma\\\/\"]}]},{\"@type\":\"ImageObject\",\"inLanguage\":\"es\",\"@id\":\"https:\\\/\\\/www.gruporecoletas.com\\\/noticias\\\/hablemos-de-melanoma\\\/#primaryimage\",\"url\":\"https:\\\/\\\/www.gruporecoletas.com\\\/noticias\\\/wp-content\\\/uploads\\\/2019\\\/03\\\/melanoma.jpg\",\"contentUrl\":\"https:\\\/\\\/www.gruporecoletas.com\\\/noticias\\\/wp-content\\\/uploads\\\/2019\\\/03\\\/melanoma.jpg\",\"width\":1400,\"height\":933},{\"@type\":\"BreadcrumbList\",\"@id\":\"https:\\\/\\\/www.gruporecoletas.com\\\/noticias\\\/hablemos-de-melanoma\\\/#breadcrumb\",\"itemListElement\":[{\"@type\":\"ListItem\",\"position\":1,\"name\":\"Portada\",\"item\":\"https:\\\/\\\/www.gruporecoletas.com\\\/noticias\\\/\"},{\"@type\":\"ListItem\",\"position\":2,\"name\":\"Hablemos del Melanoma\"}]},{\"@type\":\"WebSite\",\"@id\":\"https:\\\/\\\/www.gruporecoletas.com\\\/noticias\\\/#website\",\"url\":\"https:\\\/\\\/www.gruporecoletas.com\\\/noticias\\\/\",\"name\":\"Noticias Grupo Recoletas\",\"description\":\"Grupo Recoletas\",\"potentialAction\":[{\"@type\":\"SearchAction\",\"target\":{\"@type\":\"EntryPoint\",\"urlTemplate\":\"https:\\\/\\\/www.gruporecoletas.com\\\/noticias\\\/?s={search_term_string}\"},\"query-input\":{\"@type\":\"PropertyValueSpecification\",\"valueRequired\":true,\"valueName\":\"search_term_string\"}}],\"inLanguage\":\"es\"},{\"@type\":\"Person\",\"@id\":\"https:\\\/\\\/www.gruporecoletas.com\\\/noticias\\\/#\\\/schema\\\/person\\\/3c6ac429828d1f5e3d3bd99f4da9b02c\",\"name\":\"Recoletas Red Hospitalaria\",\"url\":\"https:\\\/\\\/www.gruporecoletas.com\\\/noticias\\\/author\\\/comunicacion\\\/\"}]}<\/script>\n<!-- \/ Yoast SEO Premium plugin. -->","yoast_head_json":{"title":"Hablemos del Melanoma - Noticias Grupo Recoletas","robots":{"index":"index","follow":"follow","max-snippet":"max-snippet:-1","max-image-preview":"max-image-preview:large","max-video-preview":"max-video-preview:-1"},"canonical":"https:\/\/www.gruporecoletas.com\/noticias\/hablemos-de-melanoma\/","og_locale":"es_ES","og_type":"article","og_title":"Hablemos del Melanoma","og_description":"El c\u00e1ncer de piel es el tipo de c\u00e1ncer m\u00e1s frecuente en el ser humano. Los principales tipos de c\u00e1ncer de piel son carcinoma de c\u00e9lulas basales, carcinoma de c\u00e9lulas escamosas, y melanoma. El melanoma es mucho menos com\u00fan que los otros tipos de c\u00e1ncer pero es mucho m\u00e1s probable que haga met\u00e1stasis, es decir, [&hellip;]","og_url":"https:\/\/www.gruporecoletas.com\/noticias\/hablemos-de-melanoma\/","og_site_name":"Noticias Grupo Recoletas","article_publisher":"https:\/\/www.facebook.com\/GrupoRecoletas\/","article_published_time":"2019-03-13T16:59:14+00:00","article_modified_time":"2019-03-13T18:32:47+00:00","og_image":[{"width":1400,"height":933,"url":"https:\/\/www.gruporecoletas.com\/noticias\/wp-content\/uploads\/2019\/03\/melanoma.jpg","type":"image\/jpeg"}],"author":"Recoletas Red Hospitalaria","twitter_card":"summary_large_image","twitter_creator":"@GrupoRecoletas","twitter_site":"@GrupoRecoletas","twitter_misc":{"Escrito por":"Recoletas Red Hospitalaria","Tiempo de lectura":"4 minutos"},"schema":{"@context":"https:\/\/schema.org","@graph":[{"@type":"Article","@id":"https:\/\/www.gruporecoletas.com\/noticias\/hablemos-de-melanoma\/#article","isPartOf":{"@id":"https:\/\/www.gruporecoletas.com\/noticias\/hablemos-de-melanoma\/"},"author":{"name":"Recoletas Red Hospitalaria","@id":"https:\/\/www.gruporecoletas.com\/noticias\/#\/schema\/person\/3c6ac429828d1f5e3d3bd99f4da9b02c"},"headline":"Hablemos del Melanoma","datePublished":"2019-03-13T16:59:14+00:00","dateModified":"2019-03-13T18:32:47+00:00","mainEntityOfPage":{"@id":"https:\/\/www.gruporecoletas.com\/noticias\/hablemos-de-melanoma\/"},"wordCount":789,"image":{"@id":"https:\/\/www.gruporecoletas.com\/noticias\/hablemos-de-melanoma\/#primaryimage"},"thumbnailUrl":"https:\/\/www.gruporecoletas.com\/noticias\/wp-content\/uploads\/2019\/03\/melanoma.jpg","keywords":["Recoletas Salud N\u00ba16 - Enero 2019"],"articleSection":["Recoletas Salud"],"inLanguage":"es"},{"@type":"WebPage","@id":"https:\/\/www.gruporecoletas.com\/noticias\/hablemos-de-melanoma\/","url":"https:\/\/www.gruporecoletas.com\/noticias\/hablemos-de-melanoma\/","name":"Hablemos del Melanoma - Noticias Grupo Recoletas","isPartOf":{"@id":"https:\/\/www.gruporecoletas.com\/noticias\/#website"},"primaryImageOfPage":{"@id":"https:\/\/www.gruporecoletas.com\/noticias\/hablemos-de-melanoma\/#primaryimage"},"image":{"@id":"https:\/\/www.gruporecoletas.com\/noticias\/hablemos-de-melanoma\/#primaryimage"},"thumbnailUrl":"https:\/\/www.gruporecoletas.com\/noticias\/wp-content\/uploads\/2019\/03\/melanoma.jpg","datePublished":"2019-03-13T16:59:14+00:00","dateModified":"2019-03-13T18:32:47+00:00","author":{"@id":"https:\/\/www.gruporecoletas.com\/noticias\/#\/schema\/person\/3c6ac429828d1f5e3d3bd99f4da9b02c"},"breadcrumb":{"@id":"https:\/\/www.gruporecoletas.com\/noticias\/hablemos-de-melanoma\/#breadcrumb"},"inLanguage":"es","potentialAction":[{"@type":"ReadAction","target":["https:\/\/www.gruporecoletas.com\/noticias\/hablemos-de-melanoma\/"]}]},{"@type":"ImageObject","inLanguage":"es","@id":"https:\/\/www.gruporecoletas.com\/noticias\/hablemos-de-melanoma\/#primaryimage","url":"https:\/\/www.gruporecoletas.com\/noticias\/wp-content\/uploads\/2019\/03\/melanoma.jpg","contentUrl":"https:\/\/www.gruporecoletas.com\/noticias\/wp-content\/uploads\/2019\/03\/melanoma.jpg","width":1400,"height":933},{"@type":"BreadcrumbList","@id":"https:\/\/www.gruporecoletas.com\/noticias\/hablemos-de-melanoma\/#breadcrumb","itemListElement":[{"@type":"ListItem","position":1,"name":"Portada","item":"https:\/\/www.gruporecoletas.com\/noticias\/"},{"@type":"ListItem","position":2,"name":"Hablemos del Melanoma"}]},{"@type":"WebSite","@id":"https:\/\/www.gruporecoletas.com\/noticias\/#website","url":"https:\/\/www.gruporecoletas.com\/noticias\/","name":"Noticias Grupo Recoletas","description":"Grupo Recoletas","potentialAction":[{"@type":"SearchAction","target":{"@type":"EntryPoint","urlTemplate":"https:\/\/www.gruporecoletas.com\/noticias\/?s={search_term_string}"},"query-input":{"@type":"PropertyValueSpecification","valueRequired":true,"valueName":"search_term_string"}}],"inLanguage":"es"},{"@type":"Person","@id":"https:\/\/www.gruporecoletas.com\/noticias\/#\/schema\/person\/3c6ac429828d1f5e3d3bd99f4da9b02c","name":"Recoletas Red Hospitalaria","url":"https:\/\/www.gruporecoletas.com\/noticias\/author\/comunicacion\/"}]}},"_links":{"self":[{"href":"https:\/\/www.gruporecoletas.com\/noticias\/wp-json\/wp\/v2\/posts\/12249","targetHints":{"allow":["GET"]}}],"collection":[{"href":"https:\/\/www.gruporecoletas.com\/noticias\/wp-json\/wp\/v2\/posts"}],"about":[{"href":"https:\/\/www.gruporecoletas.com\/noticias\/wp-json\/wp\/v2\/types\/post"}],"author":[{"embeddable":true,"href":"https:\/\/www.gruporecoletas.com\/noticias\/wp-json\/wp\/v2\/users\/2"}],"replies":[{"embeddable":true,"href":"https:\/\/www.gruporecoletas.com\/noticias\/wp-json\/wp\/v2\/comments?post=12249"}],"version-history":[{"count":7,"href":"https:\/\/www.gruporecoletas.com\/noticias\/wp-json\/wp\/v2\/posts\/12249\/revisions"}],"predecessor-version":[{"id":12281,"href":"https:\/\/www.gruporecoletas.com\/noticias\/wp-json\/wp\/v2\/posts\/12249\/revisions\/12281"}],"wp:featuredmedia":[{"embeddable":true,"href":"https:\/\/www.gruporecoletas.com\/noticias\/wp-json\/wp\/v2\/media\/12257"}],"wp:attachment":[{"href":"https:\/\/www.gruporecoletas.com\/noticias\/wp-json\/wp\/v2\/media?parent=12249"}],"wp:term":[{"taxonomy":"category","embeddable":true,"href":"https:\/\/www.gruporecoletas.com\/noticias\/wp-json\/wp\/v2\/categories?post=12249"},{"taxonomy":"post_tag","embeddable":true,"href":"https:\/\/www.gruporecoletas.com\/noticias\/wp-json\/wp\/v2\/tags?post=12249"}],"curies":[{"name":"wp","href":"https:\/\/api.w.org\/{rel}","templated":true}]}}