{"id":12285,"date":"2019-02-11T18:37:57","date_gmt":"2019-02-11T18:37:57","guid":{"rendered":"https:\/\/www.gruporecoletas.com\/noticias\/?p=12285"},"modified":"2019-03-13T18:49:56","modified_gmt":"2019-03-13T18:49:56","slug":"el-glaucoma-mitos-y-realidades","status":"publish","type":"post","link":"https:\/\/www.gruporecoletas.com\/noticias\/el-glaucoma-mitos-y-realidades\/","title":{"rendered":"El Glaucoma, Mitos y Realidades"},"content":{"rendered":"\n<h2 class=\"wp-block-heading\">\u00bfQU\u00c9 ES?<\/h2>\n\n\n\n<div class=\"wp-block-image\"><figure class=\"alignright is-resized\"><a href=\"https:\/\/www.gruporecoletas.com\/noticias\/tag\/recoletas-salud-no16-enero-2019\/\"><img loading=\"lazy\" decoding=\"async\" src=\"https:\/\/www.gruporecoletas.com\/noticias\/wp-content\/uploads\/2019\/03\/recoletas-salud-16.jpg\" alt=\"\" class=\"wp-image-12015\" width=\"157\" height=\"222\" srcset=\"https:\/\/www.gruporecoletas.com\/noticias\/wp-content\/uploads\/2019\/03\/recoletas-salud-16.jpg 320w, https:\/\/www.gruporecoletas.com\/noticias\/wp-content\/uploads\/2019\/03\/recoletas-salud-16-213x300.jpg 213w\" sizes=\"auto, (max-width: 157px) 100vw, 157px\" \/><\/a><\/figure><\/div>\n\n\n\n<p>El glaucoma se define como un conjunto de enfermedades que afectan al nervio \u00f3ptico. Todas ellas tienen dos caracter\u00edsticas comunes, la desaparici\u00f3n del tejido que forma el nervio y la p\u00e9rdida progresiva de la funci\u00f3n visual.<\/p>\n\n\n\n<p>El nervio \u00f3ptico es la v\u00eda de comunicaci\u00f3n entre el ojo, \u00f3rgano encargado de recibir la se\u00f1al luminosa del exterior y transformarla en un est\u00edmulo el\u00e9ctrico, y la corteza occipital del cerebro, qui\u00e9n es, en \u00faltima instancia, la encargada de generar la sensaci\u00f3n visual que percibimos con la informaci\u00f3n recibida. Este nervio est\u00e1 formado por, aproximadamente, 1.200.000 axones o extensiones de unas c\u00e9lulas localizadas en una de las capas de la retina. Existe una p\u00e9rdida fisiol\u00f3gica de estas c\u00e9lulas a medida que vamos cumpliendo a\u00f1os. Sin embargo, la naturaleza nos ha dotado de una cantidad suficiente para mantener una funci\u00f3n visual adecuada durante la vida.<\/p>\n\n\n\n<p>En el caso del glaucoma esta p\u00e9rdida fisiol\u00f3gica se ve acelerada, lo que puede comprometer la visi\u00f3n de nuestros pacientes. Y s\u00ed, la ceguera de uno o de los dos ojos ser\u00e1 el resultado final si no se pone un remedio adecuado.<\/p>\n\n\n\n<p>Se calcula que el glaucoma afectar\u00e1 a unos 80 millones de personas en el mundo en el a\u00f1o 2020. Para el 2040 esta cifra aumentar\u00e1 hasta los 110 millones. <strong>Es una de las causas m\u00e1s frecuentes de ceguera en el mundo.<\/strong> Su prevalencia en la poblaci\u00f3n var\u00eda mucho seg\u00fan la geograf\u00eda o la raza. En la poblaci\u00f3n blanca o cauc\u00e1sica se estima que est\u00e1 entre el 1%-3%. Sin embargo, esta cifra aumenta conforme vamos envejeciendo. Se estima que ronda el 20% por encima de los 80 a\u00f1os.<\/p>\n\n\n\n<blockquote class=\"wp-block-quote is-style-large is-layout-flow wp-block-quote-is-layout-flow\"><p>\u201cEl glaucoma es una de las causas m\u00e1s frecuentes de ceguera en el mundo. La presi\u00f3n ocular elevada y la edad son los factores de riesgo m\u00e1s importantes\u201d<\/p><\/blockquote>\n\n\n\n<p>Adem\u00e1s, seg\u00fan varios estudios realizados sobre poblaciones de pa\u00edses desarrollados, <strong>el 50% de los glaucomas est\u00e1n sin diagnosticar.<\/strong> Sobre todo, aquellos glaucomas que no se acompa\u00f1an de un aumento de la presi\u00f3n ocular.<\/p>\n\n\n\n<h2 class=\"wp-block-heading\">S\u00cdNTOMAS<\/h2>\n\n\n\n<p>El glaucoma es una enfermedad que no produce s\u00edntomas en la inmensa mayor\u00eda de los casos. De manera que cuando el paciente acude por una alteraci\u00f3n visual y \u00e9sta es debida a la enfermedad, la situaci\u00f3n puede ser ya muy cr\u00edtica, comprometiendo seriamente la funci\u00f3n visual.<\/p>\n\n\n\n<p>Existen una serie de<strong> factores de riesgo<\/strong> para desarrollar un glaucoma, siendo la <strong>presi\u00f3n ocular elevada y la edad los m\u00e1s importantes<\/strong>. Sin embargo, se puede tener un glaucoma con la presi\u00f3n ocular normal, por lo que en estos casos son otros los factores que motivan su aparici\u00f3n. De estos dos factores de riesgo el \u00fanico que podemos modificar es la cifra de presi\u00f3n ocular.<\/p>\n\n\n\n<p>Existen otros factores, algunos de m\u00e1s o menos importancia, como son: la medida del espesor corneal, la miop\u00eda, la diabetes, familiares directos con la enfermedad o el aspecto del nervio \u00f3ptico. Por desgracia, ninguno de ellos \u201cmodificable\u201d. Cuantos m\u00e1s factores de riesgo se sumen en un mismo paciente m\u00e1s probabilidad tendr\u00e1 de desarrollar el glaucoma.<\/p>\n\n\n\n<h2 class=\"wp-block-heading\">DIAGN\u00d3STICO<\/h2>\n\n\n\n<p>Las campa\u00f1as destinadas a detectar precozmente la enfermedad deben focalizarse en aquellos pacientes con factores de riesgo, pero se ha demostrado que no son rentables en toda la poblaci\u00f3n.<\/p>\n\n\n\n<p>Lo m\u00e1s recomendable es que partir de los 40 a\u00f1os nos hagamos una revisi\u00f3n oftalmol\u00f3gica que incluya la toma de la presi\u00f3n ocular y fondo de ojo. En pacientes miopes o hiperm\u00e9tropes, por encima de 3 dioptr\u00edas, es mejor adelantar a los 30 a\u00f1os esta primera revisi\u00f3n.<\/p>\n\n\n\n<h2 class=\"wp-block-heading\">TRATAMIENTO<\/h2>\n\n\n\n<p>El glaucoma es una enfermedad cr\u00f3nica, es decir, que no se puede curar. Adem\u00e1s, el da\u00f1o sobre el nervio \u00f3ptico es, hoy por hoy, irreversible. Al igual que otras patolog\u00edas de nuestro cuerpo va a necesitar un seguimiento y\/o tratamiento de por vida.<\/p>\n\n\n\n<p>Afortunadamente, en el 90% de los casos evoluciona lentamente, lo que permite que, con un control adecuado, no suponga ninguna amenaza para la visi\u00f3n.<\/p>\n\n\n\n<p><strong>Los tres pilares del tratamiento del glaucoma son: el tratamiento m\u00e9dico \u201ccolirios\u201d, el empleo del l\u00e1ser y la cirug\u00eda.<\/strong> Todos ellos, destinados a detener la progresi\u00f3n de la enfermedad.<\/p>\n\n\n\n<p>El desarrollo de esta subespecialidad dentro de la Oftalmolog\u00eda ha permitido a los pacientes con glaucoma un mejor diagn\u00f3stico, seguimiento y tratamiento, evitando en la mayor\u00eda de los casos lo que hace a\u00f1os era inevitable, la ceguera.<\/p>\n\n\n\n<p><strong>Art\u00edculo:<\/strong><\/p>\n\n\n\n<div class=\"wp-block-media-text alignwide has-media-on-the-right\" style=\"grid-template-columns:auto 28%\"><figure class=\"wp-block-media-text__media\"><img loading=\"lazy\" decoding=\"async\" width=\"709\" height=\"1024\" src=\"https:\/\/www.gruporecoletas.com\/noticias\/wp-content\/uploads\/2019\/03\/IOR_Dr-Bringas-Calvo_9x13-709x1024.jpg\" alt=\"\" class=\"wp-image-12287\" srcset=\"https:\/\/www.gruporecoletas.com\/noticias\/wp-content\/uploads\/2019\/03\/IOR_Dr-Bringas-Calvo_9x13-709x1024.jpg 709w, https:\/\/www.gruporecoletas.com\/noticias\/wp-content\/uploads\/2019\/03\/IOR_Dr-Bringas-Calvo_9x13-208x300.jpg 208w, https:\/\/www.gruporecoletas.com\/noticias\/wp-content\/uploads\/2019\/03\/IOR_Dr-Bringas-Calvo_9x13-768x1109.jpg 768w, https:\/\/www.gruporecoletas.com\/noticias\/wp-content\/uploads\/2019\/03\/IOR_Dr-Bringas-Calvo_9x13.jpg 900w\" sizes=\"auto, (max-width: 709px) 100vw, 709px\" \/><\/figure><div class=\"wp-block-media-text__content\">\n<h3 class=\"wp-block-heading\"><a href=\"https:\/\/www.gruporecoletas.com\/especialidades\/oftalmologia\/\">Unidad de Glaucoma Instituto Oftalmol\u00f3gico Recoletas<\/a><\/h3>\n\n\n\n<p><a href=\"https:\/\/www.gruporecoletas.com\/profesionales\/dr-bringas-calvo\/\">Dr. Ram\u00f3n Bringas Calvo<\/a><\/p>\n<\/div><\/div>\n","protected":false},"excerpt":{"rendered":"<p>\u00bfQU\u00c9 ES? El glaucoma se define como un conjunto de enfermedades que afectan al nervio \u00f3ptico. Todas ellas tienen dos caracter\u00edsticas comunes, la desaparici\u00f3n del tejido que forma el nervio y la p\u00e9rdida progresiva de la funci\u00f3n visual. El nervio \u00f3ptico es la v\u00eda de comunicaci\u00f3n entre el ojo, \u00f3rgano encargado de recibir la se\u00f1al [&hellip;]<\/p>\n","protected":false},"author":2,"featured_media":12286,"comment_status":"closed","ping_status":"closed","sticky":false,"template":"","format":"standard","meta":{"_acf_changed":false,"footnotes":""},"categories":[42],"tags":[53],"class_list":["post-12285","post","type-post","status-publish","format-standard","has-post-thumbnail","hentry","category-recoletas-salud","tag-recoletas-salud-no16-enero-2019"],"acf":[],"yoast_head":"<!-- This site is optimized with the Yoast SEO Premium plugin v27.3 (Yoast SEO v27.3) - https:\/\/yoast.com\/product\/yoast-seo-premium-wordpress\/ -->\n<title>El Glaucoma, Mitos y Realidades - Noticias Grupo Recoletas<\/title>\n<meta name=\"robots\" content=\"index, follow, max-snippet:-1, max-image-preview:large, max-video-preview:-1\" \/>\n<link rel=\"canonical\" href=\"https:\/\/www.gruporecoletas.com\/noticias\/el-glaucoma-mitos-y-realidades\/\" \/>\n<meta property=\"og:locale\" content=\"es_ES\" \/>\n<meta property=\"og:type\" content=\"article\" \/>\n<meta property=\"og:title\" content=\"El Glaucoma, Mitos y Realidades\" \/>\n<meta property=\"og:description\" content=\"\u00bfQU\u00c9 ES? El glaucoma se define como un conjunto de enfermedades que afectan al nervio \u00f3ptico. Todas ellas tienen dos caracter\u00edsticas comunes, la desaparici\u00f3n del tejido que forma el nervio y la p\u00e9rdida progresiva de la funci\u00f3n visual. El nervio \u00f3ptico es la v\u00eda de comunicaci\u00f3n entre el ojo, \u00f3rgano encargado de recibir la se\u00f1al [&hellip;]\" \/>\n<meta property=\"og:url\" content=\"https:\/\/www.gruporecoletas.com\/noticias\/el-glaucoma-mitos-y-realidades\/\" \/>\n<meta property=\"og:site_name\" content=\"Noticias Grupo Recoletas\" \/>\n<meta property=\"article:publisher\" content=\"https:\/\/www.facebook.com\/GrupoRecoletas\/\" \/>\n<meta property=\"article:published_time\" content=\"2019-02-11T18:37:57+00:00\" \/>\n<meta property=\"article:modified_time\" content=\"2019-03-13T18:49:56+00:00\" \/>\n<meta property=\"og:image\" content=\"https:\/\/www.gruporecoletas.com\/noticias\/wp-content\/uploads\/2019\/03\/El-Glaucoma-Mitos-y-Realidades.jpg\" \/>\n\t<meta property=\"og:image:width\" content=\"1400\" \/>\n\t<meta property=\"og:image:height\" content=\"933\" \/>\n\t<meta property=\"og:image:type\" content=\"image\/jpeg\" \/>\n<meta name=\"author\" content=\"Recoletas Red Hospitalaria\" \/>\n<meta name=\"twitter:card\" content=\"summary_large_image\" \/>\n<meta name=\"twitter:creator\" content=\"@GrupoRecoletas\" \/>\n<meta name=\"twitter:site\" content=\"@GrupoRecoletas\" \/>\n<meta name=\"twitter:label1\" content=\"Escrito por\" \/>\n\t<meta name=\"twitter:data1\" content=\"Recoletas Red Hospitalaria\" \/>\n\t<meta name=\"twitter:label2\" content=\"Tiempo de lectura\" \/>\n\t<meta name=\"twitter:data2\" content=\"4 minutos\" \/>\n<script type=\"application\/ld+json\" class=\"yoast-schema-graph\">{\"@context\":\"https:\\\/\\\/schema.org\",\"@graph\":[{\"@type\":\"Article\",\"@id\":\"https:\\\/\\\/www.gruporecoletas.com\\\/noticias\\\/el-glaucoma-mitos-y-realidades\\\/#article\",\"isPartOf\":{\"@id\":\"https:\\\/\\\/www.gruporecoletas.com\\\/noticias\\\/el-glaucoma-mitos-y-realidades\\\/\"},\"author\":{\"name\":\"Recoletas Red Hospitalaria\",\"@id\":\"https:\\\/\\\/www.gruporecoletas.com\\\/noticias\\\/#\\\/schema\\\/person\\\/3c6ac429828d1f5e3d3bd99f4da9b02c\"},\"headline\":\"El Glaucoma, Mitos y Realidades\",\"datePublished\":\"2019-02-11T18:37:57+00:00\",\"dateModified\":\"2019-03-13T18:49:56+00:00\",\"mainEntityOfPage\":{\"@id\":\"https:\\\/\\\/www.gruporecoletas.com\\\/noticias\\\/el-glaucoma-mitos-y-realidades\\\/\"},\"wordCount\":799,\"image\":{\"@id\":\"https:\\\/\\\/www.gruporecoletas.com\\\/noticias\\\/el-glaucoma-mitos-y-realidades\\\/#primaryimage\"},\"thumbnailUrl\":\"https:\\\/\\\/www.gruporecoletas.com\\\/noticias\\\/wp-content\\\/uploads\\\/2019\\\/03\\\/El-Glaucoma-Mitos-y-Realidades.jpg\",\"keywords\":[\"Recoletas Salud N\u00ba16 - Enero 2019\"],\"articleSection\":[\"Recoletas Salud\"],\"inLanguage\":\"es\"},{\"@type\":\"WebPage\",\"@id\":\"https:\\\/\\\/www.gruporecoletas.com\\\/noticias\\\/el-glaucoma-mitos-y-realidades\\\/\",\"url\":\"https:\\\/\\\/www.gruporecoletas.com\\\/noticias\\\/el-glaucoma-mitos-y-realidades\\\/\",\"name\":\"El Glaucoma, Mitos y Realidades - Noticias Grupo Recoletas\",\"isPartOf\":{\"@id\":\"https:\\\/\\\/www.gruporecoletas.com\\\/noticias\\\/#website\"},\"primaryImageOfPage\":{\"@id\":\"https:\\\/\\\/www.gruporecoletas.com\\\/noticias\\\/el-glaucoma-mitos-y-realidades\\\/#primaryimage\"},\"image\":{\"@id\":\"https:\\\/\\\/www.gruporecoletas.com\\\/noticias\\\/el-glaucoma-mitos-y-realidades\\\/#primaryimage\"},\"thumbnailUrl\":\"https:\\\/\\\/www.gruporecoletas.com\\\/noticias\\\/wp-content\\\/uploads\\\/2019\\\/03\\\/El-Glaucoma-Mitos-y-Realidades.jpg\",\"datePublished\":\"2019-02-11T18:37:57+00:00\",\"dateModified\":\"2019-03-13T18:49:56+00:00\",\"author\":{\"@id\":\"https:\\\/\\\/www.gruporecoletas.com\\\/noticias\\\/#\\\/schema\\\/person\\\/3c6ac429828d1f5e3d3bd99f4da9b02c\"},\"breadcrumb\":{\"@id\":\"https:\\\/\\\/www.gruporecoletas.com\\\/noticias\\\/el-glaucoma-mitos-y-realidades\\\/#breadcrumb\"},\"inLanguage\":\"es\",\"potentialAction\":[{\"@type\":\"ReadAction\",\"target\":[\"https:\\\/\\\/www.gruporecoletas.com\\\/noticias\\\/el-glaucoma-mitos-y-realidades\\\/\"]}]},{\"@type\":\"ImageObject\",\"inLanguage\":\"es\",\"@id\":\"https:\\\/\\\/www.gruporecoletas.com\\\/noticias\\\/el-glaucoma-mitos-y-realidades\\\/#primaryimage\",\"url\":\"https:\\\/\\\/www.gruporecoletas.com\\\/noticias\\\/wp-content\\\/uploads\\\/2019\\\/03\\\/El-Glaucoma-Mitos-y-Realidades.jpg\",\"contentUrl\":\"https:\\\/\\\/www.gruporecoletas.com\\\/noticias\\\/wp-content\\\/uploads\\\/2019\\\/03\\\/El-Glaucoma-Mitos-y-Realidades.jpg\",\"width\":1400,\"height\":933},{\"@type\":\"BreadcrumbList\",\"@id\":\"https:\\\/\\\/www.gruporecoletas.com\\\/noticias\\\/el-glaucoma-mitos-y-realidades\\\/#breadcrumb\",\"itemListElement\":[{\"@type\":\"ListItem\",\"position\":1,\"name\":\"Portada\",\"item\":\"https:\\\/\\\/www.gruporecoletas.com\\\/noticias\\\/\"},{\"@type\":\"ListItem\",\"position\":2,\"name\":\"El Glaucoma, Mitos y Realidades\"}]},{\"@type\":\"WebSite\",\"@id\":\"https:\\\/\\\/www.gruporecoletas.com\\\/noticias\\\/#website\",\"url\":\"https:\\\/\\\/www.gruporecoletas.com\\\/noticias\\\/\",\"name\":\"Noticias Grupo Recoletas\",\"description\":\"Grupo Recoletas\",\"potentialAction\":[{\"@type\":\"SearchAction\",\"target\":{\"@type\":\"EntryPoint\",\"urlTemplate\":\"https:\\\/\\\/www.gruporecoletas.com\\\/noticias\\\/?s={search_term_string}\"},\"query-input\":{\"@type\":\"PropertyValueSpecification\",\"valueRequired\":true,\"valueName\":\"search_term_string\"}}],\"inLanguage\":\"es\"},{\"@type\":\"Person\",\"@id\":\"https:\\\/\\\/www.gruporecoletas.com\\\/noticias\\\/#\\\/schema\\\/person\\\/3c6ac429828d1f5e3d3bd99f4da9b02c\",\"name\":\"Recoletas Red Hospitalaria\",\"url\":\"https:\\\/\\\/www.gruporecoletas.com\\\/noticias\\\/author\\\/comunicacion\\\/\"}]}<\/script>\n<!-- \/ Yoast SEO Premium plugin. -->","yoast_head_json":{"title":"El Glaucoma, Mitos y Realidades - Noticias Grupo Recoletas","robots":{"index":"index","follow":"follow","max-snippet":"max-snippet:-1","max-image-preview":"max-image-preview:large","max-video-preview":"max-video-preview:-1"},"canonical":"https:\/\/www.gruporecoletas.com\/noticias\/el-glaucoma-mitos-y-realidades\/","og_locale":"es_ES","og_type":"article","og_title":"El Glaucoma, Mitos y Realidades","og_description":"\u00bfQU\u00c9 ES? El glaucoma se define como un conjunto de enfermedades que afectan al nervio \u00f3ptico. Todas ellas tienen dos caracter\u00edsticas comunes, la desaparici\u00f3n del tejido que forma el nervio y la p\u00e9rdida progresiva de la funci\u00f3n visual. El nervio \u00f3ptico es la v\u00eda de comunicaci\u00f3n entre el ojo, \u00f3rgano encargado de recibir la se\u00f1al [&hellip;]","og_url":"https:\/\/www.gruporecoletas.com\/noticias\/el-glaucoma-mitos-y-realidades\/","og_site_name":"Noticias Grupo Recoletas","article_publisher":"https:\/\/www.facebook.com\/GrupoRecoletas\/","article_published_time":"2019-02-11T18:37:57+00:00","article_modified_time":"2019-03-13T18:49:56+00:00","og_image":[{"width":1400,"height":933,"url":"https:\/\/www.gruporecoletas.com\/noticias\/wp-content\/uploads\/2019\/03\/El-Glaucoma-Mitos-y-Realidades.jpg","type":"image\/jpeg"}],"author":"Recoletas Red Hospitalaria","twitter_card":"summary_large_image","twitter_creator":"@GrupoRecoletas","twitter_site":"@GrupoRecoletas","twitter_misc":{"Escrito por":"Recoletas Red Hospitalaria","Tiempo de lectura":"4 minutos"},"schema":{"@context":"https:\/\/schema.org","@graph":[{"@type":"Article","@id":"https:\/\/www.gruporecoletas.com\/noticias\/el-glaucoma-mitos-y-realidades\/#article","isPartOf":{"@id":"https:\/\/www.gruporecoletas.com\/noticias\/el-glaucoma-mitos-y-realidades\/"},"author":{"name":"Recoletas Red Hospitalaria","@id":"https:\/\/www.gruporecoletas.com\/noticias\/#\/schema\/person\/3c6ac429828d1f5e3d3bd99f4da9b02c"},"headline":"El Glaucoma, Mitos y Realidades","datePublished":"2019-02-11T18:37:57+00:00","dateModified":"2019-03-13T18:49:56+00:00","mainEntityOfPage":{"@id":"https:\/\/www.gruporecoletas.com\/noticias\/el-glaucoma-mitos-y-realidades\/"},"wordCount":799,"image":{"@id":"https:\/\/www.gruporecoletas.com\/noticias\/el-glaucoma-mitos-y-realidades\/#primaryimage"},"thumbnailUrl":"https:\/\/www.gruporecoletas.com\/noticias\/wp-content\/uploads\/2019\/03\/El-Glaucoma-Mitos-y-Realidades.jpg","keywords":["Recoletas Salud N\u00ba16 - Enero 2019"],"articleSection":["Recoletas Salud"],"inLanguage":"es"},{"@type":"WebPage","@id":"https:\/\/www.gruporecoletas.com\/noticias\/el-glaucoma-mitos-y-realidades\/","url":"https:\/\/www.gruporecoletas.com\/noticias\/el-glaucoma-mitos-y-realidades\/","name":"El Glaucoma, Mitos y Realidades - Noticias Grupo Recoletas","isPartOf":{"@id":"https:\/\/www.gruporecoletas.com\/noticias\/#website"},"primaryImageOfPage":{"@id":"https:\/\/www.gruporecoletas.com\/noticias\/el-glaucoma-mitos-y-realidades\/#primaryimage"},"image":{"@id":"https:\/\/www.gruporecoletas.com\/noticias\/el-glaucoma-mitos-y-realidades\/#primaryimage"},"thumbnailUrl":"https:\/\/www.gruporecoletas.com\/noticias\/wp-content\/uploads\/2019\/03\/El-Glaucoma-Mitos-y-Realidades.jpg","datePublished":"2019-02-11T18:37:57+00:00","dateModified":"2019-03-13T18:49:56+00:00","author":{"@id":"https:\/\/www.gruporecoletas.com\/noticias\/#\/schema\/person\/3c6ac429828d1f5e3d3bd99f4da9b02c"},"breadcrumb":{"@id":"https:\/\/www.gruporecoletas.com\/noticias\/el-glaucoma-mitos-y-realidades\/#breadcrumb"},"inLanguage":"es","potentialAction":[{"@type":"ReadAction","target":["https:\/\/www.gruporecoletas.com\/noticias\/el-glaucoma-mitos-y-realidades\/"]}]},{"@type":"ImageObject","inLanguage":"es","@id":"https:\/\/www.gruporecoletas.com\/noticias\/el-glaucoma-mitos-y-realidades\/#primaryimage","url":"https:\/\/www.gruporecoletas.com\/noticias\/wp-content\/uploads\/2019\/03\/El-Glaucoma-Mitos-y-Realidades.jpg","contentUrl":"https:\/\/www.gruporecoletas.com\/noticias\/wp-content\/uploads\/2019\/03\/El-Glaucoma-Mitos-y-Realidades.jpg","width":1400,"height":933},{"@type":"BreadcrumbList","@id":"https:\/\/www.gruporecoletas.com\/noticias\/el-glaucoma-mitos-y-realidades\/#breadcrumb","itemListElement":[{"@type":"ListItem","position":1,"name":"Portada","item":"https:\/\/www.gruporecoletas.com\/noticias\/"},{"@type":"ListItem","position":2,"name":"El Glaucoma, Mitos y Realidades"}]},{"@type":"WebSite","@id":"https:\/\/www.gruporecoletas.com\/noticias\/#website","url":"https:\/\/www.gruporecoletas.com\/noticias\/","name":"Noticias Grupo Recoletas","description":"Grupo Recoletas","potentialAction":[{"@type":"SearchAction","target":{"@type":"EntryPoint","urlTemplate":"https:\/\/www.gruporecoletas.com\/noticias\/?s={search_term_string}"},"query-input":{"@type":"PropertyValueSpecification","valueRequired":true,"valueName":"search_term_string"}}],"inLanguage":"es"},{"@type":"Person","@id":"https:\/\/www.gruporecoletas.com\/noticias\/#\/schema\/person\/3c6ac429828d1f5e3d3bd99f4da9b02c","name":"Recoletas Red Hospitalaria","url":"https:\/\/www.gruporecoletas.com\/noticias\/author\/comunicacion\/"}]}},"_links":{"self":[{"href":"https:\/\/www.gruporecoletas.com\/noticias\/wp-json\/wp\/v2\/posts\/12285","targetHints":{"allow":["GET"]}}],"collection":[{"href":"https:\/\/www.gruporecoletas.com\/noticias\/wp-json\/wp\/v2\/posts"}],"about":[{"href":"https:\/\/www.gruporecoletas.com\/noticias\/wp-json\/wp\/v2\/types\/post"}],"author":[{"embeddable":true,"href":"https:\/\/www.gruporecoletas.com\/noticias\/wp-json\/wp\/v2\/users\/2"}],"replies":[{"embeddable":true,"href":"https:\/\/www.gruporecoletas.com\/noticias\/wp-json\/wp\/v2\/comments?post=12285"}],"version-history":[{"count":2,"href":"https:\/\/www.gruporecoletas.com\/noticias\/wp-json\/wp\/v2\/posts\/12285\/revisions"}],"predecessor-version":[{"id":12290,"href":"https:\/\/www.gruporecoletas.com\/noticias\/wp-json\/wp\/v2\/posts\/12285\/revisions\/12290"}],"wp:featuredmedia":[{"embeddable":true,"href":"https:\/\/www.gruporecoletas.com\/noticias\/wp-json\/wp\/v2\/media\/12286"}],"wp:attachment":[{"href":"https:\/\/www.gruporecoletas.com\/noticias\/wp-json\/wp\/v2\/media?parent=12285"}],"wp:term":[{"taxonomy":"category","embeddable":true,"href":"https:\/\/www.gruporecoletas.com\/noticias\/wp-json\/wp\/v2\/categories?post=12285"},{"taxonomy":"post_tag","embeddable":true,"href":"https:\/\/www.gruporecoletas.com\/noticias\/wp-json\/wp\/v2\/tags?post=12285"}],"curies":[{"name":"wp","href":"https:\/\/api.w.org\/{rel}","templated":true}]}}