{"id":12295,"date":"2019-03-14T13:48:34","date_gmt":"2019-03-14T13:48:34","guid":{"rendered":"https:\/\/www.gruporecoletas.com\/noticias\/?p=12295"},"modified":"2019-03-14T13:50:36","modified_gmt":"2019-03-14T13:50:36","slug":"que-debe-tener-una-silla-para-proteger-la-espalda","status":"publish","type":"post","link":"https:\/\/www.gruporecoletas.com\/noticias\/que-debe-tener-una-silla-para-proteger-la-espalda\/","title":{"rendered":"\u00bfQu\u00e9 debe tener una silla para proteger la espalda?"},"content":{"rendered":"\n<p>Las lesiones de espalda son un problema que produce un gran n\u00famero de bajas laborales y en muchas de las ocasiones se producen por utilizar una silla inadecuada.&nbsp;<\/p>\n\n\n\n<p>Debemos ser conscientes de la importancia de elegir y utilizar una silla que d\u00e9 un soporte adecuado a nuestra espalda.<\/p>\n\n\n\n<p>Una silla ergon\u00f3mica nos permitir\u00e1 regular sus cualidades con lo que conseguiremos adaptar la silla a nuestra fisonom\u00eda.<\/p>\n\n\n\n<h4 class=\"wp-block-heading\"><em>Una silla ergon\u00f3mica debe tener las siguientes caracter\u00edsticas:<\/em><\/h4>\n\n\n\n<h2 class=\"wp-block-heading\">1\u00ba Altura<\/h2>\n\n\n\n<figure class=\"wp-block-image\"><img loading=\"lazy\" decoding=\"async\" width=\"1024\" height=\"1024\" src=\"https:\/\/www.gruporecoletas.com\/noticias\/wp-content\/uploads\/2019\/03\/01alto-1024x1024.png\" alt=\"\" class=\"wp-image-12296\" srcset=\"https:\/\/www.gruporecoletas.com\/noticias\/wp-content\/uploads\/2019\/03\/01alto-1024x1024.png 1024w, https:\/\/www.gruporecoletas.com\/noticias\/wp-content\/uploads\/2019\/03\/01alto-150x150.png 150w, https:\/\/www.gruporecoletas.com\/noticias\/wp-content\/uploads\/2019\/03\/01alto-300x300.png 300w, https:\/\/www.gruporecoletas.com\/noticias\/wp-content\/uploads\/2019\/03\/01alto-768x768.png 768w, https:\/\/www.gruporecoletas.com\/noticias\/wp-content\/uploads\/2019\/03\/01alto.png 1200w\" sizes=\"auto, (max-width: 1024px) 100vw, 1024px\" \/><\/figure>\n\n\n\n<p>Posibilita regular la altura de nuestra silla para&nbsp;&nbsp;adaptarla a las diferentes alturas de cada mesa.<\/p>\n\n\n\n<h2 class=\"wp-block-heading\">2\u00ba Profundidad<\/h2>\n\n\n\n<figure class=\"wp-block-image\"><img loading=\"lazy\" decoding=\"async\" width=\"1024\" height=\"1024\" src=\"https:\/\/www.gruporecoletas.com\/noticias\/wp-content\/uploads\/2019\/03\/02profundidad-1024x1024.png\" alt=\"\" class=\"wp-image-12297\" srcset=\"https:\/\/www.gruporecoletas.com\/noticias\/wp-content\/uploads\/2019\/03\/02profundidad-1024x1024.png 1024w, https:\/\/www.gruporecoletas.com\/noticias\/wp-content\/uploads\/2019\/03\/02profundidad-150x150.png 150w, https:\/\/www.gruporecoletas.com\/noticias\/wp-content\/uploads\/2019\/03\/02profundidad-300x300.png 300w, https:\/\/www.gruporecoletas.com\/noticias\/wp-content\/uploads\/2019\/03\/02profundidad-768x768.png 768w, https:\/\/www.gruporecoletas.com\/noticias\/wp-content\/uploads\/2019\/03\/02profundidad.png 1200w\" sizes=\"auto, (max-width: 1024px) 100vw, 1024px\" \/><\/figure>\n\n\n\n<p>Nos permite dejar un espacio entre la silla y la parte posterior de la rodilla.<\/p>\n\n\n\n<h2 class=\"wp-block-heading\">3\u00ba Respaldo reclinable<\/h2>\n\n\n\n<figure class=\"wp-block-image\"><img loading=\"lazy\" decoding=\"async\" width=\"1024\" height=\"1024\" src=\"https:\/\/www.gruporecoletas.com\/noticias\/wp-content\/uploads\/2019\/03\/03respaldo-1024x1024.png\" alt=\"\" class=\"wp-image-12298\" srcset=\"https:\/\/www.gruporecoletas.com\/noticias\/wp-content\/uploads\/2019\/03\/03respaldo-1024x1024.png 1024w, https:\/\/www.gruporecoletas.com\/noticias\/wp-content\/uploads\/2019\/03\/03respaldo-150x150.png 150w, https:\/\/www.gruporecoletas.com\/noticias\/wp-content\/uploads\/2019\/03\/03respaldo-300x300.png 300w, https:\/\/www.gruporecoletas.com\/noticias\/wp-content\/uploads\/2019\/03\/03respaldo-768x768.png 768w, https:\/\/www.gruporecoletas.com\/noticias\/wp-content\/uploads\/2019\/03\/03respaldo.png 1200w\" sizes=\"auto, (max-width: 1024px) 100vw, 1024px\" \/><\/figure>\n\n\n\n<p>Con esta opci\u00f3n podremos ajustar el \u00e1ngulo de nuestro respaldo, y dejarlo en modo libre para nuestros descansos.<\/p>\n\n\n\n<h2 class=\"wp-block-heading\">4\u00ba Sistema sincro<\/h2>\n\n\n\n<figure class=\"wp-block-image\"><img loading=\"lazy\" decoding=\"async\" width=\"1024\" height=\"1024\" src=\"https:\/\/www.gruporecoletas.com\/noticias\/wp-content\/uploads\/2019\/03\/04sincro-1024x1024.png\" alt=\"\" class=\"wp-image-12299\" srcset=\"https:\/\/www.gruporecoletas.com\/noticias\/wp-content\/uploads\/2019\/03\/04sincro-1024x1024.png 1024w, https:\/\/www.gruporecoletas.com\/noticias\/wp-content\/uploads\/2019\/03\/04sincro-150x150.png 150w, https:\/\/www.gruporecoletas.com\/noticias\/wp-content\/uploads\/2019\/03\/04sincro-300x300.png 300w, https:\/\/www.gruporecoletas.com\/noticias\/wp-content\/uploads\/2019\/03\/04sincro-768x768.png 768w, https:\/\/www.gruporecoletas.com\/noticias\/wp-content\/uploads\/2019\/03\/04sincro.png 1200w\" sizes=\"auto, (max-width: 1024px) 100vw, 1024px\" \/><\/figure>\n\n\n\n<p>La base de la silla y el respaldo se mueven de manera conjunta.<\/p>\n\n\n\n<h2 class=\"wp-block-heading\">5\u00ba Adaptable al cuerpo<\/h2>\n\n\n\n<figure class=\"wp-block-image\"><img loading=\"lazy\" decoding=\"async\" width=\"1024\" height=\"1024\" src=\"https:\/\/www.gruporecoletas.com\/noticias\/wp-content\/uploads\/2019\/03\/05adaptable-1024x1024.png\" alt=\"\" class=\"wp-image-12300\" srcset=\"https:\/\/www.gruporecoletas.com\/noticias\/wp-content\/uploads\/2019\/03\/05adaptable-1024x1024.png 1024w, https:\/\/www.gruporecoletas.com\/noticias\/wp-content\/uploads\/2019\/03\/05adaptable-150x150.png 150w, https:\/\/www.gruporecoletas.com\/noticias\/wp-content\/uploads\/2019\/03\/05adaptable-300x300.png 300w, https:\/\/www.gruporecoletas.com\/noticias\/wp-content\/uploads\/2019\/03\/05adaptable-768x768.png 768w, https:\/\/www.gruporecoletas.com\/noticias\/wp-content\/uploads\/2019\/03\/05adaptable.png 1200w\" sizes=\"auto, (max-width: 1024px) 100vw, 1024px\" \/><\/figure>\n\n\n\n<p>La forma de la silla se adapta a la forma y posici\u00f3n de nuestra columna.<\/p>\n","protected":false},"excerpt":{"rendered":"<p>Las lesiones de espalda son un problema que produce un gran n\u00famero de bajas laborales y en muchas de las ocasiones se producen por utilizar una silla inadecuada.&nbsp; Debemos ser conscientes de la importancia de elegir y utilizar una silla que d\u00e9 un soporte adecuado a nuestra espalda. Una silla ergon\u00f3mica nos permitir\u00e1 regular sus [&hellip;]<\/p>\n","protected":false},"author":2,"featured_media":12301,"comment_status":"closed","ping_status":"closed","sticky":false,"template":"","format":"standard","meta":{"_acf_changed":false,"footnotes":""},"categories":[48],"tags":[],"class_list":["post-12295","post","type-post","status-publish","format-standard","has-post-thumbnail","hentry","category-prevencion"],"acf":[],"yoast_head":"<!-- This site is optimized with the Yoast SEO Premium plugin v27.3 (Yoast SEO v27.3) - https:\/\/yoast.com\/product\/yoast-seo-premium-wordpress\/ -->\n<title>\u00bfQu\u00e9 debe tener una silla para proteger la espalda? - Noticias Grupo Recoletas<\/title>\n<meta name=\"robots\" content=\"index, follow, max-snippet:-1, max-image-preview:large, max-video-preview:-1\" \/>\n<link rel=\"canonical\" href=\"https:\/\/www.gruporecoletas.com\/noticias\/que-debe-tener-una-silla-para-proteger-la-espalda\/\" \/>\n<meta property=\"og:locale\" content=\"es_ES\" \/>\n<meta property=\"og:type\" content=\"article\" \/>\n<meta property=\"og:title\" content=\"\u00bfQu\u00e9 debe tener una silla para proteger la espalda?\" \/>\n<meta property=\"og:description\" content=\"Las lesiones de espalda son un problema que produce un gran n\u00famero de bajas laborales y en muchas de las ocasiones se producen por utilizar una silla inadecuada.&nbsp; Debemos ser conscientes de la importancia de elegir y utilizar una silla que d\u00e9 un soporte adecuado a nuestra espalda. Una silla ergon\u00f3mica nos permitir\u00e1 regular sus [&hellip;]\" \/>\n<meta property=\"og:url\" content=\"https:\/\/www.gruporecoletas.com\/noticias\/que-debe-tener-una-silla-para-proteger-la-espalda\/\" \/>\n<meta property=\"og:site_name\" content=\"Noticias Grupo Recoletas\" \/>\n<meta property=\"article:publisher\" content=\"https:\/\/www.facebook.com\/GrupoRecoletas\/\" \/>\n<meta property=\"article:published_time\" content=\"2019-03-14T13:48:34+00:00\" \/>\n<meta property=\"article:modified_time\" content=\"2019-03-14T13:50:36+00:00\" \/>\n<meta property=\"og:image\" content=\"https:\/\/www.gruporecoletas.com\/noticias\/wp-content\/uploads\/2019\/03\/dolor-espalda.jpg\" \/>\n\t<meta property=\"og:image:width\" content=\"1400\" \/>\n\t<meta property=\"og:image:height\" content=\"933\" \/>\n\t<meta property=\"og:image:type\" content=\"image\/jpeg\" \/>\n<meta name=\"author\" content=\"Recoletas Red Hospitalaria\" \/>\n<meta name=\"twitter:card\" content=\"summary_large_image\" \/>\n<meta name=\"twitter:creator\" content=\"@GrupoRecoletas\" \/>\n<meta name=\"twitter:site\" content=\"@GrupoRecoletas\" \/>\n<meta name=\"twitter:label1\" content=\"Escrito por\" \/>\n\t<meta name=\"twitter:data1\" content=\"Recoletas Red Hospitalaria\" \/>\n\t<meta name=\"twitter:label2\" content=\"Tiempo de lectura\" \/>\n\t<meta name=\"twitter:data2\" content=\"1 minuto\" \/>\n<script type=\"application\/ld+json\" class=\"yoast-schema-graph\">{\"@context\":\"https:\\\/\\\/schema.org\",\"@graph\":[{\"@type\":\"Article\",\"@id\":\"https:\\\/\\\/www.gruporecoletas.com\\\/noticias\\\/que-debe-tener-una-silla-para-proteger-la-espalda\\\/#article\",\"isPartOf\":{\"@id\":\"https:\\\/\\\/www.gruporecoletas.com\\\/noticias\\\/que-debe-tener-una-silla-para-proteger-la-espalda\\\/\"},\"author\":{\"name\":\"Recoletas Red Hospitalaria\",\"@id\":\"https:\\\/\\\/www.gruporecoletas.com\\\/noticias\\\/#\\\/schema\\\/person\\\/3c6ac429828d1f5e3d3bd99f4da9b02c\"},\"headline\":\"\u00bfQu\u00e9 debe tener una silla para proteger la espalda?\",\"datePublished\":\"2019-03-14T13:48:34+00:00\",\"dateModified\":\"2019-03-14T13:50:36+00:00\",\"mainEntityOfPage\":{\"@id\":\"https:\\\/\\\/www.gruporecoletas.com\\\/noticias\\\/que-debe-tener-una-silla-para-proteger-la-espalda\\\/\"},\"wordCount\":179,\"image\":{\"@id\":\"https:\\\/\\\/www.gruporecoletas.com\\\/noticias\\\/que-debe-tener-una-silla-para-proteger-la-espalda\\\/#primaryimage\"},\"thumbnailUrl\":\"https:\\\/\\\/www.gruporecoletas.com\\\/noticias\\\/wp-content\\\/uploads\\\/2019\\\/03\\\/dolor-espalda.jpg\",\"articleSection\":[\"Prevenci\u00f3n\"],\"inLanguage\":\"es\"},{\"@type\":\"WebPage\",\"@id\":\"https:\\\/\\\/www.gruporecoletas.com\\\/noticias\\\/que-debe-tener-una-silla-para-proteger-la-espalda\\\/\",\"url\":\"https:\\\/\\\/www.gruporecoletas.com\\\/noticias\\\/que-debe-tener-una-silla-para-proteger-la-espalda\\\/\",\"name\":\"\u00bfQu\u00e9 debe tener una silla para proteger la espalda? - Noticias Grupo Recoletas\",\"isPartOf\":{\"@id\":\"https:\\\/\\\/www.gruporecoletas.com\\\/noticias\\\/#website\"},\"primaryImageOfPage\":{\"@id\":\"https:\\\/\\\/www.gruporecoletas.com\\\/noticias\\\/que-debe-tener-una-silla-para-proteger-la-espalda\\\/#primaryimage\"},\"image\":{\"@id\":\"https:\\\/\\\/www.gruporecoletas.com\\\/noticias\\\/que-debe-tener-una-silla-para-proteger-la-espalda\\\/#primaryimage\"},\"thumbnailUrl\":\"https:\\\/\\\/www.gruporecoletas.com\\\/noticias\\\/wp-content\\\/uploads\\\/2019\\\/03\\\/dolor-espalda.jpg\",\"datePublished\":\"2019-03-14T13:48:34+00:00\",\"dateModified\":\"2019-03-14T13:50:36+00:00\",\"author\":{\"@id\":\"https:\\\/\\\/www.gruporecoletas.com\\\/noticias\\\/#\\\/schema\\\/person\\\/3c6ac429828d1f5e3d3bd99f4da9b02c\"},\"breadcrumb\":{\"@id\":\"https:\\\/\\\/www.gruporecoletas.com\\\/noticias\\\/que-debe-tener-una-silla-para-proteger-la-espalda\\\/#breadcrumb\"},\"inLanguage\":\"es\",\"potentialAction\":[{\"@type\":\"ReadAction\",\"target\":[\"https:\\\/\\\/www.gruporecoletas.com\\\/noticias\\\/que-debe-tener-una-silla-para-proteger-la-espalda\\\/\"]}]},{\"@type\":\"ImageObject\",\"inLanguage\":\"es\",\"@id\":\"https:\\\/\\\/www.gruporecoletas.com\\\/noticias\\\/que-debe-tener-una-silla-para-proteger-la-espalda\\\/#primaryimage\",\"url\":\"https:\\\/\\\/www.gruporecoletas.com\\\/noticias\\\/wp-content\\\/uploads\\\/2019\\\/03\\\/dolor-espalda.jpg\",\"contentUrl\":\"https:\\\/\\\/www.gruporecoletas.com\\\/noticias\\\/wp-content\\\/uploads\\\/2019\\\/03\\\/dolor-espalda.jpg\",\"width\":1400,\"height\":933},{\"@type\":\"BreadcrumbList\",\"@id\":\"https:\\\/\\\/www.gruporecoletas.com\\\/noticias\\\/que-debe-tener-una-silla-para-proteger-la-espalda\\\/#breadcrumb\",\"itemListElement\":[{\"@type\":\"ListItem\",\"position\":1,\"name\":\"Portada\",\"item\":\"https:\\\/\\\/www.gruporecoletas.com\\\/noticias\\\/\"},{\"@type\":\"ListItem\",\"position\":2,\"name\":\"\u00bfQu\u00e9 debe tener una silla para proteger la espalda?\"}]},{\"@type\":\"WebSite\",\"@id\":\"https:\\\/\\\/www.gruporecoletas.com\\\/noticias\\\/#website\",\"url\":\"https:\\\/\\\/www.gruporecoletas.com\\\/noticias\\\/\",\"name\":\"Noticias Grupo Recoletas\",\"description\":\"Grupo Recoletas\",\"potentialAction\":[{\"@type\":\"SearchAction\",\"target\":{\"@type\":\"EntryPoint\",\"urlTemplate\":\"https:\\\/\\\/www.gruporecoletas.com\\\/noticias\\\/?s={search_term_string}\"},\"query-input\":{\"@type\":\"PropertyValueSpecification\",\"valueRequired\":true,\"valueName\":\"search_term_string\"}}],\"inLanguage\":\"es\"},{\"@type\":\"Person\",\"@id\":\"https:\\\/\\\/www.gruporecoletas.com\\\/noticias\\\/#\\\/schema\\\/person\\\/3c6ac429828d1f5e3d3bd99f4da9b02c\",\"name\":\"Recoletas Red Hospitalaria\",\"url\":\"https:\\\/\\\/www.gruporecoletas.com\\\/noticias\\\/author\\\/comunicacion\\\/\"}]}<\/script>\n<!-- \/ Yoast SEO Premium plugin. -->","yoast_head_json":{"title":"\u00bfQu\u00e9 debe tener una silla para proteger la espalda? - Noticias Grupo Recoletas","robots":{"index":"index","follow":"follow","max-snippet":"max-snippet:-1","max-image-preview":"max-image-preview:large","max-video-preview":"max-video-preview:-1"},"canonical":"https:\/\/www.gruporecoletas.com\/noticias\/que-debe-tener-una-silla-para-proteger-la-espalda\/","og_locale":"es_ES","og_type":"article","og_title":"\u00bfQu\u00e9 debe tener una silla para proteger la espalda?","og_description":"Las lesiones de espalda son un problema que produce un gran n\u00famero de bajas laborales y en muchas de las ocasiones se producen por utilizar una silla inadecuada.&nbsp; Debemos ser conscientes de la importancia de elegir y utilizar una silla que d\u00e9 un soporte adecuado a nuestra espalda. Una silla ergon\u00f3mica nos permitir\u00e1 regular sus [&hellip;]","og_url":"https:\/\/www.gruporecoletas.com\/noticias\/que-debe-tener-una-silla-para-proteger-la-espalda\/","og_site_name":"Noticias Grupo Recoletas","article_publisher":"https:\/\/www.facebook.com\/GrupoRecoletas\/","article_published_time":"2019-03-14T13:48:34+00:00","article_modified_time":"2019-03-14T13:50:36+00:00","og_image":[{"width":1400,"height":933,"url":"https:\/\/www.gruporecoletas.com\/noticias\/wp-content\/uploads\/2019\/03\/dolor-espalda.jpg","type":"image\/jpeg"}],"author":"Recoletas Red Hospitalaria","twitter_card":"summary_large_image","twitter_creator":"@GrupoRecoletas","twitter_site":"@GrupoRecoletas","twitter_misc":{"Escrito por":"Recoletas Red Hospitalaria","Tiempo de lectura":"1 minuto"},"schema":{"@context":"https:\/\/schema.org","@graph":[{"@type":"Article","@id":"https:\/\/www.gruporecoletas.com\/noticias\/que-debe-tener-una-silla-para-proteger-la-espalda\/#article","isPartOf":{"@id":"https:\/\/www.gruporecoletas.com\/noticias\/que-debe-tener-una-silla-para-proteger-la-espalda\/"},"author":{"name":"Recoletas Red Hospitalaria","@id":"https:\/\/www.gruporecoletas.com\/noticias\/#\/schema\/person\/3c6ac429828d1f5e3d3bd99f4da9b02c"},"headline":"\u00bfQu\u00e9 debe tener una silla para proteger la espalda?","datePublished":"2019-03-14T13:48:34+00:00","dateModified":"2019-03-14T13:50:36+00:00","mainEntityOfPage":{"@id":"https:\/\/www.gruporecoletas.com\/noticias\/que-debe-tener-una-silla-para-proteger-la-espalda\/"},"wordCount":179,"image":{"@id":"https:\/\/www.gruporecoletas.com\/noticias\/que-debe-tener-una-silla-para-proteger-la-espalda\/#primaryimage"},"thumbnailUrl":"https:\/\/www.gruporecoletas.com\/noticias\/wp-content\/uploads\/2019\/03\/dolor-espalda.jpg","articleSection":["Prevenci\u00f3n"],"inLanguage":"es"},{"@type":"WebPage","@id":"https:\/\/www.gruporecoletas.com\/noticias\/que-debe-tener-una-silla-para-proteger-la-espalda\/","url":"https:\/\/www.gruporecoletas.com\/noticias\/que-debe-tener-una-silla-para-proteger-la-espalda\/","name":"\u00bfQu\u00e9 debe tener una silla para proteger la espalda? - Noticias Grupo Recoletas","isPartOf":{"@id":"https:\/\/www.gruporecoletas.com\/noticias\/#website"},"primaryImageOfPage":{"@id":"https:\/\/www.gruporecoletas.com\/noticias\/que-debe-tener-una-silla-para-proteger-la-espalda\/#primaryimage"},"image":{"@id":"https:\/\/www.gruporecoletas.com\/noticias\/que-debe-tener-una-silla-para-proteger-la-espalda\/#primaryimage"},"thumbnailUrl":"https:\/\/www.gruporecoletas.com\/noticias\/wp-content\/uploads\/2019\/03\/dolor-espalda.jpg","datePublished":"2019-03-14T13:48:34+00:00","dateModified":"2019-03-14T13:50:36+00:00","author":{"@id":"https:\/\/www.gruporecoletas.com\/noticias\/#\/schema\/person\/3c6ac429828d1f5e3d3bd99f4da9b02c"},"breadcrumb":{"@id":"https:\/\/www.gruporecoletas.com\/noticias\/que-debe-tener-una-silla-para-proteger-la-espalda\/#breadcrumb"},"inLanguage":"es","potentialAction":[{"@type":"ReadAction","target":["https:\/\/www.gruporecoletas.com\/noticias\/que-debe-tener-una-silla-para-proteger-la-espalda\/"]}]},{"@type":"ImageObject","inLanguage":"es","@id":"https:\/\/www.gruporecoletas.com\/noticias\/que-debe-tener-una-silla-para-proteger-la-espalda\/#primaryimage","url":"https:\/\/www.gruporecoletas.com\/noticias\/wp-content\/uploads\/2019\/03\/dolor-espalda.jpg","contentUrl":"https:\/\/www.gruporecoletas.com\/noticias\/wp-content\/uploads\/2019\/03\/dolor-espalda.jpg","width":1400,"height":933},{"@type":"BreadcrumbList","@id":"https:\/\/www.gruporecoletas.com\/noticias\/que-debe-tener-una-silla-para-proteger-la-espalda\/#breadcrumb","itemListElement":[{"@type":"ListItem","position":1,"name":"Portada","item":"https:\/\/www.gruporecoletas.com\/noticias\/"},{"@type":"ListItem","position":2,"name":"\u00bfQu\u00e9 debe tener una silla para proteger la espalda?"}]},{"@type":"WebSite","@id":"https:\/\/www.gruporecoletas.com\/noticias\/#website","url":"https:\/\/www.gruporecoletas.com\/noticias\/","name":"Noticias Grupo Recoletas","description":"Grupo Recoletas","potentialAction":[{"@type":"SearchAction","target":{"@type":"EntryPoint","urlTemplate":"https:\/\/www.gruporecoletas.com\/noticias\/?s={search_term_string}"},"query-input":{"@type":"PropertyValueSpecification","valueRequired":true,"valueName":"search_term_string"}}],"inLanguage":"es"},{"@type":"Person","@id":"https:\/\/www.gruporecoletas.com\/noticias\/#\/schema\/person\/3c6ac429828d1f5e3d3bd99f4da9b02c","name":"Recoletas Red Hospitalaria","url":"https:\/\/www.gruporecoletas.com\/noticias\/author\/comunicacion\/"}]}},"_links":{"self":[{"href":"https:\/\/www.gruporecoletas.com\/noticias\/wp-json\/wp\/v2\/posts\/12295","targetHints":{"allow":["GET"]}}],"collection":[{"href":"https:\/\/www.gruporecoletas.com\/noticias\/wp-json\/wp\/v2\/posts"}],"about":[{"href":"https:\/\/www.gruporecoletas.com\/noticias\/wp-json\/wp\/v2\/types\/post"}],"author":[{"embeddable":true,"href":"https:\/\/www.gruporecoletas.com\/noticias\/wp-json\/wp\/v2\/users\/2"}],"replies":[{"embeddable":true,"href":"https:\/\/www.gruporecoletas.com\/noticias\/wp-json\/wp\/v2\/comments?post=12295"}],"version-history":[{"count":2,"href":"https:\/\/www.gruporecoletas.com\/noticias\/wp-json\/wp\/v2\/posts\/12295\/revisions"}],"predecessor-version":[{"id":12303,"href":"https:\/\/www.gruporecoletas.com\/noticias\/wp-json\/wp\/v2\/posts\/12295\/revisions\/12303"}],"wp:featuredmedia":[{"embeddable":true,"href":"https:\/\/www.gruporecoletas.com\/noticias\/wp-json\/wp\/v2\/media\/12301"}],"wp:attachment":[{"href":"https:\/\/www.gruporecoletas.com\/noticias\/wp-json\/wp\/v2\/media?parent=12295"}],"wp:term":[{"taxonomy":"category","embeddable":true,"href":"https:\/\/www.gruporecoletas.com\/noticias\/wp-json\/wp\/v2\/categories?post=12295"},{"taxonomy":"post_tag","embeddable":true,"href":"https:\/\/www.gruporecoletas.com\/noticias\/wp-json\/wp\/v2\/tags?post=12295"}],"curies":[{"name":"wp","href":"https:\/\/api.w.org\/{rel}","templated":true}]}}