{"id":12308,"date":"2019-03-18T18:09:09","date_gmt":"2019-03-18T18:09:09","guid":{"rendered":"https:\/\/www.gruporecoletas.com\/noticias\/?p=12308"},"modified":"2019-03-18T18:09:11","modified_gmt":"2019-03-18T18:09:11","slug":"primeros-sintomas-vih","status":"publish","type":"post","link":"https:\/\/www.gruporecoletas.com\/noticias\/primeros-sintomas-vih\/","title":{"rendered":"Primeros s\u00edntomas VIH"},"content":{"rendered":"\n<p>El VIH o Virus de la Inmunodeficiencia Humana es un <strong>retrovirus<\/strong> que afecta al sistema inmunitario de las personas y destruye los linfocitos CD4, responsables de la fabricaci\u00f3n de anticuerpos. En la primera fase de una infecci\u00f3n de VIH, sus s\u00edntomas son muy inespec\u00edficos y los pacientes suelen sufrir un estado de <strong>cansancio, fiebre o un cuadro gripal<\/strong>. Se trata de la respuesta habitual del cuerpo frente a una infecci\u00f3n.<\/p>\n\n\n\n<p>Por ello, es importante realizar la prueba de detecci\u00f3n del <strong>VIH<\/strong>. Este test revela los anticuerpos que produce nuestro cuerpo para luchar contra el virus.<\/p>\n\n\n\n<p>La mayor\u00eda de los pacientes se recuperan en poco tiempo de dichos s\u00edntomas y la enfermedad se cronifica. Es lo que se conoce como fase intermedia: el VIH comienza a da\u00f1ar el cuerpo del paciente de manera lenta y progresiva. Si la persona afectada mantiene un tratamiento con medicaci\u00f3n, es posible que permanezca en esta etapa durante a\u00f1os y no llegue a desarrollar <strong>SIDA<\/strong>, pero aun as\u00ed puede transmitir el virus.<\/p>\n\n\n\n<p>La \u00faltima fase llega una vez que el virus afecta al sistema inmune lo suficiente. El paciente empieza a sufrir los s\u00edntomas de cada una de las infecciones que coge<strong> (meningitis, neumon\u00eda, tuberculosis\u2026)<\/strong>, que podr\u00edan incluso causar la muerte.<\/p>\n\n\n\n<p><strong>Desconocer<\/strong> que somos portadores del VIH hace que podamos trasmitirlo, lo que provoca que el momento asintom\u00e1tico sea de alto riesgo. Es muy importante insistir en que someterse al diagn\u00f3stico es b\u00e1sico.<\/p>\n\n\n\n<h3 class=\"wp-block-heading\">SIDA<\/h3>\n\n\n\n<p>Estar infectado por el VIH no significa que tengamos SIDA (S\u00edndrome de Inmunodeficiencia Adquirida). El SIDA se produce cuando las defensas del organismo est\u00e1n por debajo de <strong>200 CD4 por microlitro<\/strong>. Estos niveles de defensa hacen que el paciente sea propenso a sufrir las infecciones relacionadas con el virus, al ser el sistema inmunitario incapaz de defender al organismo.<\/p>\n\n\n\n<p>Cuando la enfermedad <strong>est\u00e1 muy avanzada<\/strong> el paciente sufre <strong>p\u00e9rdida de peso, apetito y fiebre<\/strong>. Por norma general estos s\u00edntomas se presentan cuando el paciente sufre alguna de las infecciones citadas.<\/p>\n","protected":false},"excerpt":{"rendered":"<p>El VIH o Virus de la Inmunodeficiencia Humana es un retrovirus que afecta al sistema inmunitario de las personas y destruye los linfocitos CD4, responsables de la fabricaci\u00f3n de anticuerpos. En la primera fase de una infecci\u00f3n de VIH, sus s\u00edntomas son muy inespec\u00edficos y los pacientes suelen sufrir un estado de cansancio, fiebre o [&hellip;]<\/p>\n","protected":false},"author":2,"featured_media":12309,"comment_status":"closed","ping_status":"closed","sticky":false,"template":"","format":"standard","meta":{"_acf_changed":false,"footnotes":""},"categories":[50],"tags":[],"class_list":["post-12308","post","type-post","status-publish","format-standard","has-post-thumbnail","hentry","category-patologias"],"acf":[],"yoast_head":"<!-- This site is optimized with the Yoast SEO Premium plugin v27.3 (Yoast SEO v27.3) - https:\/\/yoast.com\/product\/yoast-seo-premium-wordpress\/ -->\n<title>Primeros s\u00edntomas VIH - Noticias Grupo Recoletas<\/title>\n<meta name=\"robots\" content=\"index, follow, max-snippet:-1, max-image-preview:large, max-video-preview:-1\" \/>\n<link rel=\"canonical\" href=\"https:\/\/www.gruporecoletas.com\/noticias\/primeros-sintomas-vih\/\" \/>\n<meta property=\"og:locale\" content=\"es_ES\" \/>\n<meta property=\"og:type\" content=\"article\" \/>\n<meta property=\"og:title\" content=\"Primeros s\u00edntomas VIH\" \/>\n<meta property=\"og:description\" content=\"El VIH o Virus de la Inmunodeficiencia Humana es un retrovirus que afecta al sistema inmunitario de las personas y destruye los linfocitos CD4, responsables de la fabricaci\u00f3n de anticuerpos. En la primera fase de una infecci\u00f3n de VIH, sus s\u00edntomas son muy inespec\u00edficos y los pacientes suelen sufrir un estado de cansancio, fiebre o [&hellip;]\" \/>\n<meta property=\"og:url\" content=\"https:\/\/www.gruporecoletas.com\/noticias\/primeros-sintomas-vih\/\" \/>\n<meta property=\"og:site_name\" content=\"Noticias Grupo Recoletas\" \/>\n<meta property=\"article:publisher\" content=\"https:\/\/www.facebook.com\/GrupoRecoletas\/\" \/>\n<meta property=\"article:published_time\" content=\"2019-03-18T18:09:09+00:00\" \/>\n<meta property=\"article:modified_time\" content=\"2019-03-18T18:09:11+00:00\" \/>\n<meta property=\"og:image\" content=\"https:\/\/www.gruporecoletas.com\/noticias\/wp-content\/uploads\/2019\/03\/vih.jpg\" \/>\n\t<meta property=\"og:image:width\" content=\"1400\" \/>\n\t<meta property=\"og:image:height\" content=\"1120\" \/>\n\t<meta property=\"og:image:type\" content=\"image\/jpeg\" \/>\n<meta name=\"author\" content=\"Recoletas Red Hospitalaria\" \/>\n<meta name=\"twitter:card\" content=\"summary_large_image\" \/>\n<meta name=\"twitter:creator\" content=\"@GrupoRecoletas\" \/>\n<meta name=\"twitter:site\" content=\"@GrupoRecoletas\" \/>\n<meta name=\"twitter:label1\" content=\"Escrito por\" \/>\n\t<meta name=\"twitter:data1\" content=\"Recoletas Red Hospitalaria\" \/>\n\t<meta name=\"twitter:label2\" content=\"Tiempo de lectura\" \/>\n\t<meta name=\"twitter:data2\" content=\"2 minutos\" \/>\n<script type=\"application\/ld+json\" class=\"yoast-schema-graph\">{\"@context\":\"https:\\\/\\\/schema.org\",\"@graph\":[{\"@type\":\"Article\",\"@id\":\"https:\\\/\\\/www.gruporecoletas.com\\\/noticias\\\/primeros-sintomas-vih\\\/#article\",\"isPartOf\":{\"@id\":\"https:\\\/\\\/www.gruporecoletas.com\\\/noticias\\\/primeros-sintomas-vih\\\/\"},\"author\":{\"name\":\"Recoletas Red Hospitalaria\",\"@id\":\"https:\\\/\\\/www.gruporecoletas.com\\\/noticias\\\/#\\\/schema\\\/person\\\/3c6ac429828d1f5e3d3bd99f4da9b02c\"},\"headline\":\"Primeros s\u00edntomas VIH\",\"datePublished\":\"2019-03-18T18:09:09+00:00\",\"dateModified\":\"2019-03-18T18:09:11+00:00\",\"mainEntityOfPage\":{\"@id\":\"https:\\\/\\\/www.gruporecoletas.com\\\/noticias\\\/primeros-sintomas-vih\\\/\"},\"wordCount\":352,\"image\":{\"@id\":\"https:\\\/\\\/www.gruporecoletas.com\\\/noticias\\\/primeros-sintomas-vih\\\/#primaryimage\"},\"thumbnailUrl\":\"https:\\\/\\\/www.gruporecoletas.com\\\/noticias\\\/wp-content\\\/uploads\\\/2019\\\/03\\\/vih.jpg\",\"articleSection\":[\"Patolog\u00edas\"],\"inLanguage\":\"es\"},{\"@type\":\"WebPage\",\"@id\":\"https:\\\/\\\/www.gruporecoletas.com\\\/noticias\\\/primeros-sintomas-vih\\\/\",\"url\":\"https:\\\/\\\/www.gruporecoletas.com\\\/noticias\\\/primeros-sintomas-vih\\\/\",\"name\":\"Primeros s\u00edntomas VIH - Noticias Grupo Recoletas\",\"isPartOf\":{\"@id\":\"https:\\\/\\\/www.gruporecoletas.com\\\/noticias\\\/#website\"},\"primaryImageOfPage\":{\"@id\":\"https:\\\/\\\/www.gruporecoletas.com\\\/noticias\\\/primeros-sintomas-vih\\\/#primaryimage\"},\"image\":{\"@id\":\"https:\\\/\\\/www.gruporecoletas.com\\\/noticias\\\/primeros-sintomas-vih\\\/#primaryimage\"},\"thumbnailUrl\":\"https:\\\/\\\/www.gruporecoletas.com\\\/noticias\\\/wp-content\\\/uploads\\\/2019\\\/03\\\/vih.jpg\",\"datePublished\":\"2019-03-18T18:09:09+00:00\",\"dateModified\":\"2019-03-18T18:09:11+00:00\",\"author\":{\"@id\":\"https:\\\/\\\/www.gruporecoletas.com\\\/noticias\\\/#\\\/schema\\\/person\\\/3c6ac429828d1f5e3d3bd99f4da9b02c\"},\"breadcrumb\":{\"@id\":\"https:\\\/\\\/www.gruporecoletas.com\\\/noticias\\\/primeros-sintomas-vih\\\/#breadcrumb\"},\"inLanguage\":\"es\",\"potentialAction\":[{\"@type\":\"ReadAction\",\"target\":[\"https:\\\/\\\/www.gruporecoletas.com\\\/noticias\\\/primeros-sintomas-vih\\\/\"]}]},{\"@type\":\"ImageObject\",\"inLanguage\":\"es\",\"@id\":\"https:\\\/\\\/www.gruporecoletas.com\\\/noticias\\\/primeros-sintomas-vih\\\/#primaryimage\",\"url\":\"https:\\\/\\\/www.gruporecoletas.com\\\/noticias\\\/wp-content\\\/uploads\\\/2019\\\/03\\\/vih.jpg\",\"contentUrl\":\"https:\\\/\\\/www.gruporecoletas.com\\\/noticias\\\/wp-content\\\/uploads\\\/2019\\\/03\\\/vih.jpg\",\"width\":1400,\"height\":1120},{\"@type\":\"BreadcrumbList\",\"@id\":\"https:\\\/\\\/www.gruporecoletas.com\\\/noticias\\\/primeros-sintomas-vih\\\/#breadcrumb\",\"itemListElement\":[{\"@type\":\"ListItem\",\"position\":1,\"name\":\"Portada\",\"item\":\"https:\\\/\\\/www.gruporecoletas.com\\\/noticias\\\/\"},{\"@type\":\"ListItem\",\"position\":2,\"name\":\"Primeros s\u00edntomas VIH\"}]},{\"@type\":\"WebSite\",\"@id\":\"https:\\\/\\\/www.gruporecoletas.com\\\/noticias\\\/#website\",\"url\":\"https:\\\/\\\/www.gruporecoletas.com\\\/noticias\\\/\",\"name\":\"Noticias Grupo Recoletas\",\"description\":\"Grupo Recoletas\",\"potentialAction\":[{\"@type\":\"SearchAction\",\"target\":{\"@type\":\"EntryPoint\",\"urlTemplate\":\"https:\\\/\\\/www.gruporecoletas.com\\\/noticias\\\/?s={search_term_string}\"},\"query-input\":{\"@type\":\"PropertyValueSpecification\",\"valueRequired\":true,\"valueName\":\"search_term_string\"}}],\"inLanguage\":\"es\"},{\"@type\":\"Person\",\"@id\":\"https:\\\/\\\/www.gruporecoletas.com\\\/noticias\\\/#\\\/schema\\\/person\\\/3c6ac429828d1f5e3d3bd99f4da9b02c\",\"name\":\"Recoletas Red Hospitalaria\",\"url\":\"https:\\\/\\\/www.gruporecoletas.com\\\/noticias\\\/author\\\/comunicacion\\\/\"}]}<\/script>\n<!-- \/ Yoast SEO Premium plugin. -->","yoast_head_json":{"title":"Primeros s\u00edntomas VIH - Noticias Grupo Recoletas","robots":{"index":"index","follow":"follow","max-snippet":"max-snippet:-1","max-image-preview":"max-image-preview:large","max-video-preview":"max-video-preview:-1"},"canonical":"https:\/\/www.gruporecoletas.com\/noticias\/primeros-sintomas-vih\/","og_locale":"es_ES","og_type":"article","og_title":"Primeros s\u00edntomas VIH","og_description":"El VIH o Virus de la Inmunodeficiencia Humana es un retrovirus que afecta al sistema inmunitario de las personas y destruye los linfocitos CD4, responsables de la fabricaci\u00f3n de anticuerpos. En la primera fase de una infecci\u00f3n de VIH, sus s\u00edntomas son muy inespec\u00edficos y los pacientes suelen sufrir un estado de cansancio, fiebre o [&hellip;]","og_url":"https:\/\/www.gruporecoletas.com\/noticias\/primeros-sintomas-vih\/","og_site_name":"Noticias Grupo Recoletas","article_publisher":"https:\/\/www.facebook.com\/GrupoRecoletas\/","article_published_time":"2019-03-18T18:09:09+00:00","article_modified_time":"2019-03-18T18:09:11+00:00","og_image":[{"width":1400,"height":1120,"url":"https:\/\/www.gruporecoletas.com\/noticias\/wp-content\/uploads\/2019\/03\/vih.jpg","type":"image\/jpeg"}],"author":"Recoletas Red Hospitalaria","twitter_card":"summary_large_image","twitter_creator":"@GrupoRecoletas","twitter_site":"@GrupoRecoletas","twitter_misc":{"Escrito por":"Recoletas Red Hospitalaria","Tiempo de lectura":"2 minutos"},"schema":{"@context":"https:\/\/schema.org","@graph":[{"@type":"Article","@id":"https:\/\/www.gruporecoletas.com\/noticias\/primeros-sintomas-vih\/#article","isPartOf":{"@id":"https:\/\/www.gruporecoletas.com\/noticias\/primeros-sintomas-vih\/"},"author":{"name":"Recoletas Red Hospitalaria","@id":"https:\/\/www.gruporecoletas.com\/noticias\/#\/schema\/person\/3c6ac429828d1f5e3d3bd99f4da9b02c"},"headline":"Primeros s\u00edntomas VIH","datePublished":"2019-03-18T18:09:09+00:00","dateModified":"2019-03-18T18:09:11+00:00","mainEntityOfPage":{"@id":"https:\/\/www.gruporecoletas.com\/noticias\/primeros-sintomas-vih\/"},"wordCount":352,"image":{"@id":"https:\/\/www.gruporecoletas.com\/noticias\/primeros-sintomas-vih\/#primaryimage"},"thumbnailUrl":"https:\/\/www.gruporecoletas.com\/noticias\/wp-content\/uploads\/2019\/03\/vih.jpg","articleSection":["Patolog\u00edas"],"inLanguage":"es"},{"@type":"WebPage","@id":"https:\/\/www.gruporecoletas.com\/noticias\/primeros-sintomas-vih\/","url":"https:\/\/www.gruporecoletas.com\/noticias\/primeros-sintomas-vih\/","name":"Primeros s\u00edntomas VIH - Noticias Grupo Recoletas","isPartOf":{"@id":"https:\/\/www.gruporecoletas.com\/noticias\/#website"},"primaryImageOfPage":{"@id":"https:\/\/www.gruporecoletas.com\/noticias\/primeros-sintomas-vih\/#primaryimage"},"image":{"@id":"https:\/\/www.gruporecoletas.com\/noticias\/primeros-sintomas-vih\/#primaryimage"},"thumbnailUrl":"https:\/\/www.gruporecoletas.com\/noticias\/wp-content\/uploads\/2019\/03\/vih.jpg","datePublished":"2019-03-18T18:09:09+00:00","dateModified":"2019-03-18T18:09:11+00:00","author":{"@id":"https:\/\/www.gruporecoletas.com\/noticias\/#\/schema\/person\/3c6ac429828d1f5e3d3bd99f4da9b02c"},"breadcrumb":{"@id":"https:\/\/www.gruporecoletas.com\/noticias\/primeros-sintomas-vih\/#breadcrumb"},"inLanguage":"es","potentialAction":[{"@type":"ReadAction","target":["https:\/\/www.gruporecoletas.com\/noticias\/primeros-sintomas-vih\/"]}]},{"@type":"ImageObject","inLanguage":"es","@id":"https:\/\/www.gruporecoletas.com\/noticias\/primeros-sintomas-vih\/#primaryimage","url":"https:\/\/www.gruporecoletas.com\/noticias\/wp-content\/uploads\/2019\/03\/vih.jpg","contentUrl":"https:\/\/www.gruporecoletas.com\/noticias\/wp-content\/uploads\/2019\/03\/vih.jpg","width":1400,"height":1120},{"@type":"BreadcrumbList","@id":"https:\/\/www.gruporecoletas.com\/noticias\/primeros-sintomas-vih\/#breadcrumb","itemListElement":[{"@type":"ListItem","position":1,"name":"Portada","item":"https:\/\/www.gruporecoletas.com\/noticias\/"},{"@type":"ListItem","position":2,"name":"Primeros s\u00edntomas VIH"}]},{"@type":"WebSite","@id":"https:\/\/www.gruporecoletas.com\/noticias\/#website","url":"https:\/\/www.gruporecoletas.com\/noticias\/","name":"Noticias Grupo Recoletas","description":"Grupo Recoletas","potentialAction":[{"@type":"SearchAction","target":{"@type":"EntryPoint","urlTemplate":"https:\/\/www.gruporecoletas.com\/noticias\/?s={search_term_string}"},"query-input":{"@type":"PropertyValueSpecification","valueRequired":true,"valueName":"search_term_string"}}],"inLanguage":"es"},{"@type":"Person","@id":"https:\/\/www.gruporecoletas.com\/noticias\/#\/schema\/person\/3c6ac429828d1f5e3d3bd99f4da9b02c","name":"Recoletas Red Hospitalaria","url":"https:\/\/www.gruporecoletas.com\/noticias\/author\/comunicacion\/"}]}},"_links":{"self":[{"href":"https:\/\/www.gruporecoletas.com\/noticias\/wp-json\/wp\/v2\/posts\/12308","targetHints":{"allow":["GET"]}}],"collection":[{"href":"https:\/\/www.gruporecoletas.com\/noticias\/wp-json\/wp\/v2\/posts"}],"about":[{"href":"https:\/\/www.gruporecoletas.com\/noticias\/wp-json\/wp\/v2\/types\/post"}],"author":[{"embeddable":true,"href":"https:\/\/www.gruporecoletas.com\/noticias\/wp-json\/wp\/v2\/users\/2"}],"replies":[{"embeddable":true,"href":"https:\/\/www.gruporecoletas.com\/noticias\/wp-json\/wp\/v2\/comments?post=12308"}],"version-history":[{"count":1,"href":"https:\/\/www.gruporecoletas.com\/noticias\/wp-json\/wp\/v2\/posts\/12308\/revisions"}],"predecessor-version":[{"id":12310,"href":"https:\/\/www.gruporecoletas.com\/noticias\/wp-json\/wp\/v2\/posts\/12308\/revisions\/12310"}],"wp:featuredmedia":[{"embeddable":true,"href":"https:\/\/www.gruporecoletas.com\/noticias\/wp-json\/wp\/v2\/media\/12309"}],"wp:attachment":[{"href":"https:\/\/www.gruporecoletas.com\/noticias\/wp-json\/wp\/v2\/media?parent=12308"}],"wp:term":[{"taxonomy":"category","embeddable":true,"href":"https:\/\/www.gruporecoletas.com\/noticias\/wp-json\/wp\/v2\/categories?post=12308"},{"taxonomy":"post_tag","embeddable":true,"href":"https:\/\/www.gruporecoletas.com\/noticias\/wp-json\/wp\/v2\/tags?post=12308"}],"curies":[{"name":"wp","href":"https:\/\/api.w.org\/{rel}","templated":true}]}}