{"id":12339,"date":"2019-03-22T11:41:23","date_gmt":"2019-03-22T11:41:23","guid":{"rendered":"https:\/\/www.gruporecoletas.com\/noticias\/?p=12339"},"modified":"2019-03-22T11:41:24","modified_gmt":"2019-03-22T11:41:24","slug":"consejos-para-el-cuidador-del-paciente-de-ela","status":"publish","type":"post","link":"https:\/\/www.gruporecoletas.com\/noticias\/consejos-para-el-cuidador-del-paciente-de-ela\/","title":{"rendered":"Consejos para el cuidador del paciente de ELA"},"content":{"rendered":"\n<p>La <strong>ELA<\/strong> (esclerosis lateral amiotr\u00f3fica) es una enfermedad degenerativa del cerebro y m\u00e9dula espinal que se inicia cuando sus c\u00e9lulas, llamadas motoneuronas, sufren una disminuci\u00f3n en su funcionamiento y mueren. La consecuencia es una debilidad que impide inervar los m\u00fasculos implicados en los movimientos voluntarios que puede llegar a la par\u00e1lisis. Tambi\u00e9n puede afectar a otras capacidades del paciente, como el habla, la degluci\u00f3n y la respiraci\u00f3n.<\/p>\n\n\n\n<p>Se calcula que en Espa\u00f1a hay alrededor de <strong>3.000 afectados<\/strong> y al a\u00f1o se diagnostican otros 900. Estos datos hacen que la ELA sea la enfermedad neuromuscular m\u00e1s frecuente en nuestro pa\u00eds.<\/p>\n\n\n\n<p>Las <strong>personas encargadas de cuidar de un paciente con ELA<\/strong> pueden sufrir una sobrecarga emocional y esfuerzo f\u00edsico continuo que con el tiempo pueden terminar en problemas de salud. Cuidar a una persona puede ser una tarea satisfactoria pero tambi\u00e9n ingrata y poco reconocida. Implica esfuerzo y dedicaci\u00f3n, y en muchas ocasiones conlleva renunciar a determinados aspectos de la vida personal o profesional<\/p>\n\n\n\n<p> Por norma general los cuidadores <strong>no tienen tiempo para ellos mismos<\/strong>. Debemos entender que disponer de tiempo para uno mismo no es ego\u00edsmo y es algo que mejorar\u00e1 las capacidades para cuidar al familiar enfermo. De este modo, es importante que el cuidador mantenga su propio bienestar como algo primordial.<\/p>\n\n\n\n<p><strong>\u00bfCu\u00e1ndo frenar y pararse a pensar en uno mismo? <\/strong>Pueden aparecer se\u00f1ales en los cuidadores de pacientes de ELA que indican su sobreagotamiento o estr\u00e9s. Algunas de ellas son los problemas para conciliar el sue\u00f1o, el aislamiento, la p\u00e9rdida de energ\u00eda o el menor inter\u00e9s por actividades de las que antes disfrutaba. Sin embargo, la m\u00e1s preocupante es la depresi\u00f3n.<\/p>\n\n\n\n<p>La <strong>depresi\u00f3n<\/strong> es una patolog\u00eda que puede aparecer en los cuidadores ya que son especialmente vulnerables. Es necesario vigilar los signos iniciales de la depresi\u00f3n y consultar a un m\u00e9dico si comienzan a presentar alguno de sus s\u00edntomas. Adem\u00e1s, puede ser recomendable crear un grupo de familiares y amigos que puedan colaborar en los cuidados y sobrellevar el avance de la enfermedad.<\/p>\n\n\n\n<p>Nunca se sabe lo suficiente sobre la enfermedad ni c\u00f3mo puede evolucionar, por lo que <strong>ser\u00e1 bueno asesorarse por especialistas<\/strong> y personas con experiencia cada vez que surja un nuevo problema. Debemos dialogar cuando aparezcan diferencias de criterio y no intentar imponer siempre nuestra voluntad ni permitir que nos hagan chantaje emocional. Pero sobre todo es necesario siempre mantener una actitud optimista y activa ante la evoluci\u00f3n de la enfermedad.<\/p>\n","protected":false},"excerpt":{"rendered":"<p>La ELA (esclerosis lateral amiotr\u00f3fica) es una enfermedad degenerativa del cerebro y m\u00e9dula espinal que se inicia cuando sus c\u00e9lulas, llamadas motoneuronas, sufren una disminuci\u00f3n en su funcionamiento y mueren. La consecuencia es una debilidad que impide inervar los m\u00fasculos implicados en los movimientos voluntarios que puede llegar a la par\u00e1lisis. Tambi\u00e9n puede afectar a [&hellip;]<\/p>\n","protected":false},"author":2,"featured_media":12340,"comment_status":"closed","ping_status":"closed","sticky":false,"template":"","format":"standard","meta":{"_acf_changed":false,"footnotes":""},"categories":[50],"tags":[],"class_list":["post-12339","post","type-post","status-publish","format-standard","has-post-thumbnail","hentry","category-patologias"],"acf":[],"yoast_head":"<!-- This site is optimized with the Yoast SEO Premium plugin v27.3 (Yoast SEO v27.3) - https:\/\/yoast.com\/product\/yoast-seo-premium-wordpress\/ -->\n<title>Consejos para el cuidador del paciente de ELA - Noticias Grupo Recoletas<\/title>\n<meta name=\"robots\" content=\"index, follow, max-snippet:-1, max-image-preview:large, max-video-preview:-1\" \/>\n<link rel=\"canonical\" href=\"https:\/\/www.gruporecoletas.com\/noticias\/consejos-para-el-cuidador-del-paciente-de-ela\/\" \/>\n<meta property=\"og:locale\" content=\"es_ES\" \/>\n<meta property=\"og:type\" content=\"article\" \/>\n<meta property=\"og:title\" content=\"Consejos para el cuidador del paciente de ELA\" \/>\n<meta property=\"og:description\" content=\"La ELA (esclerosis lateral amiotr\u00f3fica) es una enfermedad degenerativa del cerebro y m\u00e9dula espinal que se inicia cuando sus c\u00e9lulas, llamadas motoneuronas, sufren una disminuci\u00f3n en su funcionamiento y mueren. La consecuencia es una debilidad que impide inervar los m\u00fasculos implicados en los movimientos voluntarios que puede llegar a la par\u00e1lisis. Tambi\u00e9n puede afectar a [&hellip;]\" \/>\n<meta property=\"og:url\" content=\"https:\/\/www.gruporecoletas.com\/noticias\/consejos-para-el-cuidador-del-paciente-de-ela\/\" \/>\n<meta property=\"og:site_name\" content=\"Noticias Grupo Recoletas\" \/>\n<meta property=\"article:publisher\" content=\"https:\/\/www.facebook.com\/GrupoRecoletas\/\" \/>\n<meta property=\"article:published_time\" content=\"2019-03-22T11:41:23+00:00\" \/>\n<meta property=\"article:modified_time\" content=\"2019-03-22T11:41:24+00:00\" \/>\n<meta property=\"og:image\" content=\"https:\/\/www.gruporecoletas.com\/noticias\/wp-content\/uploads\/2019\/03\/ela2.jpg\" \/>\n\t<meta property=\"og:image:width\" content=\"1282\" \/>\n\t<meta property=\"og:image:height\" content=\"900\" \/>\n\t<meta property=\"og:image:type\" content=\"image\/jpeg\" \/>\n<meta name=\"author\" content=\"Recoletas Red Hospitalaria\" \/>\n<meta name=\"twitter:card\" content=\"summary_large_image\" \/>\n<meta name=\"twitter:creator\" content=\"@GrupoRecoletas\" \/>\n<meta name=\"twitter:site\" content=\"@GrupoRecoletas\" \/>\n<meta name=\"twitter:label1\" content=\"Escrito por\" \/>\n\t<meta name=\"twitter:data1\" content=\"Recoletas Red Hospitalaria\" \/>\n\t<meta name=\"twitter:label2\" content=\"Tiempo de lectura\" \/>\n\t<meta name=\"twitter:data2\" content=\"2 minutos\" \/>\n<script type=\"application\/ld+json\" class=\"yoast-schema-graph\">{\"@context\":\"https:\\\/\\\/schema.org\",\"@graph\":[{\"@type\":\"Article\",\"@id\":\"https:\\\/\\\/www.gruporecoletas.com\\\/noticias\\\/consejos-para-el-cuidador-del-paciente-de-ela\\\/#article\",\"isPartOf\":{\"@id\":\"https:\\\/\\\/www.gruporecoletas.com\\\/noticias\\\/consejos-para-el-cuidador-del-paciente-de-ela\\\/\"},\"author\":{\"name\":\"Recoletas Red Hospitalaria\",\"@id\":\"https:\\\/\\\/www.gruporecoletas.com\\\/noticias\\\/#\\\/schema\\\/person\\\/3c6ac429828d1f5e3d3bd99f4da9b02c\"},\"headline\":\"Consejos para el cuidador del paciente de ELA\",\"datePublished\":\"2019-03-22T11:41:23+00:00\",\"dateModified\":\"2019-03-22T11:41:24+00:00\",\"mainEntityOfPage\":{\"@id\":\"https:\\\/\\\/www.gruporecoletas.com\\\/noticias\\\/consejos-para-el-cuidador-del-paciente-de-ela\\\/\"},\"wordCount\":444,\"image\":{\"@id\":\"https:\\\/\\\/www.gruporecoletas.com\\\/noticias\\\/consejos-para-el-cuidador-del-paciente-de-ela\\\/#primaryimage\"},\"thumbnailUrl\":\"https:\\\/\\\/www.gruporecoletas.com\\\/noticias\\\/wp-content\\\/uploads\\\/2019\\\/03\\\/ela2.jpg\",\"articleSection\":[\"Patolog\u00edas\"],\"inLanguage\":\"es\"},{\"@type\":\"WebPage\",\"@id\":\"https:\\\/\\\/www.gruporecoletas.com\\\/noticias\\\/consejos-para-el-cuidador-del-paciente-de-ela\\\/\",\"url\":\"https:\\\/\\\/www.gruporecoletas.com\\\/noticias\\\/consejos-para-el-cuidador-del-paciente-de-ela\\\/\",\"name\":\"Consejos para el cuidador del paciente de ELA - Noticias Grupo Recoletas\",\"isPartOf\":{\"@id\":\"https:\\\/\\\/www.gruporecoletas.com\\\/noticias\\\/#website\"},\"primaryImageOfPage\":{\"@id\":\"https:\\\/\\\/www.gruporecoletas.com\\\/noticias\\\/consejos-para-el-cuidador-del-paciente-de-ela\\\/#primaryimage\"},\"image\":{\"@id\":\"https:\\\/\\\/www.gruporecoletas.com\\\/noticias\\\/consejos-para-el-cuidador-del-paciente-de-ela\\\/#primaryimage\"},\"thumbnailUrl\":\"https:\\\/\\\/www.gruporecoletas.com\\\/noticias\\\/wp-content\\\/uploads\\\/2019\\\/03\\\/ela2.jpg\",\"datePublished\":\"2019-03-22T11:41:23+00:00\",\"dateModified\":\"2019-03-22T11:41:24+00:00\",\"author\":{\"@id\":\"https:\\\/\\\/www.gruporecoletas.com\\\/noticias\\\/#\\\/schema\\\/person\\\/3c6ac429828d1f5e3d3bd99f4da9b02c\"},\"breadcrumb\":{\"@id\":\"https:\\\/\\\/www.gruporecoletas.com\\\/noticias\\\/consejos-para-el-cuidador-del-paciente-de-ela\\\/#breadcrumb\"},\"inLanguage\":\"es\",\"potentialAction\":[{\"@type\":\"ReadAction\",\"target\":[\"https:\\\/\\\/www.gruporecoletas.com\\\/noticias\\\/consejos-para-el-cuidador-del-paciente-de-ela\\\/\"]}]},{\"@type\":\"ImageObject\",\"inLanguage\":\"es\",\"@id\":\"https:\\\/\\\/www.gruporecoletas.com\\\/noticias\\\/consejos-para-el-cuidador-del-paciente-de-ela\\\/#primaryimage\",\"url\":\"https:\\\/\\\/www.gruporecoletas.com\\\/noticias\\\/wp-content\\\/uploads\\\/2019\\\/03\\\/ela2.jpg\",\"contentUrl\":\"https:\\\/\\\/www.gruporecoletas.com\\\/noticias\\\/wp-content\\\/uploads\\\/2019\\\/03\\\/ela2.jpg\",\"width\":1282,\"height\":900},{\"@type\":\"BreadcrumbList\",\"@id\":\"https:\\\/\\\/www.gruporecoletas.com\\\/noticias\\\/consejos-para-el-cuidador-del-paciente-de-ela\\\/#breadcrumb\",\"itemListElement\":[{\"@type\":\"ListItem\",\"position\":1,\"name\":\"Portada\",\"item\":\"https:\\\/\\\/www.gruporecoletas.com\\\/noticias\\\/\"},{\"@type\":\"ListItem\",\"position\":2,\"name\":\"Consejos para el cuidador del paciente de ELA\"}]},{\"@type\":\"WebSite\",\"@id\":\"https:\\\/\\\/www.gruporecoletas.com\\\/noticias\\\/#website\",\"url\":\"https:\\\/\\\/www.gruporecoletas.com\\\/noticias\\\/\",\"name\":\"Noticias Grupo Recoletas\",\"description\":\"Grupo Recoletas\",\"potentialAction\":[{\"@type\":\"SearchAction\",\"target\":{\"@type\":\"EntryPoint\",\"urlTemplate\":\"https:\\\/\\\/www.gruporecoletas.com\\\/noticias\\\/?s={search_term_string}\"},\"query-input\":{\"@type\":\"PropertyValueSpecification\",\"valueRequired\":true,\"valueName\":\"search_term_string\"}}],\"inLanguage\":\"es\"},{\"@type\":\"Person\",\"@id\":\"https:\\\/\\\/www.gruporecoletas.com\\\/noticias\\\/#\\\/schema\\\/person\\\/3c6ac429828d1f5e3d3bd99f4da9b02c\",\"name\":\"Recoletas Red Hospitalaria\",\"url\":\"https:\\\/\\\/www.gruporecoletas.com\\\/noticias\\\/author\\\/comunicacion\\\/\"}]}<\/script>\n<!-- \/ Yoast SEO Premium plugin. -->","yoast_head_json":{"title":"Consejos para el cuidador del paciente de ELA - Noticias Grupo Recoletas","robots":{"index":"index","follow":"follow","max-snippet":"max-snippet:-1","max-image-preview":"max-image-preview:large","max-video-preview":"max-video-preview:-1"},"canonical":"https:\/\/www.gruporecoletas.com\/noticias\/consejos-para-el-cuidador-del-paciente-de-ela\/","og_locale":"es_ES","og_type":"article","og_title":"Consejos para el cuidador del paciente de ELA","og_description":"La ELA (esclerosis lateral amiotr\u00f3fica) es una enfermedad degenerativa del cerebro y m\u00e9dula espinal que se inicia cuando sus c\u00e9lulas, llamadas motoneuronas, sufren una disminuci\u00f3n en su funcionamiento y mueren. La consecuencia es una debilidad que impide inervar los m\u00fasculos implicados en los movimientos voluntarios que puede llegar a la par\u00e1lisis. Tambi\u00e9n puede afectar a [&hellip;]","og_url":"https:\/\/www.gruporecoletas.com\/noticias\/consejos-para-el-cuidador-del-paciente-de-ela\/","og_site_name":"Noticias Grupo Recoletas","article_publisher":"https:\/\/www.facebook.com\/GrupoRecoletas\/","article_published_time":"2019-03-22T11:41:23+00:00","article_modified_time":"2019-03-22T11:41:24+00:00","og_image":[{"width":1282,"height":900,"url":"https:\/\/www.gruporecoletas.com\/noticias\/wp-content\/uploads\/2019\/03\/ela2.jpg","type":"image\/jpeg"}],"author":"Recoletas Red Hospitalaria","twitter_card":"summary_large_image","twitter_creator":"@GrupoRecoletas","twitter_site":"@GrupoRecoletas","twitter_misc":{"Escrito por":"Recoletas Red Hospitalaria","Tiempo de lectura":"2 minutos"},"schema":{"@context":"https:\/\/schema.org","@graph":[{"@type":"Article","@id":"https:\/\/www.gruporecoletas.com\/noticias\/consejos-para-el-cuidador-del-paciente-de-ela\/#article","isPartOf":{"@id":"https:\/\/www.gruporecoletas.com\/noticias\/consejos-para-el-cuidador-del-paciente-de-ela\/"},"author":{"name":"Recoletas Red Hospitalaria","@id":"https:\/\/www.gruporecoletas.com\/noticias\/#\/schema\/person\/3c6ac429828d1f5e3d3bd99f4da9b02c"},"headline":"Consejos para el cuidador del paciente de ELA","datePublished":"2019-03-22T11:41:23+00:00","dateModified":"2019-03-22T11:41:24+00:00","mainEntityOfPage":{"@id":"https:\/\/www.gruporecoletas.com\/noticias\/consejos-para-el-cuidador-del-paciente-de-ela\/"},"wordCount":444,"image":{"@id":"https:\/\/www.gruporecoletas.com\/noticias\/consejos-para-el-cuidador-del-paciente-de-ela\/#primaryimage"},"thumbnailUrl":"https:\/\/www.gruporecoletas.com\/noticias\/wp-content\/uploads\/2019\/03\/ela2.jpg","articleSection":["Patolog\u00edas"],"inLanguage":"es"},{"@type":"WebPage","@id":"https:\/\/www.gruporecoletas.com\/noticias\/consejos-para-el-cuidador-del-paciente-de-ela\/","url":"https:\/\/www.gruporecoletas.com\/noticias\/consejos-para-el-cuidador-del-paciente-de-ela\/","name":"Consejos para el cuidador del paciente de ELA - Noticias Grupo Recoletas","isPartOf":{"@id":"https:\/\/www.gruporecoletas.com\/noticias\/#website"},"primaryImageOfPage":{"@id":"https:\/\/www.gruporecoletas.com\/noticias\/consejos-para-el-cuidador-del-paciente-de-ela\/#primaryimage"},"image":{"@id":"https:\/\/www.gruporecoletas.com\/noticias\/consejos-para-el-cuidador-del-paciente-de-ela\/#primaryimage"},"thumbnailUrl":"https:\/\/www.gruporecoletas.com\/noticias\/wp-content\/uploads\/2019\/03\/ela2.jpg","datePublished":"2019-03-22T11:41:23+00:00","dateModified":"2019-03-22T11:41:24+00:00","author":{"@id":"https:\/\/www.gruporecoletas.com\/noticias\/#\/schema\/person\/3c6ac429828d1f5e3d3bd99f4da9b02c"},"breadcrumb":{"@id":"https:\/\/www.gruporecoletas.com\/noticias\/consejos-para-el-cuidador-del-paciente-de-ela\/#breadcrumb"},"inLanguage":"es","potentialAction":[{"@type":"ReadAction","target":["https:\/\/www.gruporecoletas.com\/noticias\/consejos-para-el-cuidador-del-paciente-de-ela\/"]}]},{"@type":"ImageObject","inLanguage":"es","@id":"https:\/\/www.gruporecoletas.com\/noticias\/consejos-para-el-cuidador-del-paciente-de-ela\/#primaryimage","url":"https:\/\/www.gruporecoletas.com\/noticias\/wp-content\/uploads\/2019\/03\/ela2.jpg","contentUrl":"https:\/\/www.gruporecoletas.com\/noticias\/wp-content\/uploads\/2019\/03\/ela2.jpg","width":1282,"height":900},{"@type":"BreadcrumbList","@id":"https:\/\/www.gruporecoletas.com\/noticias\/consejos-para-el-cuidador-del-paciente-de-ela\/#breadcrumb","itemListElement":[{"@type":"ListItem","position":1,"name":"Portada","item":"https:\/\/www.gruporecoletas.com\/noticias\/"},{"@type":"ListItem","position":2,"name":"Consejos para el cuidador del paciente de ELA"}]},{"@type":"WebSite","@id":"https:\/\/www.gruporecoletas.com\/noticias\/#website","url":"https:\/\/www.gruporecoletas.com\/noticias\/","name":"Noticias Grupo Recoletas","description":"Grupo Recoletas","potentialAction":[{"@type":"SearchAction","target":{"@type":"EntryPoint","urlTemplate":"https:\/\/www.gruporecoletas.com\/noticias\/?s={search_term_string}"},"query-input":{"@type":"PropertyValueSpecification","valueRequired":true,"valueName":"search_term_string"}}],"inLanguage":"es"},{"@type":"Person","@id":"https:\/\/www.gruporecoletas.com\/noticias\/#\/schema\/person\/3c6ac429828d1f5e3d3bd99f4da9b02c","name":"Recoletas Red Hospitalaria","url":"https:\/\/www.gruporecoletas.com\/noticias\/author\/comunicacion\/"}]}},"_links":{"self":[{"href":"https:\/\/www.gruporecoletas.com\/noticias\/wp-json\/wp\/v2\/posts\/12339","targetHints":{"allow":["GET"]}}],"collection":[{"href":"https:\/\/www.gruporecoletas.com\/noticias\/wp-json\/wp\/v2\/posts"}],"about":[{"href":"https:\/\/www.gruporecoletas.com\/noticias\/wp-json\/wp\/v2\/types\/post"}],"author":[{"embeddable":true,"href":"https:\/\/www.gruporecoletas.com\/noticias\/wp-json\/wp\/v2\/users\/2"}],"replies":[{"embeddable":true,"href":"https:\/\/www.gruporecoletas.com\/noticias\/wp-json\/wp\/v2\/comments?post=12339"}],"version-history":[{"count":1,"href":"https:\/\/www.gruporecoletas.com\/noticias\/wp-json\/wp\/v2\/posts\/12339\/revisions"}],"predecessor-version":[{"id":12341,"href":"https:\/\/www.gruporecoletas.com\/noticias\/wp-json\/wp\/v2\/posts\/12339\/revisions\/12341"}],"wp:featuredmedia":[{"embeddable":true,"href":"https:\/\/www.gruporecoletas.com\/noticias\/wp-json\/wp\/v2\/media\/12340"}],"wp:attachment":[{"href":"https:\/\/www.gruporecoletas.com\/noticias\/wp-json\/wp\/v2\/media?parent=12339"}],"wp:term":[{"taxonomy":"category","embeddable":true,"href":"https:\/\/www.gruporecoletas.com\/noticias\/wp-json\/wp\/v2\/categories?post=12339"},{"taxonomy":"post_tag","embeddable":true,"href":"https:\/\/www.gruporecoletas.com\/noticias\/wp-json\/wp\/v2\/tags?post=12339"}],"curies":[{"name":"wp","href":"https:\/\/api.w.org\/{rel}","templated":true}]}}