{"id":12346,"date":"2021-11-25T08:00:00","date_gmt":"2021-11-25T07:00:00","guid":{"rendered":"https:\/\/www.gruporecoletas.com\/noticias\/?p=12346"},"modified":"2021-11-23T14:01:49","modified_gmt":"2021-11-23T13:01:49","slug":"psa-alto-otras-causas-ademas-del-cancer-de-prostata","status":"publish","type":"post","link":"https:\/\/www.gruporecoletas.com\/noticias\/psa-alto-otras-causas-ademas-del-cancer-de-prostata\/","title":{"rendered":"PSA alto: otras causas adem\u00e1s del c\u00e1ncer de pr\u00f3stata"},"content":{"rendered":"\n<p>A la hora de hacerse <a href=\"https:\/\/www.gruporecoletas.com\/chequeos-medicos\/\">chequeos m\u00e9dicos<\/a>, muchos hombres est\u00e1n pendientes de un indicador concreto: <span style=\"font-weight: 400;\">el PSA<\/span>.<\/p>\n\n\n\n<p>En este art\u00edculo te contamos todo lo que debes saber sobre el <span style=\"font-weight: 400;\">ant\u00edgeno prost\u00e1tico espec\u00edfico<\/span> (de qu\u00e9 se trata, cu\u00e1ndo tenerlo en cuenta, etc.) para que puedas entender los resultados de tus chequeos de forma adecuada. \u00a1Sigue leyendo!<\/p>\n\n\n\n<h2 class=\"wp-block-heading\"><span style=\"font-weight: 400;\">\u00bfQu\u00e9 es realmente el PSA?<\/span><\/h2>\n\n\n\n<p><span style=\"font-weight: 400;\">El PSA (o ant\u00edgeno prost\u00e1tico espec\u00edfico)<\/span> es una <span style=\"font-weight: 400;\">sustancia<\/span> producida por la pr\u00f3stata, una gl\u00e1ndula peque\u00f1a que forma parte del aparato reproductor masculino. Esta sustancia se encuentra principalmente en el semen, aunque una min\u00fascula parte puede puede pasar a la sangre.<\/p>\n\n\n\n<h2 class=\"wp-block-heading\"><span style=\"font-weight: 400;\">\u00bfC\u00f3mo puede detectarse el PSA?<\/span><\/h2>\n\n\n\n<p>Como se encuentra tambi\u00e9n en la sangre, se puede detectar a trav\u00e9s de un <a href=\"https:\/\/www.gruporecoletas.com\/especialidades\/analisis-clinicos\/\">an\u00e1lisis de sangre<\/a> concreto. La muestra recogida se env\u00eda a un laboratorio para ser analizada y los resultados siempre se reportan en nanogramos por cada mililitro de sangre (ng\/ml).<\/p>\n\n\n\n<h2 class=\"wp-block-heading\"><span style=\"font-weight: 400;\">\u00bfCu\u00e1l es el nivel normal del PSA que se debe tener?<\/span><\/h2>\n\n\n\n<p>No existe un acuerdo sobre cu\u00e1l es la <span style=\"font-weight: 400;\">concentraci\u00f3n normal exacta del PSA<\/span> en la sangre. A\u00fan as\u00ed, durante mucho tiempo se han seguido estas consideraciones como regla general:<\/p>\n\n\n\n<ul class=\"wp-block-list\"><li>Un <span style=\"font-weight: 400;\">PSA adecuado<\/span> ser\u00eda <span style=\"font-weight: 400;\">4,0 ng\/ml o menos<\/span>.<\/li><li>Cuando el <span style=\"font-weight: 400;\">PSA est\u00e1 entre 4 y 10 ng\/ml<\/span>, es importante calcular el porcentaje de PSA libre\/total. Se considera normal si estando el PSA total entre 4 y 10 ng\/ml, el PSA libre\/total es &gt;20% (0,2).<\/li><li>Y el <span style=\"font-weight: 400;\">PSA<\/span> total siempre es <span style=\"font-weight: 400;\">anormal<\/span> por <span style=\"font-weight: 400;\">encima de 10 ng\/ml<\/span>, con independencia del valor del PSA libre\/total.<\/li><\/ul>\n\n\n\n<p>A\u00fan as\u00ed, siempre hay que tener en cuenta que <span style=\"font-weight: 400;\">la concentraci\u00f3n del PSA puede variar<\/span> con la edad en un mismo hombre: entre los j\u00f3venes la cifra de corte suele ser m\u00e1s baja (y los mayores de 60 pueden superar ligeramente los 4,0 ng\/ml).<\/p>\n\n\n\n<h2 class=\"wp-block-heading\"><span style=\"font-weight: 400;\">\u00bfQu\u00e9 puede producir niveles anormales de PSA?<\/span><\/h2>\n\n\n\n<p>La <span style=\"font-weight: 400;\">concentraci\u00f3n del PSA en la sangre<\/span> es frecuentemente elevada en hombres con <a href=\"https:\/\/www.gruporecoletas.com\/institutos\/instituto-oncologico-recoletas\/tratamientos\/cancer-de-prostata\/\"><span style=\"font-weight: 400;\">c\u00e1ncer de pr\u00f3stata<\/span><\/a>, por lo que sus altos niveles siempre se han relacionado con esta enfermedad.. De hecho, los m\u00e9dicos recomiendan siempre controlar este indicador y su evoluci\u00f3n en personas cuyos familiares (padres o hermanos) hayan sufrido <span style=\"font-weight: 400;\">c\u00e1ncer de pr\u00f3stata<\/span> con anterioridad.&nbsp;<\/p>\n\n\n\n<p>Pero, adem\u00e1s, existen otros motivos que pueden producir esta anomal\u00eda. Entre ellos, podemos destacar los siguientes:<\/p>\n\n\n\n<ul class=\"wp-block-list\"><li>Infecci\u00f3n urinaria.<\/li><li>Infecci\u00f3n prost\u00e1tica.<\/li><li><a href=\"https:\/\/www.gruporecoletas.com\/institutos\/instituto-urologico-recoletas\/tratamientos\/prostatitis\/\">Prostatitis<\/a> (infecci\u00f3n bacteriana de la gl\u00e1ndula).<\/li><li><a href=\"https:\/\/www.gruporecoletas.com\/institutos\/instituto-urologico-recoletas\/tratamientos\/hiperplasia-benigna-de-prostata\/\">Hiperplasia benigna de la pr\u00f3stata<\/a> (BPH).<\/li><li>O inflamaci\u00f3n aguda o cr\u00f3nica de pr\u00f3stata.&nbsp;<\/li><\/ul>\n\n\n\n<p>Si despu\u00e9s de haberte realizado un an\u00e1lisis de sangre has descubierto que tu <span style=\"font-weight: 400;\">PSA es elevado<\/span> y tienes dudas, en el <a href=\"https:\/\/www.gruporecoletas.com\/institutos\/instituto-oncologico-recoletas\/\">Instituto Urol\u00f3gico Recoletas<\/a> encontrar\u00e1s a los mejores profesionales, que te orientar\u00e1n acerca de los resultados y tratar\u00e1n tu caso de forma personalizada y cercana. <a href=\"https:\/\/www.gruporecoletas.com\/pedir-cita-online\/\">Pide cita online ya<\/a>. Te acompa\u00f1aremos en cada paso que necesites dar.<\/p>\n","protected":false},"excerpt":{"rendered":"<p>A la hora de hacerse chequeos m\u00e9dicos, muchos hombres est\u00e1n pendientes de un indicador concreto: el PSA. En este art\u00edculo te contamos todo lo que debes saber sobre el ant\u00edgeno prost\u00e1tico espec\u00edfico (de qu\u00e9 se trata, cu\u00e1ndo tenerlo en cuenta, etc.) para que puedas entender los resultados de tus chequeos de forma adecuada. \u00a1Sigue leyendo! [&hellip;]<\/p>\n","protected":false},"author":2,"featured_media":15178,"comment_status":"closed","ping_status":"closed","sticky":false,"template":"","format":"standard","meta":{"_acf_changed":false,"footnotes":""},"categories":[50],"tags":[],"class_list":["post-12346","post","type-post","status-publish","format-standard","has-post-thumbnail","hentry","category-patologias"],"acf":[],"yoast_head":"<!-- This site is optimized with the Yoast SEO Premium plugin v27.3 (Yoast SEO v27.3) - https:\/\/yoast.com\/product\/yoast-seo-premium-wordpress\/ -->\n<title>PSA alto: otras causas adem\u00e1s del c\u00e1ncer de pr\u00f3stata - Noticias Grupo Recoletas<\/title>\n<meta name=\"robots\" content=\"index, follow, max-snippet:-1, max-image-preview:large, max-video-preview:-1\" \/>\n<link rel=\"canonical\" href=\"https:\/\/www.gruporecoletas.com\/noticias\/psa-alto-otras-causas-ademas-del-cancer-de-prostata\/\" \/>\n<meta property=\"og:locale\" content=\"es_ES\" \/>\n<meta property=\"og:type\" content=\"article\" \/>\n<meta property=\"og:title\" content=\"PSA alto: otras causas adem\u00e1s del c\u00e1ncer de pr\u00f3stata\" \/>\n<meta property=\"og:description\" content=\"A la hora de hacerse chequeos m\u00e9dicos, muchos hombres est\u00e1n pendientes de un indicador concreto: el PSA. En este art\u00edculo te contamos todo lo que debes saber sobre el ant\u00edgeno prost\u00e1tico espec\u00edfico (de qu\u00e9 se trata, cu\u00e1ndo tenerlo en cuenta, etc.) para que puedas entender los resultados de tus chequeos de forma adecuada. \u00a1Sigue leyendo! [&hellip;]\" \/>\n<meta property=\"og:url\" content=\"https:\/\/www.gruporecoletas.com\/noticias\/psa-alto-otras-causas-ademas-del-cancer-de-prostata\/\" \/>\n<meta property=\"og:site_name\" content=\"Noticias Grupo Recoletas\" \/>\n<meta property=\"article:publisher\" content=\"https:\/\/www.facebook.com\/GrupoRecoletas\/\" \/>\n<meta property=\"article:published_time\" content=\"2021-11-25T07:00:00+00:00\" \/>\n<meta property=\"og:image\" content=\"https:\/\/www.gruporecoletas.com\/noticias\/wp-content\/uploads\/2019\/03\/Blog-recoletas-PSA.jpg\" \/>\n\t<meta property=\"og:image:width\" content=\"900\" \/>\n\t<meta property=\"og:image:height\" content=\"640\" \/>\n\t<meta property=\"og:image:type\" content=\"image\/jpeg\" \/>\n<meta name=\"author\" content=\"Recoletas Red Hospitalaria\" \/>\n<meta name=\"twitter:card\" content=\"summary_large_image\" \/>\n<meta name=\"twitter:creator\" content=\"@GrupoRecoletas\" \/>\n<meta name=\"twitter:site\" content=\"@GrupoRecoletas\" \/>\n<meta name=\"twitter:label1\" content=\"Escrito por\" \/>\n\t<meta name=\"twitter:data1\" content=\"Recoletas Red Hospitalaria\" \/>\n\t<meta name=\"twitter:label2\" content=\"Tiempo de lectura\" \/>\n\t<meta name=\"twitter:data2\" content=\"3 minutos\" \/>\n<script type=\"application\/ld+json\" class=\"yoast-schema-graph\">{\"@context\":\"https:\\\/\\\/schema.org\",\"@graph\":[{\"@type\":\"Article\",\"@id\":\"https:\\\/\\\/www.gruporecoletas.com\\\/noticias\\\/psa-alto-otras-causas-ademas-del-cancer-de-prostata\\\/#article\",\"isPartOf\":{\"@id\":\"https:\\\/\\\/www.gruporecoletas.com\\\/noticias\\\/psa-alto-otras-causas-ademas-del-cancer-de-prostata\\\/\"},\"author\":{\"name\":\"Recoletas Red Hospitalaria\",\"@id\":\"https:\\\/\\\/www.gruporecoletas.com\\\/noticias\\\/#\\\/schema\\\/person\\\/3c6ac429828d1f5e3d3bd99f4da9b02c\"},\"headline\":\"PSA alto: otras causas adem\u00e1s del c\u00e1ncer de pr\u00f3stata\",\"datePublished\":\"2021-11-25T07:00:00+00:00\",\"mainEntityOfPage\":{\"@id\":\"https:\\\/\\\/www.gruporecoletas.com\\\/noticias\\\/psa-alto-otras-causas-ademas-del-cancer-de-prostata\\\/\"},\"wordCount\":521,\"image\":{\"@id\":\"https:\\\/\\\/www.gruporecoletas.com\\\/noticias\\\/psa-alto-otras-causas-ademas-del-cancer-de-prostata\\\/#primaryimage\"},\"thumbnailUrl\":\"https:\\\/\\\/www.gruporecoletas.com\\\/noticias\\\/wp-content\\\/uploads\\\/2019\\\/03\\\/Blog-recoletas-PSA.jpg\",\"articleSection\":[\"Patolog\u00edas\"],\"inLanguage\":\"es\"},{\"@type\":\"WebPage\",\"@id\":\"https:\\\/\\\/www.gruporecoletas.com\\\/noticias\\\/psa-alto-otras-causas-ademas-del-cancer-de-prostata\\\/\",\"url\":\"https:\\\/\\\/www.gruporecoletas.com\\\/noticias\\\/psa-alto-otras-causas-ademas-del-cancer-de-prostata\\\/\",\"name\":\"PSA alto: otras causas adem\u00e1s del c\u00e1ncer de pr\u00f3stata - Noticias Grupo Recoletas\",\"isPartOf\":{\"@id\":\"https:\\\/\\\/www.gruporecoletas.com\\\/noticias\\\/#website\"},\"primaryImageOfPage\":{\"@id\":\"https:\\\/\\\/www.gruporecoletas.com\\\/noticias\\\/psa-alto-otras-causas-ademas-del-cancer-de-prostata\\\/#primaryimage\"},\"image\":{\"@id\":\"https:\\\/\\\/www.gruporecoletas.com\\\/noticias\\\/psa-alto-otras-causas-ademas-del-cancer-de-prostata\\\/#primaryimage\"},\"thumbnailUrl\":\"https:\\\/\\\/www.gruporecoletas.com\\\/noticias\\\/wp-content\\\/uploads\\\/2019\\\/03\\\/Blog-recoletas-PSA.jpg\",\"datePublished\":\"2021-11-25T07:00:00+00:00\",\"author\":{\"@id\":\"https:\\\/\\\/www.gruporecoletas.com\\\/noticias\\\/#\\\/schema\\\/person\\\/3c6ac429828d1f5e3d3bd99f4da9b02c\"},\"breadcrumb\":{\"@id\":\"https:\\\/\\\/www.gruporecoletas.com\\\/noticias\\\/psa-alto-otras-causas-ademas-del-cancer-de-prostata\\\/#breadcrumb\"},\"inLanguage\":\"es\",\"potentialAction\":[{\"@type\":\"ReadAction\",\"target\":[\"https:\\\/\\\/www.gruporecoletas.com\\\/noticias\\\/psa-alto-otras-causas-ademas-del-cancer-de-prostata\\\/\"]}]},{\"@type\":\"ImageObject\",\"inLanguage\":\"es\",\"@id\":\"https:\\\/\\\/www.gruporecoletas.com\\\/noticias\\\/psa-alto-otras-causas-ademas-del-cancer-de-prostata\\\/#primaryimage\",\"url\":\"https:\\\/\\\/www.gruporecoletas.com\\\/noticias\\\/wp-content\\\/uploads\\\/2019\\\/03\\\/Blog-recoletas-PSA.jpg\",\"contentUrl\":\"https:\\\/\\\/www.gruporecoletas.com\\\/noticias\\\/wp-content\\\/uploads\\\/2019\\\/03\\\/Blog-recoletas-PSA.jpg\",\"width\":900,\"height\":640},{\"@type\":\"BreadcrumbList\",\"@id\":\"https:\\\/\\\/www.gruporecoletas.com\\\/noticias\\\/psa-alto-otras-causas-ademas-del-cancer-de-prostata\\\/#breadcrumb\",\"itemListElement\":[{\"@type\":\"ListItem\",\"position\":1,\"name\":\"Portada\",\"item\":\"https:\\\/\\\/www.gruporecoletas.com\\\/noticias\\\/\"},{\"@type\":\"ListItem\",\"position\":2,\"name\":\"PSA alto: otras causas adem\u00e1s del c\u00e1ncer de pr\u00f3stata\"}]},{\"@type\":\"WebSite\",\"@id\":\"https:\\\/\\\/www.gruporecoletas.com\\\/noticias\\\/#website\",\"url\":\"https:\\\/\\\/www.gruporecoletas.com\\\/noticias\\\/\",\"name\":\"Noticias Grupo Recoletas\",\"description\":\"Grupo Recoletas\",\"potentialAction\":[{\"@type\":\"SearchAction\",\"target\":{\"@type\":\"EntryPoint\",\"urlTemplate\":\"https:\\\/\\\/www.gruporecoletas.com\\\/noticias\\\/?s={search_term_string}\"},\"query-input\":{\"@type\":\"PropertyValueSpecification\",\"valueRequired\":true,\"valueName\":\"search_term_string\"}}],\"inLanguage\":\"es\"},{\"@type\":\"Person\",\"@id\":\"https:\\\/\\\/www.gruporecoletas.com\\\/noticias\\\/#\\\/schema\\\/person\\\/3c6ac429828d1f5e3d3bd99f4da9b02c\",\"name\":\"Recoletas Red Hospitalaria\",\"url\":\"https:\\\/\\\/www.gruporecoletas.com\\\/noticias\\\/author\\\/comunicacion\\\/\"}]}<\/script>\n<!-- \/ Yoast SEO Premium plugin. -->","yoast_head_json":{"title":"PSA alto: otras causas adem\u00e1s del c\u00e1ncer de pr\u00f3stata - Noticias Grupo Recoletas","robots":{"index":"index","follow":"follow","max-snippet":"max-snippet:-1","max-image-preview":"max-image-preview:large","max-video-preview":"max-video-preview:-1"},"canonical":"https:\/\/www.gruporecoletas.com\/noticias\/psa-alto-otras-causas-ademas-del-cancer-de-prostata\/","og_locale":"es_ES","og_type":"article","og_title":"PSA alto: otras causas adem\u00e1s del c\u00e1ncer de pr\u00f3stata","og_description":"A la hora de hacerse chequeos m\u00e9dicos, muchos hombres est\u00e1n pendientes de un indicador concreto: el PSA. En este art\u00edculo te contamos todo lo que debes saber sobre el ant\u00edgeno prost\u00e1tico espec\u00edfico (de qu\u00e9 se trata, cu\u00e1ndo tenerlo en cuenta, etc.) para que puedas entender los resultados de tus chequeos de forma adecuada. \u00a1Sigue leyendo! [&hellip;]","og_url":"https:\/\/www.gruporecoletas.com\/noticias\/psa-alto-otras-causas-ademas-del-cancer-de-prostata\/","og_site_name":"Noticias Grupo Recoletas","article_publisher":"https:\/\/www.facebook.com\/GrupoRecoletas\/","article_published_time":"2021-11-25T07:00:00+00:00","og_image":[{"width":900,"height":640,"url":"https:\/\/www.gruporecoletas.com\/noticias\/wp-content\/uploads\/2019\/03\/Blog-recoletas-PSA.jpg","type":"image\/jpeg"}],"author":"Recoletas Red Hospitalaria","twitter_card":"summary_large_image","twitter_creator":"@GrupoRecoletas","twitter_site":"@GrupoRecoletas","twitter_misc":{"Escrito por":"Recoletas Red Hospitalaria","Tiempo de lectura":"3 minutos"},"schema":{"@context":"https:\/\/schema.org","@graph":[{"@type":"Article","@id":"https:\/\/www.gruporecoletas.com\/noticias\/psa-alto-otras-causas-ademas-del-cancer-de-prostata\/#article","isPartOf":{"@id":"https:\/\/www.gruporecoletas.com\/noticias\/psa-alto-otras-causas-ademas-del-cancer-de-prostata\/"},"author":{"name":"Recoletas Red Hospitalaria","@id":"https:\/\/www.gruporecoletas.com\/noticias\/#\/schema\/person\/3c6ac429828d1f5e3d3bd99f4da9b02c"},"headline":"PSA alto: otras causas adem\u00e1s del c\u00e1ncer de pr\u00f3stata","datePublished":"2021-11-25T07:00:00+00:00","mainEntityOfPage":{"@id":"https:\/\/www.gruporecoletas.com\/noticias\/psa-alto-otras-causas-ademas-del-cancer-de-prostata\/"},"wordCount":521,"image":{"@id":"https:\/\/www.gruporecoletas.com\/noticias\/psa-alto-otras-causas-ademas-del-cancer-de-prostata\/#primaryimage"},"thumbnailUrl":"https:\/\/www.gruporecoletas.com\/noticias\/wp-content\/uploads\/2019\/03\/Blog-recoletas-PSA.jpg","articleSection":["Patolog\u00edas"],"inLanguage":"es"},{"@type":"WebPage","@id":"https:\/\/www.gruporecoletas.com\/noticias\/psa-alto-otras-causas-ademas-del-cancer-de-prostata\/","url":"https:\/\/www.gruporecoletas.com\/noticias\/psa-alto-otras-causas-ademas-del-cancer-de-prostata\/","name":"PSA alto: otras causas adem\u00e1s del c\u00e1ncer de pr\u00f3stata - Noticias Grupo Recoletas","isPartOf":{"@id":"https:\/\/www.gruporecoletas.com\/noticias\/#website"},"primaryImageOfPage":{"@id":"https:\/\/www.gruporecoletas.com\/noticias\/psa-alto-otras-causas-ademas-del-cancer-de-prostata\/#primaryimage"},"image":{"@id":"https:\/\/www.gruporecoletas.com\/noticias\/psa-alto-otras-causas-ademas-del-cancer-de-prostata\/#primaryimage"},"thumbnailUrl":"https:\/\/www.gruporecoletas.com\/noticias\/wp-content\/uploads\/2019\/03\/Blog-recoletas-PSA.jpg","datePublished":"2021-11-25T07:00:00+00:00","author":{"@id":"https:\/\/www.gruporecoletas.com\/noticias\/#\/schema\/person\/3c6ac429828d1f5e3d3bd99f4da9b02c"},"breadcrumb":{"@id":"https:\/\/www.gruporecoletas.com\/noticias\/psa-alto-otras-causas-ademas-del-cancer-de-prostata\/#breadcrumb"},"inLanguage":"es","potentialAction":[{"@type":"ReadAction","target":["https:\/\/www.gruporecoletas.com\/noticias\/psa-alto-otras-causas-ademas-del-cancer-de-prostata\/"]}]},{"@type":"ImageObject","inLanguage":"es","@id":"https:\/\/www.gruporecoletas.com\/noticias\/psa-alto-otras-causas-ademas-del-cancer-de-prostata\/#primaryimage","url":"https:\/\/www.gruporecoletas.com\/noticias\/wp-content\/uploads\/2019\/03\/Blog-recoletas-PSA.jpg","contentUrl":"https:\/\/www.gruporecoletas.com\/noticias\/wp-content\/uploads\/2019\/03\/Blog-recoletas-PSA.jpg","width":900,"height":640},{"@type":"BreadcrumbList","@id":"https:\/\/www.gruporecoletas.com\/noticias\/psa-alto-otras-causas-ademas-del-cancer-de-prostata\/#breadcrumb","itemListElement":[{"@type":"ListItem","position":1,"name":"Portada","item":"https:\/\/www.gruporecoletas.com\/noticias\/"},{"@type":"ListItem","position":2,"name":"PSA alto: otras causas adem\u00e1s del c\u00e1ncer de pr\u00f3stata"}]},{"@type":"WebSite","@id":"https:\/\/www.gruporecoletas.com\/noticias\/#website","url":"https:\/\/www.gruporecoletas.com\/noticias\/","name":"Noticias Grupo Recoletas","description":"Grupo Recoletas","potentialAction":[{"@type":"SearchAction","target":{"@type":"EntryPoint","urlTemplate":"https:\/\/www.gruporecoletas.com\/noticias\/?s={search_term_string}"},"query-input":{"@type":"PropertyValueSpecification","valueRequired":true,"valueName":"search_term_string"}}],"inLanguage":"es"},{"@type":"Person","@id":"https:\/\/www.gruporecoletas.com\/noticias\/#\/schema\/person\/3c6ac429828d1f5e3d3bd99f4da9b02c","name":"Recoletas Red Hospitalaria","url":"https:\/\/www.gruporecoletas.com\/noticias\/author\/comunicacion\/"}]}},"_links":{"self":[{"href":"https:\/\/www.gruporecoletas.com\/noticias\/wp-json\/wp\/v2\/posts\/12346","targetHints":{"allow":["GET"]}}],"collection":[{"href":"https:\/\/www.gruporecoletas.com\/noticias\/wp-json\/wp\/v2\/posts"}],"about":[{"href":"https:\/\/www.gruporecoletas.com\/noticias\/wp-json\/wp\/v2\/types\/post"}],"author":[{"embeddable":true,"href":"https:\/\/www.gruporecoletas.com\/noticias\/wp-json\/wp\/v2\/users\/2"}],"replies":[{"embeddable":true,"href":"https:\/\/www.gruporecoletas.com\/noticias\/wp-json\/wp\/v2\/comments?post=12346"}],"version-history":[{"count":4,"href":"https:\/\/www.gruporecoletas.com\/noticias\/wp-json\/wp\/v2\/posts\/12346\/revisions"}],"predecessor-version":[{"id":15182,"href":"https:\/\/www.gruporecoletas.com\/noticias\/wp-json\/wp\/v2\/posts\/12346\/revisions\/15182"}],"wp:featuredmedia":[{"embeddable":true,"href":"https:\/\/www.gruporecoletas.com\/noticias\/wp-json\/wp\/v2\/media\/15178"}],"wp:attachment":[{"href":"https:\/\/www.gruporecoletas.com\/noticias\/wp-json\/wp\/v2\/media?parent=12346"}],"wp:term":[{"taxonomy":"category","embeddable":true,"href":"https:\/\/www.gruporecoletas.com\/noticias\/wp-json\/wp\/v2\/categories?post=12346"},{"taxonomy":"post_tag","embeddable":true,"href":"https:\/\/www.gruporecoletas.com\/noticias\/wp-json\/wp\/v2\/tags?post=12346"}],"curies":[{"name":"wp","href":"https:\/\/api.w.org\/{rel}","templated":true}]}}