{"id":12367,"date":"2019-04-02T15:39:37","date_gmt":"2019-04-02T15:39:37","guid":{"rendered":"https:\/\/www.gruporecoletas.com\/noticias\/?p=12367"},"modified":"2019-05-20T09:03:30","modified_gmt":"2019-05-20T09:03:30","slug":"i-congreso-instituto-oftalmologico-recoletas","status":"publish","type":"post","link":"https:\/\/www.gruporecoletas.com\/noticias\/i-congreso-instituto-oftalmologico-recoletas\/","title":{"rendered":"I Congreso Instituto Oftalmol\u00f3gico Recoletas"},"content":{"rendered":"\n<p>El pr\u00f3ximo viernes 5 de abril tendr\u00e1 lugar en el Teatro Calder\u00f3n de Valladolid  el \u00abI CONGRESO INSTITUTO OFTALMOL\u00d3GICO RECOLETAS\u00bb #ICongresoIOR<\/p>\n\n\n\n<p>Si eres profesional de la Oftamolog\u00eda todav\u00eda esta a tiempo de <a href=\"http:\/\/ http:\/\/bit.ly\/2Ven27J\" target=\"_blank\" rel=\"noreferrer noopener\" aria-label=\"inscribirte para participar. (abre en una nueva pesta\u00f1a)\">inscribirte para participar.<\/a><\/p>\n\n\n\n<p>El formato del curso ser\u00e1 de una jornada monogr\u00e1fica con el t\u00edtulo \u201cComplicando la catarata\u201d, en la que se intentar\u00e1 dar una serie de protocolos m\u00e9dico quir\u00fargicos en los casos en los que la cirug\u00eda de la catarata vaya acompa\u00f1ada de alguna patolog\u00eda de este tipo.<\/p>\n","protected":false},"excerpt":{"rendered":"<p>El pr\u00f3ximo viernes 5 de abril tendr\u00e1 lugar en el Teatro Calder\u00f3n de Valladolid el \u00abI CONGRESO INSTITUTO OFTALMOL\u00d3GICO RECOLETAS\u00bb #ICongresoIOR Si eres profesional de la Oftamolog\u00eda todav\u00eda esta a tiempo de inscribirte para participar. El formato del curso ser\u00e1 de una jornada monogr\u00e1fica con el t\u00edtulo \u201cComplicando la catarata\u201d, en la que se intentar\u00e1 [&hellip;]<\/p>\n","protected":false},"author":2,"featured_media":12368,"comment_status":"closed","ping_status":"closed","sticky":false,"template":"","format":"standard","meta":{"_acf_changed":false,"footnotes":""},"categories":[700],"tags":[],"class_list":["post-12367","post","type-post","status-publish","format-standard","has-post-thumbnail","hentry","category-instituto-oftalmologico-recoletas","has-post-video"],"acf":[],"yoast_head":"<!-- This site is optimized with the Yoast SEO Premium plugin v27.3 (Yoast SEO v27.3) - https:\/\/yoast.com\/product\/yoast-seo-premium-wordpress\/ -->\n<title>I Congreso Instituto Oftalmol\u00f3gico Recoletas - Noticias Grupo Recoletas<\/title>\n<meta name=\"robots\" content=\"index, follow, max-snippet:-1, max-image-preview:large, max-video-preview:-1\" \/>\n<link rel=\"canonical\" href=\"https:\/\/www.gruporecoletas.com\/noticias\/i-congreso-instituto-oftalmologico-recoletas\/\" \/>\n<meta property=\"og:locale\" content=\"es_ES\" \/>\n<meta property=\"og:type\" content=\"article\" \/>\n<meta property=\"og:title\" content=\"I Congreso Instituto Oftalmol\u00f3gico Recoletas\" \/>\n<meta property=\"og:description\" content=\"El pr\u00f3ximo viernes 5 de abril tendr\u00e1 lugar en el Teatro Calder\u00f3n de Valladolid el \u00abI CONGRESO INSTITUTO OFTALMOL\u00d3GICO RECOLETAS\u00bb #ICongresoIOR Si eres profesional de la Oftamolog\u00eda todav\u00eda esta a tiempo de inscribirte para participar. El formato del curso ser\u00e1 de una jornada monogr\u00e1fica con el t\u00edtulo \u201cComplicando la catarata\u201d, en la que se intentar\u00e1 [&hellip;]\" \/>\n<meta property=\"og:url\" content=\"https:\/\/www.gruporecoletas.com\/noticias\/i-congreso-instituto-oftalmologico-recoletas\/\" \/>\n<meta property=\"og:site_name\" content=\"Noticias Grupo Recoletas\" \/>\n<meta property=\"article:publisher\" content=\"https:\/\/www.facebook.com\/GrupoRecoletas\/\" \/>\n<meta property=\"article:published_time\" content=\"2019-04-02T15:39:37+00:00\" \/>\n<meta property=\"article:modified_time\" content=\"2019-05-20T09:03:30+00:00\" \/>\n<meta property=\"og:image\" content=\"https:\/\/www.gruporecoletas.com\/noticias\/wp-content\/uploads\/2019\/04\/I-Congreso-Instituto-Oftalmol\u00f3gico-Recoletas.jpeg\" \/>\n\t<meta property=\"og:image:width\" content=\"1280\" \/>\n\t<meta property=\"og:image:height\" content=\"720\" \/>\n\t<meta property=\"og:image:type\" content=\"image\/jpeg\" \/>\n<meta name=\"author\" content=\"Recoletas Red Hospitalaria\" \/>\n<meta name=\"twitter:card\" content=\"summary_large_image\" \/>\n<meta name=\"twitter:creator\" content=\"@GrupoRecoletas\" \/>\n<meta name=\"twitter:site\" content=\"@GrupoRecoletas\" \/>\n<meta name=\"twitter:label1\" content=\"Escrito por\" \/>\n\t<meta name=\"twitter:data1\" content=\"Recoletas Red Hospitalaria\" \/>\n<script type=\"application\/ld+json\" class=\"yoast-schema-graph\">{\"@context\":\"https:\\\/\\\/schema.org\",\"@graph\":[{\"@type\":\"Article\",\"@id\":\"https:\\\/\\\/www.gruporecoletas.com\\\/noticias\\\/i-congreso-instituto-oftalmologico-recoletas\\\/#article\",\"isPartOf\":{\"@id\":\"https:\\\/\\\/www.gruporecoletas.com\\\/noticias\\\/i-congreso-instituto-oftalmologico-recoletas\\\/\"},\"author\":{\"name\":\"Recoletas Red Hospitalaria\",\"@id\":\"https:\\\/\\\/www.gruporecoletas.com\\\/noticias\\\/#\\\/schema\\\/person\\\/3c6ac429828d1f5e3d3bd99f4da9b02c\"},\"headline\":\"I Congreso Instituto Oftalmol\u00f3gico Recoletas\",\"datePublished\":\"2019-04-02T15:39:37+00:00\",\"dateModified\":\"2019-05-20T09:03:30+00:00\",\"mainEntityOfPage\":{\"@id\":\"https:\\\/\\\/www.gruporecoletas.com\\\/noticias\\\/i-congreso-instituto-oftalmologico-recoletas\\\/\"},\"wordCount\":98,\"image\":{\"@id\":\"https:\\\/\\\/www.gruporecoletas.com\\\/noticias\\\/i-congreso-instituto-oftalmologico-recoletas\\\/#primaryimage\"},\"thumbnailUrl\":\"https:\\\/\\\/www.gruporecoletas.com\\\/noticias\\\/wp-content\\\/uploads\\\/2019\\\/04\\\/I-Congreso-Instituto-Oftalmol\u00f3gico-Recoletas.jpeg\",\"articleSection\":[\"Instituto Oftalmol\u00f3gico\"],\"inLanguage\":\"es\"},{\"@type\":\"WebPage\",\"@id\":\"https:\\\/\\\/www.gruporecoletas.com\\\/noticias\\\/i-congreso-instituto-oftalmologico-recoletas\\\/\",\"url\":\"https:\\\/\\\/www.gruporecoletas.com\\\/noticias\\\/i-congreso-instituto-oftalmologico-recoletas\\\/\",\"name\":\"I Congreso Instituto Oftalmol\u00f3gico Recoletas - Noticias Grupo Recoletas\",\"isPartOf\":{\"@id\":\"https:\\\/\\\/www.gruporecoletas.com\\\/noticias\\\/#website\"},\"primaryImageOfPage\":{\"@id\":\"https:\\\/\\\/www.gruporecoletas.com\\\/noticias\\\/i-congreso-instituto-oftalmologico-recoletas\\\/#primaryimage\"},\"image\":{\"@id\":\"https:\\\/\\\/www.gruporecoletas.com\\\/noticias\\\/i-congreso-instituto-oftalmologico-recoletas\\\/#primaryimage\"},\"thumbnailUrl\":\"https:\\\/\\\/www.gruporecoletas.com\\\/noticias\\\/wp-content\\\/uploads\\\/2019\\\/04\\\/I-Congreso-Instituto-Oftalmol\u00f3gico-Recoletas.jpeg\",\"datePublished\":\"2019-04-02T15:39:37+00:00\",\"dateModified\":\"2019-05-20T09:03:30+00:00\",\"author\":{\"@id\":\"https:\\\/\\\/www.gruporecoletas.com\\\/noticias\\\/#\\\/schema\\\/person\\\/3c6ac429828d1f5e3d3bd99f4da9b02c\"},\"breadcrumb\":{\"@id\":\"https:\\\/\\\/www.gruporecoletas.com\\\/noticias\\\/i-congreso-instituto-oftalmologico-recoletas\\\/#breadcrumb\"},\"inLanguage\":\"es\",\"potentialAction\":[{\"@type\":\"ReadAction\",\"target\":[\"https:\\\/\\\/www.gruporecoletas.com\\\/noticias\\\/i-congreso-instituto-oftalmologico-recoletas\\\/\"]}]},{\"@type\":\"ImageObject\",\"inLanguage\":\"es\",\"@id\":\"https:\\\/\\\/www.gruporecoletas.com\\\/noticias\\\/i-congreso-instituto-oftalmologico-recoletas\\\/#primaryimage\",\"url\":\"https:\\\/\\\/www.gruporecoletas.com\\\/noticias\\\/wp-content\\\/uploads\\\/2019\\\/04\\\/I-Congreso-Instituto-Oftalmol\u00f3gico-Recoletas.jpeg\",\"contentUrl\":\"https:\\\/\\\/www.gruporecoletas.com\\\/noticias\\\/wp-content\\\/uploads\\\/2019\\\/04\\\/I-Congreso-Instituto-Oftalmol\u00f3gico-Recoletas.jpeg\",\"width\":1280,\"height\":720},{\"@type\":\"BreadcrumbList\",\"@id\":\"https:\\\/\\\/www.gruporecoletas.com\\\/noticias\\\/i-congreso-instituto-oftalmologico-recoletas\\\/#breadcrumb\",\"itemListElement\":[{\"@type\":\"ListItem\",\"position\":1,\"name\":\"Portada\",\"item\":\"https:\\\/\\\/www.gruporecoletas.com\\\/noticias\\\/\"},{\"@type\":\"ListItem\",\"position\":2,\"name\":\"I Congreso Instituto Oftalmol\u00f3gico Recoletas\"}]},{\"@type\":\"WebSite\",\"@id\":\"https:\\\/\\\/www.gruporecoletas.com\\\/noticias\\\/#website\",\"url\":\"https:\\\/\\\/www.gruporecoletas.com\\\/noticias\\\/\",\"name\":\"Noticias Grupo Recoletas\",\"description\":\"Grupo Recoletas\",\"potentialAction\":[{\"@type\":\"SearchAction\",\"target\":{\"@type\":\"EntryPoint\",\"urlTemplate\":\"https:\\\/\\\/www.gruporecoletas.com\\\/noticias\\\/?s={search_term_string}\"},\"query-input\":{\"@type\":\"PropertyValueSpecification\",\"valueRequired\":true,\"valueName\":\"search_term_string\"}}],\"inLanguage\":\"es\"},{\"@type\":\"Person\",\"@id\":\"https:\\\/\\\/www.gruporecoletas.com\\\/noticias\\\/#\\\/schema\\\/person\\\/3c6ac429828d1f5e3d3bd99f4da9b02c\",\"name\":\"Recoletas Red Hospitalaria\",\"url\":\"https:\\\/\\\/www.gruporecoletas.com\\\/noticias\\\/author\\\/comunicacion\\\/\"}]}<\/script>\n<!-- \/ Yoast SEO Premium plugin. -->","yoast_head_json":{"title":"I Congreso Instituto Oftalmol\u00f3gico Recoletas - Noticias Grupo Recoletas","robots":{"index":"index","follow":"follow","max-snippet":"max-snippet:-1","max-image-preview":"max-image-preview:large","max-video-preview":"max-video-preview:-1"},"canonical":"https:\/\/www.gruporecoletas.com\/noticias\/i-congreso-instituto-oftalmologico-recoletas\/","og_locale":"es_ES","og_type":"article","og_title":"I Congreso Instituto Oftalmol\u00f3gico Recoletas","og_description":"El pr\u00f3ximo viernes 5 de abril tendr\u00e1 lugar en el Teatro Calder\u00f3n de Valladolid el \u00abI CONGRESO INSTITUTO OFTALMOL\u00d3GICO RECOLETAS\u00bb #ICongresoIOR Si eres profesional de la Oftamolog\u00eda todav\u00eda esta a tiempo de inscribirte para participar. El formato del curso ser\u00e1 de una jornada monogr\u00e1fica con el t\u00edtulo \u201cComplicando la catarata\u201d, en la que se intentar\u00e1 [&hellip;]","og_url":"https:\/\/www.gruporecoletas.com\/noticias\/i-congreso-instituto-oftalmologico-recoletas\/","og_site_name":"Noticias Grupo Recoletas","article_publisher":"https:\/\/www.facebook.com\/GrupoRecoletas\/","article_published_time":"2019-04-02T15:39:37+00:00","article_modified_time":"2019-05-20T09:03:30+00:00","og_image":[{"width":1280,"height":720,"url":"https:\/\/www.gruporecoletas.com\/noticias\/wp-content\/uploads\/2019\/04\/I-Congreso-Instituto-Oftalmol\u00f3gico-Recoletas.jpeg","type":"image\/jpeg"}],"author":"Recoletas Red Hospitalaria","twitter_card":"summary_large_image","twitter_creator":"@GrupoRecoletas","twitter_site":"@GrupoRecoletas","twitter_misc":{"Escrito por":"Recoletas Red Hospitalaria"},"schema":{"@context":"https:\/\/schema.org","@graph":[{"@type":"Article","@id":"https:\/\/www.gruporecoletas.com\/noticias\/i-congreso-instituto-oftalmologico-recoletas\/#article","isPartOf":{"@id":"https:\/\/www.gruporecoletas.com\/noticias\/i-congreso-instituto-oftalmologico-recoletas\/"},"author":{"name":"Recoletas Red Hospitalaria","@id":"https:\/\/www.gruporecoletas.com\/noticias\/#\/schema\/person\/3c6ac429828d1f5e3d3bd99f4da9b02c"},"headline":"I Congreso Instituto Oftalmol\u00f3gico Recoletas","datePublished":"2019-04-02T15:39:37+00:00","dateModified":"2019-05-20T09:03:30+00:00","mainEntityOfPage":{"@id":"https:\/\/www.gruporecoletas.com\/noticias\/i-congreso-instituto-oftalmologico-recoletas\/"},"wordCount":98,"image":{"@id":"https:\/\/www.gruporecoletas.com\/noticias\/i-congreso-instituto-oftalmologico-recoletas\/#primaryimage"},"thumbnailUrl":"https:\/\/www.gruporecoletas.com\/noticias\/wp-content\/uploads\/2019\/04\/I-Congreso-Instituto-Oftalmol\u00f3gico-Recoletas.jpeg","articleSection":["Instituto Oftalmol\u00f3gico"],"inLanguage":"es"},{"@type":"WebPage","@id":"https:\/\/www.gruporecoletas.com\/noticias\/i-congreso-instituto-oftalmologico-recoletas\/","url":"https:\/\/www.gruporecoletas.com\/noticias\/i-congreso-instituto-oftalmologico-recoletas\/","name":"I Congreso Instituto Oftalmol\u00f3gico Recoletas - Noticias Grupo Recoletas","isPartOf":{"@id":"https:\/\/www.gruporecoletas.com\/noticias\/#website"},"primaryImageOfPage":{"@id":"https:\/\/www.gruporecoletas.com\/noticias\/i-congreso-instituto-oftalmologico-recoletas\/#primaryimage"},"image":{"@id":"https:\/\/www.gruporecoletas.com\/noticias\/i-congreso-instituto-oftalmologico-recoletas\/#primaryimage"},"thumbnailUrl":"https:\/\/www.gruporecoletas.com\/noticias\/wp-content\/uploads\/2019\/04\/I-Congreso-Instituto-Oftalmol\u00f3gico-Recoletas.jpeg","datePublished":"2019-04-02T15:39:37+00:00","dateModified":"2019-05-20T09:03:30+00:00","author":{"@id":"https:\/\/www.gruporecoletas.com\/noticias\/#\/schema\/person\/3c6ac429828d1f5e3d3bd99f4da9b02c"},"breadcrumb":{"@id":"https:\/\/www.gruporecoletas.com\/noticias\/i-congreso-instituto-oftalmologico-recoletas\/#breadcrumb"},"inLanguage":"es","potentialAction":[{"@type":"ReadAction","target":["https:\/\/www.gruporecoletas.com\/noticias\/i-congreso-instituto-oftalmologico-recoletas\/"]}]},{"@type":"ImageObject","inLanguage":"es","@id":"https:\/\/www.gruporecoletas.com\/noticias\/i-congreso-instituto-oftalmologico-recoletas\/#primaryimage","url":"https:\/\/www.gruporecoletas.com\/noticias\/wp-content\/uploads\/2019\/04\/I-Congreso-Instituto-Oftalmol\u00f3gico-Recoletas.jpeg","contentUrl":"https:\/\/www.gruporecoletas.com\/noticias\/wp-content\/uploads\/2019\/04\/I-Congreso-Instituto-Oftalmol\u00f3gico-Recoletas.jpeg","width":1280,"height":720},{"@type":"BreadcrumbList","@id":"https:\/\/www.gruporecoletas.com\/noticias\/i-congreso-instituto-oftalmologico-recoletas\/#breadcrumb","itemListElement":[{"@type":"ListItem","position":1,"name":"Portada","item":"https:\/\/www.gruporecoletas.com\/noticias\/"},{"@type":"ListItem","position":2,"name":"I Congreso Instituto Oftalmol\u00f3gico Recoletas"}]},{"@type":"WebSite","@id":"https:\/\/www.gruporecoletas.com\/noticias\/#website","url":"https:\/\/www.gruporecoletas.com\/noticias\/","name":"Noticias Grupo Recoletas","description":"Grupo Recoletas","potentialAction":[{"@type":"SearchAction","target":{"@type":"EntryPoint","urlTemplate":"https:\/\/www.gruporecoletas.com\/noticias\/?s={search_term_string}"},"query-input":{"@type":"PropertyValueSpecification","valueRequired":true,"valueName":"search_term_string"}}],"inLanguage":"es"},{"@type":"Person","@id":"https:\/\/www.gruporecoletas.com\/noticias\/#\/schema\/person\/3c6ac429828d1f5e3d3bd99f4da9b02c","name":"Recoletas Red Hospitalaria","url":"https:\/\/www.gruporecoletas.com\/noticias\/author\/comunicacion\/"}]}},"_links":{"self":[{"href":"https:\/\/www.gruporecoletas.com\/noticias\/wp-json\/wp\/v2\/posts\/12367","targetHints":{"allow":["GET"]}}],"collection":[{"href":"https:\/\/www.gruporecoletas.com\/noticias\/wp-json\/wp\/v2\/posts"}],"about":[{"href":"https:\/\/www.gruporecoletas.com\/noticias\/wp-json\/wp\/v2\/types\/post"}],"author":[{"embeddable":true,"href":"https:\/\/www.gruporecoletas.com\/noticias\/wp-json\/wp\/v2\/users\/2"}],"replies":[{"embeddable":true,"href":"https:\/\/www.gruporecoletas.com\/noticias\/wp-json\/wp\/v2\/comments?post=12367"}],"version-history":[{"count":1,"href":"https:\/\/www.gruporecoletas.com\/noticias\/wp-json\/wp\/v2\/posts\/12367\/revisions"}],"predecessor-version":[{"id":12369,"href":"https:\/\/www.gruporecoletas.com\/noticias\/wp-json\/wp\/v2\/posts\/12367\/revisions\/12369"}],"wp:featuredmedia":[{"embeddable":true,"href":"https:\/\/www.gruporecoletas.com\/noticias\/wp-json\/wp\/v2\/media\/12368"}],"wp:attachment":[{"href":"https:\/\/www.gruporecoletas.com\/noticias\/wp-json\/wp\/v2\/media?parent=12367"}],"wp:term":[{"taxonomy":"category","embeddable":true,"href":"https:\/\/www.gruporecoletas.com\/noticias\/wp-json\/wp\/v2\/categories?post=12367"},{"taxonomy":"post_tag","embeddable":true,"href":"https:\/\/www.gruporecoletas.com\/noticias\/wp-json\/wp\/v2\/tags?post=12367"}],"curies":[{"name":"wp","href":"https:\/\/api.w.org\/{rel}","templated":true}]}}