{"id":12402,"date":"2018-10-03T21:52:34","date_gmt":"2018-10-03T21:52:34","guid":{"rendered":"https:\/\/www.gruporecoletas.com\/noticias\/?p=12402"},"modified":"2019-04-12T16:18:36","modified_gmt":"2019-04-12T16:18:36","slug":"la-unidad-de-cuidados-intensivos-uci","status":"publish","type":"post","link":"https:\/\/www.gruporecoletas.com\/noticias\/la-unidad-de-cuidados-intensivos-uci\/","title":{"rendered":"La Unidad de Cuidados Intensivos (UCI)"},"content":{"rendered":"\n<div class=\"wp-block-image\"><figure class=\"alignright is-resized\"><a href=\"https:\/\/www.gruporecoletas.com\/noticias\/tag\/recoletas-salud-no15-octubre-2018\/\"><img loading=\"lazy\" decoding=\"async\" src=\"https:\/\/www.gruporecoletas.com\/noticias\/wp-content\/uploads\/2018\/10\/recoletas-salud-15.jpg\" alt=\"\" class=\"wp-image-12411\" width=\"159\" height=\"222\"\/><\/a><\/figure><\/div>\n\n\n\n<h2 class=\"wp-block-heading\">\u00bfQU\u00c9 ES LA UNIDAD DE CUIDADOS INTENSIVOS (UCI)?<\/h2>\n\n\n\n<p>Una Unidad de Cuidados Intensivos es un servicio hospitalario en el que se centraliza la atenci\u00f3n al paciente cr\u00edtico y potencialmente cr\u00edtico. Estos pacientes son los que tienen fallo en algunos de sus \u00f3rganos vitales y tienen opciones de recuperarse. Algunos de los pacientes ingresados en una UCI no tienen fallo de funcionamiento de \u00f3rganos pero necesitan estar vigilados y monitorizados para actuar en el caso de que esto se produzca. En la UCI del Hospital Recoletas Campo Grande tenemos adem\u00e1s una URPA, que es una Unidad en la que se centraliza la recuperaci\u00f3n de los enfermos que han sido sometidos a cirug\u00edas menos graves y necesitan vigilancia durante unas horas. Esta Unidad ha sido implantada en este a\u00f1o.<\/p>\n\n\n\n<h2 class=\"wp-block-heading\">\u00bfQU\u00c9 PROFESIONALES TRABAJAN EN ELLA?<\/h2>\n\n\n\n<p>Los m\u00e9dicos que trabajan en la UCI son especialistas en Medicina Intensiva. Son profesionales que tienen una formaci\u00f3n y una preparaci\u00f3n espec\u00edfica para atender a estos pacientes. El personal de Enfermer\u00eda tiene un entrenamiento especial para proporcionar cuidados de enfermer\u00eda espec\u00edficos de una UCI y saber manejar la tecnolog\u00eda que se hace necesaria.<\/p>\n\n\n\n<h2 class=\"wp-block-heading\">\u00bfQU\u00c9 ATENCI\u00d3N RECIBEN LOS PACIENTES?<\/h2>\n\n\n\n<p>Los pacientes en una UCI reciben una atenci\u00f3n muy espec\u00edfica. Por un lado, sus constantes vitales est\u00e1n controladas y monitorizadas de forma continua. Esto permite actuar de forma muy r\u00e1pida ante cualquier alteraci\u00f3n. Por otro lado, el tratamiento que reciben los pacientes es el tratamiento con f\u00e1rmacos que precisa como cualquier otro paciente, pero tambi\u00e9n necesita de soporte con m\u00e1quina que supla la funci\u00f3n de algunos \u00f3rganos como el pulm\u00f3n o el ri\u00f1\u00f3n.<\/p>\n\n\n\n<h2 class=\"wp-block-heading\">\u00bfQU\u00c9 CARACTER\u00cdSTICAS TIENE ESTE SERVICIO RESPECTO A OTROS DEL HOSPITAL?<\/h2>\n\n\n\n<p>La UCI es un servicio central en el hospital que concentra a los pacientes graves. Tiene toda la tecnolog\u00eda que se precisa para monitorizar a los enfermos y todas las medidas de soporte vital para asegurar el mantenimiento de los pacientes en el tiempo que dura su enfermedad. Adem\u00e1s de los m\u00e9dicos especialistas en Medicina Intensiva, en la UCI tenemos un personal de Enfermer\u00eda espec\u00edfico, y con mayor n\u00famero de profesionales de Enfermer\u00eda por paciente. Una particularidad de la UCI es la toma de decisiones. En muchas ocasiones debe ser muy r\u00e1pida y muchas de estas decisiones tienen consecuencias en el estado vital inmediato del paciente.<\/p>\n\n\n\n<h2 class=\"wp-block-heading\">\u00bfLOS PROFESIONALES QUE LA CONFORMAN HAN RECIBIDO ALGUNA FORMACI\u00d3N ESPECIAL?<\/h2>\n\n\n\n<p>Efectivamente, los m\u00e9dicos son especialistas en Medicina Intensiva, que es una especialidad de 5 a\u00f1os del sistema MIR y en la que se proporciona una formaci\u00f3n espec\u00edfica y transversal, gracias a la cual los m\u00e9dicos adquieren los conocimientos y habilidades para atender a los pacientes m\u00e1s graves y a familiarizarse con una toma de decisiones r\u00e1pida y efectiva en muchas ocasiones.<\/p>\n\n\n\n<p>La Enfermer\u00eda no tiene una especialidad en cuidados intensivos en Espa\u00f1a. Pero el personal de Enfermer\u00eda que entra a trabajar en una UCI recibe una formaci\u00f3n espec\u00edfica para poder garantizar que proporciona unos cuidados de Enfermer\u00eda acorde.<\/p>\n\n\n\n<h2 class=\"wp-block-heading\">\u00bfCU\u00c1L ES EL PROTOCOLO DE INGRESO EN LA UCI?<\/h2>\n\n\n\n<p>Los pacientes que ingresan en una UCI provienen de varios sitios posibles. Pueden proceder de quir\u00f3fano porque se trate de pacientes que han sido sometidos a una cirug\u00eda importante de riesgo, que precisa que durante las horas o d\u00edas siguientes el paciente sea vigilado y\/o monitorizado para una detecci\u00f3n precoz de posibles complicaciones. Tambi\u00e9n pueden proceder de Urgencias. Son pacientes que acuden a nuestro hospital por una enfermedad aguda y en el curso de su atenci\u00f3n en Urgencias se detecta el riesgo vital que pueden tener y son ingresados en UCI. Tambi\u00e9n pueden proceder de la planta de hospitalizaci\u00f3n. Son pacientes que en el transcurso de su enfermedad tiene un agravamiento de la misma, que hace que el paciente tenga que ser ingresado en la UCI para proporcionarle medidas de soporte vital. Tambi\u00e9n recibimos pacientes de otros hospitales de Recoletas que no disponen de este Servicio y tiene centralizada la atenci\u00f3n a los pacientes graves en nuestro hospital.<\/p>\n\n\n\n<h2 class=\"wp-block-heading\">\u00bfQU\u00c9 TIPO DE PACIENTES SON LOS QUE M\u00c1S FRECUENTAN ESTA UNIDAD DEL HOSPITAL?<\/h2>\n\n\n\n<p>En nuestra Unidad los pacientes que ingresan con m\u00e1s frecuencia son los sometidos a intervenciones quir\u00fargicas. Destacan los pacientes que se han sometido a una Cirug\u00eda Cardiaca, Cirug\u00eda General u Otorrinolaringolog\u00eda. Y tambi\u00e9n los pacientes coronarios, que son aquellos que tienen una enfermedad card\u00edaca aguda como puede ser un infarto o una angina de pecho y que necesitan tratamiento espec\u00edfico y monitorizaci\u00f3n.<\/p>\n\n\n\n<h2 class=\"wp-block-heading\">\u00bfQU\u00c9 SEGUIMIENTO SE LE DA AL PACIENTE UNA VEZ ABANDONA LA UCI?<\/h2>\n\n\n\n<p>Los pacientes tras el periodo en UCI pasan a la planta de hospitalizaci\u00f3n para seguir el curso de su enfermedad con los m\u00e9dicos correspondientes a su padecimiento.<\/p>\n\n\n\n<blockquote class=\"wp-block-quote is-style-large is-layout-flow wp-block-quote-is-layout-flow\"><p>\u201cLa UCI del Hospital Recoletas Campo Grande dispone de las infraestructuras m\u00e1s punteras para garantizar la atenci\u00f3n al enfermo cr\u00edtico. Se trata de una UCI moderna y actualizada, que cuenta con un equipo de especialistas en Medicina Intensiva, Enfermer\u00eda y personal auxiliar\u201d <\/p><p><\/p><\/blockquote>\n\n\n\n<figure class=\"wp-block-image\"><img loading=\"lazy\" decoding=\"async\" width=\"1024\" height=\"659\" src=\"https:\/\/www.gruporecoletas.com\/noticias\/wp-content\/uploads\/2019\/04\/La-Unidad-de-Cuidados-Intensivos-UCI2-1024x659.jpg\" alt=\"\" class=\"wp-image-12419\" srcset=\"https:\/\/www.gruporecoletas.com\/noticias\/wp-content\/uploads\/2019\/04\/La-Unidad-de-Cuidados-Intensivos-UCI2-1024x659.jpg 1024w, https:\/\/www.gruporecoletas.com\/noticias\/wp-content\/uploads\/2019\/04\/La-Unidad-de-Cuidados-Intensivos-UCI2-300x193.jpg 300w, https:\/\/www.gruporecoletas.com\/noticias\/wp-content\/uploads\/2019\/04\/La-Unidad-de-Cuidados-Intensivos-UCI2-768x494.jpg 768w, https:\/\/www.gruporecoletas.com\/noticias\/wp-content\/uploads\/2019\/04\/La-Unidad-de-Cuidados-Intensivos-UCI2.jpg 1400w\" sizes=\"auto, (max-width: 1024px) 100vw, 1024px\" \/><\/figure>\n\n\n\n<h2 class=\"wp-block-heading\">\u00bfC\u00d3MO SE GESTIONAN LAS VISITAS DE LOS FAMILIARES?<\/h2>\n\n\n\n<p>Las visitas de los familiares est\u00e1n condicionadas por el estado cl\u00ednico del enfermo y por las particularidades del recinto, como es la UCI. Se dispone de dos periodos al d\u00eda para que los familiares y los pacientes puedan estar juntos.<\/p>\n\n\n\n<h2 class=\"wp-block-heading\">EN EL CASO DEL HOSPITAL RECOLETAS CAMPO GRANDE, \u00bfCON QU\u00c9 RECURSOS HUMANOS Y T\u00c9CNICOS CUENTAN?<\/h2>\n\n\n\n<p>Se dispone de las infraestructuras m\u00e1s punteras para garantizar la atenci\u00f3n al enfermo cr\u00edtico, como es la ventilaci\u00f3n mec\u00e1nica, m\u00e1quina de filtraci\u00f3n renal continua, monitorizaci\u00f3n hemodin\u00e1mica y otros muchos sistemas de monitorizaci\u00f3n y tratamiento de soporte vital. Se trata de una UCI moderna y actualizada en este sentido. La atenci\u00f3n medica est\u00e1 garantizada con una plantilla de 12 m\u00e9dicos especialistas en Medicina Intensiva y una plantilla de 8 enfermeras\/os. Tambi\u00e9n es muy importante el personal auxiliar como celadores y personal de limpieza.<\/p>\n\n\n\n<h2 class=\"wp-block-heading\">\u00bfQU\u00c9 SUPONE PARA UN HOSPITAL COMO RECOLETAS CAMPO GRANDE CONTAR CON ESTE SERVICIO?<\/h2>\n\n\n\n<p>Disponer de una UCI hace posible que el hospital pueda afrontar con garant\u00edas la atenci\u00f3n a muchas patolog\u00edas de riesgo y graves, porque la UCI da soporte en la atenci\u00f3n de los pacientes m\u00e1s graves. Se hace posible llevar a cabo cirug\u00edas de alto riesgo, como es la Cirug\u00eda Cardiaca. La cartera de servicios del hospital puede abarcar todo tipo de patolog\u00edas de todos los niveles de gravedad. De alguna manera, facilita que el hospital pueda ser puntero en las especialidades de las que dispone.<\/p>\n\n\n\n<div class=\"wp-block-media-text alignwide has-media-on-the-right\" style=\"grid-template-columns:auto 33%\"><figure class=\"wp-block-media-text__media\"><img loading=\"lazy\" decoding=\"async\" width=\"800\" height=\"948\" src=\"https:\/\/www.gruporecoletas.com\/noticias\/wp-content\/uploads\/2019\/04\/La-Unidad-de-Cuidados-Intensivos-UCI3.jpg\" alt=\"\" class=\"wp-image-12424\" srcset=\"https:\/\/www.gruporecoletas.com\/noticias\/wp-content\/uploads\/2019\/04\/La-Unidad-de-Cuidados-Intensivos-UCI3.jpg 800w, https:\/\/www.gruporecoletas.com\/noticias\/wp-content\/uploads\/2019\/04\/La-Unidad-de-Cuidados-Intensivos-UCI3-253x300.jpg 253w, https:\/\/www.gruporecoletas.com\/noticias\/wp-content\/uploads\/2019\/04\/La-Unidad-de-Cuidados-Intensivos-UCI3-768x910.jpg 768w\" sizes=\"auto, (max-width: 800px) 100vw, 800px\" \/><\/figure><div class=\"wp-block-media-text__content\">\n<p class=\"has-large-font-size\">Unidad de Cuidados Intensivos<\/p>\n<\/div><\/div>\n\n\n\n<p>&nbsp;<\/p>\n","protected":false},"excerpt":{"rendered":"<p>\u00bfQU\u00c9 ES LA UNIDAD DE CUIDADOS INTENSIVOS (UCI)? Una Unidad de Cuidados Intensivos es un servicio hospitalario en el que se centraliza la atenci\u00f3n al paciente cr\u00edtico y potencialmente cr\u00edtico. Estos pacientes son los que tienen fallo en algunos de sus \u00f3rganos vitales y tienen opciones de recuperarse. Algunos de los pacientes ingresados en una [&hellip;]<\/p>\n","protected":false},"author":2,"featured_media":12413,"comment_status":"closed","ping_status":"closed","sticky":false,"template":"","format":"standard","meta":{"_acf_changed":false,"footnotes":""},"categories":[42],"tags":[142],"class_list":["post-12402","post","type-post","status-publish","format-standard","has-post-thumbnail","hentry","category-recoletas-salud","tag-recoletas-salud-no15-octubre-2018"],"acf":[],"yoast_head":"<!-- This site is optimized with the Yoast SEO Premium plugin v27.3 (Yoast SEO v27.3) - https:\/\/yoast.com\/product\/yoast-seo-premium-wordpress\/ -->\n<title>La Unidad de Cuidados Intensivos (UCI) - Noticias Grupo Recoletas<\/title>\n<meta name=\"robots\" content=\"index, follow, max-snippet:-1, max-image-preview:large, max-video-preview:-1\" \/>\n<link rel=\"canonical\" href=\"https:\/\/www.gruporecoletas.com\/noticias\/la-unidad-de-cuidados-intensivos-uci\/\" \/>\n<meta property=\"og:locale\" content=\"es_ES\" \/>\n<meta property=\"og:type\" content=\"article\" \/>\n<meta property=\"og:title\" content=\"La Unidad de Cuidados Intensivos (UCI)\" \/>\n<meta property=\"og:description\" content=\"\u00bfQU\u00c9 ES LA UNIDAD DE CUIDADOS INTENSIVOS (UCI)? Una Unidad de Cuidados Intensivos es un servicio hospitalario en el que se centraliza la atenci\u00f3n al paciente cr\u00edtico y potencialmente cr\u00edtico. Estos pacientes son los que tienen fallo en algunos de sus \u00f3rganos vitales y tienen opciones de recuperarse. Algunos de los pacientes ingresados en una [&hellip;]\" \/>\n<meta property=\"og:url\" content=\"https:\/\/www.gruporecoletas.com\/noticias\/la-unidad-de-cuidados-intensivos-uci\/\" \/>\n<meta property=\"og:site_name\" content=\"Noticias Grupo Recoletas\" \/>\n<meta property=\"article:publisher\" content=\"https:\/\/www.facebook.com\/GrupoRecoletas\/\" \/>\n<meta property=\"article:published_time\" content=\"2018-10-03T21:52:34+00:00\" \/>\n<meta property=\"article:modified_time\" content=\"2019-04-12T16:18:36+00:00\" \/>\n<meta property=\"og:image\" content=\"https:\/\/www.gruporecoletas.com\/noticias\/wp-content\/uploads\/2018\/10\/La-Unidad-de-Cuidados-Intensivos-UCI.jpg\" \/>\n\t<meta property=\"og:image:width\" content=\"1400\" \/>\n\t<meta property=\"og:image:height\" content=\"1057\" \/>\n\t<meta property=\"og:image:type\" content=\"image\/jpeg\" \/>\n<meta name=\"author\" content=\"Recoletas Red Hospitalaria\" \/>\n<meta name=\"twitter:card\" content=\"summary_large_image\" \/>\n<meta name=\"twitter:creator\" content=\"@GrupoRecoletas\" \/>\n<meta name=\"twitter:site\" content=\"@GrupoRecoletas\" \/>\n<meta name=\"twitter:label1\" content=\"Escrito por\" \/>\n\t<meta name=\"twitter:data1\" content=\"Recoletas Red Hospitalaria\" \/>\n\t<meta name=\"twitter:label2\" content=\"Tiempo de lectura\" \/>\n\t<meta name=\"twitter:data2\" content=\"6 minutos\" \/>\n<script type=\"application\/ld+json\" class=\"yoast-schema-graph\">{\"@context\":\"https:\\\/\\\/schema.org\",\"@graph\":[{\"@type\":\"Article\",\"@id\":\"https:\\\/\\\/www.gruporecoletas.com\\\/noticias\\\/la-unidad-de-cuidados-intensivos-uci\\\/#article\",\"isPartOf\":{\"@id\":\"https:\\\/\\\/www.gruporecoletas.com\\\/noticias\\\/la-unidad-de-cuidados-intensivos-uci\\\/\"},\"author\":{\"name\":\"Recoletas Red Hospitalaria\",\"@id\":\"https:\\\/\\\/www.gruporecoletas.com\\\/noticias\\\/#\\\/schema\\\/person\\\/3c6ac429828d1f5e3d3bd99f4da9b02c\"},\"headline\":\"La Unidad de Cuidados Intensivos (UCI)\",\"datePublished\":\"2018-10-03T21:52:34+00:00\",\"dateModified\":\"2019-04-12T16:18:36+00:00\",\"mainEntityOfPage\":{\"@id\":\"https:\\\/\\\/www.gruporecoletas.com\\\/noticias\\\/la-unidad-de-cuidados-intensivos-uci\\\/\"},\"wordCount\":1166,\"image\":{\"@id\":\"https:\\\/\\\/www.gruporecoletas.com\\\/noticias\\\/la-unidad-de-cuidados-intensivos-uci\\\/#primaryimage\"},\"thumbnailUrl\":\"https:\\\/\\\/www.gruporecoletas.com\\\/noticias\\\/wp-content\\\/uploads\\\/2018\\\/10\\\/La-Unidad-de-Cuidados-Intensivos-UCI.jpg\",\"keywords\":[\"Recoletas Salud N\u00ba15 - Octubre 2018\"],\"articleSection\":[\"Recoletas Salud\"],\"inLanguage\":\"es\"},{\"@type\":\"WebPage\",\"@id\":\"https:\\\/\\\/www.gruporecoletas.com\\\/noticias\\\/la-unidad-de-cuidados-intensivos-uci\\\/\",\"url\":\"https:\\\/\\\/www.gruporecoletas.com\\\/noticias\\\/la-unidad-de-cuidados-intensivos-uci\\\/\",\"name\":\"La Unidad de Cuidados Intensivos (UCI) - Noticias Grupo Recoletas\",\"isPartOf\":{\"@id\":\"https:\\\/\\\/www.gruporecoletas.com\\\/noticias\\\/#website\"},\"primaryImageOfPage\":{\"@id\":\"https:\\\/\\\/www.gruporecoletas.com\\\/noticias\\\/la-unidad-de-cuidados-intensivos-uci\\\/#primaryimage\"},\"image\":{\"@id\":\"https:\\\/\\\/www.gruporecoletas.com\\\/noticias\\\/la-unidad-de-cuidados-intensivos-uci\\\/#primaryimage\"},\"thumbnailUrl\":\"https:\\\/\\\/www.gruporecoletas.com\\\/noticias\\\/wp-content\\\/uploads\\\/2018\\\/10\\\/La-Unidad-de-Cuidados-Intensivos-UCI.jpg\",\"datePublished\":\"2018-10-03T21:52:34+00:00\",\"dateModified\":\"2019-04-12T16:18:36+00:00\",\"author\":{\"@id\":\"https:\\\/\\\/www.gruporecoletas.com\\\/noticias\\\/#\\\/schema\\\/person\\\/3c6ac429828d1f5e3d3bd99f4da9b02c\"},\"breadcrumb\":{\"@id\":\"https:\\\/\\\/www.gruporecoletas.com\\\/noticias\\\/la-unidad-de-cuidados-intensivos-uci\\\/#breadcrumb\"},\"inLanguage\":\"es\",\"potentialAction\":[{\"@type\":\"ReadAction\",\"target\":[\"https:\\\/\\\/www.gruporecoletas.com\\\/noticias\\\/la-unidad-de-cuidados-intensivos-uci\\\/\"]}]},{\"@type\":\"ImageObject\",\"inLanguage\":\"es\",\"@id\":\"https:\\\/\\\/www.gruporecoletas.com\\\/noticias\\\/la-unidad-de-cuidados-intensivos-uci\\\/#primaryimage\",\"url\":\"https:\\\/\\\/www.gruporecoletas.com\\\/noticias\\\/wp-content\\\/uploads\\\/2018\\\/10\\\/La-Unidad-de-Cuidados-Intensivos-UCI.jpg\",\"contentUrl\":\"https:\\\/\\\/www.gruporecoletas.com\\\/noticias\\\/wp-content\\\/uploads\\\/2018\\\/10\\\/La-Unidad-de-Cuidados-Intensivos-UCI.jpg\",\"width\":1400,\"height\":1057},{\"@type\":\"BreadcrumbList\",\"@id\":\"https:\\\/\\\/www.gruporecoletas.com\\\/noticias\\\/la-unidad-de-cuidados-intensivos-uci\\\/#breadcrumb\",\"itemListElement\":[{\"@type\":\"ListItem\",\"position\":1,\"name\":\"Portada\",\"item\":\"https:\\\/\\\/www.gruporecoletas.com\\\/noticias\\\/\"},{\"@type\":\"ListItem\",\"position\":2,\"name\":\"La Unidad de Cuidados Intensivos (UCI)\"}]},{\"@type\":\"WebSite\",\"@id\":\"https:\\\/\\\/www.gruporecoletas.com\\\/noticias\\\/#website\",\"url\":\"https:\\\/\\\/www.gruporecoletas.com\\\/noticias\\\/\",\"name\":\"Noticias Grupo Recoletas\",\"description\":\"Grupo Recoletas\",\"potentialAction\":[{\"@type\":\"SearchAction\",\"target\":{\"@type\":\"EntryPoint\",\"urlTemplate\":\"https:\\\/\\\/www.gruporecoletas.com\\\/noticias\\\/?s={search_term_string}\"},\"query-input\":{\"@type\":\"PropertyValueSpecification\",\"valueRequired\":true,\"valueName\":\"search_term_string\"}}],\"inLanguage\":\"es\"},{\"@type\":\"Person\",\"@id\":\"https:\\\/\\\/www.gruporecoletas.com\\\/noticias\\\/#\\\/schema\\\/person\\\/3c6ac429828d1f5e3d3bd99f4da9b02c\",\"name\":\"Recoletas Red Hospitalaria\",\"url\":\"https:\\\/\\\/www.gruporecoletas.com\\\/noticias\\\/author\\\/comunicacion\\\/\"}]}<\/script>\n<!-- \/ Yoast SEO Premium plugin. -->","yoast_head_json":{"title":"La Unidad de Cuidados Intensivos (UCI) - Noticias Grupo Recoletas","robots":{"index":"index","follow":"follow","max-snippet":"max-snippet:-1","max-image-preview":"max-image-preview:large","max-video-preview":"max-video-preview:-1"},"canonical":"https:\/\/www.gruporecoletas.com\/noticias\/la-unidad-de-cuidados-intensivos-uci\/","og_locale":"es_ES","og_type":"article","og_title":"La Unidad de Cuidados Intensivos (UCI)","og_description":"\u00bfQU\u00c9 ES LA UNIDAD DE CUIDADOS INTENSIVOS (UCI)? Una Unidad de Cuidados Intensivos es un servicio hospitalario en el que se centraliza la atenci\u00f3n al paciente cr\u00edtico y potencialmente cr\u00edtico. Estos pacientes son los que tienen fallo en algunos de sus \u00f3rganos vitales y tienen opciones de recuperarse. Algunos de los pacientes ingresados en una [&hellip;]","og_url":"https:\/\/www.gruporecoletas.com\/noticias\/la-unidad-de-cuidados-intensivos-uci\/","og_site_name":"Noticias Grupo Recoletas","article_publisher":"https:\/\/www.facebook.com\/GrupoRecoletas\/","article_published_time":"2018-10-03T21:52:34+00:00","article_modified_time":"2019-04-12T16:18:36+00:00","og_image":[{"width":1400,"height":1057,"url":"https:\/\/www.gruporecoletas.com\/noticias\/wp-content\/uploads\/2018\/10\/La-Unidad-de-Cuidados-Intensivos-UCI.jpg","type":"image\/jpeg"}],"author":"Recoletas Red Hospitalaria","twitter_card":"summary_large_image","twitter_creator":"@GrupoRecoletas","twitter_site":"@GrupoRecoletas","twitter_misc":{"Escrito por":"Recoletas Red Hospitalaria","Tiempo de lectura":"6 minutos"},"schema":{"@context":"https:\/\/schema.org","@graph":[{"@type":"Article","@id":"https:\/\/www.gruporecoletas.com\/noticias\/la-unidad-de-cuidados-intensivos-uci\/#article","isPartOf":{"@id":"https:\/\/www.gruporecoletas.com\/noticias\/la-unidad-de-cuidados-intensivos-uci\/"},"author":{"name":"Recoletas Red Hospitalaria","@id":"https:\/\/www.gruporecoletas.com\/noticias\/#\/schema\/person\/3c6ac429828d1f5e3d3bd99f4da9b02c"},"headline":"La Unidad de Cuidados Intensivos (UCI)","datePublished":"2018-10-03T21:52:34+00:00","dateModified":"2019-04-12T16:18:36+00:00","mainEntityOfPage":{"@id":"https:\/\/www.gruporecoletas.com\/noticias\/la-unidad-de-cuidados-intensivos-uci\/"},"wordCount":1166,"image":{"@id":"https:\/\/www.gruporecoletas.com\/noticias\/la-unidad-de-cuidados-intensivos-uci\/#primaryimage"},"thumbnailUrl":"https:\/\/www.gruporecoletas.com\/noticias\/wp-content\/uploads\/2018\/10\/La-Unidad-de-Cuidados-Intensivos-UCI.jpg","keywords":["Recoletas Salud N\u00ba15 - Octubre 2018"],"articleSection":["Recoletas Salud"],"inLanguage":"es"},{"@type":"WebPage","@id":"https:\/\/www.gruporecoletas.com\/noticias\/la-unidad-de-cuidados-intensivos-uci\/","url":"https:\/\/www.gruporecoletas.com\/noticias\/la-unidad-de-cuidados-intensivos-uci\/","name":"La Unidad de Cuidados Intensivos (UCI) - Noticias Grupo Recoletas","isPartOf":{"@id":"https:\/\/www.gruporecoletas.com\/noticias\/#website"},"primaryImageOfPage":{"@id":"https:\/\/www.gruporecoletas.com\/noticias\/la-unidad-de-cuidados-intensivos-uci\/#primaryimage"},"image":{"@id":"https:\/\/www.gruporecoletas.com\/noticias\/la-unidad-de-cuidados-intensivos-uci\/#primaryimage"},"thumbnailUrl":"https:\/\/www.gruporecoletas.com\/noticias\/wp-content\/uploads\/2018\/10\/La-Unidad-de-Cuidados-Intensivos-UCI.jpg","datePublished":"2018-10-03T21:52:34+00:00","dateModified":"2019-04-12T16:18:36+00:00","author":{"@id":"https:\/\/www.gruporecoletas.com\/noticias\/#\/schema\/person\/3c6ac429828d1f5e3d3bd99f4da9b02c"},"breadcrumb":{"@id":"https:\/\/www.gruporecoletas.com\/noticias\/la-unidad-de-cuidados-intensivos-uci\/#breadcrumb"},"inLanguage":"es","potentialAction":[{"@type":"ReadAction","target":["https:\/\/www.gruporecoletas.com\/noticias\/la-unidad-de-cuidados-intensivos-uci\/"]}]},{"@type":"ImageObject","inLanguage":"es","@id":"https:\/\/www.gruporecoletas.com\/noticias\/la-unidad-de-cuidados-intensivos-uci\/#primaryimage","url":"https:\/\/www.gruporecoletas.com\/noticias\/wp-content\/uploads\/2018\/10\/La-Unidad-de-Cuidados-Intensivos-UCI.jpg","contentUrl":"https:\/\/www.gruporecoletas.com\/noticias\/wp-content\/uploads\/2018\/10\/La-Unidad-de-Cuidados-Intensivos-UCI.jpg","width":1400,"height":1057},{"@type":"BreadcrumbList","@id":"https:\/\/www.gruporecoletas.com\/noticias\/la-unidad-de-cuidados-intensivos-uci\/#breadcrumb","itemListElement":[{"@type":"ListItem","position":1,"name":"Portada","item":"https:\/\/www.gruporecoletas.com\/noticias\/"},{"@type":"ListItem","position":2,"name":"La Unidad de Cuidados Intensivos (UCI)"}]},{"@type":"WebSite","@id":"https:\/\/www.gruporecoletas.com\/noticias\/#website","url":"https:\/\/www.gruporecoletas.com\/noticias\/","name":"Noticias Grupo Recoletas","description":"Grupo Recoletas","potentialAction":[{"@type":"SearchAction","target":{"@type":"EntryPoint","urlTemplate":"https:\/\/www.gruporecoletas.com\/noticias\/?s={search_term_string}"},"query-input":{"@type":"PropertyValueSpecification","valueRequired":true,"valueName":"search_term_string"}}],"inLanguage":"es"},{"@type":"Person","@id":"https:\/\/www.gruporecoletas.com\/noticias\/#\/schema\/person\/3c6ac429828d1f5e3d3bd99f4da9b02c","name":"Recoletas Red Hospitalaria","url":"https:\/\/www.gruporecoletas.com\/noticias\/author\/comunicacion\/"}]}},"_links":{"self":[{"href":"https:\/\/www.gruporecoletas.com\/noticias\/wp-json\/wp\/v2\/posts\/12402","targetHints":{"allow":["GET"]}}],"collection":[{"href":"https:\/\/www.gruporecoletas.com\/noticias\/wp-json\/wp\/v2\/posts"}],"about":[{"href":"https:\/\/www.gruporecoletas.com\/noticias\/wp-json\/wp\/v2\/types\/post"}],"author":[{"embeddable":true,"href":"https:\/\/www.gruporecoletas.com\/noticias\/wp-json\/wp\/v2\/users\/2"}],"replies":[{"embeddable":true,"href":"https:\/\/www.gruporecoletas.com\/noticias\/wp-json\/wp\/v2\/comments?post=12402"}],"version-history":[{"count":10,"href":"https:\/\/www.gruporecoletas.com\/noticias\/wp-json\/wp\/v2\/posts\/12402\/revisions"}],"predecessor-version":[{"id":12426,"href":"https:\/\/www.gruporecoletas.com\/noticias\/wp-json\/wp\/v2\/posts\/12402\/revisions\/12426"}],"wp:featuredmedia":[{"embeddable":true,"href":"https:\/\/www.gruporecoletas.com\/noticias\/wp-json\/wp\/v2\/media\/12413"}],"wp:attachment":[{"href":"https:\/\/www.gruporecoletas.com\/noticias\/wp-json\/wp\/v2\/media?parent=12402"}],"wp:term":[{"taxonomy":"category","embeddable":true,"href":"https:\/\/www.gruporecoletas.com\/noticias\/wp-json\/wp\/v2\/categories?post=12402"},{"taxonomy":"post_tag","embeddable":true,"href":"https:\/\/www.gruporecoletas.com\/noticias\/wp-json\/wp\/v2\/tags?post=12402"}],"curies":[{"name":"wp","href":"https:\/\/api.w.org\/{rel}","templated":true}]}}