{"id":12462,"date":"2019-04-12T21:00:11","date_gmt":"2019-04-12T19:00:11","guid":{"rendered":"https:\/\/www.gruporecoletas.com\/noticias\/?p=12462"},"modified":"2021-09-28T08:17:42","modified_gmt":"2021-09-28T06:17:42","slug":"tumores-testiculares","status":"publish","type":"post","link":"https:\/\/www.gruporecoletas.com\/noticias\/tumores-testiculares\/","title":{"rendered":"Tumores Testiculares"},"content":{"rendered":"\n<div class=\"wp-block-image\"><figure class=\"alignright is-resized\"><a href=\"https:\/\/www.gruporecoletas.com\/noticias\/tag\/recoletas-salud-no17-abril-2019\/\"><img loading=\"lazy\" decoding=\"async\" src=\"https:\/\/www.gruporecoletas.com\/noticias\/wp-content\/uploads\/2019\/04\/Recoletas_N17-724x1024.jpg\" alt=\"\" class=\"wp-image-12444\" width=\"212\" height=\"300\" srcset=\"https:\/\/www.gruporecoletas.com\/noticias\/wp-content\/uploads\/2019\/04\/Recoletas_N17-724x1024.jpg 724w, https:\/\/www.gruporecoletas.com\/noticias\/wp-content\/uploads\/2019\/04\/Recoletas_N17-212x300.jpg 212w, https:\/\/www.gruporecoletas.com\/noticias\/wp-content\/uploads\/2019\/04\/Recoletas_N17-768x1086.jpg 768w, https:\/\/www.gruporecoletas.com\/noticias\/wp-content\/uploads\/2019\/04\/Recoletas_N17.jpg 1200w\" sizes=\"auto, (max-width: 212px) 100vw, 212px\" \/><\/a><\/figure><\/div>\n\n\n\n<p>El c\u00e1ncer testicular es relativamente infrecuente, sin embargo, es el tumor maligno m\u00e1s com\u00fan en varones de 15-35 a\u00f1os. Lo m\u00e1s frecuente es que se diagnostique mediante la exploraci\u00f3n f\u00edsica. Su principal caracter\u00edstica reside en su car\u00e1cter habitualmente curable, gracias a la combinaci\u00f3n de m\u00e9todos de diagn\u00f3stico r\u00e1pido, marcadores tumorales discriminativos y protocolos terap\u00e9uticos eficaces, hasta tal punto que la tasa de supervivencia a los 5 a\u00f1os es superior al 95%.<\/p>\n\n\n\n<p>Las causas del c\u00e1ncer de test\u00edculo son desconocidas, as\u00ed como los factores de riesgo que pueden favorecer la aparici\u00f3n de este tipo de tumores. El principal factor de riesgo es la falta de descenso del test\u00edculo en el momento del nacimiento (criptorquidia). Otros factores que se han asociado son concentraciones altas de hormonas maternas durante el embarazo y el parto prematuro, y la presencia de antecedentes familiares de c\u00e1ncer de test\u00edculo.<\/p>\n\n\n\n<h2 class=\"wp-block-heading\">\u00bfCU\u00c1LES SON LOS S\u00cdNTOMAS M\u00c1S HABITUALES?<\/h2>\n\n\n\n<p><strong>\u2022 Bultoma en el test\u00edculo:<\/strong> la gran mayor\u00eda de los tumores de test\u00edculo se diagnostican al aparecer un bulto en el test\u00edculo, que con frecuencia no duele.<\/p>\n\n\n\n<p><strong>\u2022 Dolor: <\/strong>dolor escrotal intenso por hemorragia o necrosis del tumor, dolor lumbar o cl\u00ednica inflamatoria.<\/p>\n\n\n\n<p><strong>\u2022 Aumento de las mamas:<\/strong> puede aparecer crecimiento de las mamas en varones por el aumento de la Beta-Gonadotropina Cori\u00f3nica (\u03b2-HCG), una hormona que solo aumenta en varones en algunos casos de tumores de test\u00edculo.<\/p>\n\n\n\n<p>En los casos en los que existen met\u00e1stasis en otros \u00f3rganos (pulm\u00f3n, cerebro, hueso, etc.), \u00e9stas pueden producir s\u00edntomas muy variados, dependiendo de su localizaci\u00f3n.<\/p>\n\n\n\n<blockquote class=\"wp-block-quote is-style-large is-layout-flow wp-block-quote-is-layout-flow\"><p>\u201cEl c\u00e1ncer testicular es relativamente infrecuente, sin embargo, es el tumor maligno m\u00e1s com\u00fan en varones de 15-35 a\u00f1os. La ecograf\u00eda testicular y la determinaci\u00f3n s\u00e9rica de marcadores (\u03b2-HCG, \u03b1-fetoprote\u00edna) pueden confirmar la presencia del tumor en un 90% de los casos\u201d<\/p><\/blockquote>\n\n\n\n<p>Existen dos tipos principales de tumores testiculares que es importante diferenciar, ya que el esquema de tratamiento ser\u00e1 distinto:<\/p>\n\n\n\n<p><strong>1. Seminoma: <\/strong>son el 40% de los tumores testiculares y son m\u00e1s frecuentes durante la cuarta d\u00e9cada de la vida. Estos tumores son m\u00e1s sensibles a la radioterapia que otros tumores de test\u00edculo.<\/p>\n\n\n\n<p><strong>2. No seminoma: <\/strong>los tumores no seminomatosos son el 60% de los c\u00e1nceres de test\u00edculo y suelen aparecer durante la tercera d\u00e9cada de la vida.<\/p>\n\n\n\n<h2 class=\"wp-block-heading\">\u00bfC\u00d3MO SE DIAGNOSTICAN ESTOS TUMORES?<\/h2>\n\n\n\n<p>Para su diagn\u00f3stico es importante la autoexploraci\u00f3n del paciente y si detecta alg\u00fan cambio en la consistencia o tama\u00f1o testicular que solicite valoraci\u00f3n por el especialista. En la consulta del ur\u00f3logo, el diagn\u00f3stico del c\u00e1ncer de test\u00edculo se realizar\u00e1 mediante la historia cl\u00ednica detallada y una exploraci\u00f3n f\u00edsica.<\/p>\n\n\n\n<p>La <strong>ecograf\u00eda testicular y la determinaci\u00f3n s\u00e9rica de marcadores (\u03b2-HCG, \u03b1-fetoprote\u00edna)<\/strong> suelen ser suficientes para confirmar la presencia de un tumor testicular en un 90% de los casos. Con la ecograf\u00eda testicular se pueden distinguir lesiones testiculares intr\u00ednsecas o extr\u00ednsecas, y puede detectar tumores intratesticulares menores de 1-2 mm. Esta es una t\u00e9cnica accesible en la consulta de Urolog\u00eda y m\u00ednimamente invasiva.&nbsp;<\/p>\n\n\n\n<p>Una vez diagnosticado se debe completar el estudio con pruebas de imagen adicionales (TAC, gammagraf\u00eda, RMN\u2026) para evaluar la extensi\u00f3n del tumor.<\/p>\n\n\n\n<h2 class=\"wp-block-heading\">\u00bfCU\u00c1L ES SU TRATAMIENTO?<\/h2>\n\n\n\n<p>El tratamiento depender\u00e1 del tipo de tumor que presente el paciente y el estadio en que se encuentre. El tratamiento inicial siempre ser\u00e1 el quir\u00fargico, incluso cuando el c\u00e1ncer se ha diseminado, tambi\u00e9n est\u00e1 indicada la extirpaci\u00f3n quir\u00fargica del test\u00edculo. De esta manera se analiza el tipo de tumor y su estadio y se plantea la estrategia terap\u00e9utica posterior.<\/p>\n\n\n\n<p>En tumores localizados en el test\u00edculo puede ser suficiente con la cirug\u00eda, pero en la mayor\u00eda de los casos se complementa con quimioterapia y\/o radioterapia adyuvante para frenar la progresi\u00f3n y evitar las reca\u00eddas.<\/p>\n\n\n\n<p>Ser\u00e1 necesario un seguimiento posterior a largo plazo con revisiones frecuentes los primeros a\u00f1os para detectar recidivas locales o en el test\u00edculo contralateral. En las revisiones, adem\u00e1s de la recogida de s\u00edntomas y de la exploraci\u00f3n f\u00edsica, suele realizarse una determinaci\u00f3n de los marcadores tumorales y de forma peri\u00f3dica suele realizarse radiograf\u00eda de t\u00f3rax, TAC abdominal y una ecograf\u00eda de test\u00edculo.<\/p>\n\n\n\n<div class=\"wp-block-media-text alignwide has-media-on-the-right\" style=\"grid-template-columns:auto 33%\"><figure class=\"wp-block-media-text__media\"><img loading=\"lazy\" decoding=\"async\" width=\"267\" height=\"320\" src=\"https:\/\/www.gruporecoletas.com\/noticias\/wp-content\/uploads\/2019\/04\/DraEstela_Sg.jpeg\" alt=\"\" class=\"wp-image-12491\" srcset=\"https:\/\/www.gruporecoletas.com\/noticias\/wp-content\/uploads\/2019\/04\/DraEstela_Sg.jpeg 267w, https:\/\/www.gruporecoletas.com\/noticias\/wp-content\/uploads\/2019\/04\/DraEstela_Sg-250x300.jpeg 250w\" sizes=\"auto, (max-width: 267px) 100vw, 267px\" \/><\/figure><div class=\"wp-block-media-text__content\">\n<h3 class=\"wp-block-heading\"><a href=\"https:\/\/www.gruporecoletas.com\/especialidades\/urologia\/\">Unidad de Urolog\u00eda<\/a><\/h3>\n\n\n\n<p><a href=\"https:\/\/www.gruporecoletas.com\/profesionales\/dra-velasco-sastre\/\">Dra. Mar\u00eda Estela Velasco Sastre<\/a><\/p>\n<\/div><\/div>\n","protected":false},"excerpt":{"rendered":"<p>El c\u00e1ncer testicular es relativamente infrecuente, sin embargo, es el tumor maligno m\u00e1s com\u00fan en varones de 15-35 a\u00f1os. Lo m\u00e1s frecuente es que se diagnostique mediante la exploraci\u00f3n f\u00edsica. Su principal caracter\u00edstica reside en su car\u00e1cter habitualmente curable, gracias a la combinaci\u00f3n de m\u00e9todos de diagn\u00f3stico r\u00e1pido, marcadores tumorales discriminativos y protocolos terap\u00e9uticos eficaces, [&hellip;]<\/p>\n","protected":false},"author":2,"featured_media":12463,"comment_status":"closed","ping_status":"closed","sticky":false,"template":"","format":"standard","meta":{"_acf_changed":false,"footnotes":""},"categories":[702,3199,42],"tags":[289],"class_list":["post-12462","post","type-post","status-publish","format-standard","has-post-thumbnail","hentry","category-instituto-oncologico-recoletas","category-instituto-urologico-recoletas","category-recoletas-salud","tag-recoletas-salud-no17-abril-2019"],"acf":[],"yoast_head":"<!-- This site is optimized with the Yoast SEO Premium plugin v27.3 (Yoast SEO v27.3) - https:\/\/yoast.com\/product\/yoast-seo-premium-wordpress\/ -->\n<title>Tumores Testiculares - Noticias Grupo Recoletas<\/title>\n<meta name=\"robots\" content=\"index, follow, max-snippet:-1, max-image-preview:large, max-video-preview:-1\" \/>\n<link rel=\"canonical\" href=\"https:\/\/www.gruporecoletas.com\/noticias\/tumores-testiculares\/\" \/>\n<meta property=\"og:locale\" content=\"es_ES\" \/>\n<meta property=\"og:type\" content=\"article\" \/>\n<meta property=\"og:title\" content=\"Tumores Testiculares\" \/>\n<meta property=\"og:description\" content=\"El c\u00e1ncer testicular es relativamente infrecuente, sin embargo, es el tumor maligno m\u00e1s com\u00fan en varones de 15-35 a\u00f1os. Lo m\u00e1s frecuente es que se diagnostique mediante la exploraci\u00f3n f\u00edsica. Su principal caracter\u00edstica reside en su car\u00e1cter habitualmente curable, gracias a la combinaci\u00f3n de m\u00e9todos de diagn\u00f3stico r\u00e1pido, marcadores tumorales discriminativos y protocolos terap\u00e9uticos eficaces, [&hellip;]\" \/>\n<meta property=\"og:url\" content=\"https:\/\/www.gruporecoletas.com\/noticias\/tumores-testiculares\/\" \/>\n<meta property=\"og:site_name\" content=\"Noticias Grupo Recoletas\" \/>\n<meta property=\"article:publisher\" content=\"https:\/\/www.facebook.com\/GrupoRecoletas\/\" \/>\n<meta property=\"article:published_time\" content=\"2019-04-12T19:00:11+00:00\" \/>\n<meta property=\"article:modified_time\" content=\"2021-09-28T06:17:42+00:00\" \/>\n<meta property=\"og:image\" content=\"https:\/\/www.gruporecoletas.com\/noticias\/wp-content\/uploads\/2019\/04\/Tumores-Testiculares.jpg\" \/>\n\t<meta property=\"og:image:width\" content=\"1400\" \/>\n\t<meta property=\"og:image:height\" content=\"933\" \/>\n\t<meta property=\"og:image:type\" content=\"image\/jpeg\" \/>\n<meta name=\"author\" content=\"Recoletas Red Hospitalaria\" \/>\n<meta name=\"twitter:card\" content=\"summary_large_image\" \/>\n<meta name=\"twitter:creator\" content=\"@GrupoRecoletas\" \/>\n<meta name=\"twitter:site\" content=\"@GrupoRecoletas\" \/>\n<meta name=\"twitter:label1\" content=\"Escrito por\" \/>\n\t<meta name=\"twitter:data1\" content=\"Recoletas Red Hospitalaria\" \/>\n\t<meta name=\"twitter:label2\" content=\"Tiempo de lectura\" \/>\n\t<meta name=\"twitter:data2\" content=\"4 minutos\" \/>\n<script type=\"application\/ld+json\" class=\"yoast-schema-graph\">{\"@context\":\"https:\\\/\\\/schema.org\",\"@graph\":[{\"@type\":\"Article\",\"@id\":\"https:\\\/\\\/www.gruporecoletas.com\\\/noticias\\\/tumores-testiculares\\\/#article\",\"isPartOf\":{\"@id\":\"https:\\\/\\\/www.gruporecoletas.com\\\/noticias\\\/tumores-testiculares\\\/\"},\"author\":{\"name\":\"Recoletas Red Hospitalaria\",\"@id\":\"https:\\\/\\\/www.gruporecoletas.com\\\/noticias\\\/#\\\/schema\\\/person\\\/3c6ac429828d1f5e3d3bd99f4da9b02c\"},\"headline\":\"Tumores Testiculares\",\"datePublished\":\"2019-04-12T19:00:11+00:00\",\"dateModified\":\"2021-09-28T06:17:42+00:00\",\"mainEntityOfPage\":{\"@id\":\"https:\\\/\\\/www.gruporecoletas.com\\\/noticias\\\/tumores-testiculares\\\/\"},\"wordCount\":768,\"image\":{\"@id\":\"https:\\\/\\\/www.gruporecoletas.com\\\/noticias\\\/tumores-testiculares\\\/#primaryimage\"},\"thumbnailUrl\":\"https:\\\/\\\/www.gruporecoletas.com\\\/noticias\\\/wp-content\\\/uploads\\\/2019\\\/04\\\/Tumores-Testiculares.jpg\",\"keywords\":[\"Recoletas Salud N\u00ba17 - Abril 2019\"],\"articleSection\":[\"Instituto Oncol\u00f3gico\",\"Instituto Urol\u00f3gico\",\"Recoletas Salud\"],\"inLanguage\":\"es\"},{\"@type\":\"WebPage\",\"@id\":\"https:\\\/\\\/www.gruporecoletas.com\\\/noticias\\\/tumores-testiculares\\\/\",\"url\":\"https:\\\/\\\/www.gruporecoletas.com\\\/noticias\\\/tumores-testiculares\\\/\",\"name\":\"Tumores Testiculares - Noticias Grupo Recoletas\",\"isPartOf\":{\"@id\":\"https:\\\/\\\/www.gruporecoletas.com\\\/noticias\\\/#website\"},\"primaryImageOfPage\":{\"@id\":\"https:\\\/\\\/www.gruporecoletas.com\\\/noticias\\\/tumores-testiculares\\\/#primaryimage\"},\"image\":{\"@id\":\"https:\\\/\\\/www.gruporecoletas.com\\\/noticias\\\/tumores-testiculares\\\/#primaryimage\"},\"thumbnailUrl\":\"https:\\\/\\\/www.gruporecoletas.com\\\/noticias\\\/wp-content\\\/uploads\\\/2019\\\/04\\\/Tumores-Testiculares.jpg\",\"datePublished\":\"2019-04-12T19:00:11+00:00\",\"dateModified\":\"2021-09-28T06:17:42+00:00\",\"author\":{\"@id\":\"https:\\\/\\\/www.gruporecoletas.com\\\/noticias\\\/#\\\/schema\\\/person\\\/3c6ac429828d1f5e3d3bd99f4da9b02c\"},\"breadcrumb\":{\"@id\":\"https:\\\/\\\/www.gruporecoletas.com\\\/noticias\\\/tumores-testiculares\\\/#breadcrumb\"},\"inLanguage\":\"es\",\"potentialAction\":[{\"@type\":\"ReadAction\",\"target\":[\"https:\\\/\\\/www.gruporecoletas.com\\\/noticias\\\/tumores-testiculares\\\/\"]}]},{\"@type\":\"ImageObject\",\"inLanguage\":\"es\",\"@id\":\"https:\\\/\\\/www.gruporecoletas.com\\\/noticias\\\/tumores-testiculares\\\/#primaryimage\",\"url\":\"https:\\\/\\\/www.gruporecoletas.com\\\/noticias\\\/wp-content\\\/uploads\\\/2019\\\/04\\\/Tumores-Testiculares.jpg\",\"contentUrl\":\"https:\\\/\\\/www.gruporecoletas.com\\\/noticias\\\/wp-content\\\/uploads\\\/2019\\\/04\\\/Tumores-Testiculares.jpg\",\"width\":1400,\"height\":933},{\"@type\":\"BreadcrumbList\",\"@id\":\"https:\\\/\\\/www.gruporecoletas.com\\\/noticias\\\/tumores-testiculares\\\/#breadcrumb\",\"itemListElement\":[{\"@type\":\"ListItem\",\"position\":1,\"name\":\"Portada\",\"item\":\"https:\\\/\\\/www.gruporecoletas.com\\\/noticias\\\/\"},{\"@type\":\"ListItem\",\"position\":2,\"name\":\"Tumores Testiculares\"}]},{\"@type\":\"WebSite\",\"@id\":\"https:\\\/\\\/www.gruporecoletas.com\\\/noticias\\\/#website\",\"url\":\"https:\\\/\\\/www.gruporecoletas.com\\\/noticias\\\/\",\"name\":\"Noticias Grupo Recoletas\",\"description\":\"Grupo Recoletas\",\"potentialAction\":[{\"@type\":\"SearchAction\",\"target\":{\"@type\":\"EntryPoint\",\"urlTemplate\":\"https:\\\/\\\/www.gruporecoletas.com\\\/noticias\\\/?s={search_term_string}\"},\"query-input\":{\"@type\":\"PropertyValueSpecification\",\"valueRequired\":true,\"valueName\":\"search_term_string\"}}],\"inLanguage\":\"es\"},{\"@type\":\"Person\",\"@id\":\"https:\\\/\\\/www.gruporecoletas.com\\\/noticias\\\/#\\\/schema\\\/person\\\/3c6ac429828d1f5e3d3bd99f4da9b02c\",\"name\":\"Recoletas Red Hospitalaria\",\"url\":\"https:\\\/\\\/www.gruporecoletas.com\\\/noticias\\\/author\\\/comunicacion\\\/\"}]}<\/script>\n<!-- \/ Yoast SEO Premium plugin. -->","yoast_head_json":{"title":"Tumores Testiculares - Noticias Grupo Recoletas","robots":{"index":"index","follow":"follow","max-snippet":"max-snippet:-1","max-image-preview":"max-image-preview:large","max-video-preview":"max-video-preview:-1"},"canonical":"https:\/\/www.gruporecoletas.com\/noticias\/tumores-testiculares\/","og_locale":"es_ES","og_type":"article","og_title":"Tumores Testiculares","og_description":"El c\u00e1ncer testicular es relativamente infrecuente, sin embargo, es el tumor maligno m\u00e1s com\u00fan en varones de 15-35 a\u00f1os. Lo m\u00e1s frecuente es que se diagnostique mediante la exploraci\u00f3n f\u00edsica. Su principal caracter\u00edstica reside en su car\u00e1cter habitualmente curable, gracias a la combinaci\u00f3n de m\u00e9todos de diagn\u00f3stico r\u00e1pido, marcadores tumorales discriminativos y protocolos terap\u00e9uticos eficaces, [&hellip;]","og_url":"https:\/\/www.gruporecoletas.com\/noticias\/tumores-testiculares\/","og_site_name":"Noticias Grupo Recoletas","article_publisher":"https:\/\/www.facebook.com\/GrupoRecoletas\/","article_published_time":"2019-04-12T19:00:11+00:00","article_modified_time":"2021-09-28T06:17:42+00:00","og_image":[{"width":1400,"height":933,"url":"https:\/\/www.gruporecoletas.com\/noticias\/wp-content\/uploads\/2019\/04\/Tumores-Testiculares.jpg","type":"image\/jpeg"}],"author":"Recoletas Red Hospitalaria","twitter_card":"summary_large_image","twitter_creator":"@GrupoRecoletas","twitter_site":"@GrupoRecoletas","twitter_misc":{"Escrito por":"Recoletas Red Hospitalaria","Tiempo de lectura":"4 minutos"},"schema":{"@context":"https:\/\/schema.org","@graph":[{"@type":"Article","@id":"https:\/\/www.gruporecoletas.com\/noticias\/tumores-testiculares\/#article","isPartOf":{"@id":"https:\/\/www.gruporecoletas.com\/noticias\/tumores-testiculares\/"},"author":{"name":"Recoletas Red Hospitalaria","@id":"https:\/\/www.gruporecoletas.com\/noticias\/#\/schema\/person\/3c6ac429828d1f5e3d3bd99f4da9b02c"},"headline":"Tumores Testiculares","datePublished":"2019-04-12T19:00:11+00:00","dateModified":"2021-09-28T06:17:42+00:00","mainEntityOfPage":{"@id":"https:\/\/www.gruporecoletas.com\/noticias\/tumores-testiculares\/"},"wordCount":768,"image":{"@id":"https:\/\/www.gruporecoletas.com\/noticias\/tumores-testiculares\/#primaryimage"},"thumbnailUrl":"https:\/\/www.gruporecoletas.com\/noticias\/wp-content\/uploads\/2019\/04\/Tumores-Testiculares.jpg","keywords":["Recoletas Salud N\u00ba17 - Abril 2019"],"articleSection":["Instituto Oncol\u00f3gico","Instituto Urol\u00f3gico","Recoletas Salud"],"inLanguage":"es"},{"@type":"WebPage","@id":"https:\/\/www.gruporecoletas.com\/noticias\/tumores-testiculares\/","url":"https:\/\/www.gruporecoletas.com\/noticias\/tumores-testiculares\/","name":"Tumores Testiculares - Noticias Grupo Recoletas","isPartOf":{"@id":"https:\/\/www.gruporecoletas.com\/noticias\/#website"},"primaryImageOfPage":{"@id":"https:\/\/www.gruporecoletas.com\/noticias\/tumores-testiculares\/#primaryimage"},"image":{"@id":"https:\/\/www.gruporecoletas.com\/noticias\/tumores-testiculares\/#primaryimage"},"thumbnailUrl":"https:\/\/www.gruporecoletas.com\/noticias\/wp-content\/uploads\/2019\/04\/Tumores-Testiculares.jpg","datePublished":"2019-04-12T19:00:11+00:00","dateModified":"2021-09-28T06:17:42+00:00","author":{"@id":"https:\/\/www.gruporecoletas.com\/noticias\/#\/schema\/person\/3c6ac429828d1f5e3d3bd99f4da9b02c"},"breadcrumb":{"@id":"https:\/\/www.gruporecoletas.com\/noticias\/tumores-testiculares\/#breadcrumb"},"inLanguage":"es","potentialAction":[{"@type":"ReadAction","target":["https:\/\/www.gruporecoletas.com\/noticias\/tumores-testiculares\/"]}]},{"@type":"ImageObject","inLanguage":"es","@id":"https:\/\/www.gruporecoletas.com\/noticias\/tumores-testiculares\/#primaryimage","url":"https:\/\/www.gruporecoletas.com\/noticias\/wp-content\/uploads\/2019\/04\/Tumores-Testiculares.jpg","contentUrl":"https:\/\/www.gruporecoletas.com\/noticias\/wp-content\/uploads\/2019\/04\/Tumores-Testiculares.jpg","width":1400,"height":933},{"@type":"BreadcrumbList","@id":"https:\/\/www.gruporecoletas.com\/noticias\/tumores-testiculares\/#breadcrumb","itemListElement":[{"@type":"ListItem","position":1,"name":"Portada","item":"https:\/\/www.gruporecoletas.com\/noticias\/"},{"@type":"ListItem","position":2,"name":"Tumores Testiculares"}]},{"@type":"WebSite","@id":"https:\/\/www.gruporecoletas.com\/noticias\/#website","url":"https:\/\/www.gruporecoletas.com\/noticias\/","name":"Noticias Grupo Recoletas","description":"Grupo Recoletas","potentialAction":[{"@type":"SearchAction","target":{"@type":"EntryPoint","urlTemplate":"https:\/\/www.gruporecoletas.com\/noticias\/?s={search_term_string}"},"query-input":{"@type":"PropertyValueSpecification","valueRequired":true,"valueName":"search_term_string"}}],"inLanguage":"es"},{"@type":"Person","@id":"https:\/\/www.gruporecoletas.com\/noticias\/#\/schema\/person\/3c6ac429828d1f5e3d3bd99f4da9b02c","name":"Recoletas Red Hospitalaria","url":"https:\/\/www.gruporecoletas.com\/noticias\/author\/comunicacion\/"}]}},"_links":{"self":[{"href":"https:\/\/www.gruporecoletas.com\/noticias\/wp-json\/wp\/v2\/posts\/12462","targetHints":{"allow":["GET"]}}],"collection":[{"href":"https:\/\/www.gruporecoletas.com\/noticias\/wp-json\/wp\/v2\/posts"}],"about":[{"href":"https:\/\/www.gruporecoletas.com\/noticias\/wp-json\/wp\/v2\/types\/post"}],"author":[{"embeddable":true,"href":"https:\/\/www.gruporecoletas.com\/noticias\/wp-json\/wp\/v2\/users\/2"}],"replies":[{"embeddable":true,"href":"https:\/\/www.gruporecoletas.com\/noticias\/wp-json\/wp\/v2\/comments?post=12462"}],"version-history":[{"count":2,"href":"https:\/\/www.gruporecoletas.com\/noticias\/wp-json\/wp\/v2\/posts\/12462\/revisions"}],"predecessor-version":[{"id":12492,"href":"https:\/\/www.gruporecoletas.com\/noticias\/wp-json\/wp\/v2\/posts\/12462\/revisions\/12492"}],"wp:featuredmedia":[{"embeddable":true,"href":"https:\/\/www.gruporecoletas.com\/noticias\/wp-json\/wp\/v2\/media\/12463"}],"wp:attachment":[{"href":"https:\/\/www.gruporecoletas.com\/noticias\/wp-json\/wp\/v2\/media?parent=12462"}],"wp:term":[{"taxonomy":"category","embeddable":true,"href":"https:\/\/www.gruporecoletas.com\/noticias\/wp-json\/wp\/v2\/categories?post=12462"},{"taxonomy":"post_tag","embeddable":true,"href":"https:\/\/www.gruporecoletas.com\/noticias\/wp-json\/wp\/v2\/tags?post=12462"}],"curies":[{"name":"wp","href":"https:\/\/api.w.org\/{rel}","templated":true}]}}