{"id":12466,"date":"2019-04-12T21:16:12","date_gmt":"2019-04-12T21:16:12","guid":{"rendered":"https:\/\/www.gruporecoletas.com\/noticias\/?p=12466"},"modified":"2019-04-12T21:16:13","modified_gmt":"2019-04-12T21:16:13","slug":"cirugia-refractiva-de-referencia","status":"publish","type":"post","link":"https:\/\/www.gruporecoletas.com\/noticias\/cirugia-refractiva-de-referencia\/","title":{"rendered":"Cirug\u00eda Refractiva de referencia"},"content":{"rendered":"\n<div class=\"wp-block-image\"><figure class=\"alignright is-resized\"><a href=\"https:\/\/www.gruporecoletas.com\/noticias\/tag\/recoletas-salud-no17-abril-2019\/\"><img loading=\"lazy\" decoding=\"async\" src=\"https:\/\/www.gruporecoletas.com\/noticias\/wp-content\/uploads\/2019\/04\/Recoletas_N17-724x1024.jpg\" alt=\"\" class=\"wp-image-12444\" width=\"212\" height=\"300\" srcset=\"https:\/\/www.gruporecoletas.com\/noticias\/wp-content\/uploads\/2019\/04\/Recoletas_N17-724x1024.jpg 724w, https:\/\/www.gruporecoletas.com\/noticias\/wp-content\/uploads\/2019\/04\/Recoletas_N17-212x300.jpg 212w, https:\/\/www.gruporecoletas.com\/noticias\/wp-content\/uploads\/2019\/04\/Recoletas_N17-768x1086.jpg 768w, https:\/\/www.gruporecoletas.com\/noticias\/wp-content\/uploads\/2019\/04\/Recoletas_N17.jpg 1200w\" sizes=\"auto, (max-width: 212px) 100vw, 212px\" \/><\/a><\/figure><\/div>\n\n\n\n<p><strong>Recoletas Red Hospitalaria<\/strong> en su objetivo de mejora continua de la calidad asistencial, pone a disposici\u00f3n de sus pacientes la<strong> Unidad de Cirug\u00eda Refractiva<\/strong> integrada en el <strong><a href=\"https:\/\/www.gruporecoletas.com\/institutos\/instituto-oftalmologico-recoletas\/\">INSTITUTO OFTALMOL\u00d3GICO RECOLETAS (IOR)<\/a><\/strong>. El <strong>IOR<\/strong> est\u00e1 dotado con tecnolog\u00eda de \u00faltima generaci\u00f3n puntera, y con un equipo de oftalm\u00f3logos y optometristas altamente capacitado, aportando un hecho diferenciador para cada paciente. El IOR. adem\u00e1s, ofrece una cobertura integral de la especialidad en todas las subespecialidades oftalmol\u00f3gicas con profesionales de referencia por \u00e1rea.<\/p>\n\n\n\n<p>La <strong>Cirug\u00eda Refractiva<\/strong> es el \u00e1rea de la Oftalmolog\u00eda que trata los defectos refractivos del ojo, con el objetivo de reducir e incluso eliminar la dependencia de cualquier m\u00e9todo de correcci\u00f3n mediante un procedimiento quir\u00fargico. Los defectos refractivos m\u00e1s comunes son la <strong>miop\u00eda<\/strong> y la <strong>hipermetrop\u00eda<\/strong>. El astigmatismo es otro error refractivo que puede presentarse de manera aislada o combinado con los anteriores. A partir de los 40-45 a\u00f1os aparece la vista cansada o presbicia, que tambi\u00e9n es susceptible de un tratamiento quir\u00fargico.<\/p>\n\n\n\n<p>La Cirug\u00eda Refractiva se realiza a trav\u00e9s de varias t\u00e9cnicas seg\u00fan distintos factores dependientes de las demandas del paciente, su edad y de las caracter\u00edsticas de sus ojos. La realizaci\u00f3n de un completo examen preoperatorio permite la elecci\u00f3n, de manera absolutamente personalizada, de la t\u00e9cnica quir\u00fargica m\u00e1s adecuada para cada paciente.<\/p>\n\n\n\n<p>En la subespecialidad de Cirug\u00eda Refractiva es esencial la combinaci\u00f3n de equipo humano altamente capacitado, y tecnolog\u00eda de \u00faltima generaci\u00f3n. <strong>En el IOR, se combina un equipo optom\u00e9trico y oftalmol\u00f3gico subespecializado con amplia experiencia y formaci\u00f3n, con la disponibilidad de l\u00e1seres, tanto de femtosegundo como excimer, para poder ofrecer a nuestros pacientes una cirug\u00eda 100% l\u00e1ser.<\/strong><\/p>\n\n\n\n<p>El <strong>l\u00e1ser de femtosegundo<\/strong> es la \u00faltima tecnolog\u00eda que se ha incorporado a la cirug\u00eda refractiva. El IOR dispone de un modelo con tecnolog\u00eda de OCT din\u00e1mica, lo que permite la visualizaci\u00f3n del proceso en todo momento a diferencia de otros l\u00e1seres. Su versatilidad permite emplearlo tanto en procedimientos corneales como intraoculares, siempre con una precisi\u00f3n microm\u00e9trica y con un alto perfil de seguridad.<\/p>\n\n\n\n<p>Los defectos refractivos se corrigen principalmente mediante tres t\u00e9cnicas quir\u00fargicas: la cirug\u00eda corneal con l\u00e1ser, el implante de lentes f\u00e1quicas y la cirug\u00eda de cristalino con implante de lentes intraoculares.<\/p>\n\n\n\n<p>El <strong>l\u00e1ser excimer<\/strong> permite la modificaci\u00f3n de la forma de la c\u00f3rnea con una alta predictibilidad, cambiando el poder refractivo de la misma y, con ello, la graduaci\u00f3n del paciente. Se podr\u00eda decir que consiste en trasladar las gafas o las lentes de contacto del paciente a la c\u00f3rnea tras darle una nueva forma.<\/p>\n\n\n\n<p>La cirug\u00eda con l\u00e1ser excimer se puede realizar de dos maneras principales:<\/p>\n\n\n\n<p>1. La primera t\u00e9cnica remodela la forma de la c\u00f3rnea directamente tras retirar el epitelio, es lo que se conoce como <strong>ablaci\u00f3n avanzada de superficie.<\/strong><\/p>\n\n\n\n<p>2. La segunda opci\u00f3n se conoce como <strong>LASIK<\/strong>, acr\u00f3nimo de las siglas en ingles Laser Assisted In situ Keratomileusis. En esta t\u00e9cnica se realiza un corte en la c\u00f3rnea para crear un flap, que se levanta para posteriormente tallar la c\u00f3rnea. En el IOR siempre se realiza con l\u00e1ser femtosegundo, haci\u00e9ndolo de manera m\u00e1s precisa y segura que el microqueratomo mec\u00e1nico, siendo la cirug\u00eda 100% l\u00e1ser. Esta nueva t\u00e9cnica se denomina <strong>FEMTOLASIK<\/strong>, y es posible gracias a la dotaci\u00f3n tecnol\u00f3gica del IOR, un hecho diferenciador a disposici\u00f3n de nuestros pacientes.<\/p>\n\n\n\n<p>En ocasiones, la cirug\u00eda l\u00e1ser puede no ser factible. Un excesivo n\u00famero de dioptr\u00edas, o una c\u00f3rnea demasiado fina o irregular son las causas m\u00e1s comunes. Las <strong>lentes epicapsulares<\/strong> son la opci\u00f3n quir\u00fargica en muchos de estos casos, con unos resultados de calidad visual excelentes.<\/p>\n\n\n\n<p>La <strong>cirug\u00eda de cristalino<\/strong> es la opci\u00f3n refractiva en el caso de una edad por encima de los 50-55 a\u00f1os, o la presencia de una catarata. La cirug\u00eda de cristalino permite implantar una variedad de lentes intraoculares que depende del defecto refractivo del paciente: miop\u00eda, hipermetrop\u00eda, astigmatismo o presbicia.<\/p>\n\n\n\n<p><strong>La posibilidad de corregir la presbicia es una de las nuevas opciones en la cirug\u00eda refractiva. <\/strong>La principal t\u00e9cnica de la correcci\u00f3n de la presbicia es a trav\u00e9s del implante de una lente intraocular de alta tecnolog\u00eda tras la eliminaci\u00f3n del contenido cristaliniano.<\/p>\n\n\n\n<p>El dise\u00f1o \u00f3ptico de estas lentes est\u00e1 enfocado a lograr una alta independencia de las gafas, permitiendo al paciente la realizaci\u00f3n de las tareas cotidianas m\u00e1s frecuentes sin ellas. Las necesidades visuales y las condiciones del ojo condicionar\u00e1n la elecci\u00f3n de la t\u00e9cnica quir\u00fargica tras un detallado examen examen oftalmol\u00f3gico, y la conversaci\u00f3n con el oftalm\u00f3logo, en la que se explicar\u00e1n mutuamente las expectativas visuales.<\/p>\n\n\n\n<p>El <strong><a href=\"https:\/\/www.gruporecoletas.com\/institutos\/instituto-oftalmologico-recoletas\/\">INSTITUTO OFTALMOL\u00d3GICO RECOLETAS<\/a><\/strong> se compromete a ofrecer la mejor calidad asistencial en Cirug\u00eda Refractiva. Un equipo de profesionales de reconocido prestigio nacional, unidos a la \u00faltima tecnolog\u00eda diagn\u00f3stica y terap\u00e9utica nos permiten acometer la especialidad con excelencia en cada proceso.<\/p>\n\n\n\n<h4 class=\"wp-block-heading\">NUESTRO COMPROMISO ES LA SALUD OCULAR<\/h4>\n\n\n\n<div class=\"wp-block-media-text alignwide has-media-on-the-right\" style=\"grid-template-columns:auto 24%\"><figure class=\"wp-block-media-text__media\"><img loading=\"lazy\" decoding=\"async\" width=\"709\" height=\"1024\" src=\"https:\/\/www.gruporecoletas.com\/noticias\/wp-content\/uploads\/2019\/04\/IOR_Dr-Galarreta-Mira_9x13-709x1024.jpg\" alt=\"\" class=\"wp-image-12469\" srcset=\"https:\/\/www.gruporecoletas.com\/noticias\/wp-content\/uploads\/2019\/04\/IOR_Dr-Galarreta-Mira_9x13-709x1024.jpg 709w, https:\/\/www.gruporecoletas.com\/noticias\/wp-content\/uploads\/2019\/04\/IOR_Dr-Galarreta-Mira_9x13-208x300.jpg 208w, https:\/\/www.gruporecoletas.com\/noticias\/wp-content\/uploads\/2019\/04\/IOR_Dr-Galarreta-Mira_9x13-768x1109.jpg 768w, https:\/\/www.gruporecoletas.com\/noticias\/wp-content\/uploads\/2019\/04\/IOR_Dr-Galarreta-Mira_9x13.jpg 900w\" sizes=\"auto, (max-width: 709px) 100vw, 709px\" \/><\/figure><div class=\"wp-block-media-text__content\">\n<h3 class=\"wp-block-heading\"><a href=\"https:\/\/www.gruporecoletas.com\/institutos\/instituto-oftalmologico-recoletas\/\">Instituto Oftalmol\u00f3gico Recoletas<\/a><\/h3>\n\n\n\n<p><a href=\"https:\/\/www.gruporecoletas.com\/profesionales\/dr-galarreta-mira\/\">Dr. David Galarreta Mira<\/a><\/p>\n<\/div><\/div>\n\n\n\n<p><\/p>\n","protected":false},"excerpt":{"rendered":"<p>Recoletas Red Hospitalaria en su objetivo de mejora continua de la calidad asistencial, pone a disposici\u00f3n de sus pacientes la Unidad de Cirug\u00eda Refractiva integrada en el INSTITUTO OFTALMOL\u00d3GICO RECOLETAS (IOR). El IOR est\u00e1 dotado con tecnolog\u00eda de \u00faltima generaci\u00f3n puntera, y con un equipo de oftalm\u00f3logos y optometristas altamente capacitado, aportando un hecho diferenciador [&hellip;]<\/p>\n","protected":false},"author":2,"featured_media":12467,"comment_status":"closed","ping_status":"closed","sticky":false,"template":"","format":"standard","meta":{"_acf_changed":false,"footnotes":""},"categories":[42],"tags":[289],"class_list":["post-12466","post","type-post","status-publish","format-standard","has-post-thumbnail","hentry","category-recoletas-salud","tag-recoletas-salud-no17-abril-2019"],"acf":[],"yoast_head":"<!-- This site is optimized with the Yoast SEO Premium plugin v27.3 (Yoast SEO v27.3) - https:\/\/yoast.com\/product\/yoast-seo-premium-wordpress\/ -->\n<title>Cirug\u00eda Refractiva de referencia - Noticias Grupo Recoletas<\/title>\n<meta name=\"robots\" content=\"index, follow, max-snippet:-1, max-image-preview:large, max-video-preview:-1\" \/>\n<link rel=\"canonical\" href=\"https:\/\/www.gruporecoletas.com\/noticias\/cirugia-refractiva-de-referencia\/\" \/>\n<meta property=\"og:locale\" content=\"es_ES\" \/>\n<meta property=\"og:type\" content=\"article\" \/>\n<meta property=\"og:title\" content=\"Cirug\u00eda Refractiva de referencia\" \/>\n<meta property=\"og:description\" content=\"Recoletas Red Hospitalaria en su objetivo de mejora continua de la calidad asistencial, pone a disposici\u00f3n de sus pacientes la Unidad de Cirug\u00eda Refractiva integrada en el INSTITUTO OFTALMOL\u00d3GICO RECOLETAS (IOR). El IOR est\u00e1 dotado con tecnolog\u00eda de \u00faltima generaci\u00f3n puntera, y con un equipo de oftalm\u00f3logos y optometristas altamente capacitado, aportando un hecho diferenciador [&hellip;]\" \/>\n<meta property=\"og:url\" content=\"https:\/\/www.gruporecoletas.com\/noticias\/cirugia-refractiva-de-referencia\/\" \/>\n<meta property=\"og:site_name\" content=\"Noticias Grupo Recoletas\" \/>\n<meta property=\"article:publisher\" content=\"https:\/\/www.facebook.com\/GrupoRecoletas\/\" \/>\n<meta property=\"article:published_time\" content=\"2019-04-12T21:16:12+00:00\" \/>\n<meta property=\"article:modified_time\" content=\"2019-04-12T21:16:13+00:00\" \/>\n<meta property=\"og:image\" content=\"https:\/\/www.gruporecoletas.com\/noticias\/wp-content\/uploads\/2019\/04\/Cirugia-Refractiva-de-referencia.jpg\" \/>\n\t<meta property=\"og:image:width\" content=\"1400\" \/>\n\t<meta property=\"og:image:height\" content=\"935\" \/>\n\t<meta property=\"og:image:type\" content=\"image\/jpeg\" \/>\n<meta name=\"author\" content=\"Recoletas Red Hospitalaria\" \/>\n<meta name=\"twitter:card\" content=\"summary_large_image\" \/>\n<meta name=\"twitter:creator\" content=\"@GrupoRecoletas\" \/>\n<meta name=\"twitter:site\" content=\"@GrupoRecoletas\" \/>\n<meta name=\"twitter:label1\" content=\"Escrito por\" \/>\n\t<meta name=\"twitter:data1\" content=\"Recoletas Red Hospitalaria\" \/>\n\t<meta name=\"twitter:label2\" content=\"Tiempo de lectura\" \/>\n\t<meta name=\"twitter:data2\" content=\"5 minutos\" \/>\n<script type=\"application\/ld+json\" class=\"yoast-schema-graph\">{\"@context\":\"https:\\\/\\\/schema.org\",\"@graph\":[{\"@type\":\"Article\",\"@id\":\"https:\\\/\\\/www.gruporecoletas.com\\\/noticias\\\/cirugia-refractiva-de-referencia\\\/#article\",\"isPartOf\":{\"@id\":\"https:\\\/\\\/www.gruporecoletas.com\\\/noticias\\\/cirugia-refractiva-de-referencia\\\/\"},\"author\":{\"name\":\"Recoletas Red Hospitalaria\",\"@id\":\"https:\\\/\\\/www.gruporecoletas.com\\\/noticias\\\/#\\\/schema\\\/person\\\/3c6ac429828d1f5e3d3bd99f4da9b02c\"},\"headline\":\"Cirug\u00eda Refractiva de referencia\",\"datePublished\":\"2019-04-12T21:16:12+00:00\",\"dateModified\":\"2019-04-12T21:16:13+00:00\",\"mainEntityOfPage\":{\"@id\":\"https:\\\/\\\/www.gruporecoletas.com\\\/noticias\\\/cirugia-refractiva-de-referencia\\\/\"},\"wordCount\":918,\"image\":{\"@id\":\"https:\\\/\\\/www.gruporecoletas.com\\\/noticias\\\/cirugia-refractiva-de-referencia\\\/#primaryimage\"},\"thumbnailUrl\":\"https:\\\/\\\/www.gruporecoletas.com\\\/noticias\\\/wp-content\\\/uploads\\\/2019\\\/04\\\/Cirugia-Refractiva-de-referencia.jpg\",\"keywords\":[\"Recoletas Salud N\u00ba17 - Abril 2019\"],\"articleSection\":[\"Recoletas Salud\"],\"inLanguage\":\"es\"},{\"@type\":\"WebPage\",\"@id\":\"https:\\\/\\\/www.gruporecoletas.com\\\/noticias\\\/cirugia-refractiva-de-referencia\\\/\",\"url\":\"https:\\\/\\\/www.gruporecoletas.com\\\/noticias\\\/cirugia-refractiva-de-referencia\\\/\",\"name\":\"Cirug\u00eda Refractiva de referencia - Noticias Grupo Recoletas\",\"isPartOf\":{\"@id\":\"https:\\\/\\\/www.gruporecoletas.com\\\/noticias\\\/#website\"},\"primaryImageOfPage\":{\"@id\":\"https:\\\/\\\/www.gruporecoletas.com\\\/noticias\\\/cirugia-refractiva-de-referencia\\\/#primaryimage\"},\"image\":{\"@id\":\"https:\\\/\\\/www.gruporecoletas.com\\\/noticias\\\/cirugia-refractiva-de-referencia\\\/#primaryimage\"},\"thumbnailUrl\":\"https:\\\/\\\/www.gruporecoletas.com\\\/noticias\\\/wp-content\\\/uploads\\\/2019\\\/04\\\/Cirugia-Refractiva-de-referencia.jpg\",\"datePublished\":\"2019-04-12T21:16:12+00:00\",\"dateModified\":\"2019-04-12T21:16:13+00:00\",\"author\":{\"@id\":\"https:\\\/\\\/www.gruporecoletas.com\\\/noticias\\\/#\\\/schema\\\/person\\\/3c6ac429828d1f5e3d3bd99f4da9b02c\"},\"breadcrumb\":{\"@id\":\"https:\\\/\\\/www.gruporecoletas.com\\\/noticias\\\/cirugia-refractiva-de-referencia\\\/#breadcrumb\"},\"inLanguage\":\"es\",\"potentialAction\":[{\"@type\":\"ReadAction\",\"target\":[\"https:\\\/\\\/www.gruporecoletas.com\\\/noticias\\\/cirugia-refractiva-de-referencia\\\/\"]}]},{\"@type\":\"ImageObject\",\"inLanguage\":\"es\",\"@id\":\"https:\\\/\\\/www.gruporecoletas.com\\\/noticias\\\/cirugia-refractiva-de-referencia\\\/#primaryimage\",\"url\":\"https:\\\/\\\/www.gruporecoletas.com\\\/noticias\\\/wp-content\\\/uploads\\\/2019\\\/04\\\/Cirugia-Refractiva-de-referencia.jpg\",\"contentUrl\":\"https:\\\/\\\/www.gruporecoletas.com\\\/noticias\\\/wp-content\\\/uploads\\\/2019\\\/04\\\/Cirugia-Refractiva-de-referencia.jpg\",\"width\":1400,\"height\":935},{\"@type\":\"BreadcrumbList\",\"@id\":\"https:\\\/\\\/www.gruporecoletas.com\\\/noticias\\\/cirugia-refractiva-de-referencia\\\/#breadcrumb\",\"itemListElement\":[{\"@type\":\"ListItem\",\"position\":1,\"name\":\"Portada\",\"item\":\"https:\\\/\\\/www.gruporecoletas.com\\\/noticias\\\/\"},{\"@type\":\"ListItem\",\"position\":2,\"name\":\"Cirug\u00eda Refractiva de referencia\"}]},{\"@type\":\"WebSite\",\"@id\":\"https:\\\/\\\/www.gruporecoletas.com\\\/noticias\\\/#website\",\"url\":\"https:\\\/\\\/www.gruporecoletas.com\\\/noticias\\\/\",\"name\":\"Noticias Grupo Recoletas\",\"description\":\"Grupo Recoletas\",\"potentialAction\":[{\"@type\":\"SearchAction\",\"target\":{\"@type\":\"EntryPoint\",\"urlTemplate\":\"https:\\\/\\\/www.gruporecoletas.com\\\/noticias\\\/?s={search_term_string}\"},\"query-input\":{\"@type\":\"PropertyValueSpecification\",\"valueRequired\":true,\"valueName\":\"search_term_string\"}}],\"inLanguage\":\"es\"},{\"@type\":\"Person\",\"@id\":\"https:\\\/\\\/www.gruporecoletas.com\\\/noticias\\\/#\\\/schema\\\/person\\\/3c6ac429828d1f5e3d3bd99f4da9b02c\",\"name\":\"Recoletas Red Hospitalaria\",\"url\":\"https:\\\/\\\/www.gruporecoletas.com\\\/noticias\\\/author\\\/comunicacion\\\/\"}]}<\/script>\n<!-- \/ Yoast SEO Premium plugin. -->","yoast_head_json":{"title":"Cirug\u00eda Refractiva de referencia - Noticias Grupo Recoletas","robots":{"index":"index","follow":"follow","max-snippet":"max-snippet:-1","max-image-preview":"max-image-preview:large","max-video-preview":"max-video-preview:-1"},"canonical":"https:\/\/www.gruporecoletas.com\/noticias\/cirugia-refractiva-de-referencia\/","og_locale":"es_ES","og_type":"article","og_title":"Cirug\u00eda Refractiva de referencia","og_description":"Recoletas Red Hospitalaria en su objetivo de mejora continua de la calidad asistencial, pone a disposici\u00f3n de sus pacientes la Unidad de Cirug\u00eda Refractiva integrada en el INSTITUTO OFTALMOL\u00d3GICO RECOLETAS (IOR). El IOR est\u00e1 dotado con tecnolog\u00eda de \u00faltima generaci\u00f3n puntera, y con un equipo de oftalm\u00f3logos y optometristas altamente capacitado, aportando un hecho diferenciador [&hellip;]","og_url":"https:\/\/www.gruporecoletas.com\/noticias\/cirugia-refractiva-de-referencia\/","og_site_name":"Noticias Grupo Recoletas","article_publisher":"https:\/\/www.facebook.com\/GrupoRecoletas\/","article_published_time":"2019-04-12T21:16:12+00:00","article_modified_time":"2019-04-12T21:16:13+00:00","og_image":[{"width":1400,"height":935,"url":"https:\/\/www.gruporecoletas.com\/noticias\/wp-content\/uploads\/2019\/04\/Cirugia-Refractiva-de-referencia.jpg","type":"image\/jpeg"}],"author":"Recoletas Red Hospitalaria","twitter_card":"summary_large_image","twitter_creator":"@GrupoRecoletas","twitter_site":"@GrupoRecoletas","twitter_misc":{"Escrito por":"Recoletas Red Hospitalaria","Tiempo de lectura":"5 minutos"},"schema":{"@context":"https:\/\/schema.org","@graph":[{"@type":"Article","@id":"https:\/\/www.gruporecoletas.com\/noticias\/cirugia-refractiva-de-referencia\/#article","isPartOf":{"@id":"https:\/\/www.gruporecoletas.com\/noticias\/cirugia-refractiva-de-referencia\/"},"author":{"name":"Recoletas Red Hospitalaria","@id":"https:\/\/www.gruporecoletas.com\/noticias\/#\/schema\/person\/3c6ac429828d1f5e3d3bd99f4da9b02c"},"headline":"Cirug\u00eda Refractiva de referencia","datePublished":"2019-04-12T21:16:12+00:00","dateModified":"2019-04-12T21:16:13+00:00","mainEntityOfPage":{"@id":"https:\/\/www.gruporecoletas.com\/noticias\/cirugia-refractiva-de-referencia\/"},"wordCount":918,"image":{"@id":"https:\/\/www.gruporecoletas.com\/noticias\/cirugia-refractiva-de-referencia\/#primaryimage"},"thumbnailUrl":"https:\/\/www.gruporecoletas.com\/noticias\/wp-content\/uploads\/2019\/04\/Cirugia-Refractiva-de-referencia.jpg","keywords":["Recoletas Salud N\u00ba17 - Abril 2019"],"articleSection":["Recoletas Salud"],"inLanguage":"es"},{"@type":"WebPage","@id":"https:\/\/www.gruporecoletas.com\/noticias\/cirugia-refractiva-de-referencia\/","url":"https:\/\/www.gruporecoletas.com\/noticias\/cirugia-refractiva-de-referencia\/","name":"Cirug\u00eda Refractiva de referencia - Noticias Grupo Recoletas","isPartOf":{"@id":"https:\/\/www.gruporecoletas.com\/noticias\/#website"},"primaryImageOfPage":{"@id":"https:\/\/www.gruporecoletas.com\/noticias\/cirugia-refractiva-de-referencia\/#primaryimage"},"image":{"@id":"https:\/\/www.gruporecoletas.com\/noticias\/cirugia-refractiva-de-referencia\/#primaryimage"},"thumbnailUrl":"https:\/\/www.gruporecoletas.com\/noticias\/wp-content\/uploads\/2019\/04\/Cirugia-Refractiva-de-referencia.jpg","datePublished":"2019-04-12T21:16:12+00:00","dateModified":"2019-04-12T21:16:13+00:00","author":{"@id":"https:\/\/www.gruporecoletas.com\/noticias\/#\/schema\/person\/3c6ac429828d1f5e3d3bd99f4da9b02c"},"breadcrumb":{"@id":"https:\/\/www.gruporecoletas.com\/noticias\/cirugia-refractiva-de-referencia\/#breadcrumb"},"inLanguage":"es","potentialAction":[{"@type":"ReadAction","target":["https:\/\/www.gruporecoletas.com\/noticias\/cirugia-refractiva-de-referencia\/"]}]},{"@type":"ImageObject","inLanguage":"es","@id":"https:\/\/www.gruporecoletas.com\/noticias\/cirugia-refractiva-de-referencia\/#primaryimage","url":"https:\/\/www.gruporecoletas.com\/noticias\/wp-content\/uploads\/2019\/04\/Cirugia-Refractiva-de-referencia.jpg","contentUrl":"https:\/\/www.gruporecoletas.com\/noticias\/wp-content\/uploads\/2019\/04\/Cirugia-Refractiva-de-referencia.jpg","width":1400,"height":935},{"@type":"BreadcrumbList","@id":"https:\/\/www.gruporecoletas.com\/noticias\/cirugia-refractiva-de-referencia\/#breadcrumb","itemListElement":[{"@type":"ListItem","position":1,"name":"Portada","item":"https:\/\/www.gruporecoletas.com\/noticias\/"},{"@type":"ListItem","position":2,"name":"Cirug\u00eda Refractiva de referencia"}]},{"@type":"WebSite","@id":"https:\/\/www.gruporecoletas.com\/noticias\/#website","url":"https:\/\/www.gruporecoletas.com\/noticias\/","name":"Noticias Grupo Recoletas","description":"Grupo Recoletas","potentialAction":[{"@type":"SearchAction","target":{"@type":"EntryPoint","urlTemplate":"https:\/\/www.gruporecoletas.com\/noticias\/?s={search_term_string}"},"query-input":{"@type":"PropertyValueSpecification","valueRequired":true,"valueName":"search_term_string"}}],"inLanguage":"es"},{"@type":"Person","@id":"https:\/\/www.gruporecoletas.com\/noticias\/#\/schema\/person\/3c6ac429828d1f5e3d3bd99f4da9b02c","name":"Recoletas Red Hospitalaria","url":"https:\/\/www.gruporecoletas.com\/noticias\/author\/comunicacion\/"}]}},"_links":{"self":[{"href":"https:\/\/www.gruporecoletas.com\/noticias\/wp-json\/wp\/v2\/posts\/12466","targetHints":{"allow":["GET"]}}],"collection":[{"href":"https:\/\/www.gruporecoletas.com\/noticias\/wp-json\/wp\/v2\/posts"}],"about":[{"href":"https:\/\/www.gruporecoletas.com\/noticias\/wp-json\/wp\/v2\/types\/post"}],"author":[{"embeddable":true,"href":"https:\/\/www.gruporecoletas.com\/noticias\/wp-json\/wp\/v2\/users\/2"}],"replies":[{"embeddable":true,"href":"https:\/\/www.gruporecoletas.com\/noticias\/wp-json\/wp\/v2\/comments?post=12466"}],"version-history":[{"count":1,"href":"https:\/\/www.gruporecoletas.com\/noticias\/wp-json\/wp\/v2\/posts\/12466\/revisions"}],"predecessor-version":[{"id":12470,"href":"https:\/\/www.gruporecoletas.com\/noticias\/wp-json\/wp\/v2\/posts\/12466\/revisions\/12470"}],"wp:featuredmedia":[{"embeddable":true,"href":"https:\/\/www.gruporecoletas.com\/noticias\/wp-json\/wp\/v2\/media\/12467"}],"wp:attachment":[{"href":"https:\/\/www.gruporecoletas.com\/noticias\/wp-json\/wp\/v2\/media?parent=12466"}],"wp:term":[{"taxonomy":"category","embeddable":true,"href":"https:\/\/www.gruporecoletas.com\/noticias\/wp-json\/wp\/v2\/categories?post=12466"},{"taxonomy":"post_tag","embeddable":true,"href":"https:\/\/www.gruporecoletas.com\/noticias\/wp-json\/wp\/v2\/tags?post=12466"}],"curies":[{"name":"wp","href":"https:\/\/api.w.org\/{rel}","templated":true}]}}