{"id":12507,"date":"2019-04-24T07:11:46","date_gmt":"2019-04-24T07:11:46","guid":{"rendered":"https:\/\/www.gruporecoletas.com\/noticias\/?p=12507"},"modified":"2019-04-24T07:11:48","modified_gmt":"2019-04-24T07:11:48","slug":"soy-alergico-sintomas-diagnostico-y-tratamiento","status":"publish","type":"post","link":"https:\/\/www.gruporecoletas.com\/noticias\/soy-alergico-sintomas-diagnostico-y-tratamiento\/","title":{"rendered":"\u00bfSoy al\u00e9rgico? S\u00edntomas, diagn\u00f3stico y tratamiento"},"content":{"rendered":"\n<p>Autor: Dr. <a href=\"https:\/\/www.gruporecoletas.com\/profesionales\/dr-martinez-alonso\/\" target=\"_blank\" rel=\"noreferrer noopener\" aria-label=\" (abre en una nueva pesta\u00f1a)\">Mart\u00ednez Alonso<\/a> \u2013 Unidad de Alergolog\u00eda<\/p>\n\n\n\n<p>La <a href=\"https:\/\/www.gruporecoletas.com\/noticias\/la-primavera-ha-llegado-las-alergias-primaverales\/\" target=\"_blank\" rel=\"noreferrer noopener\" aria-label=\" (abre en una nueva pesta\u00f1a)\">alergia primaveral<\/a> es la alergia m\u00e1s frecuente y afecta a una de cada cinco personas, aumentando su prevalencia cada vez m\u00e1s e incapacitando a quienes la padecen debido a los molestos s\u00edntomas. En este post te explicamos qu\u00e9 es una alergia, cu\u00e1les son los <strong>s\u00edntomas m\u00e1s comunes<\/strong>, por que se producen y c\u00f3mo podemos <strong>prevenirlas<\/strong> y tratarlas.<\/p>\n\n\n\n<p>Una alergia es una reacci\u00f3n desproporcionada\ndel sistema inmunitario a una sustancia que es inofensiva para la mayor\u00eda de\npersonas. En los al\u00e9rgicos, el cuerpo trata a esa sustancia (al\u00e9rgeno) como un\ninvasor y reacciona de manera inapropiada, provocando s\u00edntomas que pueden ir\ndesde molestias leves hasta s\u00edntomas muy molestos que alteran la calidad de\nvida del paciente.<\/p>\n\n\n\n<h2 class=\"wp-block-heading\"><strong>\u00bfQu\u00e9\ns\u00edntomas presenta la alergia estacional?<\/strong><\/h2>\n\n\n\n<p>Los s\u00edntomas t\u00edpicos que los pacientes de <a href=\"https:\/\/www.gruporecoletas.com\/noticias\/alergia-estacional\/\" target=\"_blank\" rel=\"noreferrer noopener\" aria-label=\" (abre en una nueva pesta\u00f1a)\">alergia estacional<\/a> describen son: \u201cme molesta la piel\u201d, \u201clos ojos me pican y se ponen rojos\u201d, \u201cla nariz se me inflama\u201d, \u201cme sueno la nariz sin parar\u201d, \u201ctengo dificultades para respirar\u201d, \u201cme siento inc\u00f3modo todos los d\u00edas\u201d, \u201cen primavera me cuesta realizar actividades cotidianas como trabajar, hacer deporte o salir a dar un paseo\u201d&#8230; <\/p>\n\n\n\n<p>En casos m\u00e1s severos, puede presentarse como\nun cuadro asm\u00e1tico con sensaci\u00f3n de obstrucci\u00f3n bronquial y tos seca\npersistente.<\/p>\n\n\n\n<p>Habitualmente, muchos pacientes tienen\ns\u00edntomas manifiestos desde sus primeros a\u00f1os de vida, siendo ni\u00f1os o adultos\nj\u00f3venes. Las alergias estacionales son de por vida, aunque los s\u00edntomas pueden\nmejorar o empeorar con el tiempo.<\/p>\n\n\n\n<h2 class=\"wp-block-heading\"><strong>\u00bfQu\u00e9\nprovoca la alergia primaveral?<\/strong><\/h2>\n\n\n\n<p>Lo m\u00e1s frecuente es que la alergia sea\nprovocada por sustancias que se transportan por el aire y, dentro de las m\u00e1s\nhabituales, destaca el polen. El polen es la causa m\u00e1s com\u00fan de <a href=\"https:\/\/www.gruporecoletas.com\/enfermedades-o-patologias\/rinitis-alergica\/\">rinitis<\/a> al\u00e9rgica estacional, conocida tambi\u00e9n\ncomo \u201cla fiebre del heno\u201d. <\/p>\n\n\n\n<p>Si bien cada planta tiene una estaci\u00f3n de\npolen, usualmente \u00e9sta comienza en la primavera. Una buena ayuda para los\nal\u00e9rgicos es tener en cuenta que <strong>los\nniveles de polen son m\u00e1s altos en las ma\u00f1anas<\/strong> <strong>y en d\u00edas c\u00e1lidos, secos y ventosos<\/strong>. Los niveles m\u00e1s bajos de polen\nse registran en los d\u00edas h\u00famedos y fr\u00edos.<\/p>\n\n\n\n<h2 class=\"wp-block-heading\"><strong>Tratamiento\nde la alergia estacional, \u00bfc\u00f3mo reducir los s\u00edntomas?<\/strong><\/h2>\n\n\n\n<p>Las personas con alergia estacional pueden tomas\nlas siguientes medidas para ayudar a reducir los s\u00edntomas:<\/p>\n\n\n\n<ul class=\"wp-block-list\"><li>Enjuagues nasales: enjuagar la\nnariz con agua salina para limpiar el interior de la nariza.<\/li><li>Sprays nasales con esteroides: son\nen conjunto la mejor opci\u00f3n terap\u00e9utica, aunque a mejor\u00eda puede tardar algunos\nd\u00edas en presentarse.<\/li><li>Antihistam\u00ednicos: estos medicamentos\nayudan a controlar el prurito (hormigueo o irritaci\u00f3n de la piel), los\nestornudos y la secreci\u00f3n nasal.<\/li><li>Descongestivos: estos medicamentos\nde amplia utilizaci\u00f3n pueden reducir los s\u00edntomas de congesti\u00f3n nasal (no se\ndeben usar m\u00e1s de tres d\u00edas seguidos).<\/li><li>Vacunas antial\u00e9rgicas: es el \u00fanico\ntratamiento con posibilidad de curar la enfermedad.<\/li><\/ul>\n\n\n\n<p>Las personas que son al\u00e9rgicas al polen deben\ntomas las siguientes precauciones:<\/p>\n\n\n\n<ul class=\"wp-block-list\"><li>Evitar salir de casa durante las\nhoras de mayores niveles de polen: de las 5 a las 10 y de las 19 a las 22.<\/li><li>Mantener cerradas las ventanas de\ncasa.<\/li><li>Viajar con las ventanillas del\ncoche cerradas.<\/li><li>Proteger los ojos con gafas de sol\ny, en caso de exposici\u00f3n masiva, usar mascarilla.<\/li><\/ul>\n\n\n\n<h2 class=\"wp-block-heading\"><strong>\u00bfPueden\nprevenirse los s\u00edntomas de las alergias estacionales?<\/strong><\/h2>\n\n\n\n<p>S\u00ed. Cuando el paciente presenta s\u00edntomas en la\nmisma \u00e9poca del a\u00f1o, por ejemplo en primavera, debe hablar con el m\u00e9dico\nespecialista ya que <strong>estos s\u00edntomas\npueden prevenirse con medicamento una o dos semana antes de dicha \u00e9poca<\/strong>. <\/p>\n\n\n\n<p>Para un tratamiento adecuado, es necesario detectar el al\u00e9rgeno que provoca la alergia en el paciente, para ello el alerg\u00f3logo puede realizar <a rel=\"noreferrer noopener\" aria-label=\" (abre en una nueva pesta\u00f1a)\" href=\"https:\/\/www.gruporecoletas.com\/noticias\/la-alergia-primaveral-diagnostico-tratamiento\/\" target=\"_blank\">diversos tipos de pruebas<\/a>. Si sospechas que puedes tener alg\u00fan tipo de alergia <a href=\"https:\/\/www.gruporecoletas.com\/contacto\/\" target=\"_blank\" rel=\"noreferrer noopener\" aria-label=\" (abre en una nueva pesta\u00f1a)\">ponte en contacto con nuestros especialistas<\/a> para salir de dudas y poder tratarlo.<\/p>\n","protected":false},"excerpt":{"rendered":"<p>Autor: Dr. Mart\u00ednez Alonso \u2013 Unidad de Alergolog\u00eda La alergia primaveral es la alergia m\u00e1s frecuente y afecta a una de cada cinco personas, aumentando su prevalencia cada vez m\u00e1s e incapacitando a quienes la padecen debido a los molestos s\u00edntomas. En este post te explicamos qu\u00e9 es una alergia, cu\u00e1les son los s\u00edntomas m\u00e1s [&hellip;]<\/p>\n","protected":false},"author":2,"featured_media":12508,"comment_status":"closed","ping_status":"closed","sticky":false,"template":"","format":"standard","meta":{"_acf_changed":false,"footnotes":""},"categories":[49,50],"tags":[545],"class_list":["post-12507","post","type-post","status-publish","format-standard","has-post-thumbnail","hentry","category-medicina-general","category-patologias","tag-alergologia"],"acf":[],"yoast_head":"<!-- This site is optimized with the Yoast SEO Premium plugin v27.3 (Yoast SEO v27.3) - https:\/\/yoast.com\/product\/yoast-seo-premium-wordpress\/ -->\n<title>\u00bfSoy al\u00e9rgico? S\u00edntomas, diagn\u00f3stico y tratamiento - Noticias Grupo Recoletas<\/title>\n<meta name=\"robots\" content=\"index, follow, max-snippet:-1, max-image-preview:large, max-video-preview:-1\" \/>\n<link rel=\"canonical\" href=\"https:\/\/www.gruporecoletas.com\/noticias\/soy-alergico-sintomas-diagnostico-y-tratamiento\/\" \/>\n<meta property=\"og:locale\" content=\"es_ES\" \/>\n<meta property=\"og:type\" content=\"article\" \/>\n<meta property=\"og:title\" content=\"\u00bfSoy al\u00e9rgico? S\u00edntomas, diagn\u00f3stico y tratamiento\" \/>\n<meta property=\"og:description\" content=\"Autor: Dr. Mart\u00ednez Alonso \u2013 Unidad de Alergolog\u00eda La alergia primaveral es la alergia m\u00e1s frecuente y afecta a una de cada cinco personas, aumentando su prevalencia cada vez m\u00e1s e incapacitando a quienes la padecen debido a los molestos s\u00edntomas. En este post te explicamos qu\u00e9 es una alergia, cu\u00e1les son los s\u00edntomas m\u00e1s [&hellip;]\" \/>\n<meta property=\"og:url\" content=\"https:\/\/www.gruporecoletas.com\/noticias\/soy-alergico-sintomas-diagnostico-y-tratamiento\/\" \/>\n<meta property=\"og:site_name\" content=\"Noticias Grupo Recoletas\" \/>\n<meta property=\"article:publisher\" content=\"https:\/\/www.facebook.com\/GrupoRecoletas\/\" \/>\n<meta property=\"article:published_time\" content=\"2019-04-24T07:11:46+00:00\" \/>\n<meta property=\"article:modified_time\" content=\"2019-04-24T07:11:48+00:00\" \/>\n<meta property=\"og:image\" content=\"https:\/\/www.gruporecoletas.com\/noticias\/wp-content\/uploads\/2019\/04\/Sintomas-y-tratamiento-alergia-primaveral.jpg\" \/>\n\t<meta property=\"og:image:width\" content=\"1000\" \/>\n\t<meta property=\"og:image:height\" content=\"667\" \/>\n\t<meta property=\"og:image:type\" content=\"image\/jpeg\" \/>\n<meta name=\"author\" content=\"Recoletas Red Hospitalaria\" \/>\n<meta name=\"twitter:card\" content=\"summary_large_image\" \/>\n<meta name=\"twitter:creator\" content=\"@GrupoRecoletas\" \/>\n<meta name=\"twitter:site\" content=\"@GrupoRecoletas\" \/>\n<meta name=\"twitter:label1\" content=\"Escrito por\" \/>\n\t<meta name=\"twitter:data1\" content=\"Recoletas Red Hospitalaria\" \/>\n\t<meta name=\"twitter:label2\" content=\"Tiempo de lectura\" \/>\n\t<meta name=\"twitter:data2\" content=\"3 minutos\" \/>\n<script type=\"application\/ld+json\" class=\"yoast-schema-graph\">{\"@context\":\"https:\\\/\\\/schema.org\",\"@graph\":[{\"@type\":\"Article\",\"@id\":\"https:\\\/\\\/www.gruporecoletas.com\\\/noticias\\\/soy-alergico-sintomas-diagnostico-y-tratamiento\\\/#article\",\"isPartOf\":{\"@id\":\"https:\\\/\\\/www.gruporecoletas.com\\\/noticias\\\/soy-alergico-sintomas-diagnostico-y-tratamiento\\\/\"},\"author\":{\"name\":\"Recoletas Red Hospitalaria\",\"@id\":\"https:\\\/\\\/www.gruporecoletas.com\\\/noticias\\\/#\\\/schema\\\/person\\\/3c6ac429828d1f5e3d3bd99f4da9b02c\"},\"headline\":\"\u00bfSoy al\u00e9rgico? S\u00edntomas, diagn\u00f3stico y tratamiento\",\"datePublished\":\"2019-04-24T07:11:46+00:00\",\"dateModified\":\"2019-04-24T07:11:48+00:00\",\"mainEntityOfPage\":{\"@id\":\"https:\\\/\\\/www.gruporecoletas.com\\\/noticias\\\/soy-alergico-sintomas-diagnostico-y-tratamiento\\\/\"},\"wordCount\":698,\"image\":{\"@id\":\"https:\\\/\\\/www.gruporecoletas.com\\\/noticias\\\/soy-alergico-sintomas-diagnostico-y-tratamiento\\\/#primaryimage\"},\"thumbnailUrl\":\"https:\\\/\\\/www.gruporecoletas.com\\\/noticias\\\/wp-content\\\/uploads\\\/2019\\\/04\\\/Sintomas-y-tratamiento-alergia-primaveral.jpg\",\"keywords\":[\"Alergolog\u00eda\"],\"articleSection\":[\"Medicina General\",\"Patolog\u00edas\"],\"inLanguage\":\"es\"},{\"@type\":\"WebPage\",\"@id\":\"https:\\\/\\\/www.gruporecoletas.com\\\/noticias\\\/soy-alergico-sintomas-diagnostico-y-tratamiento\\\/\",\"url\":\"https:\\\/\\\/www.gruporecoletas.com\\\/noticias\\\/soy-alergico-sintomas-diagnostico-y-tratamiento\\\/\",\"name\":\"\u00bfSoy al\u00e9rgico? S\u00edntomas, diagn\u00f3stico y tratamiento - Noticias Grupo Recoletas\",\"isPartOf\":{\"@id\":\"https:\\\/\\\/www.gruporecoletas.com\\\/noticias\\\/#website\"},\"primaryImageOfPage\":{\"@id\":\"https:\\\/\\\/www.gruporecoletas.com\\\/noticias\\\/soy-alergico-sintomas-diagnostico-y-tratamiento\\\/#primaryimage\"},\"image\":{\"@id\":\"https:\\\/\\\/www.gruporecoletas.com\\\/noticias\\\/soy-alergico-sintomas-diagnostico-y-tratamiento\\\/#primaryimage\"},\"thumbnailUrl\":\"https:\\\/\\\/www.gruporecoletas.com\\\/noticias\\\/wp-content\\\/uploads\\\/2019\\\/04\\\/Sintomas-y-tratamiento-alergia-primaveral.jpg\",\"datePublished\":\"2019-04-24T07:11:46+00:00\",\"dateModified\":\"2019-04-24T07:11:48+00:00\",\"author\":{\"@id\":\"https:\\\/\\\/www.gruporecoletas.com\\\/noticias\\\/#\\\/schema\\\/person\\\/3c6ac429828d1f5e3d3bd99f4da9b02c\"},\"breadcrumb\":{\"@id\":\"https:\\\/\\\/www.gruporecoletas.com\\\/noticias\\\/soy-alergico-sintomas-diagnostico-y-tratamiento\\\/#breadcrumb\"},\"inLanguage\":\"es\",\"potentialAction\":[{\"@type\":\"ReadAction\",\"target\":[\"https:\\\/\\\/www.gruporecoletas.com\\\/noticias\\\/soy-alergico-sintomas-diagnostico-y-tratamiento\\\/\"]}]},{\"@type\":\"ImageObject\",\"inLanguage\":\"es\",\"@id\":\"https:\\\/\\\/www.gruporecoletas.com\\\/noticias\\\/soy-alergico-sintomas-diagnostico-y-tratamiento\\\/#primaryimage\",\"url\":\"https:\\\/\\\/www.gruporecoletas.com\\\/noticias\\\/wp-content\\\/uploads\\\/2019\\\/04\\\/Sintomas-y-tratamiento-alergia-primaveral.jpg\",\"contentUrl\":\"https:\\\/\\\/www.gruporecoletas.com\\\/noticias\\\/wp-content\\\/uploads\\\/2019\\\/04\\\/Sintomas-y-tratamiento-alergia-primaveral.jpg\",\"width\":1000,\"height\":667,\"caption\":\"Sintomas y tratamiento alergia estacional primavera\"},{\"@type\":\"BreadcrumbList\",\"@id\":\"https:\\\/\\\/www.gruporecoletas.com\\\/noticias\\\/soy-alergico-sintomas-diagnostico-y-tratamiento\\\/#breadcrumb\",\"itemListElement\":[{\"@type\":\"ListItem\",\"position\":1,\"name\":\"Portada\",\"item\":\"https:\\\/\\\/www.gruporecoletas.com\\\/noticias\\\/\"},{\"@type\":\"ListItem\",\"position\":2,\"name\":\"\u00bfSoy al\u00e9rgico? S\u00edntomas, diagn\u00f3stico y tratamiento\"}]},{\"@type\":\"WebSite\",\"@id\":\"https:\\\/\\\/www.gruporecoletas.com\\\/noticias\\\/#website\",\"url\":\"https:\\\/\\\/www.gruporecoletas.com\\\/noticias\\\/\",\"name\":\"Noticias Grupo Recoletas\",\"description\":\"Grupo Recoletas\",\"potentialAction\":[{\"@type\":\"SearchAction\",\"target\":{\"@type\":\"EntryPoint\",\"urlTemplate\":\"https:\\\/\\\/www.gruporecoletas.com\\\/noticias\\\/?s={search_term_string}\"},\"query-input\":{\"@type\":\"PropertyValueSpecification\",\"valueRequired\":true,\"valueName\":\"search_term_string\"}}],\"inLanguage\":\"es\"},{\"@type\":\"Person\",\"@id\":\"https:\\\/\\\/www.gruporecoletas.com\\\/noticias\\\/#\\\/schema\\\/person\\\/3c6ac429828d1f5e3d3bd99f4da9b02c\",\"name\":\"Recoletas Red Hospitalaria\",\"url\":\"https:\\\/\\\/www.gruporecoletas.com\\\/noticias\\\/author\\\/comunicacion\\\/\"}]}<\/script>\n<!-- \/ Yoast SEO Premium plugin. -->","yoast_head_json":{"title":"\u00bfSoy al\u00e9rgico? S\u00edntomas, diagn\u00f3stico y tratamiento - Noticias Grupo Recoletas","robots":{"index":"index","follow":"follow","max-snippet":"max-snippet:-1","max-image-preview":"max-image-preview:large","max-video-preview":"max-video-preview:-1"},"canonical":"https:\/\/www.gruporecoletas.com\/noticias\/soy-alergico-sintomas-diagnostico-y-tratamiento\/","og_locale":"es_ES","og_type":"article","og_title":"\u00bfSoy al\u00e9rgico? S\u00edntomas, diagn\u00f3stico y tratamiento","og_description":"Autor: Dr. Mart\u00ednez Alonso \u2013 Unidad de Alergolog\u00eda La alergia primaveral es la alergia m\u00e1s frecuente y afecta a una de cada cinco personas, aumentando su prevalencia cada vez m\u00e1s e incapacitando a quienes la padecen debido a los molestos s\u00edntomas. En este post te explicamos qu\u00e9 es una alergia, cu\u00e1les son los s\u00edntomas m\u00e1s [&hellip;]","og_url":"https:\/\/www.gruporecoletas.com\/noticias\/soy-alergico-sintomas-diagnostico-y-tratamiento\/","og_site_name":"Noticias Grupo Recoletas","article_publisher":"https:\/\/www.facebook.com\/GrupoRecoletas\/","article_published_time":"2019-04-24T07:11:46+00:00","article_modified_time":"2019-04-24T07:11:48+00:00","og_image":[{"width":1000,"height":667,"url":"https:\/\/www.gruporecoletas.com\/noticias\/wp-content\/uploads\/2019\/04\/Sintomas-y-tratamiento-alergia-primaveral.jpg","type":"image\/jpeg"}],"author":"Recoletas Red Hospitalaria","twitter_card":"summary_large_image","twitter_creator":"@GrupoRecoletas","twitter_site":"@GrupoRecoletas","twitter_misc":{"Escrito por":"Recoletas Red Hospitalaria","Tiempo de lectura":"3 minutos"},"schema":{"@context":"https:\/\/schema.org","@graph":[{"@type":"Article","@id":"https:\/\/www.gruporecoletas.com\/noticias\/soy-alergico-sintomas-diagnostico-y-tratamiento\/#article","isPartOf":{"@id":"https:\/\/www.gruporecoletas.com\/noticias\/soy-alergico-sintomas-diagnostico-y-tratamiento\/"},"author":{"name":"Recoletas Red Hospitalaria","@id":"https:\/\/www.gruporecoletas.com\/noticias\/#\/schema\/person\/3c6ac429828d1f5e3d3bd99f4da9b02c"},"headline":"\u00bfSoy al\u00e9rgico? S\u00edntomas, diagn\u00f3stico y tratamiento","datePublished":"2019-04-24T07:11:46+00:00","dateModified":"2019-04-24T07:11:48+00:00","mainEntityOfPage":{"@id":"https:\/\/www.gruporecoletas.com\/noticias\/soy-alergico-sintomas-diagnostico-y-tratamiento\/"},"wordCount":698,"image":{"@id":"https:\/\/www.gruporecoletas.com\/noticias\/soy-alergico-sintomas-diagnostico-y-tratamiento\/#primaryimage"},"thumbnailUrl":"https:\/\/www.gruporecoletas.com\/noticias\/wp-content\/uploads\/2019\/04\/Sintomas-y-tratamiento-alergia-primaveral.jpg","keywords":["Alergolog\u00eda"],"articleSection":["Medicina General","Patolog\u00edas"],"inLanguage":"es"},{"@type":"WebPage","@id":"https:\/\/www.gruporecoletas.com\/noticias\/soy-alergico-sintomas-diagnostico-y-tratamiento\/","url":"https:\/\/www.gruporecoletas.com\/noticias\/soy-alergico-sintomas-diagnostico-y-tratamiento\/","name":"\u00bfSoy al\u00e9rgico? S\u00edntomas, diagn\u00f3stico y tratamiento - Noticias Grupo Recoletas","isPartOf":{"@id":"https:\/\/www.gruporecoletas.com\/noticias\/#website"},"primaryImageOfPage":{"@id":"https:\/\/www.gruporecoletas.com\/noticias\/soy-alergico-sintomas-diagnostico-y-tratamiento\/#primaryimage"},"image":{"@id":"https:\/\/www.gruporecoletas.com\/noticias\/soy-alergico-sintomas-diagnostico-y-tratamiento\/#primaryimage"},"thumbnailUrl":"https:\/\/www.gruporecoletas.com\/noticias\/wp-content\/uploads\/2019\/04\/Sintomas-y-tratamiento-alergia-primaveral.jpg","datePublished":"2019-04-24T07:11:46+00:00","dateModified":"2019-04-24T07:11:48+00:00","author":{"@id":"https:\/\/www.gruporecoletas.com\/noticias\/#\/schema\/person\/3c6ac429828d1f5e3d3bd99f4da9b02c"},"breadcrumb":{"@id":"https:\/\/www.gruporecoletas.com\/noticias\/soy-alergico-sintomas-diagnostico-y-tratamiento\/#breadcrumb"},"inLanguage":"es","potentialAction":[{"@type":"ReadAction","target":["https:\/\/www.gruporecoletas.com\/noticias\/soy-alergico-sintomas-diagnostico-y-tratamiento\/"]}]},{"@type":"ImageObject","inLanguage":"es","@id":"https:\/\/www.gruporecoletas.com\/noticias\/soy-alergico-sintomas-diagnostico-y-tratamiento\/#primaryimage","url":"https:\/\/www.gruporecoletas.com\/noticias\/wp-content\/uploads\/2019\/04\/Sintomas-y-tratamiento-alergia-primaveral.jpg","contentUrl":"https:\/\/www.gruporecoletas.com\/noticias\/wp-content\/uploads\/2019\/04\/Sintomas-y-tratamiento-alergia-primaveral.jpg","width":1000,"height":667,"caption":"Sintomas y tratamiento alergia estacional primavera"},{"@type":"BreadcrumbList","@id":"https:\/\/www.gruporecoletas.com\/noticias\/soy-alergico-sintomas-diagnostico-y-tratamiento\/#breadcrumb","itemListElement":[{"@type":"ListItem","position":1,"name":"Portada","item":"https:\/\/www.gruporecoletas.com\/noticias\/"},{"@type":"ListItem","position":2,"name":"\u00bfSoy al\u00e9rgico? S\u00edntomas, diagn\u00f3stico y tratamiento"}]},{"@type":"WebSite","@id":"https:\/\/www.gruporecoletas.com\/noticias\/#website","url":"https:\/\/www.gruporecoletas.com\/noticias\/","name":"Noticias Grupo Recoletas","description":"Grupo Recoletas","potentialAction":[{"@type":"SearchAction","target":{"@type":"EntryPoint","urlTemplate":"https:\/\/www.gruporecoletas.com\/noticias\/?s={search_term_string}"},"query-input":{"@type":"PropertyValueSpecification","valueRequired":true,"valueName":"search_term_string"}}],"inLanguage":"es"},{"@type":"Person","@id":"https:\/\/www.gruporecoletas.com\/noticias\/#\/schema\/person\/3c6ac429828d1f5e3d3bd99f4da9b02c","name":"Recoletas Red Hospitalaria","url":"https:\/\/www.gruporecoletas.com\/noticias\/author\/comunicacion\/"}]}},"_links":{"self":[{"href":"https:\/\/www.gruporecoletas.com\/noticias\/wp-json\/wp\/v2\/posts\/12507","targetHints":{"allow":["GET"]}}],"collection":[{"href":"https:\/\/www.gruporecoletas.com\/noticias\/wp-json\/wp\/v2\/posts"}],"about":[{"href":"https:\/\/www.gruporecoletas.com\/noticias\/wp-json\/wp\/v2\/types\/post"}],"author":[{"embeddable":true,"href":"https:\/\/www.gruporecoletas.com\/noticias\/wp-json\/wp\/v2\/users\/2"}],"replies":[{"embeddable":true,"href":"https:\/\/www.gruporecoletas.com\/noticias\/wp-json\/wp\/v2\/comments?post=12507"}],"version-history":[{"count":1,"href":"https:\/\/www.gruporecoletas.com\/noticias\/wp-json\/wp\/v2\/posts\/12507\/revisions"}],"predecessor-version":[{"id":12509,"href":"https:\/\/www.gruporecoletas.com\/noticias\/wp-json\/wp\/v2\/posts\/12507\/revisions\/12509"}],"wp:featuredmedia":[{"embeddable":true,"href":"https:\/\/www.gruporecoletas.com\/noticias\/wp-json\/wp\/v2\/media\/12508"}],"wp:attachment":[{"href":"https:\/\/www.gruporecoletas.com\/noticias\/wp-json\/wp\/v2\/media?parent=12507"}],"wp:term":[{"taxonomy":"category","embeddable":true,"href":"https:\/\/www.gruporecoletas.com\/noticias\/wp-json\/wp\/v2\/categories?post=12507"},{"taxonomy":"post_tag","embeddable":true,"href":"https:\/\/www.gruporecoletas.com\/noticias\/wp-json\/wp\/v2\/tags?post=12507"}],"curies":[{"name":"wp","href":"https:\/\/api.w.org\/{rel}","templated":true}]}}