{"id":12692,"date":"2019-05-02T07:21:48","date_gmt":"2019-05-02T05:21:48","guid":{"rendered":"https:\/\/www.gruporecoletas.com\/noticias\/?p=12692"},"modified":"2022-03-18T11:44:41","modified_gmt":"2022-03-18T10:44:41","slug":"dia-mundial-asma","status":"publish","type":"post","link":"https:\/\/www.gruporecoletas.com\/noticias\/dia-mundial-asma\/","title":{"rendered":"D\u00eda mundial del Asma: los 5 pasos para controlar los s\u00edntomas y prevenir riesgos en el futuro"},"content":{"rendered":"\n<p>Autor: Dr.\nJuan Alfaro Masferrer \u2013 Unidad de Urgencias<\/p>\n\n\n\n<p>El pr\u00f3ximo 7 de mayo es el d\u00eda Mundial del Asma, un d\u00eda para dar visibilidad a esta enfermedad que afecta a unos 300 millones de personas alrededor del mundo (casi el 5% de la poblaci\u00f3n). El avance de la medicina moderna ha permitido reducir los ingresos hospitalarios y muertes por <a href=\"https:\/\/www.gruporecoletas.com\/enfermedades-o-patologias\/asma\/\" target=\"_blank\" rel=\"noreferrer noopener\" aria-label=\" (abre en una nueva pesta\u00f1a)\">asma<\/a>, sin embargo, la educaci\u00f3n del paciente y la buena adaptaci\u00f3n al tratamiento juegan un papel fundamental en el control de los s\u00edntomas.<\/p>\n\n\n\n<p>Al hablar de asma, debemos de tener la plena conciencia de que nos referimos a una entidad patol\u00f3gica de una <strong>grave repercusi\u00f3n mundial<\/strong>, que afecta a todos los grupos de edad y que su prevalencia se ve incrementada a\u00f1o tras a\u00f1o, en una gran cantidad de pa\u00edses. <\/p>\n\n\n\n<h2 class=\"wp-block-heading\"><strong>Los principales s\u00edntomas del asma y c\u00f3mo se diagnostica<\/strong><\/h2>\n\n\n\n<p>En la actualidad no existe una definici\u00f3n precisa y universalmente aceptada del asma. Esto provoca que el n\u00famero de diagn\u00f3sticos de asma disminuya. Podemos <a href=\"https:\/\/www.gruporecoletas.com\/enfermedades-o-patologias\/asma\/\" target=\"_blank\" rel=\"noreferrer noopener\" aria-label=\"describir el asma como una enfermedad multifactorial (abre en una nueva pesta\u00f1a)\">describir el asma como una enfermedad multifactorial<\/a>, caracterizada normalmente por una inflamaci\u00f3n cr\u00f3nica de las v\u00edas a\u00e9reas, cuyo componente cl\u00ednico est\u00e1 determinado por cuatro s\u00edntomas principales: <strong>tos, opresi\u00f3n respiratoria, sibilancias<\/strong> (sonido silbante durante la respiraci\u00f3n) y <strong>dificultad respiratoria<\/strong>. Ante estos s\u00edntomas es recomendable acudir a un especialista en <a rel=\"noreferrer noopener\" aria-label=\" (abre en una nueva pesta\u00f1a)\" href=\"https:\/\/www.gruporecoletas.com\/especialidades\/neumologia\/\" target=\"_blank\">neumolog\u00eda<\/a> o <a rel=\"noreferrer noopener\" aria-label=\" (abre en una nueva pesta\u00f1a)\" href=\"https:\/\/www.gruporecoletas.com\/especialidades\/alergologia\/\" target=\"_blank\">alergolog\u00eda<\/a>.<\/p>\n\n\n\n<p>, caracterizada normalmente por una inflamaci\u00f3n cr\u00f3nica de las v\u00edas a\u00e9reas, cuyo componente cl\u00ednico est\u00e1 determinado por cuatro s\u00edntomas principales: <strong>tos, opresi\u00f3n respiratoria, sibilancias<\/strong> (sonido silbante durante la respiraci\u00f3n) y <strong>dificultad respiratoria<\/strong>. Ante estos s\u00edntomas es recomendable acudir a un especialista en <a rel=\"noreferrer noopener\" aria-label=\" (abre en una nueva pesta\u00f1a)\" href=\"https:\/\/www.gruporecoletas.com\/especialidades\/neumologia\/\" target=\"_blank\">neumolog\u00eda<\/a> o <a rel=\"noreferrer noopener\" aria-label=\" (abre en una nueva pesta\u00f1a)\" href=\"https:\/\/www.gruporecoletas.com\/especialidades\/alergologia\/\" target=\"_blank\">alergolog\u00eda<\/a>.<\/p>\n\n\n\n<p>El <strong>diagnostico <\/strong>m\u00e1s preciso se determina\npor los s\u00edntomas m\u00e1s una prueba de espirometr\u00eda positiva. Una vez establecido\nsu diagn\u00f3stico, el paciente asm\u00e1tico debe adquirir el conocimiento, la\nconfianza y las habilidades necesarias para un adecuado control de su\nenfermedad. Se ha demostrado que una adecuada adherencia terap\u00e9utica,\ndetermina, sin lugar a duda, la evoluci\u00f3n cl\u00ednica del asma. <\/p>\n\n\n\n<h2 class=\"wp-block-heading\"><strong>Tratamiento del asma<\/strong><\/h2>\n\n\n\n<p>Seg\u00fan el protocolo internacional del <a href=\"https:\/\/ginasthma.org\/\" target=\"_blank\" rel=\"noreferrer noopener\" aria-label=\" (abre en una nueva pesta\u00f1a)\">GINA <\/a>de 2016, el tratamiento se basa principalmente en tres estadios que consisten en:<\/p>\n\n\n\n<ol class=\"wp-block-list\"><li><strong>Revisi\u00f3n de la respuesta<\/strong>: consistente en valorar los s\u00edntomas, exacerbaciones, satisfacci\u00f3n de paciente y funci\u00f3n pulmonar. <\/li><li>\u00a0<strong>Evaluaci\u00f3n<\/strong>: determinada por el diagn\u00f3stico, control de s\u00edntomas y factores de riesgo, preferencia del paciente a las distintas presentaciones de los f\u00e1rmacos, t\u00e9cnica de inhalaci\u00f3n y cumplimiento. <\/li><li><strong>Ajuste del tratamiento<\/strong>: con modificaci\u00f3n de medicaci\u00f3n, estrategias no farmacol\u00f3gicas y tratamiento de factores de riesgo modificables.<\/li><\/ol>\n\n\n\n<p>Para el\ncumplimiento de estos estadios, contamos con un abordaje terap\u00e9utico de tipo\nescalonado en cinco pasos, que proporciona mayor impacto en j\u00f3venes y adultos y\ncuya finalidad es intentar <strong>controlar los\ns\u00edntomas y minimizar los riesgos futuros<\/strong>:<\/p>\n\n\n\n<ul class=\"wp-block-list\"><li><strong>Primer paso<\/strong>: uso de corticoides inhalados (ICS) en dosis bajas junto a la tradicional terapia con SABA (beta adren\u00e9rgicos de corta acci\u00f3n). En este paso se ven favorecidos aquellos pacientes con riesgo de exacerbaciones asm\u00e1ticas, principalmente por la eficacia en el alivio de los s\u00edntomas.\u00a0 <\/li><li><strong>Segundo paso<\/strong>: m\u00ednimas dosis necesarias de ICS asociados con SABA a demanda. En esta segunda etapa se ha evidenciado una reducci\u00f3n importante de los s\u00edntomas, aumento de la funci\u00f3n pulmonar, mejora la calidad de vida y reducci\u00f3n del riesgo de exacerbaciones, hospitalizaciones y muerte relacionada con asma.\u00a0 <\/li><li><strong>Tercer paso<\/strong>: administraci\u00f3n de uno o dos tratamientos de control, entre ellos un LABA (beta adren\u00e9rgicos de larga duraci\u00f3n) junto a un ICS en dosis bajas como terapia de mantenimiento, y al igual que el paso dos la utilizaci\u00f3n de medicaci\u00f3n sintom\u00e1tica a demanda.\u00a0 <\/li><li><strong>Cuarto paso<\/strong>: uso de dos o m\u00e1s medicamentos de control m\u00e1s medicaci\u00f3n sintom\u00e1tica a demanda.\u00a0 <\/li><li><strong>Quinto paso<\/strong>: consistir\u00eda en asistencia de nivel superior.<\/li><\/ul>\n\n\n\n<h2 class=\"wp-block-heading\"><strong>\u00bfQu\u00e9 provoca el origen del asma?<\/strong><\/h2>\n\n\n\n<p>Los factores<strong> desencadenantes del asma <\/strong>son muchos y\nvariables, entre los que podemos mencionar: al\u00e9rgenos como polen, pelos de\nanimales, ejercicio, tabaquismo, infecciones, factores f\u00edsicos, contaminaci\u00f3n\ndel aire ambiente, etc. El control de \u00e9stos ser\u00e1 un objetivo importante en el\ntratamiento. <\/p>\n\n\n\n<p>La\nvariabilidad de los factores desencadenantes y el control de los mismos\nsignifican un reto importante para la estabilidad del asma en un paciente\nafectado. Su control depender\u00e1 muy estrechamente de las acciones ejercidas\nsobre \u00e9stos y la adherencia terap\u00e9utica que estar\u00e1 sujeta a la capacidad de\naceptaci\u00f3n y cumplimiento del tratamiento. La educaci\u00f3n de los pacientes para\ndisminuir la exposici\u00f3n a estos factores es determinante para evitar\nexacerbaciones y complicaciones mayores. Adem\u00e1s, el<strong> cambio de h\u00e1bitos de vida y actitud por parte del asm\u00e1tico contribuyen\na su estado de salud<\/strong> y es b\u00e1sica. No se puede tener un tratamiento de asma\nlimitado a la terapia farmacol\u00f3gica. <\/p>\n\n\n\n<p>El futuro del\nabordaje terap\u00e9utico del asma es apasionante y es una tem\u00e1tica de la que\nescucharemos, sin temor a equivocarnos, importantes avances en los pr\u00f3ximos\na\u00f1os, en manos de los profesionales, y m\u00e1s a\u00fan en el mismo paciente preparado\nse encuentra el \u00e9xito del control de esta enfermedad tan relevante.<\/p>\n\n\n\n<p>En Grupo Recoletas contamos con especialistas y equipamiento tecnol\u00f3gico para el diagn\u00f3stico y tratamiento del asma en nuestros centros de Castilla y Le\u00f3n. <a href=\"https:\/\/www.gruporecoletas.com\/contacto\/\" target=\"_blank\" rel=\"noreferrer noopener\" aria-label=\" (abre en una nueva pesta\u00f1a)\">Pide cita<\/a> con nuestros expertos si tienes cualquier consulta.<\/p>\n","protected":false},"excerpt":{"rendered":"<p>Autor: Dr. Juan Alfaro Masferrer \u2013 Unidad de Urgencias El pr\u00f3ximo 7 de mayo es el d\u00eda Mundial del Asma, un d\u00eda para dar visibilidad a esta enfermedad que afecta a unos 300 millones de personas alrededor del mundo (casi el 5% de la poblaci\u00f3n). El avance de la medicina moderna ha permitido reducir los [&hellip;]<\/p>\n","protected":false},"author":2,"featured_media":12695,"comment_status":"closed","ping_status":"closed","sticky":false,"template":"","format":"standard","meta":{"_acf_changed":false,"footnotes":""},"categories":[50,9,3244],"tags":[],"class_list":["post-12692","post","type-post","status-publish","format-standard","has-post-thumbnail","hentry","category-patologias","category-publicaciones","category-unidad-de-neumologia"],"acf":[],"yoast_head":"<!-- This site is optimized with the Yoast SEO Premium plugin v27.3 (Yoast SEO v27.3) - https:\/\/yoast.com\/product\/yoast-seo-premium-wordpress\/ -->\n<title>D\u00eda mundial del Asma: los 5 pasos para controlar los s\u00edntomas y prevenir riesgos en el futuro - Noticias Grupo Recoletas<\/title>\n<meta name=\"robots\" content=\"index, follow, max-snippet:-1, max-image-preview:large, max-video-preview:-1\" \/>\n<link rel=\"canonical\" href=\"https:\/\/www.gruporecoletas.com\/noticias\/dia-mundial-asma\/\" \/>\n<meta property=\"og:locale\" content=\"es_ES\" \/>\n<meta property=\"og:type\" content=\"article\" \/>\n<meta property=\"og:title\" content=\"D\u00eda mundial del Asma: los 5 pasos para controlar los s\u00edntomas y prevenir riesgos en el futuro\" \/>\n<meta property=\"og:description\" content=\"Autor: Dr. Juan Alfaro Masferrer \u2013 Unidad de Urgencias El pr\u00f3ximo 7 de mayo es el d\u00eda Mundial del Asma, un d\u00eda para dar visibilidad a esta enfermedad que afecta a unos 300 millones de personas alrededor del mundo (casi el 5% de la poblaci\u00f3n). El avance de la medicina moderna ha permitido reducir los [&hellip;]\" \/>\n<meta property=\"og:url\" content=\"https:\/\/www.gruporecoletas.com\/noticias\/dia-mundial-asma\/\" \/>\n<meta property=\"og:site_name\" content=\"Noticias Grupo Recoletas\" \/>\n<meta property=\"article:publisher\" content=\"https:\/\/www.facebook.com\/GrupoRecoletas\/\" \/>\n<meta property=\"article:published_time\" content=\"2019-05-02T05:21:48+00:00\" \/>\n<meta property=\"article:modified_time\" content=\"2022-03-18T10:44:41+00:00\" \/>\n<meta property=\"og:image\" content=\"https:\/\/www.gruporecoletas.com\/noticias\/wp-content\/uploads\/2019\/05\/Dia-mundial-Asma-sintomas-tratamiento.jpg\" \/>\n\t<meta property=\"og:image:width\" content=\"1000\" \/>\n\t<meta property=\"og:image:height\" content=\"667\" \/>\n\t<meta property=\"og:image:type\" content=\"image\/jpeg\" \/>\n<meta name=\"author\" content=\"Recoletas Red Hospitalaria\" \/>\n<meta name=\"twitter:card\" content=\"summary_large_image\" \/>\n<meta name=\"twitter:creator\" content=\"@GrupoRecoletas\" \/>\n<meta name=\"twitter:site\" content=\"@GrupoRecoletas\" \/>\n<meta name=\"twitter:label1\" content=\"Escrito por\" \/>\n\t<meta name=\"twitter:data1\" content=\"Recoletas Red Hospitalaria\" \/>\n\t<meta name=\"twitter:label2\" content=\"Tiempo de lectura\" \/>\n\t<meta name=\"twitter:data2\" content=\"5 minutos\" \/>\n<script type=\"application\/ld+json\" class=\"yoast-schema-graph\">{\"@context\":\"https:\\\/\\\/schema.org\",\"@graph\":[{\"@type\":\"Article\",\"@id\":\"https:\\\/\\\/www.gruporecoletas.com\\\/noticias\\\/dia-mundial-asma\\\/#article\",\"isPartOf\":{\"@id\":\"https:\\\/\\\/www.gruporecoletas.com\\\/noticias\\\/dia-mundial-asma\\\/\"},\"author\":{\"name\":\"Recoletas Red Hospitalaria\",\"@id\":\"https:\\\/\\\/www.gruporecoletas.com\\\/noticias\\\/#\\\/schema\\\/person\\\/3c6ac429828d1f5e3d3bd99f4da9b02c\"},\"headline\":\"D\u00eda mundial del Asma: los 5 pasos para controlar los s\u00edntomas y prevenir riesgos en el futuro\",\"datePublished\":\"2019-05-02T05:21:48+00:00\",\"dateModified\":\"2022-03-18T10:44:41+00:00\",\"mainEntityOfPage\":{\"@id\":\"https:\\\/\\\/www.gruporecoletas.com\\\/noticias\\\/dia-mundial-asma\\\/\"},\"wordCount\":951,\"image\":{\"@id\":\"https:\\\/\\\/www.gruporecoletas.com\\\/noticias\\\/dia-mundial-asma\\\/#primaryimage\"},\"thumbnailUrl\":\"https:\\\/\\\/www.gruporecoletas.com\\\/noticias\\\/wp-content\\\/uploads\\\/2019\\\/05\\\/Dia-mundial-Asma-sintomas-tratamiento.jpg\",\"articleSection\":[\"Patolog\u00edas\",\"Publicaciones\",\"Unidad de Neumolog\u00eda\"],\"inLanguage\":\"es\"},{\"@type\":\"WebPage\",\"@id\":\"https:\\\/\\\/www.gruporecoletas.com\\\/noticias\\\/dia-mundial-asma\\\/\",\"url\":\"https:\\\/\\\/www.gruporecoletas.com\\\/noticias\\\/dia-mundial-asma\\\/\",\"name\":\"D\u00eda mundial del Asma: los 5 pasos para controlar los s\u00edntomas y prevenir riesgos en el futuro - Noticias Grupo Recoletas\",\"isPartOf\":{\"@id\":\"https:\\\/\\\/www.gruporecoletas.com\\\/noticias\\\/#website\"},\"primaryImageOfPage\":{\"@id\":\"https:\\\/\\\/www.gruporecoletas.com\\\/noticias\\\/dia-mundial-asma\\\/#primaryimage\"},\"image\":{\"@id\":\"https:\\\/\\\/www.gruporecoletas.com\\\/noticias\\\/dia-mundial-asma\\\/#primaryimage\"},\"thumbnailUrl\":\"https:\\\/\\\/www.gruporecoletas.com\\\/noticias\\\/wp-content\\\/uploads\\\/2019\\\/05\\\/Dia-mundial-Asma-sintomas-tratamiento.jpg\",\"datePublished\":\"2019-05-02T05:21:48+00:00\",\"dateModified\":\"2022-03-18T10:44:41+00:00\",\"author\":{\"@id\":\"https:\\\/\\\/www.gruporecoletas.com\\\/noticias\\\/#\\\/schema\\\/person\\\/3c6ac429828d1f5e3d3bd99f4da9b02c\"},\"breadcrumb\":{\"@id\":\"https:\\\/\\\/www.gruporecoletas.com\\\/noticias\\\/dia-mundial-asma\\\/#breadcrumb\"},\"inLanguage\":\"es\",\"potentialAction\":[{\"@type\":\"ReadAction\",\"target\":[\"https:\\\/\\\/www.gruporecoletas.com\\\/noticias\\\/dia-mundial-asma\\\/\"]}]},{\"@type\":\"ImageObject\",\"inLanguage\":\"es\",\"@id\":\"https:\\\/\\\/www.gruporecoletas.com\\\/noticias\\\/dia-mundial-asma\\\/#primaryimage\",\"url\":\"https:\\\/\\\/www.gruporecoletas.com\\\/noticias\\\/wp-content\\\/uploads\\\/2019\\\/05\\\/Dia-mundial-Asma-sintomas-tratamiento.jpg\",\"contentUrl\":\"https:\\\/\\\/www.gruporecoletas.com\\\/noticias\\\/wp-content\\\/uploads\\\/2019\\\/05\\\/Dia-mundial-Asma-sintomas-tratamiento.jpg\",\"width\":1000,\"height\":667,\"caption\":\"Dia-mundial-Asma-sintomas-tratamiento\"},{\"@type\":\"BreadcrumbList\",\"@id\":\"https:\\\/\\\/www.gruporecoletas.com\\\/noticias\\\/dia-mundial-asma\\\/#breadcrumb\",\"itemListElement\":[{\"@type\":\"ListItem\",\"position\":1,\"name\":\"Portada\",\"item\":\"https:\\\/\\\/www.gruporecoletas.com\\\/noticias\\\/\"},{\"@type\":\"ListItem\",\"position\":2,\"name\":\"D\u00eda mundial del Asma: los 5 pasos para controlar los s\u00edntomas y prevenir riesgos en el futuro\"}]},{\"@type\":\"WebSite\",\"@id\":\"https:\\\/\\\/www.gruporecoletas.com\\\/noticias\\\/#website\",\"url\":\"https:\\\/\\\/www.gruporecoletas.com\\\/noticias\\\/\",\"name\":\"Noticias Grupo Recoletas\",\"description\":\"Grupo Recoletas\",\"potentialAction\":[{\"@type\":\"SearchAction\",\"target\":{\"@type\":\"EntryPoint\",\"urlTemplate\":\"https:\\\/\\\/www.gruporecoletas.com\\\/noticias\\\/?s={search_term_string}\"},\"query-input\":{\"@type\":\"PropertyValueSpecification\",\"valueRequired\":true,\"valueName\":\"search_term_string\"}}],\"inLanguage\":\"es\"},{\"@type\":\"Person\",\"@id\":\"https:\\\/\\\/www.gruporecoletas.com\\\/noticias\\\/#\\\/schema\\\/person\\\/3c6ac429828d1f5e3d3bd99f4da9b02c\",\"name\":\"Recoletas Red Hospitalaria\",\"url\":\"https:\\\/\\\/www.gruporecoletas.com\\\/noticias\\\/author\\\/comunicacion\\\/\"}]}<\/script>\n<!-- \/ Yoast SEO Premium plugin. -->","yoast_head_json":{"title":"D\u00eda mundial del Asma: los 5 pasos para controlar los s\u00edntomas y prevenir riesgos en el futuro - Noticias Grupo Recoletas","robots":{"index":"index","follow":"follow","max-snippet":"max-snippet:-1","max-image-preview":"max-image-preview:large","max-video-preview":"max-video-preview:-1"},"canonical":"https:\/\/www.gruporecoletas.com\/noticias\/dia-mundial-asma\/","og_locale":"es_ES","og_type":"article","og_title":"D\u00eda mundial del Asma: los 5 pasos para controlar los s\u00edntomas y prevenir riesgos en el futuro","og_description":"Autor: Dr. Juan Alfaro Masferrer \u2013 Unidad de Urgencias El pr\u00f3ximo 7 de mayo es el d\u00eda Mundial del Asma, un d\u00eda para dar visibilidad a esta enfermedad que afecta a unos 300 millones de personas alrededor del mundo (casi el 5% de la poblaci\u00f3n). El avance de la medicina moderna ha permitido reducir los [&hellip;]","og_url":"https:\/\/www.gruporecoletas.com\/noticias\/dia-mundial-asma\/","og_site_name":"Noticias Grupo Recoletas","article_publisher":"https:\/\/www.facebook.com\/GrupoRecoletas\/","article_published_time":"2019-05-02T05:21:48+00:00","article_modified_time":"2022-03-18T10:44:41+00:00","og_image":[{"width":1000,"height":667,"url":"https:\/\/www.gruporecoletas.com\/noticias\/wp-content\/uploads\/2019\/05\/Dia-mundial-Asma-sintomas-tratamiento.jpg","type":"image\/jpeg"}],"author":"Recoletas Red Hospitalaria","twitter_card":"summary_large_image","twitter_creator":"@GrupoRecoletas","twitter_site":"@GrupoRecoletas","twitter_misc":{"Escrito por":"Recoletas Red Hospitalaria","Tiempo de lectura":"5 minutos"},"schema":{"@context":"https:\/\/schema.org","@graph":[{"@type":"Article","@id":"https:\/\/www.gruporecoletas.com\/noticias\/dia-mundial-asma\/#article","isPartOf":{"@id":"https:\/\/www.gruporecoletas.com\/noticias\/dia-mundial-asma\/"},"author":{"name":"Recoletas Red Hospitalaria","@id":"https:\/\/www.gruporecoletas.com\/noticias\/#\/schema\/person\/3c6ac429828d1f5e3d3bd99f4da9b02c"},"headline":"D\u00eda mundial del Asma: los 5 pasos para controlar los s\u00edntomas y prevenir riesgos en el futuro","datePublished":"2019-05-02T05:21:48+00:00","dateModified":"2022-03-18T10:44:41+00:00","mainEntityOfPage":{"@id":"https:\/\/www.gruporecoletas.com\/noticias\/dia-mundial-asma\/"},"wordCount":951,"image":{"@id":"https:\/\/www.gruporecoletas.com\/noticias\/dia-mundial-asma\/#primaryimage"},"thumbnailUrl":"https:\/\/www.gruporecoletas.com\/noticias\/wp-content\/uploads\/2019\/05\/Dia-mundial-Asma-sintomas-tratamiento.jpg","articleSection":["Patolog\u00edas","Publicaciones","Unidad de Neumolog\u00eda"],"inLanguage":"es"},{"@type":"WebPage","@id":"https:\/\/www.gruporecoletas.com\/noticias\/dia-mundial-asma\/","url":"https:\/\/www.gruporecoletas.com\/noticias\/dia-mundial-asma\/","name":"D\u00eda mundial del Asma: los 5 pasos para controlar los s\u00edntomas y prevenir riesgos en el futuro - Noticias Grupo Recoletas","isPartOf":{"@id":"https:\/\/www.gruporecoletas.com\/noticias\/#website"},"primaryImageOfPage":{"@id":"https:\/\/www.gruporecoletas.com\/noticias\/dia-mundial-asma\/#primaryimage"},"image":{"@id":"https:\/\/www.gruporecoletas.com\/noticias\/dia-mundial-asma\/#primaryimage"},"thumbnailUrl":"https:\/\/www.gruporecoletas.com\/noticias\/wp-content\/uploads\/2019\/05\/Dia-mundial-Asma-sintomas-tratamiento.jpg","datePublished":"2019-05-02T05:21:48+00:00","dateModified":"2022-03-18T10:44:41+00:00","author":{"@id":"https:\/\/www.gruporecoletas.com\/noticias\/#\/schema\/person\/3c6ac429828d1f5e3d3bd99f4da9b02c"},"breadcrumb":{"@id":"https:\/\/www.gruporecoletas.com\/noticias\/dia-mundial-asma\/#breadcrumb"},"inLanguage":"es","potentialAction":[{"@type":"ReadAction","target":["https:\/\/www.gruporecoletas.com\/noticias\/dia-mundial-asma\/"]}]},{"@type":"ImageObject","inLanguage":"es","@id":"https:\/\/www.gruporecoletas.com\/noticias\/dia-mundial-asma\/#primaryimage","url":"https:\/\/www.gruporecoletas.com\/noticias\/wp-content\/uploads\/2019\/05\/Dia-mundial-Asma-sintomas-tratamiento.jpg","contentUrl":"https:\/\/www.gruporecoletas.com\/noticias\/wp-content\/uploads\/2019\/05\/Dia-mundial-Asma-sintomas-tratamiento.jpg","width":1000,"height":667,"caption":"Dia-mundial-Asma-sintomas-tratamiento"},{"@type":"BreadcrumbList","@id":"https:\/\/www.gruporecoletas.com\/noticias\/dia-mundial-asma\/#breadcrumb","itemListElement":[{"@type":"ListItem","position":1,"name":"Portada","item":"https:\/\/www.gruporecoletas.com\/noticias\/"},{"@type":"ListItem","position":2,"name":"D\u00eda mundial del Asma: los 5 pasos para controlar los s\u00edntomas y prevenir riesgos en el futuro"}]},{"@type":"WebSite","@id":"https:\/\/www.gruporecoletas.com\/noticias\/#website","url":"https:\/\/www.gruporecoletas.com\/noticias\/","name":"Noticias Grupo Recoletas","description":"Grupo Recoletas","potentialAction":[{"@type":"SearchAction","target":{"@type":"EntryPoint","urlTemplate":"https:\/\/www.gruporecoletas.com\/noticias\/?s={search_term_string}"},"query-input":{"@type":"PropertyValueSpecification","valueRequired":true,"valueName":"search_term_string"}}],"inLanguage":"es"},{"@type":"Person","@id":"https:\/\/www.gruporecoletas.com\/noticias\/#\/schema\/person\/3c6ac429828d1f5e3d3bd99f4da9b02c","name":"Recoletas Red Hospitalaria","url":"https:\/\/www.gruporecoletas.com\/noticias\/author\/comunicacion\/"}]}},"_links":{"self":[{"href":"https:\/\/www.gruporecoletas.com\/noticias\/wp-json\/wp\/v2\/posts\/12692","targetHints":{"allow":["GET"]}}],"collection":[{"href":"https:\/\/www.gruporecoletas.com\/noticias\/wp-json\/wp\/v2\/posts"}],"about":[{"href":"https:\/\/www.gruporecoletas.com\/noticias\/wp-json\/wp\/v2\/types\/post"}],"author":[{"embeddable":true,"href":"https:\/\/www.gruporecoletas.com\/noticias\/wp-json\/wp\/v2\/users\/2"}],"replies":[{"embeddable":true,"href":"https:\/\/www.gruporecoletas.com\/noticias\/wp-json\/wp\/v2\/comments?post=12692"}],"version-history":[{"count":2,"href":"https:\/\/www.gruporecoletas.com\/noticias\/wp-json\/wp\/v2\/posts\/12692\/revisions"}],"predecessor-version":[{"id":13128,"href":"https:\/\/www.gruporecoletas.com\/noticias\/wp-json\/wp\/v2\/posts\/12692\/revisions\/13128"}],"wp:featuredmedia":[{"embeddable":true,"href":"https:\/\/www.gruporecoletas.com\/noticias\/wp-json\/wp\/v2\/media\/12695"}],"wp:attachment":[{"href":"https:\/\/www.gruporecoletas.com\/noticias\/wp-json\/wp\/v2\/media?parent=12692"}],"wp:term":[{"taxonomy":"category","embeddable":true,"href":"https:\/\/www.gruporecoletas.com\/noticias\/wp-json\/wp\/v2\/categories?post=12692"},{"taxonomy":"post_tag","embeddable":true,"href":"https:\/\/www.gruporecoletas.com\/noticias\/wp-json\/wp\/v2\/tags?post=12692"}],"curies":[{"name":"wp","href":"https:\/\/api.w.org\/{rel}","templated":true}]}}