{"id":12713,"date":"2019-04-08T09:33:14","date_gmt":"2019-04-08T09:33:14","guid":{"rendered":"https:\/\/www.gruporecoletas.com\/noticias\/?p=12713"},"modified":"2019-05-20T09:45:02","modified_gmt":"2019-05-20T09:45:02","slug":"el-teatro-calderon-acogio-a-expertos-oftalmologos-para-debatir-sobre-cirugia-de-catarata-y-sus-patologias-asociadas","status":"publish","type":"post","link":"https:\/\/www.gruporecoletas.com\/noticias\/el-teatro-calderon-acogio-a-expertos-oftalmologos-para-debatir-sobre-cirugia-de-catarata-y-sus-patologias-asociadas\/","title":{"rendered":"El Teatro Calder\u00f3n acogi\u00f3 a expertos oftalm\u00f3logos para debatir sobre cirug\u00eda de catarata y sus patolog\u00edas asociadas"},"content":{"rendered":"\n<p>La guinda del pastel del I Congreso Instituto Oftalmol\u00f3gico Recoletas &#8216;Complicando la catarata&#8217; la puso el bloque cinco de la jornada, denominado &#8216;\u00bfAmigos o enemigos?&#8217;, con el que se clausuraron las conferencias.&nbsp;<strong>En este bloque las ponencias de los expertos versaron sobre las nuevas tecnolog\u00edas y herramientas para el tratamiento de las cataratas y las lentes&nbsp;<\/strong>elegidas de una manera personalizada seg\u00fan la necesidad cada paciente.<\/p>\n\n\n\n<p>Fue el doctor Javier Mendicute, del Hospital Universitario de Donostia e Inova Ocular Begitek, el que abri\u00f3 la sesi\u00f3n con su exposici\u00f3n &#8216;L\u00e1ser femtosegundo en cataratas: presente y futuro&#8217;.<\/p>\n\n\n\n<blockquote class=\"wp-block-quote is-layout-flow wp-block-quote-is-layout-flow\"><p><strong>\u00abEn el a\u00f1o 2017 hab\u00eda 2.000 l\u00e1seres, la mitad de ellos se encontraban en Estados Unidos\u00bb<\/strong><\/p><\/blockquote>\n\n\n\n<p><strong>Este l\u00e1ser es el m\u00e1s preciso que existe actualmente en la cirug\u00eda ocular,<\/strong>&nbsp;y proporciona rapidez y seguridad a los profesionales. El l\u00e1ser de femtosegundo trabaja en millon\u00e9simas de segundo y, adem\u00e1s, reproduce con exactitud microm\u00e9trica las maniobras quir\u00fargicas que el cirujano ha dise\u00f1ado previamente en el ordenador.<\/p>\n\n\n\n<p>Este l\u00e1ser se introdujo en el 2008 en las operaciones de cataratas, \u00aben el a\u00f1o 2008 Nagy tiene la ocasi\u00f3n de utilizar el femtosegundo en cirug\u00eda de cataratas en humanos y, un a\u00f1o despu\u00e9s, consigue la aprobaci\u00f3n de la FDA (agencia del gobierno de los Estados Unidos responsable de la regulaci\u00f3n de alimentos, medicamentos y aparatos m\u00e9dicos entre otros) por lo que en 2010 se produce en Estados Unidos la primera intervenci\u00f3n con esta t\u00e9cnica\u00bb, explicaba el doctor Mendicute.<\/p>\n\n\n\n<p>Asimismo, el experto aseguraba que \u00abla realidad es que exist\u00edan 2.000 l\u00e1seres de este tipo en el a\u00f1o 2017,<strong>&nbsp;que la mitad de ellos estaban en EE UU y que el 50% de los oftalm\u00f3logos de este pa\u00eds lo han incorporado a sus t\u00e9cnicas habituales\u00bb.<\/strong><\/p>\n\n\n\n<blockquote class=\"wp-block-quote is-layout-flow wp-block-quote-is-layout-flow\"><p><strong>Un 70% de los pacientes operados tienen m\u00e1s de 0,5 dioptr\u00edas de astigmatismo<\/strong><\/p><\/blockquote>\n\n\n\n<p>Esta tecnolog\u00eda habilita un sistema de navegaci\u00f3n guiado por imagen, que permite identificar las estructuras oculares, como la c\u00f3rnea, la pupila o el cristalino, y desarrolla maniobras incre\u00edblemente precisas. El l\u00e1ser, con su precisi\u00f3n microm\u00e9trica, permite eliminar el factor humano en una buena parte de la cirug\u00eda de la catarata.&nbsp;<strong>\u00abEl l\u00e1ser presenta ventajas frente al ultrasonido, disminuyendo la energ\u00eda empleada, y permite cortes muy precisos sin da\u00f1ar los tejidos adyacentes\u00bb, aseguraba el doctor.<\/strong><\/p>\n\n\n\n<h3 class=\"wp-block-heading\">Resultados cl\u00ednicos<\/h3>\n\n\n\n<p>Los resultados cl\u00ednicos arrojan que esta t\u00e9cnica otorga una perfecta precisi\u00f3n, con una excelente resistencia de los tejidos tratados y un perfecto centrado,&nbsp;<strong>que mejora cada vez m\u00e1s con las nuevas generaciones de l\u00e1seres.<\/strong><\/p>\n\n\n\n<p>El doctor Francisco J. Castro, del Hospital de Alca\u00f1iz, fue el siguiente en pasar al estrado para hablar de las &#8216;Lentes t\u00f3ricas y cirug\u00eda de cataratas con astigmatismos medio y alto, los mejores amigos&#8217;.<\/p>\n\n\n\n<p>El astigmatismo residual tras la cirug\u00eda de cataratas tiene un impacto visual y de calidad de vida para los pacientes que lo padecen. Las lentes t\u00f3ricas son una opci\u00f3n excelente para la compensaci\u00f3n de este defecto refractivo. \u00ab<strong>Los requisitos indispensables para que estas lentes sean de una gran ayuda son conocer de manera adecuada ciertos factores<\/strong>&nbsp;\u2013como la medida exacta preoperatoria\u2013, conocer el astigmatismo inducido por las incisiones y disponer de lentes con comportamientos predecibles en el interior del ojo. La compensaci\u00f3n del astigmatismo ofrece una mejor calidad visual y puede verse beneficiado de la ayuda del l\u00e1ser de femtosegundo\u00bb, explicaba el galeno.<\/p>\n\n\n\n<p>La prevalencia del astigmatismo&nbsp;<strong>asociado a la cirug\u00eda de cataratas es de m\u00e1s del 70% de pacientes, si se consideran aquellos con m\u00e1s de 0,5 dioptr\u00edas, o de un 46,52% si el punto de corte es una dioptr\u00eda.&nbsp;<\/strong>El porcentaje disminuye al 25% cuando se trata de pacientes con una dioptr\u00eda y media de astigmatismo o m\u00e1s.<\/p>\n\n\n\n<p>\u00abPara conseguir un buen resultado hay que realizar un buen c\u00e1lculo, realizar una cirug\u00eda correcta y elegir una buena plataforma t\u00f3rica, p<strong>ara finalizar con un correcto seguimiento post quir\u00fargico\u00bb,<\/strong>&nbsp;continuaba Castro.<\/p>\n\n\n\n<p>Del mismo modo, hizo especial hincapi\u00e9 tambi\u00e9n en la necesidad de elegir un buen sistema de marcado del ojo del paciente, para poder llevar a cabo una correcta orientaci\u00f3n de la lente t\u00f3rica, y que le ayude a recuperar agudeza visual y mejorar su calidad de visi\u00f3n.<\/p>\n\n\n\n<figure class=\"wp-block-embed-youtube wp-block-embed is-type-video is-provider-youtube wp-embed-aspect-16-9 wp-has-aspect-ratio\"><div class=\"wp-block-embed__wrapper\">\n<iframe loading=\"lazy\" title=\"El programa Vamos a Ver visita el I Congreso Instituto Oftalmol\u00f3gico Recoletas\" width=\"500\" height=\"281\" src=\"https:\/\/www.youtube.com\/embed\/Nq6r3vMT6ns?feature=oembed\" frameborder=\"0\" allow=\"accelerometer; autoplay; clipboard-write; encrypted-media; gyroscope; picture-in-picture; web-share\" referrerpolicy=\"strict-origin-when-cross-origin\" allowfullscreen><\/iframe>\n<\/div><\/figure>\n","protected":false},"excerpt":{"rendered":"<p>La guinda del pastel del I Congreso Instituto Oftalmol\u00f3gico Recoletas &#8216;Complicando la catarata&#8217; la puso el bloque cinco de la jornada, denominado &#8216;\u00bfAmigos o enemigos?&#8217;, con el que se clausuraron las conferencias.&nbsp;En este bloque las ponencias de los expertos versaron sobre las nuevas tecnolog\u00edas y herramientas para el tratamiento de las cataratas y las lentes&nbsp;elegidas [&hellip;]<\/p>\n","protected":false},"author":2,"featured_media":12714,"comment_status":"closed","ping_status":"closed","sticky":false,"template":"","format":"standard","meta":{"_acf_changed":false,"footnotes":""},"categories":[700],"tags":[],"class_list":["post-12713","post","type-post","status-publish","format-standard","has-post-thumbnail","hentry","category-instituto-oftalmologico-recoletas"],"acf":[],"yoast_head":"<!-- This site is optimized with the Yoast SEO Premium plugin v27.3 (Yoast SEO v27.3) - https:\/\/yoast.com\/product\/yoast-seo-premium-wordpress\/ -->\n<title>El Teatro Calder\u00f3n acogi\u00f3 a expertos oftalm\u00f3logos para debatir sobre cirug\u00eda de catarata y sus patolog\u00edas asociadas - Noticias Grupo Recoletas<\/title>\n<meta name=\"robots\" content=\"index, follow, max-snippet:-1, max-image-preview:large, max-video-preview:-1\" \/>\n<link rel=\"canonical\" href=\"https:\/\/www.gruporecoletas.com\/noticias\/el-teatro-calderon-acogio-a-expertos-oftalmologos-para-debatir-sobre-cirugia-de-catarata-y-sus-patologias-asociadas\/\" \/>\n<meta property=\"og:locale\" content=\"es_ES\" \/>\n<meta property=\"og:type\" content=\"article\" \/>\n<meta property=\"og:title\" content=\"El Teatro Calder\u00f3n acogi\u00f3 a expertos oftalm\u00f3logos para debatir sobre cirug\u00eda de catarata y sus patolog\u00edas asociadas\" \/>\n<meta property=\"og:description\" content=\"La guinda del pastel del I Congreso Instituto Oftalmol\u00f3gico Recoletas &#8216;Complicando la catarata&#8217; la puso el bloque cinco de la jornada, denominado &#8216;\u00bfAmigos o enemigos?&#8217;, con el que se clausuraron las conferencias.&nbsp;En este bloque las ponencias de los expertos versaron sobre las nuevas tecnolog\u00edas y herramientas para el tratamiento de las cataratas y las lentes&nbsp;elegidas [&hellip;]\" \/>\n<meta property=\"og:url\" content=\"https:\/\/www.gruporecoletas.com\/noticias\/el-teatro-calderon-acogio-a-expertos-oftalmologos-para-debatir-sobre-cirugia-de-catarata-y-sus-patologias-asociadas\/\" \/>\n<meta property=\"og:site_name\" content=\"Noticias Grupo Recoletas\" \/>\n<meta property=\"article:publisher\" content=\"https:\/\/www.facebook.com\/GrupoRecoletas\/\" \/>\n<meta property=\"article:published_time\" content=\"2019-04-08T09:33:14+00:00\" \/>\n<meta property=\"article:modified_time\" content=\"2019-05-20T09:45:02+00:00\" \/>\n<meta property=\"og:image\" content=\"https:\/\/www.gruporecoletas.com\/noticias\/wp-content\/uploads\/2019\/05\/DSC_0238.jpg\" \/>\n\t<meta property=\"og:image:width\" content=\"1400\" \/>\n\t<meta property=\"og:image:height\" content=\"933\" \/>\n\t<meta property=\"og:image:type\" content=\"image\/jpeg\" \/>\n<meta name=\"author\" content=\"Recoletas Red Hospitalaria\" \/>\n<meta name=\"twitter:card\" content=\"summary_large_image\" \/>\n<meta name=\"twitter:creator\" content=\"@GrupoRecoletas\" \/>\n<meta name=\"twitter:site\" content=\"@GrupoRecoletas\" \/>\n<meta name=\"twitter:label1\" content=\"Escrito por\" \/>\n\t<meta name=\"twitter:data1\" content=\"Recoletas Red Hospitalaria\" \/>\n\t<meta name=\"twitter:label2\" content=\"Tiempo de lectura\" \/>\n\t<meta name=\"twitter:data2\" content=\"4 minutos\" \/>\n<script type=\"application\/ld+json\" class=\"yoast-schema-graph\">{\"@context\":\"https:\\\/\\\/schema.org\",\"@graph\":[{\"@type\":\"Article\",\"@id\":\"https:\\\/\\\/www.gruporecoletas.com\\\/noticias\\\/el-teatro-calderon-acogio-a-expertos-oftalmologos-para-debatir-sobre-cirugia-de-catarata-y-sus-patologias-asociadas\\\/#article\",\"isPartOf\":{\"@id\":\"https:\\\/\\\/www.gruporecoletas.com\\\/noticias\\\/el-teatro-calderon-acogio-a-expertos-oftalmologos-para-debatir-sobre-cirugia-de-catarata-y-sus-patologias-asociadas\\\/\"},\"author\":{\"name\":\"Recoletas Red Hospitalaria\",\"@id\":\"https:\\\/\\\/www.gruporecoletas.com\\\/noticias\\\/#\\\/schema\\\/person\\\/3c6ac429828d1f5e3d3bd99f4da9b02c\"},\"headline\":\"El Teatro Calder\u00f3n acogi\u00f3 a expertos oftalm\u00f3logos para debatir sobre cirug\u00eda de catarata y sus patolog\u00edas asociadas\",\"datePublished\":\"2019-04-08T09:33:14+00:00\",\"dateModified\":\"2019-05-20T09:45:02+00:00\",\"mainEntityOfPage\":{\"@id\":\"https:\\\/\\\/www.gruporecoletas.com\\\/noticias\\\/el-teatro-calderon-acogio-a-expertos-oftalmologos-para-debatir-sobre-cirugia-de-catarata-y-sus-patologias-asociadas\\\/\"},\"wordCount\":785,\"image\":{\"@id\":\"https:\\\/\\\/www.gruporecoletas.com\\\/noticias\\\/el-teatro-calderon-acogio-a-expertos-oftalmologos-para-debatir-sobre-cirugia-de-catarata-y-sus-patologias-asociadas\\\/#primaryimage\"},\"thumbnailUrl\":\"https:\\\/\\\/www.gruporecoletas.com\\\/noticias\\\/wp-content\\\/uploads\\\/2019\\\/05\\\/DSC_0238.jpg\",\"articleSection\":[\"Instituto Oftalmol\u00f3gico\"],\"inLanguage\":\"es\"},{\"@type\":\"WebPage\",\"@id\":\"https:\\\/\\\/www.gruporecoletas.com\\\/noticias\\\/el-teatro-calderon-acogio-a-expertos-oftalmologos-para-debatir-sobre-cirugia-de-catarata-y-sus-patologias-asociadas\\\/\",\"url\":\"https:\\\/\\\/www.gruporecoletas.com\\\/noticias\\\/el-teatro-calderon-acogio-a-expertos-oftalmologos-para-debatir-sobre-cirugia-de-catarata-y-sus-patologias-asociadas\\\/\",\"name\":\"El Teatro Calder\u00f3n acogi\u00f3 a expertos oftalm\u00f3logos para debatir sobre cirug\u00eda de catarata y sus patolog\u00edas asociadas - Noticias Grupo Recoletas\",\"isPartOf\":{\"@id\":\"https:\\\/\\\/www.gruporecoletas.com\\\/noticias\\\/#website\"},\"primaryImageOfPage\":{\"@id\":\"https:\\\/\\\/www.gruporecoletas.com\\\/noticias\\\/el-teatro-calderon-acogio-a-expertos-oftalmologos-para-debatir-sobre-cirugia-de-catarata-y-sus-patologias-asociadas\\\/#primaryimage\"},\"image\":{\"@id\":\"https:\\\/\\\/www.gruporecoletas.com\\\/noticias\\\/el-teatro-calderon-acogio-a-expertos-oftalmologos-para-debatir-sobre-cirugia-de-catarata-y-sus-patologias-asociadas\\\/#primaryimage\"},\"thumbnailUrl\":\"https:\\\/\\\/www.gruporecoletas.com\\\/noticias\\\/wp-content\\\/uploads\\\/2019\\\/05\\\/DSC_0238.jpg\",\"datePublished\":\"2019-04-08T09:33:14+00:00\",\"dateModified\":\"2019-05-20T09:45:02+00:00\",\"author\":{\"@id\":\"https:\\\/\\\/www.gruporecoletas.com\\\/noticias\\\/#\\\/schema\\\/person\\\/3c6ac429828d1f5e3d3bd99f4da9b02c\"},\"breadcrumb\":{\"@id\":\"https:\\\/\\\/www.gruporecoletas.com\\\/noticias\\\/el-teatro-calderon-acogio-a-expertos-oftalmologos-para-debatir-sobre-cirugia-de-catarata-y-sus-patologias-asociadas\\\/#breadcrumb\"},\"inLanguage\":\"es\",\"potentialAction\":[{\"@type\":\"ReadAction\",\"target\":[\"https:\\\/\\\/www.gruporecoletas.com\\\/noticias\\\/el-teatro-calderon-acogio-a-expertos-oftalmologos-para-debatir-sobre-cirugia-de-catarata-y-sus-patologias-asociadas\\\/\"]}]},{\"@type\":\"ImageObject\",\"inLanguage\":\"es\",\"@id\":\"https:\\\/\\\/www.gruporecoletas.com\\\/noticias\\\/el-teatro-calderon-acogio-a-expertos-oftalmologos-para-debatir-sobre-cirugia-de-catarata-y-sus-patologias-asociadas\\\/#primaryimage\",\"url\":\"https:\\\/\\\/www.gruporecoletas.com\\\/noticias\\\/wp-content\\\/uploads\\\/2019\\\/05\\\/DSC_0238.jpg\",\"contentUrl\":\"https:\\\/\\\/www.gruporecoletas.com\\\/noticias\\\/wp-content\\\/uploads\\\/2019\\\/05\\\/DSC_0238.jpg\",\"width\":1400,\"height\":933},{\"@type\":\"BreadcrumbList\",\"@id\":\"https:\\\/\\\/www.gruporecoletas.com\\\/noticias\\\/el-teatro-calderon-acogio-a-expertos-oftalmologos-para-debatir-sobre-cirugia-de-catarata-y-sus-patologias-asociadas\\\/#breadcrumb\",\"itemListElement\":[{\"@type\":\"ListItem\",\"position\":1,\"name\":\"Portada\",\"item\":\"https:\\\/\\\/www.gruporecoletas.com\\\/noticias\\\/\"},{\"@type\":\"ListItem\",\"position\":2,\"name\":\"El Teatro Calder\u00f3n acogi\u00f3 a expertos oftalm\u00f3logos para debatir sobre cirug\u00eda de catarata y sus patolog\u00edas asociadas\"}]},{\"@type\":\"WebSite\",\"@id\":\"https:\\\/\\\/www.gruporecoletas.com\\\/noticias\\\/#website\",\"url\":\"https:\\\/\\\/www.gruporecoletas.com\\\/noticias\\\/\",\"name\":\"Noticias Grupo Recoletas\",\"description\":\"Grupo Recoletas\",\"potentialAction\":[{\"@type\":\"SearchAction\",\"target\":{\"@type\":\"EntryPoint\",\"urlTemplate\":\"https:\\\/\\\/www.gruporecoletas.com\\\/noticias\\\/?s={search_term_string}\"},\"query-input\":{\"@type\":\"PropertyValueSpecification\",\"valueRequired\":true,\"valueName\":\"search_term_string\"}}],\"inLanguage\":\"es\"},{\"@type\":\"Person\",\"@id\":\"https:\\\/\\\/www.gruporecoletas.com\\\/noticias\\\/#\\\/schema\\\/person\\\/3c6ac429828d1f5e3d3bd99f4da9b02c\",\"name\":\"Recoletas Red Hospitalaria\",\"url\":\"https:\\\/\\\/www.gruporecoletas.com\\\/noticias\\\/author\\\/comunicacion\\\/\"}]}<\/script>\n<!-- \/ Yoast SEO Premium plugin. -->","yoast_head_json":{"title":"El Teatro Calder\u00f3n acogi\u00f3 a expertos oftalm\u00f3logos para debatir sobre cirug\u00eda de catarata y sus patolog\u00edas asociadas - Noticias Grupo Recoletas","robots":{"index":"index","follow":"follow","max-snippet":"max-snippet:-1","max-image-preview":"max-image-preview:large","max-video-preview":"max-video-preview:-1"},"canonical":"https:\/\/www.gruporecoletas.com\/noticias\/el-teatro-calderon-acogio-a-expertos-oftalmologos-para-debatir-sobre-cirugia-de-catarata-y-sus-patologias-asociadas\/","og_locale":"es_ES","og_type":"article","og_title":"El Teatro Calder\u00f3n acogi\u00f3 a expertos oftalm\u00f3logos para debatir sobre cirug\u00eda de catarata y sus patolog\u00edas asociadas","og_description":"La guinda del pastel del I Congreso Instituto Oftalmol\u00f3gico Recoletas &#8216;Complicando la catarata&#8217; la puso el bloque cinco de la jornada, denominado &#8216;\u00bfAmigos o enemigos?&#8217;, con el que se clausuraron las conferencias.&nbsp;En este bloque las ponencias de los expertos versaron sobre las nuevas tecnolog\u00edas y herramientas para el tratamiento de las cataratas y las lentes&nbsp;elegidas [&hellip;]","og_url":"https:\/\/www.gruporecoletas.com\/noticias\/el-teatro-calderon-acogio-a-expertos-oftalmologos-para-debatir-sobre-cirugia-de-catarata-y-sus-patologias-asociadas\/","og_site_name":"Noticias Grupo Recoletas","article_publisher":"https:\/\/www.facebook.com\/GrupoRecoletas\/","article_published_time":"2019-04-08T09:33:14+00:00","article_modified_time":"2019-05-20T09:45:02+00:00","og_image":[{"width":1400,"height":933,"url":"https:\/\/www.gruporecoletas.com\/noticias\/wp-content\/uploads\/2019\/05\/DSC_0238.jpg","type":"image\/jpeg"}],"author":"Recoletas Red Hospitalaria","twitter_card":"summary_large_image","twitter_creator":"@GrupoRecoletas","twitter_site":"@GrupoRecoletas","twitter_misc":{"Escrito por":"Recoletas Red Hospitalaria","Tiempo de lectura":"4 minutos"},"schema":{"@context":"https:\/\/schema.org","@graph":[{"@type":"Article","@id":"https:\/\/www.gruporecoletas.com\/noticias\/el-teatro-calderon-acogio-a-expertos-oftalmologos-para-debatir-sobre-cirugia-de-catarata-y-sus-patologias-asociadas\/#article","isPartOf":{"@id":"https:\/\/www.gruporecoletas.com\/noticias\/el-teatro-calderon-acogio-a-expertos-oftalmologos-para-debatir-sobre-cirugia-de-catarata-y-sus-patologias-asociadas\/"},"author":{"name":"Recoletas Red Hospitalaria","@id":"https:\/\/www.gruporecoletas.com\/noticias\/#\/schema\/person\/3c6ac429828d1f5e3d3bd99f4da9b02c"},"headline":"El Teatro Calder\u00f3n acogi\u00f3 a expertos oftalm\u00f3logos para debatir sobre cirug\u00eda de catarata y sus patolog\u00edas asociadas","datePublished":"2019-04-08T09:33:14+00:00","dateModified":"2019-05-20T09:45:02+00:00","mainEntityOfPage":{"@id":"https:\/\/www.gruporecoletas.com\/noticias\/el-teatro-calderon-acogio-a-expertos-oftalmologos-para-debatir-sobre-cirugia-de-catarata-y-sus-patologias-asociadas\/"},"wordCount":785,"image":{"@id":"https:\/\/www.gruporecoletas.com\/noticias\/el-teatro-calderon-acogio-a-expertos-oftalmologos-para-debatir-sobre-cirugia-de-catarata-y-sus-patologias-asociadas\/#primaryimage"},"thumbnailUrl":"https:\/\/www.gruporecoletas.com\/noticias\/wp-content\/uploads\/2019\/05\/DSC_0238.jpg","articleSection":["Instituto Oftalmol\u00f3gico"],"inLanguage":"es"},{"@type":"WebPage","@id":"https:\/\/www.gruporecoletas.com\/noticias\/el-teatro-calderon-acogio-a-expertos-oftalmologos-para-debatir-sobre-cirugia-de-catarata-y-sus-patologias-asociadas\/","url":"https:\/\/www.gruporecoletas.com\/noticias\/el-teatro-calderon-acogio-a-expertos-oftalmologos-para-debatir-sobre-cirugia-de-catarata-y-sus-patologias-asociadas\/","name":"El Teatro Calder\u00f3n acogi\u00f3 a expertos oftalm\u00f3logos para debatir sobre cirug\u00eda de catarata y sus patolog\u00edas asociadas - Noticias Grupo Recoletas","isPartOf":{"@id":"https:\/\/www.gruporecoletas.com\/noticias\/#website"},"primaryImageOfPage":{"@id":"https:\/\/www.gruporecoletas.com\/noticias\/el-teatro-calderon-acogio-a-expertos-oftalmologos-para-debatir-sobre-cirugia-de-catarata-y-sus-patologias-asociadas\/#primaryimage"},"image":{"@id":"https:\/\/www.gruporecoletas.com\/noticias\/el-teatro-calderon-acogio-a-expertos-oftalmologos-para-debatir-sobre-cirugia-de-catarata-y-sus-patologias-asociadas\/#primaryimage"},"thumbnailUrl":"https:\/\/www.gruporecoletas.com\/noticias\/wp-content\/uploads\/2019\/05\/DSC_0238.jpg","datePublished":"2019-04-08T09:33:14+00:00","dateModified":"2019-05-20T09:45:02+00:00","author":{"@id":"https:\/\/www.gruporecoletas.com\/noticias\/#\/schema\/person\/3c6ac429828d1f5e3d3bd99f4da9b02c"},"breadcrumb":{"@id":"https:\/\/www.gruporecoletas.com\/noticias\/el-teatro-calderon-acogio-a-expertos-oftalmologos-para-debatir-sobre-cirugia-de-catarata-y-sus-patologias-asociadas\/#breadcrumb"},"inLanguage":"es","potentialAction":[{"@type":"ReadAction","target":["https:\/\/www.gruporecoletas.com\/noticias\/el-teatro-calderon-acogio-a-expertos-oftalmologos-para-debatir-sobre-cirugia-de-catarata-y-sus-patologias-asociadas\/"]}]},{"@type":"ImageObject","inLanguage":"es","@id":"https:\/\/www.gruporecoletas.com\/noticias\/el-teatro-calderon-acogio-a-expertos-oftalmologos-para-debatir-sobre-cirugia-de-catarata-y-sus-patologias-asociadas\/#primaryimage","url":"https:\/\/www.gruporecoletas.com\/noticias\/wp-content\/uploads\/2019\/05\/DSC_0238.jpg","contentUrl":"https:\/\/www.gruporecoletas.com\/noticias\/wp-content\/uploads\/2019\/05\/DSC_0238.jpg","width":1400,"height":933},{"@type":"BreadcrumbList","@id":"https:\/\/www.gruporecoletas.com\/noticias\/el-teatro-calderon-acogio-a-expertos-oftalmologos-para-debatir-sobre-cirugia-de-catarata-y-sus-patologias-asociadas\/#breadcrumb","itemListElement":[{"@type":"ListItem","position":1,"name":"Portada","item":"https:\/\/www.gruporecoletas.com\/noticias\/"},{"@type":"ListItem","position":2,"name":"El Teatro Calder\u00f3n acogi\u00f3 a expertos oftalm\u00f3logos para debatir sobre cirug\u00eda de catarata y sus patolog\u00edas asociadas"}]},{"@type":"WebSite","@id":"https:\/\/www.gruporecoletas.com\/noticias\/#website","url":"https:\/\/www.gruporecoletas.com\/noticias\/","name":"Noticias Grupo Recoletas","description":"Grupo Recoletas","potentialAction":[{"@type":"SearchAction","target":{"@type":"EntryPoint","urlTemplate":"https:\/\/www.gruporecoletas.com\/noticias\/?s={search_term_string}"},"query-input":{"@type":"PropertyValueSpecification","valueRequired":true,"valueName":"search_term_string"}}],"inLanguage":"es"},{"@type":"Person","@id":"https:\/\/www.gruporecoletas.com\/noticias\/#\/schema\/person\/3c6ac429828d1f5e3d3bd99f4da9b02c","name":"Recoletas Red Hospitalaria","url":"https:\/\/www.gruporecoletas.com\/noticias\/author\/comunicacion\/"}]}},"_links":{"self":[{"href":"https:\/\/www.gruporecoletas.com\/noticias\/wp-json\/wp\/v2\/posts\/12713","targetHints":{"allow":["GET"]}}],"collection":[{"href":"https:\/\/www.gruporecoletas.com\/noticias\/wp-json\/wp\/v2\/posts"}],"about":[{"href":"https:\/\/www.gruporecoletas.com\/noticias\/wp-json\/wp\/v2\/types\/post"}],"author":[{"embeddable":true,"href":"https:\/\/www.gruporecoletas.com\/noticias\/wp-json\/wp\/v2\/users\/2"}],"replies":[{"embeddable":true,"href":"https:\/\/www.gruporecoletas.com\/noticias\/wp-json\/wp\/v2\/comments?post=12713"}],"version-history":[{"count":3,"href":"https:\/\/www.gruporecoletas.com\/noticias\/wp-json\/wp\/v2\/posts\/12713\/revisions"}],"predecessor-version":[{"id":12718,"href":"https:\/\/www.gruporecoletas.com\/noticias\/wp-json\/wp\/v2\/posts\/12713\/revisions\/12718"}],"wp:featuredmedia":[{"embeddable":true,"href":"https:\/\/www.gruporecoletas.com\/noticias\/wp-json\/wp\/v2\/media\/12714"}],"wp:attachment":[{"href":"https:\/\/www.gruporecoletas.com\/noticias\/wp-json\/wp\/v2\/media?parent=12713"}],"wp:term":[{"taxonomy":"category","embeddable":true,"href":"https:\/\/www.gruporecoletas.com\/noticias\/wp-json\/wp\/v2\/categories?post=12713"},{"taxonomy":"post_tag","embeddable":true,"href":"https:\/\/www.gruporecoletas.com\/noticias\/wp-json\/wp\/v2\/tags?post=12713"}],"curies":[{"name":"wp","href":"https:\/\/api.w.org\/{rel}","templated":true}]}}