{"id":12735,"date":"2019-06-05T07:59:23","date_gmt":"2019-06-05T07:59:23","guid":{"rendered":"https:\/\/www.gruporecoletas.com\/noticias\/?p=12735"},"modified":"2019-06-05T10:43:38","modified_gmt":"2019-06-05T10:43:38","slug":"detectar-dislexia-tratamiento","status":"publish","type":"post","link":"https:\/\/www.gruporecoletas.com\/noticias\/detectar-dislexia-tratamiento\/","title":{"rendered":"La importancia de detectar la dislexia y prevenirla"},"content":{"rendered":"\n<p>Autor: Dra. <a rel=\"noreferrer noopener\" href=\"https:\/\/www.gruporecoletas.com\/profesionales\/dr-aguado-garcia\/\" target=\"_blank\">Mej\u00edas Valencia<\/a> \u2013 Unidad de Logopedia<\/p>\n\n\n\n<p>La dislexia forma parte y es la m\u00e1s frecuente de un grupo de trastornos que se denominan DEAs (<strong>Dificultad Espec\u00edfica del Aprendizaje<\/strong>). Las DEAs tienen origen neurobiol\u00f3gico y se caracterizan por dificultades en el reconocimiento preciso y fluido de las palabras (escritas), y por problemas de ortograf\u00eda y decodificaci\u00f3n del lenguaje. Estas dificultades resultan de un d\u00e9ficit en el componente fonol\u00f3gico del lenguaje. <\/p>\n\n\n\n<p>Como consecuencias secundarias pueden\npresentarse problemas en la compresi\u00f3n de la lectura y una experiencia lectora\nreducida que puede afectar el incremento del vocabulario y de la base de\nconocimientos.<\/p>\n\n\n\n<p>Las DEAs est\u00e1n detr\u00e1s de la mayor\u00eda de<strong> casos de abandono escolar<\/strong>. Muchos se\nidentifican tarde cuando los ni\u00f1os ya han acumulado diversos fracasos\nescolares. Por ello es importante detectarlo en una edad temprana para poder\nintervenir.<\/p>\n\n\n\n<p><strong>\u00bfC\u00f3mo\npodemos detectar la dislexia? \u00bfcu\u00e1les son los s\u00edntomas?<\/strong><\/p>\n\n\n\n<p>En el caso de la <a href=\"https:\/\/www.gruporecoletas.com\/noticias\/cuales-son-las-causas-de-la-dislexia\/\" target=\"_blank\" rel=\"noreferrer noopener\" aria-label=\" (abre en una nueva pesta\u00f1a)\">dislexia<\/a>, se manifiesta con dificultades en la adquisici\u00f3n y uso de las habilidades de escucha, habla, lectura, escritura, razonamiento o c\u00e1lculo. <strong>Constituye el 80% de los diagn\u00f3sticos<\/strong> de los trastornos de aprendizaje, lo cual sit\u00faa su prevalencia en torno al 2,8%. <\/p>\n\n\n\n<p>Adem\u00e1s de los trastornos del lenguaje oral, <strong>es la DEA m\u00e1s extendida y que mayor impacto\ntiene a nivel personal, acad\u00e9mico y social<\/strong>. Nuestro sistema educativo se\nsustenta en la lectoescritura para la adquisici\u00f3n de conocimiento, algo poco\nfavorecedor para el aprendizaje de estos ni\u00f1os.<\/p>\n\n\n\n<p>Este panorama exige una ineludible actuaci\u00f3n a\ntrav\u00e9s de la <strong>intervenci\u00f3n preventiva<\/strong>\npara minimizar al m\u00e1ximo sus efectos. Para ello, hay que implicar, formar y\ndotar de herramientas profesionales a los diferentes \u00e1mbitos (educativo,\nsanitario) que les permitan hacer una detecci\u00f3n temprana y as\u00ed poder intervenir\ny\/o derivar a los profesionales oportunos.<\/p>\n\n\n\n<p>A partir de los 7-8 a\u00f1os, cuando los ni\u00f1os ya\ncomienzan a adquirir suficiente vocabulario como para aprender a leer, se\npueden presentar los primeros indicadores de dislexia:<\/p>\n\n\n\n<ul class=\"wp-block-list\"><li>La NO adquisici\u00f3n de c\u00f3digo\nalfab\u00e9tico<\/li><li>No adquisici\u00f3n de la correspondencia\nentre grafema y fonema (letras y s\u00edlabas escritas y la interpretaci\u00f3n de su\ncorrespondiente sonido)<\/li><li>Lectura lenta y dificultad para\nadquirir la \u201clectura mec\u00e1nica\u201d o \u201cautomatizada\u201d.<\/li><li>Dificultades para recordar el\nalfabeto.<\/li><li>Omisi\u00f3n, sustituci\u00f3n, inversi\u00f3n,\ndistorsi\u00f3n o adiciones de letras, s\u00edlabas o palabras en el lenguaje.<\/li><li>El exceso de rectificaciones\ndurante sus lecturas.<\/li><li>P\u00e9rdida reiterada de l\u00ednea\nmientras se realiza una lectura.<\/li><li>Falta de comprensi\u00f3n lectora\ndebido al sobreesfuerzo para decodificar de algunos signos.<\/li><\/ul>\n\n\n\n<p>Ante la presencia reiterada de uno o varios de estos indicadores es recomendable <a href=\"https:\/\/www.gruporecoletas.com\/especialidades\/pediatria\/\" target=\"_blank\" rel=\"noreferrer noopener\" aria-label=\" (abre en una nueva pesta\u00f1a)\">acudir y consultar con el pediatra<\/a>.<\/p>\n\n\n\n<h2 class=\"wp-block-heading\"><strong>Diagn\u00f3stico\ny tratamiento de la dislexia<\/strong><\/h2>\n\n\n\n<p>Un diagn\u00f3stico requiere una evaluaci\u00f3n previa\nde los procesos (conductuales y cognitivos) implicados en la lectoescritura;\nconsiderar antecedentes gen\u00e9ticos y tipo de intervenci\u00f3n espec\u00edfica recibida,\nas\u00ed como criterios diagn\u00f3sticos como entorno de aprendizaje favorable, cociente\nintelectual normal y al menos dos a\u00f1os de retraso en actividades de lectura.<\/p>\n\n\n\n<p>En este \u00faltimo radica la dificultad que impide\ndiagnosticar a temprana edad, pues hay que observar una diferencia del nivel de\nlectura de dos a\u00f1os como m\u00ednimo y esto no se puede comprar hasta los 8 o 9\na\u00f1os, para saber si se trata de un retraso o una alteraci\u00f3n. Por tanto, hasta\nla edad lectora las dificultades pasan desapercibidas.<\/p>\n\n\n\n<p>La dislexia avanza en el tiempo antes y\ndespu\u00e9s. Esto facilita observar los indicadores que anuncian una posible\npredisposici\u00f3n. De ah\u00ed, la necesidad de una evaluaci\u00f3n en edad prelectora que\npermita detectar ni\u00f1os de riesgo y realizar una intervenci\u00f3n preventiva lo\nantes posible. Saber si un ni\u00f1o va a leer bien o no, independientemente de que\nsea o no disl\u00e9xico, es crucial para su desarrollo, en todos los casos saldr\u00e1\nbeneficiado.<\/p>\n\n\n\n<h2 class=\"wp-block-heading\"><strong>Evidencia\ncient\u00edfica: \u00faltimos avances en el diagn\u00f3stico<\/strong><\/h2>\n\n\n\n<p>Gracias a las t\u00e9cnicas de neuroimagen y\ndesarrollo de las neurociencias ha sido posible establecer las particularidades\ny situar los d\u00e9ficits que se dan en el cerebro de una persona con dislexia.\nExisten diferencias en la estructura cerebral , la actividad neuronal y su\ncomportamiento.<\/p>\n\n\n\n<p>Tambi\u00e9n han permitido estudiar los cambios que se producen en su cerebro tras un entrenamiento adecuado. Estas anomal\u00edas cerebrales, no se curan, pero con adecuadas estrategias de aprendizaje se puede ayudar a compensar estas dificultades. Con entrenamiento y gracias a la plasticidad cerebral pueden darse modificaciones en el cerebro del ni\u00f1os y evitar as\u00ed muchos problemas en sus vidas.<\/p>\n\n\n\n<p>En caso de cualquier sospecha, no dudes en consultar con nuestros expertos en <a href=\"https:\/\/www.gruporecoletas.com\/especialidades\/logopedia\/\">logopedia<\/a>. <\/p>\n","protected":false},"excerpt":{"rendered":"<p>Autor: Dra. Mej\u00edas Valencia \u2013 Unidad de Logopedia La dislexia forma parte y es la m\u00e1s frecuente de un grupo de trastornos que se denominan DEAs (Dificultad Espec\u00edfica del Aprendizaje). Las DEAs tienen origen neurobiol\u00f3gico y se caracterizan por dificultades en el reconocimiento preciso y fluido de las palabras (escritas), y por problemas de ortograf\u00eda [&hellip;]<\/p>\n","protected":false},"author":2,"featured_media":12736,"comment_status":"closed","ping_status":"closed","sticky":false,"template":"","format":"standard","meta":{"_acf_changed":false,"footnotes":""},"categories":[50,9],"tags":[18],"class_list":["post-12735","post","type-post","status-publish","format-standard","has-post-thumbnail","hentry","category-patologias","category-publicaciones","tag-logopedia"],"acf":[],"yoast_head":"<!-- This site is optimized with the Yoast SEO Premium plugin v27.3 (Yoast SEO v27.3) - https:\/\/yoast.com\/product\/yoast-seo-premium-wordpress\/ -->\n<title>La importancia de detectar la dislexia y prevenirla - Noticias Grupo Recoletas<\/title>\n<meta name=\"robots\" content=\"index, follow, max-snippet:-1, max-image-preview:large, max-video-preview:-1\" \/>\n<link rel=\"canonical\" href=\"https:\/\/www.gruporecoletas.com\/noticias\/detectar-dislexia-tratamiento\/\" \/>\n<meta property=\"og:locale\" content=\"es_ES\" \/>\n<meta property=\"og:type\" content=\"article\" \/>\n<meta property=\"og:title\" content=\"La importancia de detectar la dislexia y prevenirla\" \/>\n<meta property=\"og:description\" content=\"Autor: Dra. Mej\u00edas Valencia \u2013 Unidad de Logopedia La dislexia forma parte y es la m\u00e1s frecuente de un grupo de trastornos que se denominan DEAs (Dificultad Espec\u00edfica del Aprendizaje). Las DEAs tienen origen neurobiol\u00f3gico y se caracterizan por dificultades en el reconocimiento preciso y fluido de las palabras (escritas), y por problemas de ortograf\u00eda [&hellip;]\" \/>\n<meta property=\"og:url\" content=\"https:\/\/www.gruporecoletas.com\/noticias\/detectar-dislexia-tratamiento\/\" \/>\n<meta property=\"og:site_name\" content=\"Noticias Grupo Recoletas\" \/>\n<meta property=\"article:publisher\" content=\"https:\/\/www.facebook.com\/GrupoRecoletas\/\" \/>\n<meta property=\"article:published_time\" content=\"2019-06-05T07:59:23+00:00\" \/>\n<meta property=\"article:modified_time\" content=\"2019-06-05T10:43:38+00:00\" \/>\n<meta property=\"og:image\" content=\"https:\/\/www.gruporecoletas.com\/noticias\/wp-content\/uploads\/2019\/06\/dislexia-diagnostico-tratamiento.jpg\" \/>\n\t<meta property=\"og:image:width\" content=\"950\" \/>\n\t<meta property=\"og:image:height\" content=\"632\" \/>\n\t<meta property=\"og:image:type\" content=\"image\/jpeg\" \/>\n<meta name=\"author\" content=\"Recoletas Red Hospitalaria\" \/>\n<meta name=\"twitter:card\" content=\"summary_large_image\" \/>\n<meta name=\"twitter:creator\" content=\"@GrupoRecoletas\" \/>\n<meta name=\"twitter:site\" content=\"@GrupoRecoletas\" \/>\n<meta name=\"twitter:label1\" content=\"Escrito por\" \/>\n\t<meta name=\"twitter:data1\" content=\"Recoletas Red Hospitalaria\" \/>\n\t<meta name=\"twitter:label2\" content=\"Tiempo de lectura\" \/>\n\t<meta name=\"twitter:data2\" content=\"4 minutos\" \/>\n<script type=\"application\/ld+json\" class=\"yoast-schema-graph\">{\"@context\":\"https:\\\/\\\/schema.org\",\"@graph\":[{\"@type\":\"Article\",\"@id\":\"https:\\\/\\\/www.gruporecoletas.com\\\/noticias\\\/detectar-dislexia-tratamiento\\\/#article\",\"isPartOf\":{\"@id\":\"https:\\\/\\\/www.gruporecoletas.com\\\/noticias\\\/detectar-dislexia-tratamiento\\\/\"},\"author\":{\"name\":\"Recoletas Red Hospitalaria\",\"@id\":\"https:\\\/\\\/www.gruporecoletas.com\\\/noticias\\\/#\\\/schema\\\/person\\\/3c6ac429828d1f5e3d3bd99f4da9b02c\"},\"headline\":\"La importancia de detectar la dislexia y prevenirla\",\"datePublished\":\"2019-06-05T07:59:23+00:00\",\"dateModified\":\"2019-06-05T10:43:38+00:00\",\"mainEntityOfPage\":{\"@id\":\"https:\\\/\\\/www.gruporecoletas.com\\\/noticias\\\/detectar-dislexia-tratamiento\\\/\"},\"wordCount\":807,\"image\":{\"@id\":\"https:\\\/\\\/www.gruporecoletas.com\\\/noticias\\\/detectar-dislexia-tratamiento\\\/#primaryimage\"},\"thumbnailUrl\":\"https:\\\/\\\/www.gruporecoletas.com\\\/noticias\\\/wp-content\\\/uploads\\\/2019\\\/06\\\/dislexia-diagnostico-tratamiento.jpg\",\"keywords\":[\"Logopedia\"],\"articleSection\":[\"Patolog\u00edas\",\"Publicaciones\"],\"inLanguage\":\"es\"},{\"@type\":\"WebPage\",\"@id\":\"https:\\\/\\\/www.gruporecoletas.com\\\/noticias\\\/detectar-dislexia-tratamiento\\\/\",\"url\":\"https:\\\/\\\/www.gruporecoletas.com\\\/noticias\\\/detectar-dislexia-tratamiento\\\/\",\"name\":\"La importancia de detectar la dislexia y prevenirla - Noticias Grupo Recoletas\",\"isPartOf\":{\"@id\":\"https:\\\/\\\/www.gruporecoletas.com\\\/noticias\\\/#website\"},\"primaryImageOfPage\":{\"@id\":\"https:\\\/\\\/www.gruporecoletas.com\\\/noticias\\\/detectar-dislexia-tratamiento\\\/#primaryimage\"},\"image\":{\"@id\":\"https:\\\/\\\/www.gruporecoletas.com\\\/noticias\\\/detectar-dislexia-tratamiento\\\/#primaryimage\"},\"thumbnailUrl\":\"https:\\\/\\\/www.gruporecoletas.com\\\/noticias\\\/wp-content\\\/uploads\\\/2019\\\/06\\\/dislexia-diagnostico-tratamiento.jpg\",\"datePublished\":\"2019-06-05T07:59:23+00:00\",\"dateModified\":\"2019-06-05T10:43:38+00:00\",\"author\":{\"@id\":\"https:\\\/\\\/www.gruporecoletas.com\\\/noticias\\\/#\\\/schema\\\/person\\\/3c6ac429828d1f5e3d3bd99f4da9b02c\"},\"breadcrumb\":{\"@id\":\"https:\\\/\\\/www.gruporecoletas.com\\\/noticias\\\/detectar-dislexia-tratamiento\\\/#breadcrumb\"},\"inLanguage\":\"es\",\"potentialAction\":[{\"@type\":\"ReadAction\",\"target\":[\"https:\\\/\\\/www.gruporecoletas.com\\\/noticias\\\/detectar-dislexia-tratamiento\\\/\"]}]},{\"@type\":\"ImageObject\",\"inLanguage\":\"es\",\"@id\":\"https:\\\/\\\/www.gruporecoletas.com\\\/noticias\\\/detectar-dislexia-tratamiento\\\/#primaryimage\",\"url\":\"https:\\\/\\\/www.gruporecoletas.com\\\/noticias\\\/wp-content\\\/uploads\\\/2019\\\/06\\\/dislexia-diagnostico-tratamiento.jpg\",\"contentUrl\":\"https:\\\/\\\/www.gruporecoletas.com\\\/noticias\\\/wp-content\\\/uploads\\\/2019\\\/06\\\/dislexia-diagnostico-tratamiento.jpg\",\"width\":950,\"height\":632,\"caption\":\"dislexia-diagnostico-tratamiento\"},{\"@type\":\"BreadcrumbList\",\"@id\":\"https:\\\/\\\/www.gruporecoletas.com\\\/noticias\\\/detectar-dislexia-tratamiento\\\/#breadcrumb\",\"itemListElement\":[{\"@type\":\"ListItem\",\"position\":1,\"name\":\"Portada\",\"item\":\"https:\\\/\\\/www.gruporecoletas.com\\\/noticias\\\/\"},{\"@type\":\"ListItem\",\"position\":2,\"name\":\"La importancia de detectar la dislexia y prevenirla\"}]},{\"@type\":\"WebSite\",\"@id\":\"https:\\\/\\\/www.gruporecoletas.com\\\/noticias\\\/#website\",\"url\":\"https:\\\/\\\/www.gruporecoletas.com\\\/noticias\\\/\",\"name\":\"Noticias Grupo Recoletas\",\"description\":\"Grupo Recoletas\",\"potentialAction\":[{\"@type\":\"SearchAction\",\"target\":{\"@type\":\"EntryPoint\",\"urlTemplate\":\"https:\\\/\\\/www.gruporecoletas.com\\\/noticias\\\/?s={search_term_string}\"},\"query-input\":{\"@type\":\"PropertyValueSpecification\",\"valueRequired\":true,\"valueName\":\"search_term_string\"}}],\"inLanguage\":\"es\"},{\"@type\":\"Person\",\"@id\":\"https:\\\/\\\/www.gruporecoletas.com\\\/noticias\\\/#\\\/schema\\\/person\\\/3c6ac429828d1f5e3d3bd99f4da9b02c\",\"name\":\"Recoletas Red Hospitalaria\",\"url\":\"https:\\\/\\\/www.gruporecoletas.com\\\/noticias\\\/author\\\/comunicacion\\\/\"}]}<\/script>\n<!-- \/ Yoast SEO Premium plugin. -->","yoast_head_json":{"title":"La importancia de detectar la dislexia y prevenirla - Noticias Grupo Recoletas","robots":{"index":"index","follow":"follow","max-snippet":"max-snippet:-1","max-image-preview":"max-image-preview:large","max-video-preview":"max-video-preview:-1"},"canonical":"https:\/\/www.gruporecoletas.com\/noticias\/detectar-dislexia-tratamiento\/","og_locale":"es_ES","og_type":"article","og_title":"La importancia de detectar la dislexia y prevenirla","og_description":"Autor: Dra. Mej\u00edas Valencia \u2013 Unidad de Logopedia La dislexia forma parte y es la m\u00e1s frecuente de un grupo de trastornos que se denominan DEAs (Dificultad Espec\u00edfica del Aprendizaje). Las DEAs tienen origen neurobiol\u00f3gico y se caracterizan por dificultades en el reconocimiento preciso y fluido de las palabras (escritas), y por problemas de ortograf\u00eda [&hellip;]","og_url":"https:\/\/www.gruporecoletas.com\/noticias\/detectar-dislexia-tratamiento\/","og_site_name":"Noticias Grupo Recoletas","article_publisher":"https:\/\/www.facebook.com\/GrupoRecoletas\/","article_published_time":"2019-06-05T07:59:23+00:00","article_modified_time":"2019-06-05T10:43:38+00:00","og_image":[{"width":950,"height":632,"url":"https:\/\/www.gruporecoletas.com\/noticias\/wp-content\/uploads\/2019\/06\/dislexia-diagnostico-tratamiento.jpg","type":"image\/jpeg"}],"author":"Recoletas Red Hospitalaria","twitter_card":"summary_large_image","twitter_creator":"@GrupoRecoletas","twitter_site":"@GrupoRecoletas","twitter_misc":{"Escrito por":"Recoletas Red Hospitalaria","Tiempo de lectura":"4 minutos"},"schema":{"@context":"https:\/\/schema.org","@graph":[{"@type":"Article","@id":"https:\/\/www.gruporecoletas.com\/noticias\/detectar-dislexia-tratamiento\/#article","isPartOf":{"@id":"https:\/\/www.gruporecoletas.com\/noticias\/detectar-dislexia-tratamiento\/"},"author":{"name":"Recoletas Red Hospitalaria","@id":"https:\/\/www.gruporecoletas.com\/noticias\/#\/schema\/person\/3c6ac429828d1f5e3d3bd99f4da9b02c"},"headline":"La importancia de detectar la dislexia y prevenirla","datePublished":"2019-06-05T07:59:23+00:00","dateModified":"2019-06-05T10:43:38+00:00","mainEntityOfPage":{"@id":"https:\/\/www.gruporecoletas.com\/noticias\/detectar-dislexia-tratamiento\/"},"wordCount":807,"image":{"@id":"https:\/\/www.gruporecoletas.com\/noticias\/detectar-dislexia-tratamiento\/#primaryimage"},"thumbnailUrl":"https:\/\/www.gruporecoletas.com\/noticias\/wp-content\/uploads\/2019\/06\/dislexia-diagnostico-tratamiento.jpg","keywords":["Logopedia"],"articleSection":["Patolog\u00edas","Publicaciones"],"inLanguage":"es"},{"@type":"WebPage","@id":"https:\/\/www.gruporecoletas.com\/noticias\/detectar-dislexia-tratamiento\/","url":"https:\/\/www.gruporecoletas.com\/noticias\/detectar-dislexia-tratamiento\/","name":"La importancia de detectar la dislexia y prevenirla - Noticias Grupo Recoletas","isPartOf":{"@id":"https:\/\/www.gruporecoletas.com\/noticias\/#website"},"primaryImageOfPage":{"@id":"https:\/\/www.gruporecoletas.com\/noticias\/detectar-dislexia-tratamiento\/#primaryimage"},"image":{"@id":"https:\/\/www.gruporecoletas.com\/noticias\/detectar-dislexia-tratamiento\/#primaryimage"},"thumbnailUrl":"https:\/\/www.gruporecoletas.com\/noticias\/wp-content\/uploads\/2019\/06\/dislexia-diagnostico-tratamiento.jpg","datePublished":"2019-06-05T07:59:23+00:00","dateModified":"2019-06-05T10:43:38+00:00","author":{"@id":"https:\/\/www.gruporecoletas.com\/noticias\/#\/schema\/person\/3c6ac429828d1f5e3d3bd99f4da9b02c"},"breadcrumb":{"@id":"https:\/\/www.gruporecoletas.com\/noticias\/detectar-dislexia-tratamiento\/#breadcrumb"},"inLanguage":"es","potentialAction":[{"@type":"ReadAction","target":["https:\/\/www.gruporecoletas.com\/noticias\/detectar-dislexia-tratamiento\/"]}]},{"@type":"ImageObject","inLanguage":"es","@id":"https:\/\/www.gruporecoletas.com\/noticias\/detectar-dislexia-tratamiento\/#primaryimage","url":"https:\/\/www.gruporecoletas.com\/noticias\/wp-content\/uploads\/2019\/06\/dislexia-diagnostico-tratamiento.jpg","contentUrl":"https:\/\/www.gruporecoletas.com\/noticias\/wp-content\/uploads\/2019\/06\/dislexia-diagnostico-tratamiento.jpg","width":950,"height":632,"caption":"dislexia-diagnostico-tratamiento"},{"@type":"BreadcrumbList","@id":"https:\/\/www.gruporecoletas.com\/noticias\/detectar-dislexia-tratamiento\/#breadcrumb","itemListElement":[{"@type":"ListItem","position":1,"name":"Portada","item":"https:\/\/www.gruporecoletas.com\/noticias\/"},{"@type":"ListItem","position":2,"name":"La importancia de detectar la dislexia y prevenirla"}]},{"@type":"WebSite","@id":"https:\/\/www.gruporecoletas.com\/noticias\/#website","url":"https:\/\/www.gruporecoletas.com\/noticias\/","name":"Noticias Grupo Recoletas","description":"Grupo Recoletas","potentialAction":[{"@type":"SearchAction","target":{"@type":"EntryPoint","urlTemplate":"https:\/\/www.gruporecoletas.com\/noticias\/?s={search_term_string}"},"query-input":{"@type":"PropertyValueSpecification","valueRequired":true,"valueName":"search_term_string"}}],"inLanguage":"es"},{"@type":"Person","@id":"https:\/\/www.gruporecoletas.com\/noticias\/#\/schema\/person\/3c6ac429828d1f5e3d3bd99f4da9b02c","name":"Recoletas Red Hospitalaria","url":"https:\/\/www.gruporecoletas.com\/noticias\/author\/comunicacion\/"}]}},"_links":{"self":[{"href":"https:\/\/www.gruporecoletas.com\/noticias\/wp-json\/wp\/v2\/posts\/12735","targetHints":{"allow":["GET"]}}],"collection":[{"href":"https:\/\/www.gruporecoletas.com\/noticias\/wp-json\/wp\/v2\/posts"}],"about":[{"href":"https:\/\/www.gruporecoletas.com\/noticias\/wp-json\/wp\/v2\/types\/post"}],"author":[{"embeddable":true,"href":"https:\/\/www.gruporecoletas.com\/noticias\/wp-json\/wp\/v2\/users\/2"}],"replies":[{"embeddable":true,"href":"https:\/\/www.gruporecoletas.com\/noticias\/wp-json\/wp\/v2\/comments?post=12735"}],"version-history":[{"count":2,"href":"https:\/\/www.gruporecoletas.com\/noticias\/wp-json\/wp\/v2\/posts\/12735\/revisions"}],"predecessor-version":[{"id":12738,"href":"https:\/\/www.gruporecoletas.com\/noticias\/wp-json\/wp\/v2\/posts\/12735\/revisions\/12738"}],"wp:featuredmedia":[{"embeddable":true,"href":"https:\/\/www.gruporecoletas.com\/noticias\/wp-json\/wp\/v2\/media\/12736"}],"wp:attachment":[{"href":"https:\/\/www.gruporecoletas.com\/noticias\/wp-json\/wp\/v2\/media?parent=12735"}],"wp:term":[{"taxonomy":"category","embeddable":true,"href":"https:\/\/www.gruporecoletas.com\/noticias\/wp-json\/wp\/v2\/categories?post=12735"},{"taxonomy":"post_tag","embeddable":true,"href":"https:\/\/www.gruporecoletas.com\/noticias\/wp-json\/wp\/v2\/tags?post=12735"}],"curies":[{"name":"wp","href":"https:\/\/api.w.org\/{rel}","templated":true}]}}