{"id":12740,"date":"2019-06-06T13:57:36","date_gmt":"2019-06-06T13:57:36","guid":{"rendered":"https:\/\/www.gruporecoletas.com\/noticias\/?p=12740"},"modified":"2019-06-06T13:57:38","modified_gmt":"2019-06-06T13:57:38","slug":"recoletas-colabora-con-red-madre-en-valladolid","status":"publish","type":"post","link":"https:\/\/www.gruporecoletas.com\/noticias\/recoletas-colabora-con-red-madre-en-valladolid\/","title":{"rendered":"Recoletas colabora con Red Madre en Valladolid"},"content":{"rendered":"\n<p>Recoletas Red Hospitalaria, en el marco de su programa de Responsabilidad Social Corporativa, colabora con la Fundaci\u00f3n REDMADRE Valladolid. En esta ocasi\u00f3n, fue el <a href=\"https:\/\/www.gruporecoletas.com\/profesionales\/dr-centeno-malfaz\/\">Dr. Fernando Centeno<\/a>, jefe del Servicio de <a href=\"https:\/\/www.gruporecoletas.com\/especialidades\/pediatria\/\">Pediatr\u00eda <\/a>del <a href=\"https:\/\/www.gruporecoletas.com\/hospitales\/hospital-recoletas-campo-grande\/\">Hospital Recoletas Campo Grande<\/a>, el encargado de <strong>impartir una charla a las asistentes<\/strong>. Durante su intervenci\u00f3n, tuvo la oportunidad de resolver cuestiones relacionadas con la <strong>Alimentaci\u00f3n Complementaria y la Reanimaci\u00f3n Cardiopulmonar b\u00e1sica<\/strong>.<\/p>\n\n\n\n<p>Durante la primera parte de la charla, el Dr. Centeno explic\u00f3 <strong>qu\u00e9 alimentos se pueden introducir en los primeros meses de vida del beb\u00e9<\/strong> y c\u00f3mo hacerlo, adecuando el proceso a las circunstancias de cada ni\u00f1o. La segunda parte incluy\u00f3 un taller pr\u00e1ctico con <strong>recomendaciones para reconocer una situaci\u00f3n de parada card\u00edaca<\/strong>, c\u00f3mo llevar a cabo una reanimaci\u00f3n b\u00e1sica y las maniobras de desobstrucci\u00f3n de v\u00eda a\u00e9rea. Por \u00faltimo, el pediatra indic\u00f3 algunas nociones de<strong> h\u00e1bitos de vida saludables para los m\u00e1s peque\u00f1os<\/strong>. Para finalizar la jornada, Recoletas Red Hospitalaria entreg\u00f3 a las madres que acudieron a la charla algunos enseres para beb\u00e9s, como chupetes.<\/p>\n\n\n\n<p>Puedes conocer m\u00e1s detalles sobre la charla en <a href=\"https:\/\/www.youtube.com\/watch?v=O5L2Sugqt7A\">este v\u00eddeo<\/a>.<\/p>\n","protected":false},"excerpt":{"rendered":"<p>Recoletas Red Hospitalaria, en el marco de su programa de Responsabilidad Social Corporativa, colabora con la Fundaci\u00f3n REDMADRE Valladolid. En esta ocasi\u00f3n, fue el Dr. Fernando Centeno, jefe del Servicio de Pediatr\u00eda del Hospital Recoletas Campo Grande, el encargado de impartir una charla a las asistentes. Durante su intervenci\u00f3n, tuvo la oportunidad de resolver cuestiones [&hellip;]<\/p>\n","protected":false},"author":10,"featured_media":12743,"comment_status":"closed","ping_status":"closed","sticky":false,"template":"","format":"standard","meta":{"_acf_changed":false,"footnotes":""},"categories":[2,44,4],"tags":[],"class_list":["post-12740","post","type-post","status-publish","format-standard","has-post-thumbnail","hentry","category-hrcg","category-pediatria","category-valladolid"],"acf":[],"yoast_head":"<!-- This site is optimized with the Yoast SEO Premium plugin v27.3 (Yoast SEO v27.3) - https:\/\/yoast.com\/product\/yoast-seo-premium-wordpress\/ -->\n<title>Recoletas colabora con Red Madre en Valladolid - Noticias Grupo Recoletas<\/title>\n<meta name=\"robots\" content=\"index, follow, max-snippet:-1, max-image-preview:large, max-video-preview:-1\" \/>\n<link rel=\"canonical\" href=\"https:\/\/www.gruporecoletas.com\/noticias\/recoletas-colabora-con-red-madre-en-valladolid\/\" \/>\n<meta property=\"og:locale\" content=\"es_ES\" \/>\n<meta property=\"og:type\" content=\"article\" \/>\n<meta property=\"og:title\" content=\"Recoletas colabora con Red Madre en Valladolid\" \/>\n<meta property=\"og:description\" content=\"Recoletas Red Hospitalaria, en el marco de su programa de Responsabilidad Social Corporativa, colabora con la Fundaci\u00f3n REDMADRE Valladolid. En esta ocasi\u00f3n, fue el Dr. Fernando Centeno, jefe del Servicio de Pediatr\u00eda del Hospital Recoletas Campo Grande, el encargado de impartir una charla a las asistentes. Durante su intervenci\u00f3n, tuvo la oportunidad de resolver cuestiones [&hellip;]\" \/>\n<meta property=\"og:url\" content=\"https:\/\/www.gruporecoletas.com\/noticias\/recoletas-colabora-con-red-madre-en-valladolid\/\" \/>\n<meta property=\"og:site_name\" content=\"Noticias Grupo Recoletas\" \/>\n<meta property=\"article:publisher\" content=\"https:\/\/www.facebook.com\/GrupoRecoletas\/\" \/>\n<meta property=\"article:published_time\" content=\"2019-06-06T13:57:36+00:00\" \/>\n<meta property=\"article:modified_time\" content=\"2019-06-06T13:57:38+00:00\" \/>\n<meta property=\"og:image\" content=\"https:\/\/www.gruporecoletas.com\/noticias\/wp-content\/uploads\/2019\/06\/DSC_0200-min-1-1024x678.jpg\" \/>\n\t<meta property=\"og:image:width\" content=\"1024\" \/>\n\t<meta property=\"og:image:height\" content=\"678\" \/>\n\t<meta property=\"og:image:type\" content=\"image\/jpeg\" \/>\n<meta name=\"author\" content=\"liSJ46GkMj\" \/>\n<meta name=\"twitter:card\" content=\"summary_large_image\" \/>\n<meta name=\"twitter:creator\" content=\"@GrupoRecoletas\" \/>\n<meta name=\"twitter:site\" content=\"@GrupoRecoletas\" \/>\n<meta name=\"twitter:label1\" content=\"Escrito por\" \/>\n\t<meta name=\"twitter:data1\" content=\"liSJ46GkMj\" \/>\n\t<meta name=\"twitter:label2\" content=\"Tiempo de lectura\" \/>\n\t<meta name=\"twitter:data2\" content=\"1 minuto\" \/>\n<script type=\"application\/ld+json\" class=\"yoast-schema-graph\">{\"@context\":\"https:\\\/\\\/schema.org\",\"@graph\":[{\"@type\":\"Article\",\"@id\":\"https:\\\/\\\/www.gruporecoletas.com\\\/noticias\\\/recoletas-colabora-con-red-madre-en-valladolid\\\/#article\",\"isPartOf\":{\"@id\":\"https:\\\/\\\/www.gruporecoletas.com\\\/noticias\\\/recoletas-colabora-con-red-madre-en-valladolid\\\/\"},\"author\":{\"name\":\"liSJ46GkMj\",\"@id\":\"https:\\\/\\\/www.gruporecoletas.com\\\/noticias\\\/#\\\/schema\\\/person\\\/51ff6b333216d66f02fd59e258760051\"},\"headline\":\"Recoletas colabora con Red Madre en Valladolid\",\"datePublished\":\"2019-06-06T13:57:36+00:00\",\"dateModified\":\"2019-06-06T13:57:38+00:00\",\"mainEntityOfPage\":{\"@id\":\"https:\\\/\\\/www.gruporecoletas.com\\\/noticias\\\/recoletas-colabora-con-red-madre-en-valladolid\\\/\"},\"wordCount\":211,\"image\":{\"@id\":\"https:\\\/\\\/www.gruporecoletas.com\\\/noticias\\\/recoletas-colabora-con-red-madre-en-valladolid\\\/#primaryimage\"},\"thumbnailUrl\":\"https:\\\/\\\/www.gruporecoletas.com\\\/noticias\\\/wp-content\\\/uploads\\\/2019\\\/06\\\/DSC_0200-min-1.jpg\",\"articleSection\":[\"HRCG\",\"Pediatr\u00eda\",\"Valladolid\"],\"inLanguage\":\"es\"},{\"@type\":\"WebPage\",\"@id\":\"https:\\\/\\\/www.gruporecoletas.com\\\/noticias\\\/recoletas-colabora-con-red-madre-en-valladolid\\\/\",\"url\":\"https:\\\/\\\/www.gruporecoletas.com\\\/noticias\\\/recoletas-colabora-con-red-madre-en-valladolid\\\/\",\"name\":\"Recoletas colabora con Red Madre en Valladolid - Noticias Grupo Recoletas\",\"isPartOf\":{\"@id\":\"https:\\\/\\\/www.gruporecoletas.com\\\/noticias\\\/#website\"},\"primaryImageOfPage\":{\"@id\":\"https:\\\/\\\/www.gruporecoletas.com\\\/noticias\\\/recoletas-colabora-con-red-madre-en-valladolid\\\/#primaryimage\"},\"image\":{\"@id\":\"https:\\\/\\\/www.gruporecoletas.com\\\/noticias\\\/recoletas-colabora-con-red-madre-en-valladolid\\\/#primaryimage\"},\"thumbnailUrl\":\"https:\\\/\\\/www.gruporecoletas.com\\\/noticias\\\/wp-content\\\/uploads\\\/2019\\\/06\\\/DSC_0200-min-1.jpg\",\"datePublished\":\"2019-06-06T13:57:36+00:00\",\"dateModified\":\"2019-06-06T13:57:38+00:00\",\"author\":{\"@id\":\"https:\\\/\\\/www.gruporecoletas.com\\\/noticias\\\/#\\\/schema\\\/person\\\/51ff6b333216d66f02fd59e258760051\"},\"breadcrumb\":{\"@id\":\"https:\\\/\\\/www.gruporecoletas.com\\\/noticias\\\/recoletas-colabora-con-red-madre-en-valladolid\\\/#breadcrumb\"},\"inLanguage\":\"es\",\"potentialAction\":[{\"@type\":\"ReadAction\",\"target\":[\"https:\\\/\\\/www.gruporecoletas.com\\\/noticias\\\/recoletas-colabora-con-red-madre-en-valladolid\\\/\"]}]},{\"@type\":\"ImageObject\",\"inLanguage\":\"es\",\"@id\":\"https:\\\/\\\/www.gruporecoletas.com\\\/noticias\\\/recoletas-colabora-con-red-madre-en-valladolid\\\/#primaryimage\",\"url\":\"https:\\\/\\\/www.gruporecoletas.com\\\/noticias\\\/wp-content\\\/uploads\\\/2019\\\/06\\\/DSC_0200-min-1.jpg\",\"contentUrl\":\"https:\\\/\\\/www.gruporecoletas.com\\\/noticias\\\/wp-content\\\/uploads\\\/2019\\\/06\\\/DSC_0200-min-1.jpg\",\"width\":4928,\"height\":3264},{\"@type\":\"BreadcrumbList\",\"@id\":\"https:\\\/\\\/www.gruporecoletas.com\\\/noticias\\\/recoletas-colabora-con-red-madre-en-valladolid\\\/#breadcrumb\",\"itemListElement\":[{\"@type\":\"ListItem\",\"position\":1,\"name\":\"Portada\",\"item\":\"https:\\\/\\\/www.gruporecoletas.com\\\/noticias\\\/\"},{\"@type\":\"ListItem\",\"position\":2,\"name\":\"Recoletas colabora con Red Madre en Valladolid\"}]},{\"@type\":\"WebSite\",\"@id\":\"https:\\\/\\\/www.gruporecoletas.com\\\/noticias\\\/#website\",\"url\":\"https:\\\/\\\/www.gruporecoletas.com\\\/noticias\\\/\",\"name\":\"Noticias Grupo Recoletas\",\"description\":\"Grupo Recoletas\",\"potentialAction\":[{\"@type\":\"SearchAction\",\"target\":{\"@type\":\"EntryPoint\",\"urlTemplate\":\"https:\\\/\\\/www.gruporecoletas.com\\\/noticias\\\/?s={search_term_string}\"},\"query-input\":{\"@type\":\"PropertyValueSpecification\",\"valueRequired\":true,\"valueName\":\"search_term_string\"}}],\"inLanguage\":\"es\"},{\"@type\":\"Person\",\"@id\":\"https:\\\/\\\/www.gruporecoletas.com\\\/noticias\\\/#\\\/schema\\\/person\\\/51ff6b333216d66f02fd59e258760051\",\"name\":\"liSJ46GkMj\",\"url\":\"https:\\\/\\\/www.gruporecoletas.com\\\/noticias\\\/author\\\/lisj46gkmj\\\/\"}]}<\/script>\n<!-- \/ Yoast SEO Premium plugin. -->","yoast_head_json":{"title":"Recoletas colabora con Red Madre en Valladolid - Noticias Grupo Recoletas","robots":{"index":"index","follow":"follow","max-snippet":"max-snippet:-1","max-image-preview":"max-image-preview:large","max-video-preview":"max-video-preview:-1"},"canonical":"https:\/\/www.gruporecoletas.com\/noticias\/recoletas-colabora-con-red-madre-en-valladolid\/","og_locale":"es_ES","og_type":"article","og_title":"Recoletas colabora con Red Madre en Valladolid","og_description":"Recoletas Red Hospitalaria, en el marco de su programa de Responsabilidad Social Corporativa, colabora con la Fundaci\u00f3n REDMADRE Valladolid. En esta ocasi\u00f3n, fue el Dr. Fernando Centeno, jefe del Servicio de Pediatr\u00eda del Hospital Recoletas Campo Grande, el encargado de impartir una charla a las asistentes. Durante su intervenci\u00f3n, tuvo la oportunidad de resolver cuestiones [&hellip;]","og_url":"https:\/\/www.gruporecoletas.com\/noticias\/recoletas-colabora-con-red-madre-en-valladolid\/","og_site_name":"Noticias Grupo Recoletas","article_publisher":"https:\/\/www.facebook.com\/GrupoRecoletas\/","article_published_time":"2019-06-06T13:57:36+00:00","article_modified_time":"2019-06-06T13:57:38+00:00","og_image":[{"width":1024,"height":678,"url":"https:\/\/www.gruporecoletas.com\/noticias\/wp-content\/uploads\/2019\/06\/DSC_0200-min-1-1024x678.jpg","type":"image\/jpeg"}],"author":"liSJ46GkMj","twitter_card":"summary_large_image","twitter_creator":"@GrupoRecoletas","twitter_site":"@GrupoRecoletas","twitter_misc":{"Escrito por":"liSJ46GkMj","Tiempo de lectura":"1 minuto"},"schema":{"@context":"https:\/\/schema.org","@graph":[{"@type":"Article","@id":"https:\/\/www.gruporecoletas.com\/noticias\/recoletas-colabora-con-red-madre-en-valladolid\/#article","isPartOf":{"@id":"https:\/\/www.gruporecoletas.com\/noticias\/recoletas-colabora-con-red-madre-en-valladolid\/"},"author":{"name":"liSJ46GkMj","@id":"https:\/\/www.gruporecoletas.com\/noticias\/#\/schema\/person\/51ff6b333216d66f02fd59e258760051"},"headline":"Recoletas colabora con Red Madre en Valladolid","datePublished":"2019-06-06T13:57:36+00:00","dateModified":"2019-06-06T13:57:38+00:00","mainEntityOfPage":{"@id":"https:\/\/www.gruporecoletas.com\/noticias\/recoletas-colabora-con-red-madre-en-valladolid\/"},"wordCount":211,"image":{"@id":"https:\/\/www.gruporecoletas.com\/noticias\/recoletas-colabora-con-red-madre-en-valladolid\/#primaryimage"},"thumbnailUrl":"https:\/\/www.gruporecoletas.com\/noticias\/wp-content\/uploads\/2019\/06\/DSC_0200-min-1.jpg","articleSection":["HRCG","Pediatr\u00eda","Valladolid"],"inLanguage":"es"},{"@type":"WebPage","@id":"https:\/\/www.gruporecoletas.com\/noticias\/recoletas-colabora-con-red-madre-en-valladolid\/","url":"https:\/\/www.gruporecoletas.com\/noticias\/recoletas-colabora-con-red-madre-en-valladolid\/","name":"Recoletas colabora con Red Madre en Valladolid - Noticias Grupo Recoletas","isPartOf":{"@id":"https:\/\/www.gruporecoletas.com\/noticias\/#website"},"primaryImageOfPage":{"@id":"https:\/\/www.gruporecoletas.com\/noticias\/recoletas-colabora-con-red-madre-en-valladolid\/#primaryimage"},"image":{"@id":"https:\/\/www.gruporecoletas.com\/noticias\/recoletas-colabora-con-red-madre-en-valladolid\/#primaryimage"},"thumbnailUrl":"https:\/\/www.gruporecoletas.com\/noticias\/wp-content\/uploads\/2019\/06\/DSC_0200-min-1.jpg","datePublished":"2019-06-06T13:57:36+00:00","dateModified":"2019-06-06T13:57:38+00:00","author":{"@id":"https:\/\/www.gruporecoletas.com\/noticias\/#\/schema\/person\/51ff6b333216d66f02fd59e258760051"},"breadcrumb":{"@id":"https:\/\/www.gruporecoletas.com\/noticias\/recoletas-colabora-con-red-madre-en-valladolid\/#breadcrumb"},"inLanguage":"es","potentialAction":[{"@type":"ReadAction","target":["https:\/\/www.gruporecoletas.com\/noticias\/recoletas-colabora-con-red-madre-en-valladolid\/"]}]},{"@type":"ImageObject","inLanguage":"es","@id":"https:\/\/www.gruporecoletas.com\/noticias\/recoletas-colabora-con-red-madre-en-valladolid\/#primaryimage","url":"https:\/\/www.gruporecoletas.com\/noticias\/wp-content\/uploads\/2019\/06\/DSC_0200-min-1.jpg","contentUrl":"https:\/\/www.gruporecoletas.com\/noticias\/wp-content\/uploads\/2019\/06\/DSC_0200-min-1.jpg","width":4928,"height":3264},{"@type":"BreadcrumbList","@id":"https:\/\/www.gruporecoletas.com\/noticias\/recoletas-colabora-con-red-madre-en-valladolid\/#breadcrumb","itemListElement":[{"@type":"ListItem","position":1,"name":"Portada","item":"https:\/\/www.gruporecoletas.com\/noticias\/"},{"@type":"ListItem","position":2,"name":"Recoletas colabora con Red Madre en Valladolid"}]},{"@type":"WebSite","@id":"https:\/\/www.gruporecoletas.com\/noticias\/#website","url":"https:\/\/www.gruporecoletas.com\/noticias\/","name":"Noticias Grupo Recoletas","description":"Grupo Recoletas","potentialAction":[{"@type":"SearchAction","target":{"@type":"EntryPoint","urlTemplate":"https:\/\/www.gruporecoletas.com\/noticias\/?s={search_term_string}"},"query-input":{"@type":"PropertyValueSpecification","valueRequired":true,"valueName":"search_term_string"}}],"inLanguage":"es"},{"@type":"Person","@id":"https:\/\/www.gruporecoletas.com\/noticias\/#\/schema\/person\/51ff6b333216d66f02fd59e258760051","name":"liSJ46GkMj","url":"https:\/\/www.gruporecoletas.com\/noticias\/author\/lisj46gkmj\/"}]}},"_links":{"self":[{"href":"https:\/\/www.gruporecoletas.com\/noticias\/wp-json\/wp\/v2\/posts\/12740","targetHints":{"allow":["GET"]}}],"collection":[{"href":"https:\/\/www.gruporecoletas.com\/noticias\/wp-json\/wp\/v2\/posts"}],"about":[{"href":"https:\/\/www.gruporecoletas.com\/noticias\/wp-json\/wp\/v2\/types\/post"}],"author":[{"embeddable":true,"href":"https:\/\/www.gruporecoletas.com\/noticias\/wp-json\/wp\/v2\/users\/10"}],"replies":[{"embeddable":true,"href":"https:\/\/www.gruporecoletas.com\/noticias\/wp-json\/wp\/v2\/comments?post=12740"}],"version-history":[{"count":1,"href":"https:\/\/www.gruporecoletas.com\/noticias\/wp-json\/wp\/v2\/posts\/12740\/revisions"}],"predecessor-version":[{"id":12742,"href":"https:\/\/www.gruporecoletas.com\/noticias\/wp-json\/wp\/v2\/posts\/12740\/revisions\/12742"}],"wp:featuredmedia":[{"embeddable":true,"href":"https:\/\/www.gruporecoletas.com\/noticias\/wp-json\/wp\/v2\/media\/12743"}],"wp:attachment":[{"href":"https:\/\/www.gruporecoletas.com\/noticias\/wp-json\/wp\/v2\/media?parent=12740"}],"wp:term":[{"taxonomy":"category","embeddable":true,"href":"https:\/\/www.gruporecoletas.com\/noticias\/wp-json\/wp\/v2\/categories?post=12740"},{"taxonomy":"post_tag","embeddable":true,"href":"https:\/\/www.gruporecoletas.com\/noticias\/wp-json\/wp\/v2\/tags?post=12740"}],"curies":[{"name":"wp","href":"https:\/\/api.w.org\/{rel}","templated":true}]}}