{"id":12751,"date":"2019-06-19T08:54:45","date_gmt":"2019-06-19T08:54:45","guid":{"rendered":"https:\/\/www.gruporecoletas.com\/noticias\/?p=12751"},"modified":"2019-06-19T08:55:39","modified_gmt":"2019-06-19T08:55:39","slug":"medico-familia-atencion-primaria","status":"publish","type":"post","link":"https:\/\/www.gruporecoletas.com\/noticias\/medico-familia-atencion-primaria\/","title":{"rendered":"El papel del m\u00e9dico de familia en tu salud"},"content":{"rendered":"\n<p>Actualmente se utilizan los t\u00e9rminos \u201cm\u00e9dico general\u201d, \u201cm\u00e9dico de familia\u201d o \u201cm\u00e9dico de atenci\u00f3n primaria\u201d para referirnos a los profesionales de la medicina <strong>responsables del cuidado de la salud y del restablecimiento de la misma en caso de enfermedad<\/strong>.<\/p>\n\n\n\n<p>\u00bfQuieres saber un dato curioso? Hasta no hace mucho tiempo, la forma com\u00fan para referirse a estos profesionales era con el t\u00e9rmino \u201cm\u00e9dico de cabecera\u201d (seguramente lo habr\u00e1s escuchado m\u00e1s de una vez). Este nombre se deb\u00eda a la posici\u00f3n que ocupaba el m\u00e9dico cuando iba a visitar a un paciente: en la cabecera de la cama, lugar en el que pod\u00eda pasar largas horas<strong> vigilando la evoluci\u00f3n del enfermo<\/strong>. Desde entonces ya es palpable el <strong>compromiso del m\u00e9dico <\/strong>no solo con la enfermedad del paciente sino con su situaci\u00f3n personal, <strong>atendiendo al paciente teniendo en cuenta las necesidades individuales de cada uno<\/strong>.<\/p>\n\n\n\n<h2 class=\"wp-block-heading\"><strong>La labor del m\u00e9dico de atenci\u00f3n primaria<\/strong><\/h2>\n\n\n\n<p>Hoy en d\u00eda el m\u00e9dico general o de familia es el primer contacto con la atenci\u00f3n sanitaria, prestando atenci\u00f3n m\u00e9dica primaria, continua e integral, tanto a individuos como a familias.<\/p>\n\n\n\n<p>Esta atenci\u00f3n integral del paciente incluye la habilidad de gestionar simult\u00e1neamente m\u00faltiples problemas y patolog\u00edas, tanto agudas como cr\u00f3nicas, procurar una educaci\u00f3n sanitaria para promover la salud y prevenir las enfermedades y, adem\u00e1s, gestionar la atenci\u00f3n, las curas, la rehabilitaci\u00f3n y los cuidado paliativos; es lo que nos diferencia del resto de las especialidades, que tratan la enfermedad en el caso concreto. Todo esto dentro de un enfoque global, teniendo en cuenta las dimensiones culturales, existenciales y espirituales de cada persona.<\/p>\n\n\n\n<p>El m\u00e9dico general <strong>tiene la responsabilidad de tomar las decisiones iniciales en todos los problemas que se presenten<\/strong>, requiriendo la consulta de especialistas cuando lo considere necesario.<\/p>\n\n\n\n<h2 class=\"wp-block-heading\"><strong>\u00bfEn qu\u00e9 momento se consulta a los especialistas m\u00e9dicos?<\/strong><\/h2>\n\n\n\n<p>Los m\u00e9dicos especialistas deben actuar como consultores, en coordinaci\u00f3n con el m\u00e9dico de familia; su atenci\u00f3n generalmente es epis\u00f3dica y deben ceder el seguimiento del paciente al m\u00e9dico de familia.<\/p>\n\n\n\n<p><strong>La <a href=\"https:\/\/www.gruporecoletas.com\/especialidades\/medicina-general\/\" target=\"_blank\" rel=\"noreferrer noopener\" aria-label=\" (abre en una nueva pesta\u00f1a)\">Medicina General<\/a> es esencial, y es el primer recurso al que debe acudir el paciente<\/strong>. En la consulta del m\u00e9dico de familia, el paciente se inicia la relaci\u00f3n m\u00e9dico-paciente que tan importante es para ambos. En ese primer contacto el m\u00e9dico realizar\u00e1 la historia cl\u00ednica para lo cual realizar\u00e1 preguntas relativas a las enfermedades pasadas, h\u00e1bitos saludables y as\u00f3 poder tener una visi\u00f3n general inicial de un paciente. Desde esta primera cita se inicia una relaci\u00f3n de empat\u00eda, llegando a ser en muchas ocasiones confidente y consejero del paciente.<\/p>\n\n\n\n<p>A partir de esta primera cita el paciente debe acurdo a su m\u00e9dico de familia ante cualquier patolog\u00eda aguda o cualquier duda sobre el cuidado de su salud. El m\u00e9dico realizar\u00e1 una valoraci\u00f3n inicial, decidir\u00e1 la necesidad o no de pruebas diagn\u00f3sticas y nos plantear\u00e1 un plan de tratamiento. En las ocasiones en las que lo necesite solicitar\u00e1 la consulta de un m\u00e9dico especialista, al cual comentar\u00e1 el caso y establecer\u00e1 un plan de seguimiento conjunto y individualizado para cada paciente.<\/p>\n\n\n\n<h2 class=\"wp-block-heading\"><strong>Seguimiento de enfermedades cr\u00f3nicas por el m\u00e9dico de atenci\u00f3n primaria<\/strong><\/h2>\n\n\n\n<p>Las enfermedades cr\u00f3nicas, tras realizar el diagn\u00f3stico inicial requieren un <strong>control y seguimiento durante toda la vida<\/strong>. Se realizar\u00e1n diferentes pruebas diagn\u00f3sticas y seguimiento de las mismas, se podr\u00e1 consulta con diferentes especialistas, pero siempre bajo la supervisi\u00f3n del m\u00e9dico de familia que, al conocer la enfermedad en su conjunto y, lo m\u00e1s importante, al paciente en su contexto, nos ayuda a entender los resultados, las pautas de las diferentes pruebas y consultas, explica el tratamiento, apoyando y comprometi\u00e9ndose con el enfermo en todo el recorrido de su enfermedad estando con \u00e9l y con su familia durante el proceso.<\/p>\n\n\n\n<p><strong>El m\u00e9dico de familia conoce bien a los pacientes, tanto en el sentido m\u00e9dico de la salud, como personal<\/strong>. A menudo, atiende a varias generaciones de una misma familia. Este conocimiento tan amplio resulta muy valioso, ya que permite adaptar los tratamientos a las caracter\u00edsticas del paciente y explicarlos del modo m\u00e1s apropiado. De esta forma se consigue que el paciente siga el tratamiento correctamente, acuda a las revisiones y suma su enfermedad con la tranquilidad del compromiso y apoyo de su m\u00e9dico.<\/p>\n","protected":false},"excerpt":{"rendered":"<p>Actualmente se utilizan los t\u00e9rminos \u201cm\u00e9dico general\u201d, \u201cm\u00e9dico de familia\u201d o \u201cm\u00e9dico de atenci\u00f3n primaria\u201d para referirnos a los profesionales de la medicina responsables del cuidado de la salud y del restablecimiento de la misma en caso de enfermedad. \u00bfQuieres saber un dato curioso? Hasta no hace mucho tiempo, la forma com\u00fan para referirse a [&hellip;]<\/p>\n","protected":false},"author":2,"featured_media":12752,"comment_status":"closed","ping_status":"closed","sticky":false,"template":"","format":"standard","meta":{"_acf_changed":false,"footnotes":""},"categories":[49,9],"tags":[829],"class_list":["post-12751","post","type-post","status-publish","format-standard","has-post-thumbnail","hentry","category-medicina-general","category-publicaciones","tag-medicina-general"],"acf":[],"yoast_head":"<!-- This site is optimized with the Yoast SEO Premium plugin v27.3 (Yoast SEO v27.3) - https:\/\/yoast.com\/product\/yoast-seo-premium-wordpress\/ -->\n<title>El papel del m\u00e9dico de familia en tu salud - Noticias Grupo Recoletas<\/title>\n<meta name=\"robots\" content=\"index, follow, max-snippet:-1, max-image-preview:large, max-video-preview:-1\" \/>\n<link rel=\"canonical\" href=\"https:\/\/www.gruporecoletas.com\/noticias\/medico-familia-atencion-primaria\/\" \/>\n<meta property=\"og:locale\" content=\"es_ES\" \/>\n<meta property=\"og:type\" content=\"article\" \/>\n<meta property=\"og:title\" content=\"El papel del m\u00e9dico de familia en tu salud\" \/>\n<meta property=\"og:description\" content=\"Actualmente se utilizan los t\u00e9rminos \u201cm\u00e9dico general\u201d, \u201cm\u00e9dico de familia\u201d o \u201cm\u00e9dico de atenci\u00f3n primaria\u201d para referirnos a los profesionales de la medicina responsables del cuidado de la salud y del restablecimiento de la misma en caso de enfermedad. \u00bfQuieres saber un dato curioso? Hasta no hace mucho tiempo, la forma com\u00fan para referirse a [&hellip;]\" \/>\n<meta property=\"og:url\" content=\"https:\/\/www.gruporecoletas.com\/noticias\/medico-familia-atencion-primaria\/\" \/>\n<meta property=\"og:site_name\" content=\"Noticias Grupo Recoletas\" \/>\n<meta property=\"article:publisher\" content=\"https:\/\/www.facebook.com\/GrupoRecoletas\/\" \/>\n<meta property=\"article:published_time\" content=\"2019-06-19T08:54:45+00:00\" \/>\n<meta property=\"article:modified_time\" content=\"2019-06-19T08:55:39+00:00\" \/>\n<meta property=\"og:image\" content=\"https:\/\/www.gruporecoletas.com\/noticias\/wp-content\/uploads\/2019\/06\/medico-de-familia.jpg\" \/>\n\t<meta property=\"og:image:width\" content=\"850\" \/>\n\t<meta property=\"og:image:height\" content=\"567\" \/>\n\t<meta property=\"og:image:type\" content=\"image\/jpeg\" \/>\n<meta name=\"author\" content=\"Recoletas Red Hospitalaria\" \/>\n<meta name=\"twitter:card\" content=\"summary_large_image\" \/>\n<meta name=\"twitter:creator\" content=\"@GrupoRecoletas\" \/>\n<meta name=\"twitter:site\" content=\"@GrupoRecoletas\" \/>\n<meta name=\"twitter:label1\" content=\"Escrito por\" \/>\n\t<meta name=\"twitter:data1\" content=\"Recoletas Red Hospitalaria\" \/>\n\t<meta name=\"twitter:label2\" content=\"Tiempo de lectura\" \/>\n\t<meta name=\"twitter:data2\" content=\"4 minutos\" \/>\n<script type=\"application\/ld+json\" class=\"yoast-schema-graph\">{\"@context\":\"https:\\\/\\\/schema.org\",\"@graph\":[{\"@type\":\"Article\",\"@id\":\"https:\\\/\\\/www.gruporecoletas.com\\\/noticias\\\/medico-familia-atencion-primaria\\\/#article\",\"isPartOf\":{\"@id\":\"https:\\\/\\\/www.gruporecoletas.com\\\/noticias\\\/medico-familia-atencion-primaria\\\/\"},\"author\":{\"name\":\"Recoletas Red Hospitalaria\",\"@id\":\"https:\\\/\\\/www.gruporecoletas.com\\\/noticias\\\/#\\\/schema\\\/person\\\/3c6ac429828d1f5e3d3bd99f4da9b02c\"},\"headline\":\"El papel del m\u00e9dico de familia en tu salud\",\"datePublished\":\"2019-06-19T08:54:45+00:00\",\"dateModified\":\"2019-06-19T08:55:39+00:00\",\"mainEntityOfPage\":{\"@id\":\"https:\\\/\\\/www.gruporecoletas.com\\\/noticias\\\/medico-familia-atencion-primaria\\\/\"},\"wordCount\":771,\"image\":{\"@id\":\"https:\\\/\\\/www.gruporecoletas.com\\\/noticias\\\/medico-familia-atencion-primaria\\\/#primaryimage\"},\"thumbnailUrl\":\"https:\\\/\\\/www.gruporecoletas.com\\\/noticias\\\/wp-content\\\/uploads\\\/2019\\\/06\\\/medico-de-familia.jpg\",\"keywords\":[\"Medicina General\"],\"articleSection\":[\"Medicina General\",\"Publicaciones\"],\"inLanguage\":\"es\"},{\"@type\":\"WebPage\",\"@id\":\"https:\\\/\\\/www.gruporecoletas.com\\\/noticias\\\/medico-familia-atencion-primaria\\\/\",\"url\":\"https:\\\/\\\/www.gruporecoletas.com\\\/noticias\\\/medico-familia-atencion-primaria\\\/\",\"name\":\"El papel del m\u00e9dico de familia en tu salud - Noticias Grupo Recoletas\",\"isPartOf\":{\"@id\":\"https:\\\/\\\/www.gruporecoletas.com\\\/noticias\\\/#website\"},\"primaryImageOfPage\":{\"@id\":\"https:\\\/\\\/www.gruporecoletas.com\\\/noticias\\\/medico-familia-atencion-primaria\\\/#primaryimage\"},\"image\":{\"@id\":\"https:\\\/\\\/www.gruporecoletas.com\\\/noticias\\\/medico-familia-atencion-primaria\\\/#primaryimage\"},\"thumbnailUrl\":\"https:\\\/\\\/www.gruporecoletas.com\\\/noticias\\\/wp-content\\\/uploads\\\/2019\\\/06\\\/medico-de-familia.jpg\",\"datePublished\":\"2019-06-19T08:54:45+00:00\",\"dateModified\":\"2019-06-19T08:55:39+00:00\",\"author\":{\"@id\":\"https:\\\/\\\/www.gruporecoletas.com\\\/noticias\\\/#\\\/schema\\\/person\\\/3c6ac429828d1f5e3d3bd99f4da9b02c\"},\"breadcrumb\":{\"@id\":\"https:\\\/\\\/www.gruporecoletas.com\\\/noticias\\\/medico-familia-atencion-primaria\\\/#breadcrumb\"},\"inLanguage\":\"es\",\"potentialAction\":[{\"@type\":\"ReadAction\",\"target\":[\"https:\\\/\\\/www.gruporecoletas.com\\\/noticias\\\/medico-familia-atencion-primaria\\\/\"]}]},{\"@type\":\"ImageObject\",\"inLanguage\":\"es\",\"@id\":\"https:\\\/\\\/www.gruporecoletas.com\\\/noticias\\\/medico-familia-atencion-primaria\\\/#primaryimage\",\"url\":\"https:\\\/\\\/www.gruporecoletas.com\\\/noticias\\\/wp-content\\\/uploads\\\/2019\\\/06\\\/medico-de-familia.jpg\",\"contentUrl\":\"https:\\\/\\\/www.gruporecoletas.com\\\/noticias\\\/wp-content\\\/uploads\\\/2019\\\/06\\\/medico-de-familia.jpg\",\"width\":850,\"height\":567,\"caption\":\"M\u00e9dico de familia\"},{\"@type\":\"BreadcrumbList\",\"@id\":\"https:\\\/\\\/www.gruporecoletas.com\\\/noticias\\\/medico-familia-atencion-primaria\\\/#breadcrumb\",\"itemListElement\":[{\"@type\":\"ListItem\",\"position\":1,\"name\":\"Portada\",\"item\":\"https:\\\/\\\/www.gruporecoletas.com\\\/noticias\\\/\"},{\"@type\":\"ListItem\",\"position\":2,\"name\":\"El papel del m\u00e9dico de familia en tu salud\"}]},{\"@type\":\"WebSite\",\"@id\":\"https:\\\/\\\/www.gruporecoletas.com\\\/noticias\\\/#website\",\"url\":\"https:\\\/\\\/www.gruporecoletas.com\\\/noticias\\\/\",\"name\":\"Noticias Grupo Recoletas\",\"description\":\"Grupo Recoletas\",\"potentialAction\":[{\"@type\":\"SearchAction\",\"target\":{\"@type\":\"EntryPoint\",\"urlTemplate\":\"https:\\\/\\\/www.gruporecoletas.com\\\/noticias\\\/?s={search_term_string}\"},\"query-input\":{\"@type\":\"PropertyValueSpecification\",\"valueRequired\":true,\"valueName\":\"search_term_string\"}}],\"inLanguage\":\"es\"},{\"@type\":\"Person\",\"@id\":\"https:\\\/\\\/www.gruporecoletas.com\\\/noticias\\\/#\\\/schema\\\/person\\\/3c6ac429828d1f5e3d3bd99f4da9b02c\",\"name\":\"Recoletas Red Hospitalaria\",\"url\":\"https:\\\/\\\/www.gruporecoletas.com\\\/noticias\\\/author\\\/comunicacion\\\/\"}]}<\/script>\n<!-- \/ Yoast SEO Premium plugin. -->","yoast_head_json":{"title":"El papel del m\u00e9dico de familia en tu salud - Noticias Grupo Recoletas","robots":{"index":"index","follow":"follow","max-snippet":"max-snippet:-1","max-image-preview":"max-image-preview:large","max-video-preview":"max-video-preview:-1"},"canonical":"https:\/\/www.gruporecoletas.com\/noticias\/medico-familia-atencion-primaria\/","og_locale":"es_ES","og_type":"article","og_title":"El papel del m\u00e9dico de familia en tu salud","og_description":"Actualmente se utilizan los t\u00e9rminos \u201cm\u00e9dico general\u201d, \u201cm\u00e9dico de familia\u201d o \u201cm\u00e9dico de atenci\u00f3n primaria\u201d para referirnos a los profesionales de la medicina responsables del cuidado de la salud y del restablecimiento de la misma en caso de enfermedad. \u00bfQuieres saber un dato curioso? Hasta no hace mucho tiempo, la forma com\u00fan para referirse a [&hellip;]","og_url":"https:\/\/www.gruporecoletas.com\/noticias\/medico-familia-atencion-primaria\/","og_site_name":"Noticias Grupo Recoletas","article_publisher":"https:\/\/www.facebook.com\/GrupoRecoletas\/","article_published_time":"2019-06-19T08:54:45+00:00","article_modified_time":"2019-06-19T08:55:39+00:00","og_image":[{"width":850,"height":567,"url":"https:\/\/www.gruporecoletas.com\/noticias\/wp-content\/uploads\/2019\/06\/medico-de-familia.jpg","type":"image\/jpeg"}],"author":"Recoletas Red Hospitalaria","twitter_card":"summary_large_image","twitter_creator":"@GrupoRecoletas","twitter_site":"@GrupoRecoletas","twitter_misc":{"Escrito por":"Recoletas Red Hospitalaria","Tiempo de lectura":"4 minutos"},"schema":{"@context":"https:\/\/schema.org","@graph":[{"@type":"Article","@id":"https:\/\/www.gruporecoletas.com\/noticias\/medico-familia-atencion-primaria\/#article","isPartOf":{"@id":"https:\/\/www.gruporecoletas.com\/noticias\/medico-familia-atencion-primaria\/"},"author":{"name":"Recoletas Red Hospitalaria","@id":"https:\/\/www.gruporecoletas.com\/noticias\/#\/schema\/person\/3c6ac429828d1f5e3d3bd99f4da9b02c"},"headline":"El papel del m\u00e9dico de familia en tu salud","datePublished":"2019-06-19T08:54:45+00:00","dateModified":"2019-06-19T08:55:39+00:00","mainEntityOfPage":{"@id":"https:\/\/www.gruporecoletas.com\/noticias\/medico-familia-atencion-primaria\/"},"wordCount":771,"image":{"@id":"https:\/\/www.gruporecoletas.com\/noticias\/medico-familia-atencion-primaria\/#primaryimage"},"thumbnailUrl":"https:\/\/www.gruporecoletas.com\/noticias\/wp-content\/uploads\/2019\/06\/medico-de-familia.jpg","keywords":["Medicina General"],"articleSection":["Medicina General","Publicaciones"],"inLanguage":"es"},{"@type":"WebPage","@id":"https:\/\/www.gruporecoletas.com\/noticias\/medico-familia-atencion-primaria\/","url":"https:\/\/www.gruporecoletas.com\/noticias\/medico-familia-atencion-primaria\/","name":"El papel del m\u00e9dico de familia en tu salud - Noticias Grupo Recoletas","isPartOf":{"@id":"https:\/\/www.gruporecoletas.com\/noticias\/#website"},"primaryImageOfPage":{"@id":"https:\/\/www.gruporecoletas.com\/noticias\/medico-familia-atencion-primaria\/#primaryimage"},"image":{"@id":"https:\/\/www.gruporecoletas.com\/noticias\/medico-familia-atencion-primaria\/#primaryimage"},"thumbnailUrl":"https:\/\/www.gruporecoletas.com\/noticias\/wp-content\/uploads\/2019\/06\/medico-de-familia.jpg","datePublished":"2019-06-19T08:54:45+00:00","dateModified":"2019-06-19T08:55:39+00:00","author":{"@id":"https:\/\/www.gruporecoletas.com\/noticias\/#\/schema\/person\/3c6ac429828d1f5e3d3bd99f4da9b02c"},"breadcrumb":{"@id":"https:\/\/www.gruporecoletas.com\/noticias\/medico-familia-atencion-primaria\/#breadcrumb"},"inLanguage":"es","potentialAction":[{"@type":"ReadAction","target":["https:\/\/www.gruporecoletas.com\/noticias\/medico-familia-atencion-primaria\/"]}]},{"@type":"ImageObject","inLanguage":"es","@id":"https:\/\/www.gruporecoletas.com\/noticias\/medico-familia-atencion-primaria\/#primaryimage","url":"https:\/\/www.gruporecoletas.com\/noticias\/wp-content\/uploads\/2019\/06\/medico-de-familia.jpg","contentUrl":"https:\/\/www.gruporecoletas.com\/noticias\/wp-content\/uploads\/2019\/06\/medico-de-familia.jpg","width":850,"height":567,"caption":"M\u00e9dico de familia"},{"@type":"BreadcrumbList","@id":"https:\/\/www.gruporecoletas.com\/noticias\/medico-familia-atencion-primaria\/#breadcrumb","itemListElement":[{"@type":"ListItem","position":1,"name":"Portada","item":"https:\/\/www.gruporecoletas.com\/noticias\/"},{"@type":"ListItem","position":2,"name":"El papel del m\u00e9dico de familia en tu salud"}]},{"@type":"WebSite","@id":"https:\/\/www.gruporecoletas.com\/noticias\/#website","url":"https:\/\/www.gruporecoletas.com\/noticias\/","name":"Noticias Grupo Recoletas","description":"Grupo Recoletas","potentialAction":[{"@type":"SearchAction","target":{"@type":"EntryPoint","urlTemplate":"https:\/\/www.gruporecoletas.com\/noticias\/?s={search_term_string}"},"query-input":{"@type":"PropertyValueSpecification","valueRequired":true,"valueName":"search_term_string"}}],"inLanguage":"es"},{"@type":"Person","@id":"https:\/\/www.gruporecoletas.com\/noticias\/#\/schema\/person\/3c6ac429828d1f5e3d3bd99f4da9b02c","name":"Recoletas Red Hospitalaria","url":"https:\/\/www.gruporecoletas.com\/noticias\/author\/comunicacion\/"}]}},"_links":{"self":[{"href":"https:\/\/www.gruporecoletas.com\/noticias\/wp-json\/wp\/v2\/posts\/12751","targetHints":{"allow":["GET"]}}],"collection":[{"href":"https:\/\/www.gruporecoletas.com\/noticias\/wp-json\/wp\/v2\/posts"}],"about":[{"href":"https:\/\/www.gruporecoletas.com\/noticias\/wp-json\/wp\/v2\/types\/post"}],"author":[{"embeddable":true,"href":"https:\/\/www.gruporecoletas.com\/noticias\/wp-json\/wp\/v2\/users\/2"}],"replies":[{"embeddable":true,"href":"https:\/\/www.gruporecoletas.com\/noticias\/wp-json\/wp\/v2\/comments?post=12751"}],"version-history":[{"count":1,"href":"https:\/\/www.gruporecoletas.com\/noticias\/wp-json\/wp\/v2\/posts\/12751\/revisions"}],"predecessor-version":[{"id":12753,"href":"https:\/\/www.gruporecoletas.com\/noticias\/wp-json\/wp\/v2\/posts\/12751\/revisions\/12753"}],"wp:featuredmedia":[{"embeddable":true,"href":"https:\/\/www.gruporecoletas.com\/noticias\/wp-json\/wp\/v2\/media\/12752"}],"wp:attachment":[{"href":"https:\/\/www.gruporecoletas.com\/noticias\/wp-json\/wp\/v2\/media?parent=12751"}],"wp:term":[{"taxonomy":"category","embeddable":true,"href":"https:\/\/www.gruporecoletas.com\/noticias\/wp-json\/wp\/v2\/categories?post=12751"},{"taxonomy":"post_tag","embeddable":true,"href":"https:\/\/www.gruporecoletas.com\/noticias\/wp-json\/wp\/v2\/tags?post=12751"}],"curies":[{"name":"wp","href":"https:\/\/api.w.org\/{rel}","templated":true}]}}