{"id":12759,"date":"2019-05-27T11:06:38","date_gmt":"2019-05-27T11:06:38","guid":{"rendered":"https:\/\/www.gruporecoletas.com\/noticias\/?p=12759"},"modified":"2019-06-21T11:18:12","modified_gmt":"2019-06-21T11:18:12","slug":"que-es-la-celiaquia-la-nutricionista-paula-crespo-responde","status":"publish","type":"post","link":"https:\/\/www.gruporecoletas.com\/noticias\/que-es-la-celiaquia-la-nutricionista-paula-crespo-responde\/","title":{"rendered":"\u00bfQu\u00e9 es la celiaqu\u00eda? &#8211; La nutricionista Paula Crespo responde"},"content":{"rendered":"\n<p>Paula Crespo, <strong>nutricionista del Hospital Recoletas Campo Grande y Unidad  de la Mujer Recoletas<\/strong>, explica qu\u00e9 es la celiaqu\u00eda, cu\u00e1les son los  s\u00edntomas y c\u00f3mo tratar la enfermedad cel\u00edaca.<\/p>\n\n\n\n<figure class=\"wp-block-embed-youtube wp-block-embed is-type-video is-provider-youtube wp-embed-aspect-16-9 wp-has-aspect-ratio\"><div class=\"wp-block-embed__wrapper\">\n<iframe loading=\"lazy\" title=\"\u00bfQu\u00e9 es la celiaqu\u00eda? La nutricionista Paula Crespo te lo cuenta - Recoletas Red Hospitalaria\" width=\"500\" height=\"281\" src=\"https:\/\/www.youtube.com\/embed\/U4XvJRz9VCw?feature=oembed\" frameborder=\"0\" allow=\"accelerometer; autoplay; clipboard-write; encrypted-media; gyroscope; picture-in-picture; web-share\" referrerpolicy=\"strict-origin-when-cross-origin\" allowfullscreen><\/iframe>\n<\/div><\/figure>\n","protected":false},"excerpt":{"rendered":"<p>Paula Crespo, nutricionista del Hospital Recoletas Campo Grande y Unidad de la Mujer Recoletas, explica qu\u00e9 es la celiaqu\u00eda, cu\u00e1les son los s\u00edntomas y c\u00f3mo tratar la enfermedad cel\u00edaca.<\/p>\n","protected":false},"author":2,"featured_media":12762,"comment_status":"closed","ping_status":"closed","sticky":false,"template":"","format":"standard","meta":{"_acf_changed":false,"footnotes":""},"categories":[2,41,4],"tags":[],"class_list":["post-12759","post","type-post","status-publish","format-standard","has-post-thumbnail","hentry","category-hrcg","category-nutricion-y-dietetica","category-valladolid"],"acf":[],"yoast_head":"<!-- This site is optimized with the Yoast SEO Premium plugin v27.3 (Yoast SEO v27.3) - https:\/\/yoast.com\/product\/yoast-seo-premium-wordpress\/ -->\n<title>\u00bfQu\u00e9 es la celiaqu\u00eda? - La nutricionista Paula Crespo responde - Noticias Grupo Recoletas<\/title>\n<meta name=\"robots\" content=\"index, follow, max-snippet:-1, max-image-preview:large, max-video-preview:-1\" \/>\n<link rel=\"canonical\" href=\"https:\/\/www.gruporecoletas.com\/noticias\/que-es-la-celiaquia-la-nutricionista-paula-crespo-responde\/\" \/>\n<meta property=\"og:locale\" content=\"es_ES\" \/>\n<meta property=\"og:type\" content=\"article\" \/>\n<meta property=\"og:title\" content=\"\u00bfQu\u00e9 es la celiaqu\u00eda? - La nutricionista Paula Crespo responde\" \/>\n<meta property=\"og:description\" content=\"Paula Crespo, nutricionista del Hospital Recoletas Campo Grande y Unidad de la Mujer Recoletas, explica qu\u00e9 es la celiaqu\u00eda, cu\u00e1les son los s\u00edntomas y c\u00f3mo tratar la enfermedad cel\u00edaca.\" \/>\n<meta property=\"og:url\" content=\"https:\/\/www.gruporecoletas.com\/noticias\/que-es-la-celiaquia-la-nutricionista-paula-crespo-responde\/\" \/>\n<meta property=\"og:site_name\" content=\"Noticias Grupo Recoletas\" \/>\n<meta property=\"article:publisher\" content=\"https:\/\/www.facebook.com\/GrupoRecoletas\/\" \/>\n<meta property=\"article:published_time\" content=\"2019-05-27T11:06:38+00:00\" \/>\n<meta property=\"article:modified_time\" content=\"2019-06-21T11:18:12+00:00\" \/>\n<meta property=\"og:image\" content=\"https:\/\/www.gruporecoletas.com\/noticias\/wp-content\/uploads\/2019\/05\/wesual-click-431380-unsplash-1024x681.jpg\" \/>\n\t<meta property=\"og:image:width\" content=\"1024\" \/>\n\t<meta property=\"og:image:height\" content=\"681\" \/>\n\t<meta property=\"og:image:type\" content=\"image\/jpeg\" \/>\n<meta name=\"author\" content=\"Recoletas Red Hospitalaria\" \/>\n<meta name=\"twitter:card\" content=\"summary_large_image\" \/>\n<meta name=\"twitter:creator\" content=\"@GrupoRecoletas\" \/>\n<meta name=\"twitter:site\" content=\"@GrupoRecoletas\" \/>\n<meta name=\"twitter:label1\" content=\"Escrito por\" \/>\n\t<meta name=\"twitter:data1\" content=\"Recoletas Red Hospitalaria\" \/>\n<script type=\"application\/ld+json\" class=\"yoast-schema-graph\">{\"@context\":\"https:\\\/\\\/schema.org\",\"@graph\":[{\"@type\":\"Article\",\"@id\":\"https:\\\/\\\/www.gruporecoletas.com\\\/noticias\\\/que-es-la-celiaquia-la-nutricionista-paula-crespo-responde\\\/#article\",\"isPartOf\":{\"@id\":\"https:\\\/\\\/www.gruporecoletas.com\\\/noticias\\\/que-es-la-celiaquia-la-nutricionista-paula-crespo-responde\\\/\"},\"author\":{\"name\":\"Recoletas Red Hospitalaria\",\"@id\":\"https:\\\/\\\/www.gruporecoletas.com\\\/noticias\\\/#\\\/schema\\\/person\\\/3c6ac429828d1f5e3d3bd99f4da9b02c\"},\"headline\":\"\u00bfQu\u00e9 es la celiaqu\u00eda? &#8211; La nutricionista Paula Crespo responde\",\"datePublished\":\"2019-05-27T11:06:38+00:00\",\"dateModified\":\"2019-06-21T11:18:12+00:00\",\"mainEntityOfPage\":{\"@id\":\"https:\\\/\\\/www.gruporecoletas.com\\\/noticias\\\/que-es-la-celiaquia-la-nutricionista-paula-crespo-responde\\\/\"},\"wordCount\":54,\"image\":{\"@id\":\"https:\\\/\\\/www.gruporecoletas.com\\\/noticias\\\/que-es-la-celiaquia-la-nutricionista-paula-crespo-responde\\\/#primaryimage\"},\"thumbnailUrl\":\"https:\\\/\\\/www.gruporecoletas.com\\\/noticias\\\/wp-content\\\/uploads\\\/2019\\\/05\\\/wesual-click-431380-unsplash.jpg\",\"articleSection\":[\"HRCG\",\"Nutrici\u00f3n y dietetica\",\"Valladolid\"],\"inLanguage\":\"es\"},{\"@type\":\"WebPage\",\"@id\":\"https:\\\/\\\/www.gruporecoletas.com\\\/noticias\\\/que-es-la-celiaquia-la-nutricionista-paula-crespo-responde\\\/\",\"url\":\"https:\\\/\\\/www.gruporecoletas.com\\\/noticias\\\/que-es-la-celiaquia-la-nutricionista-paula-crespo-responde\\\/\",\"name\":\"\u00bfQu\u00e9 es la celiaqu\u00eda? - La nutricionista Paula Crespo responde - Noticias Grupo Recoletas\",\"isPartOf\":{\"@id\":\"https:\\\/\\\/www.gruporecoletas.com\\\/noticias\\\/#website\"},\"primaryImageOfPage\":{\"@id\":\"https:\\\/\\\/www.gruporecoletas.com\\\/noticias\\\/que-es-la-celiaquia-la-nutricionista-paula-crespo-responde\\\/#primaryimage\"},\"image\":{\"@id\":\"https:\\\/\\\/www.gruporecoletas.com\\\/noticias\\\/que-es-la-celiaquia-la-nutricionista-paula-crespo-responde\\\/#primaryimage\"},\"thumbnailUrl\":\"https:\\\/\\\/www.gruporecoletas.com\\\/noticias\\\/wp-content\\\/uploads\\\/2019\\\/05\\\/wesual-click-431380-unsplash.jpg\",\"datePublished\":\"2019-05-27T11:06:38+00:00\",\"dateModified\":\"2019-06-21T11:18:12+00:00\",\"author\":{\"@id\":\"https:\\\/\\\/www.gruporecoletas.com\\\/noticias\\\/#\\\/schema\\\/person\\\/3c6ac429828d1f5e3d3bd99f4da9b02c\"},\"breadcrumb\":{\"@id\":\"https:\\\/\\\/www.gruporecoletas.com\\\/noticias\\\/que-es-la-celiaquia-la-nutricionista-paula-crespo-responde\\\/#breadcrumb\"},\"inLanguage\":\"es\",\"potentialAction\":[{\"@type\":\"ReadAction\",\"target\":[\"https:\\\/\\\/www.gruporecoletas.com\\\/noticias\\\/que-es-la-celiaquia-la-nutricionista-paula-crespo-responde\\\/\"]}]},{\"@type\":\"ImageObject\",\"inLanguage\":\"es\",\"@id\":\"https:\\\/\\\/www.gruporecoletas.com\\\/noticias\\\/que-es-la-celiaquia-la-nutricionista-paula-crespo-responde\\\/#primaryimage\",\"url\":\"https:\\\/\\\/www.gruporecoletas.com\\\/noticias\\\/wp-content\\\/uploads\\\/2019\\\/05\\\/wesual-click-431380-unsplash.jpg\",\"contentUrl\":\"https:\\\/\\\/www.gruporecoletas.com\\\/noticias\\\/wp-content\\\/uploads\\\/2019\\\/05\\\/wesual-click-431380-unsplash.jpg\",\"width\":3872,\"height\":2576},{\"@type\":\"BreadcrumbList\",\"@id\":\"https:\\\/\\\/www.gruporecoletas.com\\\/noticias\\\/que-es-la-celiaquia-la-nutricionista-paula-crespo-responde\\\/#breadcrumb\",\"itemListElement\":[{\"@type\":\"ListItem\",\"position\":1,\"name\":\"Portada\",\"item\":\"https:\\\/\\\/www.gruporecoletas.com\\\/noticias\\\/\"},{\"@type\":\"ListItem\",\"position\":2,\"name\":\"\u00bfQu\u00e9 es la celiaqu\u00eda? &#8211; La nutricionista Paula Crespo responde\"}]},{\"@type\":\"WebSite\",\"@id\":\"https:\\\/\\\/www.gruporecoletas.com\\\/noticias\\\/#website\",\"url\":\"https:\\\/\\\/www.gruporecoletas.com\\\/noticias\\\/\",\"name\":\"Noticias Grupo Recoletas\",\"description\":\"Grupo Recoletas\",\"potentialAction\":[{\"@type\":\"SearchAction\",\"target\":{\"@type\":\"EntryPoint\",\"urlTemplate\":\"https:\\\/\\\/www.gruporecoletas.com\\\/noticias\\\/?s={search_term_string}\"},\"query-input\":{\"@type\":\"PropertyValueSpecification\",\"valueRequired\":true,\"valueName\":\"search_term_string\"}}],\"inLanguage\":\"es\"},{\"@type\":\"Person\",\"@id\":\"https:\\\/\\\/www.gruporecoletas.com\\\/noticias\\\/#\\\/schema\\\/person\\\/3c6ac429828d1f5e3d3bd99f4da9b02c\",\"name\":\"Recoletas Red Hospitalaria\",\"url\":\"https:\\\/\\\/www.gruporecoletas.com\\\/noticias\\\/author\\\/comunicacion\\\/\"}]}<\/script>\n<!-- \/ Yoast SEO Premium plugin. -->","yoast_head_json":{"title":"\u00bfQu\u00e9 es la celiaqu\u00eda? - La nutricionista Paula Crespo responde - Noticias Grupo Recoletas","robots":{"index":"index","follow":"follow","max-snippet":"max-snippet:-1","max-image-preview":"max-image-preview:large","max-video-preview":"max-video-preview:-1"},"canonical":"https:\/\/www.gruporecoletas.com\/noticias\/que-es-la-celiaquia-la-nutricionista-paula-crespo-responde\/","og_locale":"es_ES","og_type":"article","og_title":"\u00bfQu\u00e9 es la celiaqu\u00eda? - La nutricionista Paula Crespo responde","og_description":"Paula Crespo, nutricionista del Hospital Recoletas Campo Grande y Unidad de la Mujer Recoletas, explica qu\u00e9 es la celiaqu\u00eda, cu\u00e1les son los s\u00edntomas y c\u00f3mo tratar la enfermedad cel\u00edaca.","og_url":"https:\/\/www.gruporecoletas.com\/noticias\/que-es-la-celiaquia-la-nutricionista-paula-crespo-responde\/","og_site_name":"Noticias Grupo Recoletas","article_publisher":"https:\/\/www.facebook.com\/GrupoRecoletas\/","article_published_time":"2019-05-27T11:06:38+00:00","article_modified_time":"2019-06-21T11:18:12+00:00","og_image":[{"width":1024,"height":681,"url":"https:\/\/www.gruporecoletas.com\/noticias\/wp-content\/uploads\/2019\/05\/wesual-click-431380-unsplash-1024x681.jpg","type":"image\/jpeg"}],"author":"Recoletas Red Hospitalaria","twitter_card":"summary_large_image","twitter_creator":"@GrupoRecoletas","twitter_site":"@GrupoRecoletas","twitter_misc":{"Escrito por":"Recoletas Red Hospitalaria"},"schema":{"@context":"https:\/\/schema.org","@graph":[{"@type":"Article","@id":"https:\/\/www.gruporecoletas.com\/noticias\/que-es-la-celiaquia-la-nutricionista-paula-crespo-responde\/#article","isPartOf":{"@id":"https:\/\/www.gruporecoletas.com\/noticias\/que-es-la-celiaquia-la-nutricionista-paula-crespo-responde\/"},"author":{"name":"Recoletas Red Hospitalaria","@id":"https:\/\/www.gruporecoletas.com\/noticias\/#\/schema\/person\/3c6ac429828d1f5e3d3bd99f4da9b02c"},"headline":"\u00bfQu\u00e9 es la celiaqu\u00eda? &#8211; La nutricionista Paula Crespo responde","datePublished":"2019-05-27T11:06:38+00:00","dateModified":"2019-06-21T11:18:12+00:00","mainEntityOfPage":{"@id":"https:\/\/www.gruporecoletas.com\/noticias\/que-es-la-celiaquia-la-nutricionista-paula-crespo-responde\/"},"wordCount":54,"image":{"@id":"https:\/\/www.gruporecoletas.com\/noticias\/que-es-la-celiaquia-la-nutricionista-paula-crespo-responde\/#primaryimage"},"thumbnailUrl":"https:\/\/www.gruporecoletas.com\/noticias\/wp-content\/uploads\/2019\/05\/wesual-click-431380-unsplash.jpg","articleSection":["HRCG","Nutrici\u00f3n y dietetica","Valladolid"],"inLanguage":"es"},{"@type":"WebPage","@id":"https:\/\/www.gruporecoletas.com\/noticias\/que-es-la-celiaquia-la-nutricionista-paula-crespo-responde\/","url":"https:\/\/www.gruporecoletas.com\/noticias\/que-es-la-celiaquia-la-nutricionista-paula-crespo-responde\/","name":"\u00bfQu\u00e9 es la celiaqu\u00eda? - La nutricionista Paula Crespo responde - Noticias Grupo Recoletas","isPartOf":{"@id":"https:\/\/www.gruporecoletas.com\/noticias\/#website"},"primaryImageOfPage":{"@id":"https:\/\/www.gruporecoletas.com\/noticias\/que-es-la-celiaquia-la-nutricionista-paula-crespo-responde\/#primaryimage"},"image":{"@id":"https:\/\/www.gruporecoletas.com\/noticias\/que-es-la-celiaquia-la-nutricionista-paula-crespo-responde\/#primaryimage"},"thumbnailUrl":"https:\/\/www.gruporecoletas.com\/noticias\/wp-content\/uploads\/2019\/05\/wesual-click-431380-unsplash.jpg","datePublished":"2019-05-27T11:06:38+00:00","dateModified":"2019-06-21T11:18:12+00:00","author":{"@id":"https:\/\/www.gruporecoletas.com\/noticias\/#\/schema\/person\/3c6ac429828d1f5e3d3bd99f4da9b02c"},"breadcrumb":{"@id":"https:\/\/www.gruporecoletas.com\/noticias\/que-es-la-celiaquia-la-nutricionista-paula-crespo-responde\/#breadcrumb"},"inLanguage":"es","potentialAction":[{"@type":"ReadAction","target":["https:\/\/www.gruporecoletas.com\/noticias\/que-es-la-celiaquia-la-nutricionista-paula-crespo-responde\/"]}]},{"@type":"ImageObject","inLanguage":"es","@id":"https:\/\/www.gruporecoletas.com\/noticias\/que-es-la-celiaquia-la-nutricionista-paula-crespo-responde\/#primaryimage","url":"https:\/\/www.gruporecoletas.com\/noticias\/wp-content\/uploads\/2019\/05\/wesual-click-431380-unsplash.jpg","contentUrl":"https:\/\/www.gruporecoletas.com\/noticias\/wp-content\/uploads\/2019\/05\/wesual-click-431380-unsplash.jpg","width":3872,"height":2576},{"@type":"BreadcrumbList","@id":"https:\/\/www.gruporecoletas.com\/noticias\/que-es-la-celiaquia-la-nutricionista-paula-crespo-responde\/#breadcrumb","itemListElement":[{"@type":"ListItem","position":1,"name":"Portada","item":"https:\/\/www.gruporecoletas.com\/noticias\/"},{"@type":"ListItem","position":2,"name":"\u00bfQu\u00e9 es la celiaqu\u00eda? &#8211; La nutricionista Paula Crespo responde"}]},{"@type":"WebSite","@id":"https:\/\/www.gruporecoletas.com\/noticias\/#website","url":"https:\/\/www.gruporecoletas.com\/noticias\/","name":"Noticias Grupo Recoletas","description":"Grupo Recoletas","potentialAction":[{"@type":"SearchAction","target":{"@type":"EntryPoint","urlTemplate":"https:\/\/www.gruporecoletas.com\/noticias\/?s={search_term_string}"},"query-input":{"@type":"PropertyValueSpecification","valueRequired":true,"valueName":"search_term_string"}}],"inLanguage":"es"},{"@type":"Person","@id":"https:\/\/www.gruporecoletas.com\/noticias\/#\/schema\/person\/3c6ac429828d1f5e3d3bd99f4da9b02c","name":"Recoletas Red Hospitalaria","url":"https:\/\/www.gruporecoletas.com\/noticias\/author\/comunicacion\/"}]}},"_links":{"self":[{"href":"https:\/\/www.gruporecoletas.com\/noticias\/wp-json\/wp\/v2\/posts\/12759","targetHints":{"allow":["GET"]}}],"collection":[{"href":"https:\/\/www.gruporecoletas.com\/noticias\/wp-json\/wp\/v2\/posts"}],"about":[{"href":"https:\/\/www.gruporecoletas.com\/noticias\/wp-json\/wp\/v2\/types\/post"}],"author":[{"embeddable":true,"href":"https:\/\/www.gruporecoletas.com\/noticias\/wp-json\/wp\/v2\/users\/2"}],"replies":[{"embeddable":true,"href":"https:\/\/www.gruporecoletas.com\/noticias\/wp-json\/wp\/v2\/comments?post=12759"}],"version-history":[{"count":1,"href":"https:\/\/www.gruporecoletas.com\/noticias\/wp-json\/wp\/v2\/posts\/12759\/revisions"}],"predecessor-version":[{"id":12760,"href":"https:\/\/www.gruporecoletas.com\/noticias\/wp-json\/wp\/v2\/posts\/12759\/revisions\/12760"}],"wp:featuredmedia":[{"embeddable":true,"href":"https:\/\/www.gruporecoletas.com\/noticias\/wp-json\/wp\/v2\/media\/12762"}],"wp:attachment":[{"href":"https:\/\/www.gruporecoletas.com\/noticias\/wp-json\/wp\/v2\/media?parent=12759"}],"wp:term":[{"taxonomy":"category","embeddable":true,"href":"https:\/\/www.gruporecoletas.com\/noticias\/wp-json\/wp\/v2\/categories?post=12759"},{"taxonomy":"post_tag","embeddable":true,"href":"https:\/\/www.gruporecoletas.com\/noticias\/wp-json\/wp\/v2\/tags?post=12759"}],"curies":[{"name":"wp","href":"https:\/\/api.w.org\/{rel}","templated":true}]}}