{"id":12771,"date":"2019-06-26T07:50:49","date_gmt":"2019-06-26T07:50:49","guid":{"rendered":"https:\/\/www.gruporecoletas.com\/noticias\/?p=12771"},"modified":"2019-06-26T07:50:50","modified_gmt":"2019-06-26T07:50:50","slug":"salud-ocular-instituto-oftalmologico-recoletas","status":"publish","type":"post","link":"https:\/\/www.gruporecoletas.com\/noticias\/salud-ocular-instituto-oftalmologico-recoletas\/","title":{"rendered":"Salud ocular: Instituto Oftalmol\u00f3gico Recoletas"},"content":{"rendered":"\n<p>La vista es uno de los sentidos m\u00e1s importantes y los ojos uno de los \u00f3rganos m\u00e1s apreciados por los pacientes. Por eso, el cuidado de la salud ocular es esencial para poder tener una mejor calidad de vida. Seg\u00fan la <a href=\"https:\/\/www.who.int\/es\">Organizaci\u00f3n Mundial de la Salud<\/a> (OMS), \u201cla discapacidad visual puede limitar a las personas en al realizaci\u00f3n de tareas cotidianas y afectar su calidad de vida, as\u00ed como sus posibilidades de interacci\u00f3n con el mundo circundante\u201d.<\/p>\n\n\n\n<p>Las <a href=\"https:\/\/www.gruporecoletas.com\/enfermedades-o-patologias\/cataratas\/\">cataratas<\/a>, el <a href=\"https:\/\/www.gruporecoletas.com\/enfermedades-o-patologias\/oftalmologia-2\/\">glaucoma<\/a>, las enfermedades de la retina (degeneraci\u00f3n macular o la retinopat\u00eda diab\u00e9tica) y las patolog\u00edas de la c\u00f3rnea figuran entre las patolog\u00edas m\u00e1s frecuentes que pueden afectar a nuestros ojos. Seg\u00fan la gravedad de estas enfermedades, el tratamiento ser\u00e1s m\u00e1s o menos invasivo. Sin embargo, la evoluci\u00f3n de muchas de estas enfermedades es lenta y es primordial una correcta prevenci\u00f3n en la salud ocular para intentar que los da\u00f1os, si aparecen, sean los m\u00ednimos o, si es posible, evitarlos. La realizaci\u00f3n de pruebas diagn\u00f3sticas en las distintas subespecialidades oftalmol\u00f3gicas es ideal para mantener tu salud ocular.<\/p>\n\n\n\n<h2 class=\"wp-block-heading\"><strong>\u00bfQu\u00e9 es el Instituto Oftalmol\u00f3gico Recoletas?<\/strong><\/h2>\n\n\n\n<p>El<a href=\"https:\/\/www.gruporecoletas.com\/institutos\/instituto-oftalmologico-recoletas\/\"> Instituto Oftalmol\u00f3gico Recoletas<\/a> responde al deseo de brindar la mejor asistencia cl\u00ednica y quir\u00fargica a los pacientes con problemas oculares. Ofrece un servicio de <strong>oftalmolog\u00eda multidisciplinar y personalizado a cada paciente<\/strong>, con unidades adecuadas a cada una de las distintas patolog\u00edas oculares. Para ello, cuenta con un <strong>amplio equipo de profesionales<\/strong> con formaci\u00f3n espec\u00edfica en cada una de las subespecialidades, unido a la tecnolog\u00edas de \u00faltima generaci\u00f3n en cuanto a equipamiento. Adem\u00e1s, consta de unas instalaciones amplias, c\u00f3modas y modernas, dedicadas exclusivamente a la atenci\u00f3n m\u00e9dica oftalmol\u00f3gica m\u00e1s vanguardista, tanto en el \u00e1rea de consultas como en al quir\u00fargica.<\/p>\n\n\n\n<p>Nuestro protocolo asistencial se basa en aplicar a cada caso cl\u00ednico todo el tiempo y los recursos necesarios para una atenci\u00f3n personalizada y de calidad.<\/p>\n\n\n\n<h2 class=\"wp-block-heading\"><strong>Los profesionales<\/strong><\/h2>\n\n\n\n<p>El equipo m\u00e9dico, coordinado por el <a href=\"https:\/\/www.gruporecoletas.com\/profesionales\/dr-galarreta-mira\/\">Dr. David Galarreta<\/a>, est\u00e1 integrado por profesionales subespecializados en cada patolog\u00eda ocular (c\u00f3rnea, retina, glaucoma, \u00f3rbita, pl\u00e1stica ocular\u2026) que garantizan la atenci\u00f3n personalizada y espec\u00edfica para cada paciente.<\/p>\n\n\n\n<p>El nivel de especializaci\u00f3n, experiencia y compromiso de cada uno de nuestros oftalm\u00f3logos, la aparatolog\u00eda espec\u00edfica de \u00faltima generaci\u00f3n, unido al trato correcto, profesional y cercano de nuestro equipo auxiliar (enfermer\u00eda, auxiliares de cl\u00ednica, atenci\u00f3n al paciente, etc.) proporciona los mejores resultados y la mayor seguridad y tranquilidad para nuestros pacientes.<\/p>\n\n\n\n<h2 class=\"wp-block-heading\"><strong>El equipamiento<\/strong><\/h2>\n\n\n\n<p>El Instituto consta de diferentes \u00e1reas y espacios diferenciados para garantizar la comodidas y seguridad de sus pacientes. Dispone de un \u00e1rea de consultas cl\u00ednicas y de exploraci\u00f3n ocular, y de un \u00e1rea quir\u00fargica, lo que le permite llevar a cabo una asistencia oftalmol\u00f3gica integral.<\/p>\n\n\n\n<p><strong>Concretamente, el centro est\u00e1 dotado de:<\/strong><\/p>\n\n\n\n<ul class=\"wp-block-list\"><li>3 quir\u00f3fanos<\/li><li>2 antequir\u00f3fanos<\/li><li>REA<\/li><li>2 zonas pre\/post operatorias<\/li><li>Consulta optometrista<\/li><li>4 consultas oftalmol\u00f3gicas<\/li><li>3 zonas de pruebas diagn\u00f3sticas.<\/li><\/ul>\n\n\n\n<p>Adem\u00e1s, dispone de salas de espera y zona de tratamientos m\u00ednimamente invasivos.<\/p>\n\n\n\n<h2 class=\"wp-block-heading\"><strong>La tecnolog\u00eda<\/strong><\/h2>\n\n\n\n<p>La tecnolog\u00eda m\u00e1s avanzada permite acometer la especialidad de forma integral con excelencia en cada proceso m\u00e9dico. Para ello, el Instituto dispone de equipamiento espec\u00edfico de \u00faltima generaci\u00f3n, especializado en el diagn\u00f3stico y tratamiento de m\u00faltiples patolog\u00edas oftalmol\u00f3gicas:<\/p>\n\n\n\n<ul class=\"wp-block-list\"><li>Catarata<ul><li>L\u00e1ser femtosegundo<\/li><\/ul><\/li><li>C\u00f3rnea<\/li><li>Glaucoma<\/li><li>Retina y v\u00edtreo<\/li><li>Oftalmolog\u00eda pedi\u00e1trica<\/li><li>Estrabismos en adultos<\/li><li>Cirug\u00eda refractiva<ul><li>Miop\u00eda, hipermetrop\u00eda, astigmatismo<\/li><li>Presbicia o vista cansada<\/li><li>L\u00e1ser excimer y de femtosegundo<\/li><\/ul><\/li><li>Oculoplastia<\/li><li>Est\u00e9tica y rejuvenecimiento oculofacial<\/li><\/ul>\n\n\n\n<h2 class=\"wp-block-heading\"><strong>Centro especializado en Zamora<\/strong><\/h2>\n\n\n\n<p>El<a href=\"https:\/\/www.gruporecoletas.com\/centros-medicos\/centro-medico-recoletas-vea\/\"> Centro M\u00e9dico Recoletas Vea<\/a> es un centro de Oftalmolog\u00eda ubicado en Zamora, en el que se ofrece a los pacientes una asistencia integral, en unas instalaciones con un equipamiento tecnol\u00f3gico de vanguardia.<\/p>\n\n\n\n<p>Su gran equipo de profesionales se encarga de atender diferentes patolog\u00edas oculares, adem\u00e1s de un diagn\u00f3stico oftalmol\u00f3gico eficaz, informando en cada momento del tratamiento que mejor se adapte a las necesidades de los pacientes y utilizando \u00faltimos avances tecnol\u00f3gicos para lograr los resultados m\u00e1s satisfactorios.<\/p>\n","protected":false},"excerpt":{"rendered":"<p>La vista es uno de los sentidos m\u00e1s importantes y los ojos uno de los \u00f3rganos m\u00e1s apreciados por los pacientes. Por eso, el cuidado de la salud ocular es esencial para poder tener una mejor calidad de vida. Seg\u00fan la Organizaci\u00f3n Mundial de la Salud (OMS), \u201cla discapacidad visual puede limitar a las personas [&hellip;]<\/p>\n","protected":false},"author":2,"featured_media":12772,"comment_status":"closed","ping_status":"closed","sticky":false,"template":"","format":"standard","meta":{"_acf_changed":false,"footnotes":""},"categories":[9],"tags":[759,839,39,22],"class_list":["post-12771","post","type-post","status-publish","format-standard","has-post-thumbnail","hentry","category-publicaciones","tag-instituto-oftalmologico-recoletas","tag-oftalmologia","tag-valladolid","tag-zamora"],"acf":[],"yoast_head":"<!-- This site is optimized with the Yoast SEO Premium plugin v27.3 (Yoast SEO v27.3) - https:\/\/yoast.com\/product\/yoast-seo-premium-wordpress\/ -->\n<title>Salud ocular: Instituto Oftalmol\u00f3gico Recoletas - Noticias Grupo Recoletas<\/title>\n<meta name=\"robots\" content=\"index, follow, max-snippet:-1, max-image-preview:large, max-video-preview:-1\" \/>\n<link rel=\"canonical\" href=\"https:\/\/www.gruporecoletas.com\/noticias\/salud-ocular-instituto-oftalmologico-recoletas\/\" \/>\n<meta property=\"og:locale\" content=\"es_ES\" \/>\n<meta property=\"og:type\" content=\"article\" \/>\n<meta property=\"og:title\" content=\"Salud ocular: Instituto Oftalmol\u00f3gico Recoletas\" \/>\n<meta property=\"og:description\" content=\"La vista es uno de los sentidos m\u00e1s importantes y los ojos uno de los \u00f3rganos m\u00e1s apreciados por los pacientes. Por eso, el cuidado de la salud ocular es esencial para poder tener una mejor calidad de vida. Seg\u00fan la Organizaci\u00f3n Mundial de la Salud (OMS), \u201cla discapacidad visual puede limitar a las personas [&hellip;]\" \/>\n<meta property=\"og:url\" content=\"https:\/\/www.gruporecoletas.com\/noticias\/salud-ocular-instituto-oftalmologico-recoletas\/\" \/>\n<meta property=\"og:site_name\" content=\"Noticias Grupo Recoletas\" \/>\n<meta property=\"article:publisher\" content=\"https:\/\/www.facebook.com\/GrupoRecoletas\/\" \/>\n<meta property=\"article:published_time\" content=\"2019-06-26T07:50:49+00:00\" \/>\n<meta property=\"article:modified_time\" content=\"2019-06-26T07:50:50+00:00\" \/>\n<meta property=\"og:image\" content=\"https:\/\/www.gruporecoletas.com\/noticias\/wp-content\/uploads\/2019\/06\/Salud-ocular-Instituto-Oftalmologico.jpg\" \/>\n\t<meta property=\"og:image:width\" content=\"900\" \/>\n\t<meta property=\"og:image:height\" content=\"601\" \/>\n\t<meta property=\"og:image:type\" content=\"image\/jpeg\" \/>\n<meta name=\"author\" content=\"Recoletas Red Hospitalaria\" \/>\n<meta name=\"twitter:card\" content=\"summary_large_image\" \/>\n<meta name=\"twitter:creator\" content=\"@GrupoRecoletas\" \/>\n<meta name=\"twitter:site\" content=\"@GrupoRecoletas\" \/>\n<meta name=\"twitter:label1\" content=\"Escrito por\" \/>\n\t<meta name=\"twitter:data1\" content=\"Recoletas Red Hospitalaria\" \/>\n\t<meta name=\"twitter:label2\" content=\"Tiempo de lectura\" \/>\n\t<meta name=\"twitter:data2\" content=\"4 minutos\" \/>\n<script type=\"application\/ld+json\" class=\"yoast-schema-graph\">{\"@context\":\"https:\\\/\\\/schema.org\",\"@graph\":[{\"@type\":\"Article\",\"@id\":\"https:\\\/\\\/www.gruporecoletas.com\\\/noticias\\\/salud-ocular-instituto-oftalmologico-recoletas\\\/#article\",\"isPartOf\":{\"@id\":\"https:\\\/\\\/www.gruporecoletas.com\\\/noticias\\\/salud-ocular-instituto-oftalmologico-recoletas\\\/\"},\"author\":{\"name\":\"Recoletas Red Hospitalaria\",\"@id\":\"https:\\\/\\\/www.gruporecoletas.com\\\/noticias\\\/#\\\/schema\\\/person\\\/3c6ac429828d1f5e3d3bd99f4da9b02c\"},\"headline\":\"Salud ocular: Instituto Oftalmol\u00f3gico Recoletas\",\"datePublished\":\"2019-06-26T07:50:49+00:00\",\"dateModified\":\"2019-06-26T07:50:50+00:00\",\"mainEntityOfPage\":{\"@id\":\"https:\\\/\\\/www.gruporecoletas.com\\\/noticias\\\/salud-ocular-instituto-oftalmologico-recoletas\\\/\"},\"wordCount\":729,\"image\":{\"@id\":\"https:\\\/\\\/www.gruporecoletas.com\\\/noticias\\\/salud-ocular-instituto-oftalmologico-recoletas\\\/#primaryimage\"},\"thumbnailUrl\":\"https:\\\/\\\/www.gruporecoletas.com\\\/noticias\\\/wp-content\\\/uploads\\\/2019\\\/06\\\/Salud-ocular-Instituto-Oftalmologico.jpg\",\"keywords\":[\"Instituto Oftalmol\u00f3gico Recoletas\",\"oftalmolog\u00eda\",\"Valladolid\",\"Zamora\"],\"articleSection\":[\"Publicaciones\"],\"inLanguage\":\"es\"},{\"@type\":\"WebPage\",\"@id\":\"https:\\\/\\\/www.gruporecoletas.com\\\/noticias\\\/salud-ocular-instituto-oftalmologico-recoletas\\\/\",\"url\":\"https:\\\/\\\/www.gruporecoletas.com\\\/noticias\\\/salud-ocular-instituto-oftalmologico-recoletas\\\/\",\"name\":\"Salud ocular: Instituto Oftalmol\u00f3gico Recoletas - Noticias Grupo Recoletas\",\"isPartOf\":{\"@id\":\"https:\\\/\\\/www.gruporecoletas.com\\\/noticias\\\/#website\"},\"primaryImageOfPage\":{\"@id\":\"https:\\\/\\\/www.gruporecoletas.com\\\/noticias\\\/salud-ocular-instituto-oftalmologico-recoletas\\\/#primaryimage\"},\"image\":{\"@id\":\"https:\\\/\\\/www.gruporecoletas.com\\\/noticias\\\/salud-ocular-instituto-oftalmologico-recoletas\\\/#primaryimage\"},\"thumbnailUrl\":\"https:\\\/\\\/www.gruporecoletas.com\\\/noticias\\\/wp-content\\\/uploads\\\/2019\\\/06\\\/Salud-ocular-Instituto-Oftalmologico.jpg\",\"datePublished\":\"2019-06-26T07:50:49+00:00\",\"dateModified\":\"2019-06-26T07:50:50+00:00\",\"author\":{\"@id\":\"https:\\\/\\\/www.gruporecoletas.com\\\/noticias\\\/#\\\/schema\\\/person\\\/3c6ac429828d1f5e3d3bd99f4da9b02c\"},\"breadcrumb\":{\"@id\":\"https:\\\/\\\/www.gruporecoletas.com\\\/noticias\\\/salud-ocular-instituto-oftalmologico-recoletas\\\/#breadcrumb\"},\"inLanguage\":\"es\",\"potentialAction\":[{\"@type\":\"ReadAction\",\"target\":[\"https:\\\/\\\/www.gruporecoletas.com\\\/noticias\\\/salud-ocular-instituto-oftalmologico-recoletas\\\/\"]}]},{\"@type\":\"ImageObject\",\"inLanguage\":\"es\",\"@id\":\"https:\\\/\\\/www.gruporecoletas.com\\\/noticias\\\/salud-ocular-instituto-oftalmologico-recoletas\\\/#primaryimage\",\"url\":\"https:\\\/\\\/www.gruporecoletas.com\\\/noticias\\\/wp-content\\\/uploads\\\/2019\\\/06\\\/Salud-ocular-Instituto-Oftalmologico.jpg\",\"contentUrl\":\"https:\\\/\\\/www.gruporecoletas.com\\\/noticias\\\/wp-content\\\/uploads\\\/2019\\\/06\\\/Salud-ocular-Instituto-Oftalmologico.jpg\",\"width\":900,\"height\":601,\"caption\":\"Salud-ocular-Instituto-Oftalmologico\"},{\"@type\":\"BreadcrumbList\",\"@id\":\"https:\\\/\\\/www.gruporecoletas.com\\\/noticias\\\/salud-ocular-instituto-oftalmologico-recoletas\\\/#breadcrumb\",\"itemListElement\":[{\"@type\":\"ListItem\",\"position\":1,\"name\":\"Portada\",\"item\":\"https:\\\/\\\/www.gruporecoletas.com\\\/noticias\\\/\"},{\"@type\":\"ListItem\",\"position\":2,\"name\":\"Salud ocular: Instituto Oftalmol\u00f3gico Recoletas\"}]},{\"@type\":\"WebSite\",\"@id\":\"https:\\\/\\\/www.gruporecoletas.com\\\/noticias\\\/#website\",\"url\":\"https:\\\/\\\/www.gruporecoletas.com\\\/noticias\\\/\",\"name\":\"Noticias Grupo Recoletas\",\"description\":\"Grupo Recoletas\",\"potentialAction\":[{\"@type\":\"SearchAction\",\"target\":{\"@type\":\"EntryPoint\",\"urlTemplate\":\"https:\\\/\\\/www.gruporecoletas.com\\\/noticias\\\/?s={search_term_string}\"},\"query-input\":{\"@type\":\"PropertyValueSpecification\",\"valueRequired\":true,\"valueName\":\"search_term_string\"}}],\"inLanguage\":\"es\"},{\"@type\":\"Person\",\"@id\":\"https:\\\/\\\/www.gruporecoletas.com\\\/noticias\\\/#\\\/schema\\\/person\\\/3c6ac429828d1f5e3d3bd99f4da9b02c\",\"name\":\"Recoletas Red Hospitalaria\",\"url\":\"https:\\\/\\\/www.gruporecoletas.com\\\/noticias\\\/author\\\/comunicacion\\\/\"}]}<\/script>\n<!-- \/ Yoast SEO Premium plugin. -->","yoast_head_json":{"title":"Salud ocular: Instituto Oftalmol\u00f3gico Recoletas - Noticias Grupo Recoletas","robots":{"index":"index","follow":"follow","max-snippet":"max-snippet:-1","max-image-preview":"max-image-preview:large","max-video-preview":"max-video-preview:-1"},"canonical":"https:\/\/www.gruporecoletas.com\/noticias\/salud-ocular-instituto-oftalmologico-recoletas\/","og_locale":"es_ES","og_type":"article","og_title":"Salud ocular: Instituto Oftalmol\u00f3gico Recoletas","og_description":"La vista es uno de los sentidos m\u00e1s importantes y los ojos uno de los \u00f3rganos m\u00e1s apreciados por los pacientes. Por eso, el cuidado de la salud ocular es esencial para poder tener una mejor calidad de vida. Seg\u00fan la Organizaci\u00f3n Mundial de la Salud (OMS), \u201cla discapacidad visual puede limitar a las personas [&hellip;]","og_url":"https:\/\/www.gruporecoletas.com\/noticias\/salud-ocular-instituto-oftalmologico-recoletas\/","og_site_name":"Noticias Grupo Recoletas","article_publisher":"https:\/\/www.facebook.com\/GrupoRecoletas\/","article_published_time":"2019-06-26T07:50:49+00:00","article_modified_time":"2019-06-26T07:50:50+00:00","og_image":[{"width":900,"height":601,"url":"https:\/\/www.gruporecoletas.com\/noticias\/wp-content\/uploads\/2019\/06\/Salud-ocular-Instituto-Oftalmologico.jpg","type":"image\/jpeg"}],"author":"Recoletas Red Hospitalaria","twitter_card":"summary_large_image","twitter_creator":"@GrupoRecoletas","twitter_site":"@GrupoRecoletas","twitter_misc":{"Escrito por":"Recoletas Red Hospitalaria","Tiempo de lectura":"4 minutos"},"schema":{"@context":"https:\/\/schema.org","@graph":[{"@type":"Article","@id":"https:\/\/www.gruporecoletas.com\/noticias\/salud-ocular-instituto-oftalmologico-recoletas\/#article","isPartOf":{"@id":"https:\/\/www.gruporecoletas.com\/noticias\/salud-ocular-instituto-oftalmologico-recoletas\/"},"author":{"name":"Recoletas Red Hospitalaria","@id":"https:\/\/www.gruporecoletas.com\/noticias\/#\/schema\/person\/3c6ac429828d1f5e3d3bd99f4da9b02c"},"headline":"Salud ocular: Instituto Oftalmol\u00f3gico Recoletas","datePublished":"2019-06-26T07:50:49+00:00","dateModified":"2019-06-26T07:50:50+00:00","mainEntityOfPage":{"@id":"https:\/\/www.gruporecoletas.com\/noticias\/salud-ocular-instituto-oftalmologico-recoletas\/"},"wordCount":729,"image":{"@id":"https:\/\/www.gruporecoletas.com\/noticias\/salud-ocular-instituto-oftalmologico-recoletas\/#primaryimage"},"thumbnailUrl":"https:\/\/www.gruporecoletas.com\/noticias\/wp-content\/uploads\/2019\/06\/Salud-ocular-Instituto-Oftalmologico.jpg","keywords":["Instituto Oftalmol\u00f3gico Recoletas","oftalmolog\u00eda","Valladolid","Zamora"],"articleSection":["Publicaciones"],"inLanguage":"es"},{"@type":"WebPage","@id":"https:\/\/www.gruporecoletas.com\/noticias\/salud-ocular-instituto-oftalmologico-recoletas\/","url":"https:\/\/www.gruporecoletas.com\/noticias\/salud-ocular-instituto-oftalmologico-recoletas\/","name":"Salud ocular: Instituto Oftalmol\u00f3gico Recoletas - Noticias Grupo Recoletas","isPartOf":{"@id":"https:\/\/www.gruporecoletas.com\/noticias\/#website"},"primaryImageOfPage":{"@id":"https:\/\/www.gruporecoletas.com\/noticias\/salud-ocular-instituto-oftalmologico-recoletas\/#primaryimage"},"image":{"@id":"https:\/\/www.gruporecoletas.com\/noticias\/salud-ocular-instituto-oftalmologico-recoletas\/#primaryimage"},"thumbnailUrl":"https:\/\/www.gruporecoletas.com\/noticias\/wp-content\/uploads\/2019\/06\/Salud-ocular-Instituto-Oftalmologico.jpg","datePublished":"2019-06-26T07:50:49+00:00","dateModified":"2019-06-26T07:50:50+00:00","author":{"@id":"https:\/\/www.gruporecoletas.com\/noticias\/#\/schema\/person\/3c6ac429828d1f5e3d3bd99f4da9b02c"},"breadcrumb":{"@id":"https:\/\/www.gruporecoletas.com\/noticias\/salud-ocular-instituto-oftalmologico-recoletas\/#breadcrumb"},"inLanguage":"es","potentialAction":[{"@type":"ReadAction","target":["https:\/\/www.gruporecoletas.com\/noticias\/salud-ocular-instituto-oftalmologico-recoletas\/"]}]},{"@type":"ImageObject","inLanguage":"es","@id":"https:\/\/www.gruporecoletas.com\/noticias\/salud-ocular-instituto-oftalmologico-recoletas\/#primaryimage","url":"https:\/\/www.gruporecoletas.com\/noticias\/wp-content\/uploads\/2019\/06\/Salud-ocular-Instituto-Oftalmologico.jpg","contentUrl":"https:\/\/www.gruporecoletas.com\/noticias\/wp-content\/uploads\/2019\/06\/Salud-ocular-Instituto-Oftalmologico.jpg","width":900,"height":601,"caption":"Salud-ocular-Instituto-Oftalmologico"},{"@type":"BreadcrumbList","@id":"https:\/\/www.gruporecoletas.com\/noticias\/salud-ocular-instituto-oftalmologico-recoletas\/#breadcrumb","itemListElement":[{"@type":"ListItem","position":1,"name":"Portada","item":"https:\/\/www.gruporecoletas.com\/noticias\/"},{"@type":"ListItem","position":2,"name":"Salud ocular: Instituto Oftalmol\u00f3gico Recoletas"}]},{"@type":"WebSite","@id":"https:\/\/www.gruporecoletas.com\/noticias\/#website","url":"https:\/\/www.gruporecoletas.com\/noticias\/","name":"Noticias Grupo Recoletas","description":"Grupo Recoletas","potentialAction":[{"@type":"SearchAction","target":{"@type":"EntryPoint","urlTemplate":"https:\/\/www.gruporecoletas.com\/noticias\/?s={search_term_string}"},"query-input":{"@type":"PropertyValueSpecification","valueRequired":true,"valueName":"search_term_string"}}],"inLanguage":"es"},{"@type":"Person","@id":"https:\/\/www.gruporecoletas.com\/noticias\/#\/schema\/person\/3c6ac429828d1f5e3d3bd99f4da9b02c","name":"Recoletas Red Hospitalaria","url":"https:\/\/www.gruporecoletas.com\/noticias\/author\/comunicacion\/"}]}},"_links":{"self":[{"href":"https:\/\/www.gruporecoletas.com\/noticias\/wp-json\/wp\/v2\/posts\/12771","targetHints":{"allow":["GET"]}}],"collection":[{"href":"https:\/\/www.gruporecoletas.com\/noticias\/wp-json\/wp\/v2\/posts"}],"about":[{"href":"https:\/\/www.gruporecoletas.com\/noticias\/wp-json\/wp\/v2\/types\/post"}],"author":[{"embeddable":true,"href":"https:\/\/www.gruporecoletas.com\/noticias\/wp-json\/wp\/v2\/users\/2"}],"replies":[{"embeddable":true,"href":"https:\/\/www.gruporecoletas.com\/noticias\/wp-json\/wp\/v2\/comments?post=12771"}],"version-history":[{"count":1,"href":"https:\/\/www.gruporecoletas.com\/noticias\/wp-json\/wp\/v2\/posts\/12771\/revisions"}],"predecessor-version":[{"id":12773,"href":"https:\/\/www.gruporecoletas.com\/noticias\/wp-json\/wp\/v2\/posts\/12771\/revisions\/12773"}],"wp:featuredmedia":[{"embeddable":true,"href":"https:\/\/www.gruporecoletas.com\/noticias\/wp-json\/wp\/v2\/media\/12772"}],"wp:attachment":[{"href":"https:\/\/www.gruporecoletas.com\/noticias\/wp-json\/wp\/v2\/media?parent=12771"}],"wp:term":[{"taxonomy":"category","embeddable":true,"href":"https:\/\/www.gruporecoletas.com\/noticias\/wp-json\/wp\/v2\/categories?post=12771"},{"taxonomy":"post_tag","embeddable":true,"href":"https:\/\/www.gruporecoletas.com\/noticias\/wp-json\/wp\/v2\/tags?post=12771"}],"curies":[{"name":"wp","href":"https:\/\/api.w.org\/{rel}","templated":true}]}}