{"id":12790,"date":"2019-07-09T17:44:22","date_gmt":"2019-07-09T15:44:22","guid":{"rendered":"https:\/\/www.gruporecoletas.com\/noticias\/?p=12790"},"modified":"2022-11-08T14:34:22","modified_gmt":"2022-11-08T13:34:22","slug":"el-corazon-y-el-deporte","status":"publish","type":"post","link":"https:\/\/www.gruporecoletas.com\/noticias\/el-corazon-y-el-deporte\/","title":{"rendered":"El Coraz\u00f3n y el Deporte"},"content":{"rendered":"\n<div class=\"wp-block-image\"><figure class=\"alignright is-resized\"><a href=\"https:\/\/www.gruporecoletas.com\/noticias\/tag\/recoletas-salud-18-julio-2019\/\"><img loading=\"lazy\" decoding=\"async\" src=\"https:\/\/www.gruporecoletas.com\/noticias\/wp-content\/uploads\/2019\/07\/Recoletas_N18-724x1024.jpg\" alt=\"\" class=\"wp-image-12783\" width=\"181\" height=\"256\" srcset=\"https:\/\/www.gruporecoletas.com\/noticias\/wp-content\/uploads\/2019\/07\/Recoletas_N18.jpg 724w, https:\/\/www.gruporecoletas.com\/noticias\/wp-content\/uploads\/2019\/07\/Recoletas_N18-212x300.jpg 212w\" sizes=\"auto, (max-width: 181px) 100vw, 181px\" \/><\/a><\/figure><\/div>\n\n\n\n<p>Actualmente el auge de la pr\u00e1ctica deportiva a nivel de la poblaci\u00f3n general ha generado un aumento en la demanda del estudio del coraz\u00f3n, impulsada adem\u00e1s por la aparici\u00f3n ocasional de noticias relacionadas con enfermedades del mismo en deportistas de relevancia.\u00a0<\/p>\n\n\n\n<p>Dentro de la Cardiolog\u00eda y de su aplicaci\u00f3n en el deporte, tenemos a nuestra disposici\u00f3n una serie de pruebas que permiten abordar la presencia o no de patolog\u00eda cardiaca subyacente, muchas veces asintom\u00e1tica. Adem\u00e1s de la prueba inicial y fundamental que es el electrocardiograma, dado que la presencia de alteraciones basales del mismo ya nos indicar\u00eda la posible presencia de cardiopat\u00eda. Contamos con t\u00e9cnicas diagnosticas espec\u00edficas no invasivas como son el ecocardiograma y la ergometr\u00eda.<\/p>\n\n\n\n<p>El ecocardiograma se basa en el estudio de la imagen del coraz\u00f3n obtenida mediante ultrasonidos y, tambi\u00e9n en sus distintas variantes. Permite conocer el tama\u00f1o del mismo, su estructura y funci\u00f3n normal, y la de sus v\u00e1lvulas. Representa una t\u00e9cnica cada vez m\u00e1s relevante, pues identifica ciertas alteraciones del coraz\u00f3n que se escapan al electrocardiograma (puede ser normal o con m\u00ednimas alteraciones), e incluso a la prueba de esfuerzo (permiten la actividad f\u00edsica), y que se relacionan con la aparici\u00f3n de s\u00edntomas (incluso la muerte s\u00fabita) en relaci\u00f3n con la actividad deportiva.\u00a0<\/p>\n\n\n\n<p>Un ejemplo es la presencia de una miocardiopat\u00eda hipertr\u00f3fica. Esto es un coraz\u00f3n con un grosor de m\u00fasculo mioc\u00e1rdico anormalmente aumentado (determinado por alteraciones gen\u00e9ticas), que puede dar lugar a arritmias potencialmente letales con el esfuerzo. Adem\u00e1s, la realizaci\u00f3n de deporte de cierto nivel se acompa\u00f1a de la aparici\u00f3n de una serie de cambios fisiol\u00f3gicos que se identifican con el ecocardiograma, dando lugar al llamado \u201ccoraz\u00f3n del deportista\u201d que, sobre todo, se traduce en un aumento del tama\u00f1o de sus cavidades. Por \u00faltimo, esta t\u00e9cnica de imagen cuenta con la ventaja de que no precisa para su realizaci\u00f3n de ninguna preparaci\u00f3n especial previa.<\/p>\n\n\n\n<blockquote class=\"wp-block-quote is-style-large is-layout-flow wp-block-quote-is-layout-flow\"><p>\u201cEl ecocardiograma representa una t\u00e9cnica cada vez m\u00e1s relevante porque identifica ciertas alteraciones del coraz\u00f3n que se escapan al electrocardiograma e incluso a la prueba de esfuerzo\u201d\u00a0<\/p><\/blockquote>\n\n\n\n<p>La\u00a0ergometr\u00eda\u00a0o\u00a0prueba de esfuerzo\u00a0es una t\u00e9cnica diagn\u00f3stica que se fundamenta en la capacidad de poner de manifiesto patolog\u00edas card\u00edacas con el ejercicio f\u00edsico, no presentes en reposo. Est\u00e1 indicada fundamentalmente en aquellas personas que por su perfil de riesgo (definido por su edad, g\u00e9nero, presencia de factores como tabaquismo, diabetes, hipertensi\u00f3n arterial o colesterol alto) tienen una mayor probabilidad de padecer enfermedad de las arterias de coraz\u00f3n (es decir, angina de pecho o infarto de miocardio por obstrucci\u00f3n de las mismas), aunque permanezcan sin s\u00edntomas en su actividad habitual: al realizar un ejercicio f\u00edsico o esfuerzo aumentar\u00e1 el trabajo del coraz\u00f3n y la necesidad de aporte de sangre, con un d\u00e9ficit de riego sangu\u00edneo debido a la obstrucci\u00f3n coronaria, dando lugar a la aparici\u00f3n de s\u00edntomas.\u00a0<\/p>\n\n\n\n<h2 class=\"wp-block-heading\">\u00bfC\u00d3MO SE REALIZA UNA ERGOMETR\u00cdA?\u00a0<\/h2>\n\n\n\n<p>Consiste en un ejercicio f\u00edsico en tapiz rodante o bicicleta est\u00e1tica en el que se aumenta progresivamente la carga, seg\u00fan unos protocolos predeterminados. Dado que la prueba con tapiz rodante resulta en un ejercicio m\u00e1s fisiol\u00f3gico que no precisa de aprendizaje previo es la m\u00e1s utilizada. Antes del inicio de la ergometr\u00eda se realiza un electrocardiograma basal en reposo, que ser\u00e1 el de referencia. Una vez iniciada, se obtendr\u00e1 unas mediciones peri\u00f3dicas de la presi\u00f3n arterial y una monitorizaci\u00f3n electrocardiogr\u00e1fica continua, registr\u00e1ndose la presencia de cambios respecto al basal, o la aparici\u00f3n de s\u00edntomas (angina de pecho o falta de aire) que motivar\u00edan su suspensi\u00f3n. La prueba suele durar entre 6-12 minutos.<\/p>\n\n\n\n<p>Como normas de preparaci\u00f3n previas hay que tener en cuenta que no se debe acudir tras una comida copiosa (2-3 horas antes), ni realizarla tras ayuno prolongado (riesgo de bajada de az\u00facar), y no consumir alcohol ni bebidas con cafe\u00edna en las 3 horas anteriores. Se debe acudir con ropa c\u00f3moda y calzado flexible, preferiblemente zapatillas deportivas (sin tacones).\u00a0<\/p>\n","protected":false},"excerpt":{"rendered":"<p>Actualmente el auge de la pr\u00e1ctica deportiva a nivel de la poblaci\u00f3n general ha generado un aumento en la demanda del estudio del coraz\u00f3n, impulsada adem\u00e1s por la aparici\u00f3n ocasional de noticias relacionadas con enfermedades del mismo en deportistas de relevancia.\u00a0 Dentro de la Cardiolog\u00eda y de su aplicaci\u00f3n en el deporte, tenemos a nuestra [&hellip;]<\/p>\n","protected":false},"author":2,"featured_media":12791,"comment_status":"closed","ping_status":"closed","sticky":false,"template":"","format":"standard","meta":{"_acf_changed":false,"footnotes":""},"categories":[3291,42],"tags":[885],"class_list":["post-12790","post","type-post","status-publish","format-standard","has-post-thumbnail","hentry","category-cardiologia","category-recoletas-salud","tag-recoletas-salud-18-julio-2019"],"acf":[],"yoast_head":"<!-- This site is optimized with the Yoast SEO Premium plugin v27.3 (Yoast SEO v27.3) - https:\/\/yoast.com\/product\/yoast-seo-premium-wordpress\/ -->\n<title>El Coraz\u00f3n y el Deporte - Noticias Grupo Recoletas<\/title>\n<meta name=\"robots\" content=\"index, follow, max-snippet:-1, max-image-preview:large, max-video-preview:-1\" \/>\n<link rel=\"canonical\" href=\"https:\/\/www.gruporecoletas.com\/noticias\/el-corazon-y-el-deporte\/\" \/>\n<meta property=\"og:locale\" content=\"es_ES\" \/>\n<meta property=\"og:type\" content=\"article\" \/>\n<meta property=\"og:title\" content=\"El Coraz\u00f3n y el Deporte\" \/>\n<meta property=\"og:description\" content=\"Actualmente el auge de la pr\u00e1ctica deportiva a nivel de la poblaci\u00f3n general ha generado un aumento en la demanda del estudio del coraz\u00f3n, impulsada adem\u00e1s por la aparici\u00f3n ocasional de noticias relacionadas con enfermedades del mismo en deportistas de relevancia.\u00a0 Dentro de la Cardiolog\u00eda y de su aplicaci\u00f3n en el deporte, tenemos a nuestra [&hellip;]\" \/>\n<meta property=\"og:url\" content=\"https:\/\/www.gruporecoletas.com\/noticias\/el-corazon-y-el-deporte\/\" \/>\n<meta property=\"og:site_name\" content=\"Noticias Grupo Recoletas\" \/>\n<meta property=\"article:publisher\" content=\"https:\/\/www.facebook.com\/GrupoRecoletas\/\" \/>\n<meta property=\"article:published_time\" content=\"2019-07-09T15:44:22+00:00\" \/>\n<meta property=\"article:modified_time\" content=\"2022-11-08T13:34:22+00:00\" \/>\n<meta property=\"og:image\" content=\"https:\/\/www.gruporecoletas.com\/noticias\/wp-content\/uploads\/2019\/07\/prueba.jpg\" \/>\n\t<meta property=\"og:image:width\" content=\"1400\" \/>\n\t<meta property=\"og:image:height\" content=\"933\" \/>\n\t<meta property=\"og:image:type\" content=\"image\/jpeg\" \/>\n<meta name=\"author\" content=\"Recoletas Red Hospitalaria\" \/>\n<meta name=\"twitter:card\" content=\"summary_large_image\" \/>\n<meta name=\"twitter:creator\" content=\"@GrupoRecoletas\" \/>\n<meta name=\"twitter:site\" content=\"@GrupoRecoletas\" \/>\n<meta name=\"twitter:label1\" content=\"Escrito por\" \/>\n\t<meta name=\"twitter:data1\" content=\"Recoletas Red Hospitalaria\" \/>\n\t<meta name=\"twitter:label2\" content=\"Tiempo de lectura\" \/>\n\t<meta name=\"twitter:data2\" content=\"4 minutos\" \/>\n<script type=\"application\/ld+json\" class=\"yoast-schema-graph\">{\"@context\":\"https:\\\/\\\/schema.org\",\"@graph\":[{\"@type\":\"Article\",\"@id\":\"https:\\\/\\\/www.gruporecoletas.com\\\/noticias\\\/el-corazon-y-el-deporte\\\/#article\",\"isPartOf\":{\"@id\":\"https:\\\/\\\/www.gruporecoletas.com\\\/noticias\\\/el-corazon-y-el-deporte\\\/\"},\"author\":{\"name\":\"Recoletas Red Hospitalaria\",\"@id\":\"https:\\\/\\\/www.gruporecoletas.com\\\/noticias\\\/#\\\/schema\\\/person\\\/3c6ac429828d1f5e3d3bd99f4da9b02c\"},\"headline\":\"El Coraz\u00f3n y el Deporte\",\"datePublished\":\"2019-07-09T15:44:22+00:00\",\"dateModified\":\"2022-11-08T13:34:22+00:00\",\"mainEntityOfPage\":{\"@id\":\"https:\\\/\\\/www.gruporecoletas.com\\\/noticias\\\/el-corazon-y-el-deporte\\\/\"},\"wordCount\":737,\"image\":{\"@id\":\"https:\\\/\\\/www.gruporecoletas.com\\\/noticias\\\/el-corazon-y-el-deporte\\\/#primaryimage\"},\"thumbnailUrl\":\"https:\\\/\\\/www.gruporecoletas.com\\\/noticias\\\/wp-content\\\/uploads\\\/2019\\\/07\\\/prueba.jpg\",\"keywords\":[\"Recoletas Salud N\u00ba18 - Julio 2019\"],\"articleSection\":[\"Cardiolog\u00eda\",\"Recoletas Salud\"],\"inLanguage\":\"es\"},{\"@type\":\"WebPage\",\"@id\":\"https:\\\/\\\/www.gruporecoletas.com\\\/noticias\\\/el-corazon-y-el-deporte\\\/\",\"url\":\"https:\\\/\\\/www.gruporecoletas.com\\\/noticias\\\/el-corazon-y-el-deporte\\\/\",\"name\":\"El Coraz\u00f3n y el Deporte - Noticias Grupo Recoletas\",\"isPartOf\":{\"@id\":\"https:\\\/\\\/www.gruporecoletas.com\\\/noticias\\\/#website\"},\"primaryImageOfPage\":{\"@id\":\"https:\\\/\\\/www.gruporecoletas.com\\\/noticias\\\/el-corazon-y-el-deporte\\\/#primaryimage\"},\"image\":{\"@id\":\"https:\\\/\\\/www.gruporecoletas.com\\\/noticias\\\/el-corazon-y-el-deporte\\\/#primaryimage\"},\"thumbnailUrl\":\"https:\\\/\\\/www.gruporecoletas.com\\\/noticias\\\/wp-content\\\/uploads\\\/2019\\\/07\\\/prueba.jpg\",\"datePublished\":\"2019-07-09T15:44:22+00:00\",\"dateModified\":\"2022-11-08T13:34:22+00:00\",\"author\":{\"@id\":\"https:\\\/\\\/www.gruporecoletas.com\\\/noticias\\\/#\\\/schema\\\/person\\\/3c6ac429828d1f5e3d3bd99f4da9b02c\"},\"breadcrumb\":{\"@id\":\"https:\\\/\\\/www.gruporecoletas.com\\\/noticias\\\/el-corazon-y-el-deporte\\\/#breadcrumb\"},\"inLanguage\":\"es\",\"potentialAction\":[{\"@type\":\"ReadAction\",\"target\":[\"https:\\\/\\\/www.gruporecoletas.com\\\/noticias\\\/el-corazon-y-el-deporte\\\/\"]}]},{\"@type\":\"ImageObject\",\"inLanguage\":\"es\",\"@id\":\"https:\\\/\\\/www.gruporecoletas.com\\\/noticias\\\/el-corazon-y-el-deporte\\\/#primaryimage\",\"url\":\"https:\\\/\\\/www.gruporecoletas.com\\\/noticias\\\/wp-content\\\/uploads\\\/2019\\\/07\\\/prueba.jpg\",\"contentUrl\":\"https:\\\/\\\/www.gruporecoletas.com\\\/noticias\\\/wp-content\\\/uploads\\\/2019\\\/07\\\/prueba.jpg\",\"width\":1400,\"height\":933},{\"@type\":\"BreadcrumbList\",\"@id\":\"https:\\\/\\\/www.gruporecoletas.com\\\/noticias\\\/el-corazon-y-el-deporte\\\/#breadcrumb\",\"itemListElement\":[{\"@type\":\"ListItem\",\"position\":1,\"name\":\"Portada\",\"item\":\"https:\\\/\\\/www.gruporecoletas.com\\\/noticias\\\/\"},{\"@type\":\"ListItem\",\"position\":2,\"name\":\"El Coraz\u00f3n y el Deporte\"}]},{\"@type\":\"WebSite\",\"@id\":\"https:\\\/\\\/www.gruporecoletas.com\\\/noticias\\\/#website\",\"url\":\"https:\\\/\\\/www.gruporecoletas.com\\\/noticias\\\/\",\"name\":\"Noticias Grupo Recoletas\",\"description\":\"Grupo Recoletas\",\"potentialAction\":[{\"@type\":\"SearchAction\",\"target\":{\"@type\":\"EntryPoint\",\"urlTemplate\":\"https:\\\/\\\/www.gruporecoletas.com\\\/noticias\\\/?s={search_term_string}\"},\"query-input\":{\"@type\":\"PropertyValueSpecification\",\"valueRequired\":true,\"valueName\":\"search_term_string\"}}],\"inLanguage\":\"es\"},{\"@type\":\"Person\",\"@id\":\"https:\\\/\\\/www.gruporecoletas.com\\\/noticias\\\/#\\\/schema\\\/person\\\/3c6ac429828d1f5e3d3bd99f4da9b02c\",\"name\":\"Recoletas Red Hospitalaria\",\"url\":\"https:\\\/\\\/www.gruporecoletas.com\\\/noticias\\\/author\\\/comunicacion\\\/\"}]}<\/script>\n<!-- \/ Yoast SEO Premium plugin. -->","yoast_head_json":{"title":"El Coraz\u00f3n y el Deporte - Noticias Grupo Recoletas","robots":{"index":"index","follow":"follow","max-snippet":"max-snippet:-1","max-image-preview":"max-image-preview:large","max-video-preview":"max-video-preview:-1"},"canonical":"https:\/\/www.gruporecoletas.com\/noticias\/el-corazon-y-el-deporte\/","og_locale":"es_ES","og_type":"article","og_title":"El Coraz\u00f3n y el Deporte","og_description":"Actualmente el auge de la pr\u00e1ctica deportiva a nivel de la poblaci\u00f3n general ha generado un aumento en la demanda del estudio del coraz\u00f3n, impulsada adem\u00e1s por la aparici\u00f3n ocasional de noticias relacionadas con enfermedades del mismo en deportistas de relevancia.\u00a0 Dentro de la Cardiolog\u00eda y de su aplicaci\u00f3n en el deporte, tenemos a nuestra [&hellip;]","og_url":"https:\/\/www.gruporecoletas.com\/noticias\/el-corazon-y-el-deporte\/","og_site_name":"Noticias Grupo Recoletas","article_publisher":"https:\/\/www.facebook.com\/GrupoRecoletas\/","article_published_time":"2019-07-09T15:44:22+00:00","article_modified_time":"2022-11-08T13:34:22+00:00","og_image":[{"width":1400,"height":933,"url":"https:\/\/www.gruporecoletas.com\/noticias\/wp-content\/uploads\/2019\/07\/prueba.jpg","type":"image\/jpeg"}],"author":"Recoletas Red Hospitalaria","twitter_card":"summary_large_image","twitter_creator":"@GrupoRecoletas","twitter_site":"@GrupoRecoletas","twitter_misc":{"Escrito por":"Recoletas Red Hospitalaria","Tiempo de lectura":"4 minutos"},"schema":{"@context":"https:\/\/schema.org","@graph":[{"@type":"Article","@id":"https:\/\/www.gruporecoletas.com\/noticias\/el-corazon-y-el-deporte\/#article","isPartOf":{"@id":"https:\/\/www.gruporecoletas.com\/noticias\/el-corazon-y-el-deporte\/"},"author":{"name":"Recoletas Red Hospitalaria","@id":"https:\/\/www.gruporecoletas.com\/noticias\/#\/schema\/person\/3c6ac429828d1f5e3d3bd99f4da9b02c"},"headline":"El Coraz\u00f3n y el Deporte","datePublished":"2019-07-09T15:44:22+00:00","dateModified":"2022-11-08T13:34:22+00:00","mainEntityOfPage":{"@id":"https:\/\/www.gruporecoletas.com\/noticias\/el-corazon-y-el-deporte\/"},"wordCount":737,"image":{"@id":"https:\/\/www.gruporecoletas.com\/noticias\/el-corazon-y-el-deporte\/#primaryimage"},"thumbnailUrl":"https:\/\/www.gruporecoletas.com\/noticias\/wp-content\/uploads\/2019\/07\/prueba.jpg","keywords":["Recoletas Salud N\u00ba18 - Julio 2019"],"articleSection":["Cardiolog\u00eda","Recoletas Salud"],"inLanguage":"es"},{"@type":"WebPage","@id":"https:\/\/www.gruporecoletas.com\/noticias\/el-corazon-y-el-deporte\/","url":"https:\/\/www.gruporecoletas.com\/noticias\/el-corazon-y-el-deporte\/","name":"El Coraz\u00f3n y el Deporte - Noticias Grupo Recoletas","isPartOf":{"@id":"https:\/\/www.gruporecoletas.com\/noticias\/#website"},"primaryImageOfPage":{"@id":"https:\/\/www.gruporecoletas.com\/noticias\/el-corazon-y-el-deporte\/#primaryimage"},"image":{"@id":"https:\/\/www.gruporecoletas.com\/noticias\/el-corazon-y-el-deporte\/#primaryimage"},"thumbnailUrl":"https:\/\/www.gruporecoletas.com\/noticias\/wp-content\/uploads\/2019\/07\/prueba.jpg","datePublished":"2019-07-09T15:44:22+00:00","dateModified":"2022-11-08T13:34:22+00:00","author":{"@id":"https:\/\/www.gruporecoletas.com\/noticias\/#\/schema\/person\/3c6ac429828d1f5e3d3bd99f4da9b02c"},"breadcrumb":{"@id":"https:\/\/www.gruporecoletas.com\/noticias\/el-corazon-y-el-deporte\/#breadcrumb"},"inLanguage":"es","potentialAction":[{"@type":"ReadAction","target":["https:\/\/www.gruporecoletas.com\/noticias\/el-corazon-y-el-deporte\/"]}]},{"@type":"ImageObject","inLanguage":"es","@id":"https:\/\/www.gruporecoletas.com\/noticias\/el-corazon-y-el-deporte\/#primaryimage","url":"https:\/\/www.gruporecoletas.com\/noticias\/wp-content\/uploads\/2019\/07\/prueba.jpg","contentUrl":"https:\/\/www.gruporecoletas.com\/noticias\/wp-content\/uploads\/2019\/07\/prueba.jpg","width":1400,"height":933},{"@type":"BreadcrumbList","@id":"https:\/\/www.gruporecoletas.com\/noticias\/el-corazon-y-el-deporte\/#breadcrumb","itemListElement":[{"@type":"ListItem","position":1,"name":"Portada","item":"https:\/\/www.gruporecoletas.com\/noticias\/"},{"@type":"ListItem","position":2,"name":"El Coraz\u00f3n y el Deporte"}]},{"@type":"WebSite","@id":"https:\/\/www.gruporecoletas.com\/noticias\/#website","url":"https:\/\/www.gruporecoletas.com\/noticias\/","name":"Noticias Grupo Recoletas","description":"Grupo Recoletas","potentialAction":[{"@type":"SearchAction","target":{"@type":"EntryPoint","urlTemplate":"https:\/\/www.gruporecoletas.com\/noticias\/?s={search_term_string}"},"query-input":{"@type":"PropertyValueSpecification","valueRequired":true,"valueName":"search_term_string"}}],"inLanguage":"es"},{"@type":"Person","@id":"https:\/\/www.gruporecoletas.com\/noticias\/#\/schema\/person\/3c6ac429828d1f5e3d3bd99f4da9b02c","name":"Recoletas Red Hospitalaria","url":"https:\/\/www.gruporecoletas.com\/noticias\/author\/comunicacion\/"}]}},"_links":{"self":[{"href":"https:\/\/www.gruporecoletas.com\/noticias\/wp-json\/wp\/v2\/posts\/12790","targetHints":{"allow":["GET"]}}],"collection":[{"href":"https:\/\/www.gruporecoletas.com\/noticias\/wp-json\/wp\/v2\/posts"}],"about":[{"href":"https:\/\/www.gruporecoletas.com\/noticias\/wp-json\/wp\/v2\/types\/post"}],"author":[{"embeddable":true,"href":"https:\/\/www.gruporecoletas.com\/noticias\/wp-json\/wp\/v2\/users\/2"}],"replies":[{"embeddable":true,"href":"https:\/\/www.gruporecoletas.com\/noticias\/wp-json\/wp\/v2\/comments?post=12790"}],"version-history":[{"count":2,"href":"https:\/\/www.gruporecoletas.com\/noticias\/wp-json\/wp\/v2\/posts\/12790\/revisions"}],"predecessor-version":[{"id":12793,"href":"https:\/\/www.gruporecoletas.com\/noticias\/wp-json\/wp\/v2\/posts\/12790\/revisions\/12793"}],"wp:featuredmedia":[{"embeddable":true,"href":"https:\/\/www.gruporecoletas.com\/noticias\/wp-json\/wp\/v2\/media\/12791"}],"wp:attachment":[{"href":"https:\/\/www.gruporecoletas.com\/noticias\/wp-json\/wp\/v2\/media?parent=12790"}],"wp:term":[{"taxonomy":"category","embeddable":true,"href":"https:\/\/www.gruporecoletas.com\/noticias\/wp-json\/wp\/v2\/categories?post=12790"},{"taxonomy":"post_tag","embeddable":true,"href":"https:\/\/www.gruporecoletas.com\/noticias\/wp-json\/wp\/v2\/tags?post=12790"}],"curies":[{"name":"wp","href":"https:\/\/api.w.org\/{rel}","templated":true}]}}